{"id":396741,"date":"2026-04-29T06:25:04","date_gmt":"2026-04-29T09:25:04","guid":{"rendered":"https:\/\/www.oitaperunense.com.br\/site\/?p=396741"},"modified":"2026-04-29T06:27:11","modified_gmt":"2026-04-29T09:27:11","slug":"governo-interino-do-rio-exonera-831-servidores-em-15-dias-corta-gastos-e-indicados-politicos","status":"publish","type":"post","link":"https:\/\/www.oitaperunense.com.br\/site\/governo-interino-do-rio-exonera-831-servidores-em-15-dias-corta-gastos-e-indicados-politicos\/","title":{"rendered":"Governo interino do Rio exonera 831 servidores em 15 dias, corta gastos e indicados pol\u00edticos"},"content":{"rendered":"<p style=\"text-align: center;\"><strong>Ricardo Couto promove corte de cargos comissionados, reduz despesas e atinge aliados pol\u00edticos do ex-governador Cl\u00e1udio Castro<\/strong><\/p>\n<p style=\"text-align: justify;\">O governo interino do Rio de Janeiro intensificou a revis\u00e3o de cargos comissionados e j\u00e1 exonerou 831 servidores em apenas 15 dias. A medida, conduzida pelo governador em exerc\u00edcio Ricardo Couto, faria parte de um processo de reorganiza\u00e7\u00e3o administrativa e corte de despesas p\u00fablicas. Segundo estimativas oficiais, a redu\u00e7\u00e3o no quadro de servidores pode gerar economia anual de at\u00e9 R$ 85 milh\u00f5es aos cofres estaduais. O objetivo, de acordo com o governo, \u00e9 revisar nomea\u00e7\u00f5es, combater poss\u00edveis irregularidades e enxugar a m\u00e1quina p\u00fablica.<\/p>\n<p><!--more--><\/p>\n<p style=\"text-align: justify;\">As exonera\u00e7\u00f5es atingiram principalmente cargos sem fun\u00e7\u00e3o efetiva comprovada, al\u00e9m de servidores vinculados a grupos pol\u00edticos aliados da antiga gest\u00e3o estadual.<\/p>\n<p style=\"text-align: justify;\"><strong>Aliados de Castro entram na lista de exonera\u00e7\u00f5es<\/strong><\/p>\n<p style=\"text-align: justify;\">Entre os nomes desligados est\u00e1 Gabriel Augusto Leite de Abreu, filho do deputado estadual Giovani Ratinho, que ocupava cargo na Casa Civil com sal\u00e1rio de R$ 16,4 mil.<\/p>\n<p style=\"text-align: justify;\">Outro exonerado foi Jean Barbeiro, influenciador digital que j\u00e1 produziu conte\u00fados em apoio ao mesmo parlamentar. Ap\u00f3s disputar elei\u00e7\u00e3o municipal em S\u00e3o Jo\u00e3o de Meriti e obter 129 votos, ele havia sido nomeado para fun\u00e7\u00e3o com remunera\u00e7\u00e3o de R$ 10 mil em secretaria ligada \u00e0 articula\u00e7\u00e3o pol\u00edtica.<\/p>\n<p style=\"text-align: justify;\">Tamb\u00e9m deixaram a administra\u00e7\u00e3o estadual Lenine Rodrigues Lemos, irm\u00e3o do deputado federal Max Lemos, e Thiago Rodrigues da Gama, que trabalhou como motorista na campanha do parlamentar. Ambos ocupavam cargos remunerados no governo.<\/p>\n<p style=\"text-align: justify;\"><strong>Ex-diretor do TCE tamb\u00e9m deixa cargo no governo<\/strong><\/p>\n<p style=\"text-align: justify;\">Outro nome atingido pelo pente-fino foi Anderson de Paula Sampaio, que atuava na Subsecretaria de Integra\u00e7\u00e3o e Estrat\u00e9gia Executiva do Gabinete do Governador.<\/p>\n<p style=\"text-align: justify;\">Ele ficou mais conhecido ao aparecer ao lado de Cl\u00e1udio Castro durante a final da Libertadores, realizada em Lima, no Peru, em novembro do ano passado.<\/p>\n<p style=\"text-align: justify;\">Antes de integrar a estrutura do Executivo, Anderson ocupava o cargo de diretor de Rela\u00e7\u00f5es Institucionais do Tribunal de Contas do Estado do Rio de Janeiro (TCE-RJ), \u00f3rg\u00e3o respons\u00e1vel pela fiscaliza\u00e7\u00e3o das contas p\u00fablicas estaduais. Em nota, informou que pediu exonera\u00e7\u00e3o volunt\u00e1ria.<\/p>\n<p style=\"text-align: justify;\"><strong>Mudan\u00e7as chegam \u00e0 Secretaria de Sa\u00fade<\/strong><\/p>\n<p style=\"text-align: justify;\">A reformula\u00e7\u00e3o administrativa tamb\u00e9m atingiu o primeiro escal\u00e3o do governo estadual. Na Secretaria de Sa\u00fade, Ronaldo Dami\u00e3o assumiu a pasta no lugar de Claudia Maria Braga de Mello.<\/p>\n<p style=\"text-align: justify;\">A ex-secret\u00e1ria era apontada como indica\u00e7\u00e3o pol\u00edtica do deputado federal Doutor Luizinho, nome influente na base de apoio de Cl\u00e1udio Castro.<\/p>\n<p style=\"text-align: justify;\">A mudan\u00e7a ocorre em meio a questionamentos envolvendo pagamentos realizados por meio de Termos de Ajuste de Contas (TACs), mecanismo utilizado para quitar despesas sem contrato formal.<\/p>\n<p style=\"text-align: justify;\"><strong>Pagamentos milion\u00e1rios sob investiga\u00e7\u00e3o<\/strong><\/p>\n<p style=\"text-align: justify;\">Levantamento aponta que, apenas nos tr\u00eas primeiros meses do ano, cerca de R$ 110 milh\u00f5es foram pagos via TACs pela Secretaria de Sa\u00fade.<\/p>\n<p style=\"text-align: justify;\">Entre as despesas est\u00e3o contratos relacionados \u00e0 alimenta\u00e7\u00e3o hospitalar e gest\u00e3o de unidades de sa\u00fade. O modelo de pagamento passou a ser alvo de suspeitas de irregularidades.<\/p>\n<p style=\"text-align: justify;\">Uma representa\u00e7\u00e3o foi protocolada no Tribunal de Contas pelo deputado estadual Alan Lopes, apontando poss\u00edveis v\u00ednculos entre empresas beneficiadas e o grupo pol\u00edtico ligado a Doutor Luizinho.<\/p>\n<p style=\"text-align: justify;\"><strong>Novo decreto amplia fiscaliza\u00e7\u00e3o de contratos<\/strong><\/p>\n<p style=\"text-align: justify;\">Para refor\u00e7ar o controle interno, o governo estadual publicou decreto ampliando a fiscaliza\u00e7\u00e3o sobre contratos e pagamentos p\u00fablicos.<\/p>\n<p style=\"text-align: justify;\">Agora, a Procuradoria-Geral do Estado passa a analisar editais, contrata\u00e7\u00f5es, ades\u00f5es a atas de registro de pre\u00e7os e TACs superiores a R$ 10 milh\u00f5es.<\/p>\n<p style=\"text-align: justify;\">Anteriormente, essa exig\u00eancia s\u00f3 valia para opera\u00e7\u00f5es acima de R$ 100 milh\u00f5es, enquanto a an\u00e1lise inicial permanecia concentrada nas secretarias estaduais.<\/p>\n<p style=\"text-align: justify;\"><strong>Citados comentam exonera\u00e7\u00f5es<\/strong><\/p>\n<p style=\"text-align: justify;\">Anderson de Paula Sampaio afirmou que sua sa\u00edda ocorreu a pedido pr\u00f3prio. O deputado Max Lemos declarou que as nomea\u00e7\u00f5es citadas n\u00e3o t\u00eam rela\u00e7\u00e3o com seu mandato parlamentar.<\/p>\n<p style=\"text-align: justify;\">Giovani Ratinho informou n\u00e3o ter feito indica\u00e7\u00f5es para cargos na Casa Civil. J\u00e1 Doutor Luizinho afirmou que deixou a Secretaria de Sa\u00fade em 2023 e negou rela\u00e7\u00e3o com empresas citadas nas den\u00fancias.<\/p>\n<p style=\"text-align: justify;\">O governo estadual informou que o novo secret\u00e1rio Ronaldo Dami\u00e3o est\u00e1 avaliando a situa\u00e7\u00e3o administrativa da pasta e refor\u00e7ou compromisso com responsabilidade fiscal e controle dos recursos p\u00fablicos.<\/p>\n<p><strong>Com informa\u00e7\u00f5es, Agenda do Poder\/Gustavo Kaye\/Ricardo Couto | Cr\u00e9dito: Divulga\u00e7\u00e3o<\/strong><\/p>\n","protected":false},"excerpt":{"rendered":"<p>Ricardo Couto promove corte de cargos comissionados, reduz despesas e atinge aliados pol\u00edticos do ex-governador Cl\u00e1udio Castro O governo interino do Rio de Janeiro intensificou a revis\u00e3o de cargos comissionados e j\u00e1 exonerou 831 servidores em apenas 15 dias. A medida, conduzida pelo governador em exerc\u00edcio Ricardo Couto, faria parte de um processo de reorganiza\u00e7\u00e3o [&hellip;]<\/p>\n","protected":false},"author":19,"featured_media":396742,"comment_status":"open","ping_status":"closed","sticky":false,"template":"","format":"standard","meta":{"ngg_post_thumbnail":0,"footnotes":""},"categories":[78],"tags":[],"class_list":["post-396741","post","type-post","status-publish","format-standard","has-post-thumbnail","hentry","category-rj"],"yoast_head":"<!-- This site is optimized with the Yoast SEO plugin v20.11 - https:\/\/yoast.com\/wordpress\/plugins\/seo\/ -->\n<title>Governo interino do Rio exonera 831 servidores em 15 dias, corta gastos e indicados pol\u00edticos - O Itaperunense<\/title>\n<meta name=\"robots\" content=\"index, follow, max-snippet:-1, max-image-preview:large, max-video-preview:-1\" \/>\n<link rel=\"canonical\" href=\"https:\/\/www.oitaperunense.com.br\/site\/governo-interino-do-rio-exonera-831-servidores-em-15-dias-corta-gastos-e-indicados-politicos\/\" \/>\n<meta property=\"og:locale\" content=\"pt_BR\" \/>\n<meta property=\"og:type\" content=\"article\" \/>\n<meta property=\"og:title\" content=\"Governo interino do Rio exonera 831 servidores em 15 dias, corta gastos e indicados pol\u00edticos - O Itaperunense\" \/>\n<meta property=\"og:description\" content=\"Ricardo Couto promove corte de cargos comissionados, reduz despesas e atinge aliados pol\u00edticos do ex-governador Cl\u00e1udio Castro O governo interino do Rio de Janeiro intensificou a revis\u00e3o de cargos comissionados e j\u00e1 exonerou 831 servidores em apenas 15 dias. A medida, conduzida pelo governador em exerc\u00edcio Ricardo Couto, faria parte de um processo de reorganiza\u00e7\u00e3o [&hellip;]\" \/>\n<meta property=\"og:url\" content=\"https:\/\/www.oitaperunense.com.br\/site\/governo-interino-do-rio-exonera-831-servidores-em-15-dias-corta-gastos-e-indicados-politicos\/\" \/>\n<meta property=\"og:site_name\" content=\"O Itaperunense\" \/>\n<meta property=\"article:publisher\" content=\"https:\/\/www.facebook.com\/jornaloitaperunense\" \/>\n<meta property=\"article:published_time\" content=\"2026-04-29T09:25:04+00:00\" \/>\n<meta property=\"article:modified_time\" content=\"2026-04-29T09:27:11+00:00\" \/>\n<meta property=\"og:image\" content=\"https:\/\/www.oitaperunense.com.br\/site\/wp-content\/uploads\/2026\/04\/couto44.jpg\" \/>\n\t<meta property=\"og:image:width\" content=\"700\" \/>\n\t<meta property=\"og:image:height\" content=\"496\" \/>\n\t<meta property=\"og:image:type\" content=\"image\/jpeg\" \/>\n<meta name=\"author\" content=\"Andr\u00e9\" \/>\n<meta name=\"twitter:card\" content=\"summary_large_image\" \/>\n<meta name=\"twitter:label1\" content=\"Escrito por\" \/>\n\t<meta name=\"twitter:data1\" content=\"Andr\u00e9\" \/>\n\t<meta name=\"twitter:label2\" content=\"Est. tempo de leitura\" \/>\n\t<meta name=\"twitter:data2\" content=\"4 minutos\" \/>\n<script type=\"application\/ld+json\" class=\"yoast-schema-graph\">{\"@context\":\"https:\/\/schema.org\",\"@graph\":[{\"@type\":\"WebPage\",\"@id\":\"https:\/\/www.oitaperunense.com.br\/site\/governo-interino-do-rio-exonera-831-servidores-em-15-dias-corta-gastos-e-indicados-politicos\/\",\"url\":\"https:\/\/www.oitaperunense.com.br\/site\/governo-interino-do-rio-exonera-831-servidores-em-15-dias-corta-gastos-e-indicados-politicos\/\",\"name\":\"Governo interino do Rio exonera 831 servidores em 15 dias, corta gastos e indicados pol\u00edticos - O Itaperunense\",\"isPartOf\":{\"@id\":\"https:\/\/www.oitaperunense.com.br\/site\/#website\"},\"datePublished\":\"2026-04-29T09:25:04+00:00\",\"dateModified\":\"2026-04-29T09:27:11+00:00\",\"author\":{\"@id\":\"https:\/\/www.oitaperunense.com.br\/site\/#\/schema\/person\/4a5b86c112157bc0a4492f4fd6b7939f\"},\"breadcrumb\":{\"@id\":\"https:\/\/www.oitaperunense.com.br\/site\/governo-interino-do-rio-exonera-831-servidores-em-15-dias-corta-gastos-e-indicados-politicos\/#breadcrumb\"},\"inLanguage\":\"pt-BR\",\"potentialAction\":[{\"@type\":\"ReadAction\",\"target\":[\"https:\/\/www.oitaperunense.com.br\/site\/governo-interino-do-rio-exonera-831-servidores-em-15-dias-corta-gastos-e-indicados-politicos\/\"]}]},{\"@type\":\"BreadcrumbList\",\"@id\":\"https:\/\/www.oitaperunense.com.br\/site\/governo-interino-do-rio-exonera-831-servidores-em-15-dias-corta-gastos-e-indicados-politicos\/#breadcrumb\",\"itemListElement\":[{\"@type\":\"ListItem\",\"position\":1,\"name\":\"Home\",\"item\":\"https:\/\/www.oitaperunense.com.br\/site\/\"},{\"@type\":\"ListItem\",\"position\":2,\"name\":\"Governo interino do Rio exonera 831 servidores em 15 dias, corta gastos e indicados pol\u00edticos\"}]},{\"@type\":\"WebSite\",\"@id\":\"https:\/\/www.oitaperunense.com.br\/site\/#website\",\"url\":\"https:\/\/www.oitaperunense.com.br\/site\/\",\"name\":\"O Itaperunense\",\"description\":\"\",\"potentialAction\":[{\"@type\":\"SearchAction\",\"target\":{\"@type\":\"EntryPoint\",\"urlTemplate\":\"https:\/\/www.oitaperunense.com.br\/site\/?s={search_term_string}\"},\"query-input\":\"required name=search_term_string\"}],\"inLanguage\":\"pt-BR\"},{\"@type\":\"Person\",\"@id\":\"https:\/\/www.oitaperunense.com.br\/site\/#\/schema\/person\/4a5b86c112157bc0a4492f4fd6b7939f\",\"name\":\"Andr\u00e9\",\"image\":{\"@type\":\"ImageObject\",\"inLanguage\":\"pt-BR\",\"@id\":\"https:\/\/www.oitaperunense.com.br\/site\/#\/schema\/person\/image\/\",\"url\":\"https:\/\/secure.gravatar.com\/avatar\/7a7a912ec2c8cd6a390040b03329ee7a71bbd5f81ac3557b6a68208f263fc97b?s=96&d=mm&r=g\",\"contentUrl\":\"https:\/\/secure.gravatar.com\/avatar\/7a7a912ec2c8cd6a390040b03329ee7a71bbd5f81ac3557b6a68208f263fc97b?s=96&d=mm&r=g\",\"caption\":\"Andr\u00e9\"},\"url\":\"https:\/\/www.oitaperunense.com.br\/site\/author\/andre\/\"}]}<\/script>\n<!-- \/ Yoast SEO plugin. -->","yoast_head_json":{"title":"Governo interino do Rio exonera 831 servidores em 15 dias, corta gastos e indicados pol\u00edticos - O Itaperunense","robots":{"index":"index","follow":"follow","max-snippet":"max-snippet:-1","max-image-preview":"max-image-preview:large","max-video-preview":"max-video-preview:-1"},"canonical":"https:\/\/www.oitaperunense.com.br\/site\/governo-interino-do-rio-exonera-831-servidores-em-15-dias-corta-gastos-e-indicados-politicos\/","og_locale":"pt_BR","og_type":"article","og_title":"Governo interino do Rio exonera 831 servidores em 15 dias, corta gastos e indicados pol\u00edticos - O Itaperunense","og_description":"Ricardo Couto promove corte de cargos comissionados, reduz despesas e atinge aliados pol\u00edticos do ex-governador Cl\u00e1udio Castro O governo interino do Rio de Janeiro intensificou a revis\u00e3o de cargos comissionados e j\u00e1 exonerou 831 servidores em apenas 15 dias. A medida, conduzida pelo governador em exerc\u00edcio Ricardo Couto, faria parte de um processo de reorganiza\u00e7\u00e3o [&hellip;]","og_url":"https:\/\/www.oitaperunense.com.br\/site\/governo-interino-do-rio-exonera-831-servidores-em-15-dias-corta-gastos-e-indicados-politicos\/","og_site_name":"O Itaperunense","article_publisher":"https:\/\/www.facebook.com\/jornaloitaperunense","article_published_time":"2026-04-29T09:25:04+00:00","article_modified_time":"2026-04-29T09:27:11+00:00","og_image":[{"width":700,"height":496,"url":"https:\/\/www.oitaperunense.com.br\/site\/wp-content\/uploads\/2026\/04\/couto44.jpg","type":"image\/jpeg"}],"author":"Andr\u00e9","twitter_card":"summary_large_image","twitter_misc":{"Escrito por":"Andr\u00e9","Est. tempo de leitura":"4 minutos"},"schema":{"@context":"https:\/\/schema.org","@graph":[{"@type":"WebPage","@id":"https:\/\/www.oitaperunense.com.br\/site\/governo-interino-do-rio-exonera-831-servidores-em-15-dias-corta-gastos-e-indicados-politicos\/","url":"https:\/\/www.oitaperunense.com.br\/site\/governo-interino-do-rio-exonera-831-servidores-em-15-dias-corta-gastos-e-indicados-politicos\/","name":"Governo interino do Rio exonera 831 servidores em 15 dias, corta gastos e indicados pol\u00edticos - O Itaperunense","isPartOf":{"@id":"https:\/\/www.oitaperunense.com.br\/site\/#website"},"datePublished":"2026-04-29T09:25:04+00:00","dateModified":"2026-04-29T09:27:11+00:00","author":{"@id":"https:\/\/www.oitaperunense.com.br\/site\/#\/schema\/person\/4a5b86c112157bc0a4492f4fd6b7939f"},"breadcrumb":{"@id":"https:\/\/www.oitaperunense.com.br\/site\/governo-interino-do-rio-exonera-831-servidores-em-15-dias-corta-gastos-e-indicados-politicos\/#breadcrumb"},"inLanguage":"pt-BR","potentialAction":[{"@type":"ReadAction","target":["https:\/\/www.oitaperunense.com.br\/site\/governo-interino-do-rio-exonera-831-servidores-em-15-dias-corta-gastos-e-indicados-politicos\/"]}]},{"@type":"BreadcrumbList","@id":"https:\/\/www.oitaperunense.com.br\/site\/governo-interino-do-rio-exonera-831-servidores-em-15-dias-corta-gastos-e-indicados-politicos\/#breadcrumb","itemListElement":[{"@type":"ListItem","position":1,"name":"Home","item":"https:\/\/www.oitaperunense.com.br\/site\/"},{"@type":"ListItem","position":2,"name":"Governo interino do Rio exonera 831 servidores em 15 dias, corta gastos e indicados pol\u00edticos"}]},{"@type":"WebSite","@id":"https:\/\/www.oitaperunense.com.br\/site\/#website","url":"https:\/\/www.oitaperunense.com.br\/site\/","name":"O Itaperunense","description":"","potentialAction":[{"@type":"SearchAction","target":{"@type":"EntryPoint","urlTemplate":"https:\/\/www.oitaperunense.com.br\/site\/?s={search_term_string}"},"query-input":"required name=search_term_string"}],"inLanguage":"pt-BR"},{"@type":"Person","@id":"https:\/\/www.oitaperunense.com.br\/site\/#\/schema\/person\/4a5b86c112157bc0a4492f4fd6b7939f","name":"Andr\u00e9","image":{"@type":"ImageObject","inLanguage":"pt-BR","@id":"https:\/\/www.oitaperunense.com.br\/site\/#\/schema\/person\/image\/","url":"https:\/\/secure.gravatar.com\/avatar\/7a7a912ec2c8cd6a390040b03329ee7a71bbd5f81ac3557b6a68208f263fc97b?s=96&d=mm&r=g","contentUrl":"https:\/\/secure.gravatar.com\/avatar\/7a7a912ec2c8cd6a390040b03329ee7a71bbd5f81ac3557b6a68208f263fc97b?s=96&d=mm&r=g","caption":"Andr\u00e9"},"url":"https:\/\/www.oitaperunense.com.br\/site\/author\/andre\/"}]}},"cc_featured_image_caption":{"caption_text":"","source_text":"","source_url":""},"_links":{"self":[{"href":"https:\/\/www.oitaperunense.com.br\/site\/wp-json\/wp\/v2\/posts\/396741","targetHints":{"allow":["GET"]}}],"collection":[{"href":"https:\/\/www.oitaperunense.com.br\/site\/wp-json\/wp\/v2\/posts"}],"about":[{"href":"https:\/\/www.oitaperunense.com.br\/site\/wp-json\/wp\/v2\/types\/post"}],"author":[{"embeddable":true,"href":"https:\/\/www.oitaperunense.com.br\/site\/wp-json\/wp\/v2\/users\/19"}],"replies":[{"embeddable":true,"href":"https:\/\/www.oitaperunense.com.br\/site\/wp-json\/wp\/v2\/comments?post=396741"}],"version-history":[{"count":2,"href":"https:\/\/www.oitaperunense.com.br\/site\/wp-json\/wp\/v2\/posts\/396741\/revisions"}],"predecessor-version":[{"id":396745,"href":"https:\/\/www.oitaperunense.com.br\/site\/wp-json\/wp\/v2\/posts\/396741\/revisions\/396745"}],"wp:featuredmedia":[{"embeddable":true,"href":"https:\/\/www.oitaperunense.com.br\/site\/wp-json\/wp\/v2\/media\/396742"}],"wp:attachment":[{"href":"https:\/\/www.oitaperunense.com.br\/site\/wp-json\/wp\/v2\/media?parent=396741"}],"wp:term":[{"taxonomy":"category","embeddable":true,"href":"https:\/\/www.oitaperunense.com.br\/site\/wp-json\/wp\/v2\/categories?post=396741"},{"taxonomy":"post_tag","embeddable":true,"href":"https:\/\/www.oitaperunense.com.br\/site\/wp-json\/wp\/v2\/tags?post=396741"}],"curies":[{"name":"wp","href":"https:\/\/api.w.org\/{rel}","templated":true}]}}