{"id":396737,"date":"2026-04-28T16:14:48","date_gmt":"2026-04-28T19:14:48","guid":{"rendered":"https:\/\/www.oitaperunense.com.br\/site\/?p=396737"},"modified":"2026-04-28T16:14:48","modified_gmt":"2026-04-28T19:14:48","slug":"alerj-produz-manifesto-contra-a-distribuicao-dos-royalties-do-petroleo-do-estado-do-rio-e-vai-entregar-documento-ao-stf","status":"publish","type":"post","link":"https:\/\/www.oitaperunense.com.br\/site\/alerj-produz-manifesto-contra-a-distribuicao-dos-royalties-do-petroleo-do-estado-do-rio-e-vai-entregar-documento-ao-stf\/","title":{"rendered":"ALERJ PRODUZ MANIFESTO CONTRA A DISTRIBUI\u00c7\u00c3O DOS ROYALTIES DO PETR\u00d3LEO DO ESTADO DO RIO E VAI ENTREGAR DOCUMENTO AO STF"},"content":{"rendered":"<p class=\"margintop11\" style=\"text-align: center;\"><strong>A Casa lidera um movimento de uni\u00e3o de for\u00e7as em defesa da sa\u00fade financeira do estado, tendo reunido mais de 20 prefeitos na audi\u00eancia p\u00fablica realizada nesta ter\u00e7a-feira. Caso a lei que estabelece a divis\u00e3o dos royalties seja aprovada pelo Supremo Tribunal Federal (STF), o Rio poder\u00e1 colapsar, com uma perda de receita anual da ordem de R$ 22 bilh\u00f5es<\/strong><\/p>\n<p class=\"margintop11\" style=\"text-align: justify;\">O presidente da Assembleia Legislativa do Estado do Rio de Janeiro (Alerj), deputado Douglas Ruas (PL), anunciou, durante audi\u00eancia p\u00fablica realizada no Plen\u00e1rio da Casa, nesta ter\u00e7a-feira (28), que vai se encontrar com o ministro do Supremo Tribunal Federal (STF), Edson Fachin, nos pr\u00f3ximos dias, para entregar um manifesto em defesa dos royalties do Rio de Janeiro. A Alerj est\u00e1 \u00e0 frente desse movimento de uni\u00e3o de todas as for\u00e7as do Estado para que a Lei 12.734\/12 seja considerada inconstitucional. Se essa medida for aprovada pelo STF, vai gerar um efeito catastr\u00f3fico com uma perda anual de receita na casa de R$ 22 bilh\u00f5es; um impacto em torno de R$ 9 bilh\u00f5es para o Governo do Rio e quase R$ 13 bilh\u00f5es aos munic\u00edpios produtores de petr\u00f3leo.<\/p>\n<p><!--more--><\/p>\n<p class=\"margintop11\" style=\"text-align: justify;\">O documento, produzido pela Comiss\u00e3o de Or\u00e7amento da Alerj &#8211; que aponta os preju\u00edzos para o Estado e reivindica justi\u00e7a federativa &#8211; foi lido durante o encontro, que contou com a participa\u00e7\u00e3o e apoio de mais de 20 prefeitos de cidades produtoras (e n\u00e3o-produtoras) de petr\u00f3leo, do procurador-geral do Estado, Renan Miguel Saad, e do secret\u00e1rio estadual de Fazenda, Juliano Pasqual, entre outras autoridades.<\/p>\n<p class=\"margintop11\" style=\"text-align: justify;\">\u201cEsse \u00e9 sem sombra de d\u00favidas o tema mais urgente para o nosso Estado e tem causado muita preocupa\u00e7\u00e3o a todos. Temos que nos unir para defender o que \u00e9 nosso por direito. E sa\u00edmos dessa reuni\u00e3o com um discurso alinhado de que essa lei &#8211; que modifica a distribui\u00e7\u00e3o dos royalties &#8211; \u00e9 inconstitucional, segundo a Procuradoria Geral do Estado. Quero apresentar ao ministro Fachin o nosso manifesto&#8221;, pontuou Douglas Ruas.<\/p>\n<p class=\"margintop11\" style=\"text-align: justify;\">O documento ser\u00e1 assinado pelos prefeitos dos 92 munic\u00edpios do Estado, presidentes dos poderes Legislativo e Judici\u00e1rio, bem como pelo governador em exerc\u00edcio, al\u00e9m dos representantes da Federa\u00e7\u00e3o das Ind\u00fastrias do Estado do Rio de Janeiro (Firjan) e da Federa\u00e7\u00e3o do Com\u00e9rcio de Bens, Servi\u00e7os e Turismo (Fecom\u00e9rcio-RJ). O presidente da Comiss\u00e3o de Or\u00e7amento da Alerj, deputado Andr\u00e9 Corr\u00eaa (PSD), destacou a grande import\u00e2ncia do Manifesto.<\/p>\n<p class=\"margintop11\" style=\"text-align: justify;\">\u201cO objetivo desse comunicado \u00e9 sinalizar a posi\u00e7\u00e3o pol\u00edtica do Estado para a popula\u00e7\u00e3o e para a Uni\u00e3o. Essa medida afeta fortemente o custeio do Rio de Janeiro. Independentemente de qualquer corrente partid\u00e1ria, os setores pol\u00edtico e produtivo do Rio est\u00e3o unidos&#8221;, afirmou Corr\u00eaa.<\/p>\n<p class=\"margintop11\" style=\"text-align: justify;\">O parlamentar leu o documento que pontua em determinado trecho a principal raz\u00e3o dessa luta em defesa dos royalties do Estado: \u201cO Rio de Janeiro n\u00e3o pleiteia privil\u00e9gios. Reivindica, t\u00e3o somente, justi\u00e7a federativa, coer\u00eancia constitucional e o reconhecimento de sua contribui\u00e7\u00e3o estrat\u00e9gica para o pa\u00eds.\u201d<\/p>\n<p><img loading=\"lazy\" decoding=\"async\" class=\"alignnone size-full wp-image-396739 aligncenter\" src=\"https:\/\/www.oitaperunense.com.br\/site\/wp-content\/uploads\/2026\/04\/alerj2.jpg\" alt=\"\" width=\"700\" height=\"466\" srcset=\"https:\/\/www.oitaperunense.com.br\/site\/wp-content\/uploads\/2026\/04\/alerj2.jpg 700w, https:\/\/www.oitaperunense.com.br\/site\/wp-content\/uploads\/2026\/04\/alerj2-300x200.jpg 300w\" sizes=\"auto, (max-width: 700px) 100vw, 700px\" \/><\/p>\n<p class=\"margintop11\" style=\"text-align: justify;\"><strong>Entenda o caso<\/strong><\/p>\n<p class=\"margintop11\" style=\"text-align: justify;\">A distribui\u00e7\u00e3o dos royalties est\u00e1 prevista na Lei da Partilha (Lei 12.351\/10), que foi modificada em 2012 (Lei 12.734\/12). No entanto, desde 2013 as novas regras est\u00e3o suspensas por decis\u00e3o provis\u00f3ria da ministra Carmen L\u00facia, do Supremo Tribunal Federal, que manteve o modelo atual de distribui\u00e7\u00e3o. No pr\u00f3ximo dia 06\/05, por\u00e9m, o Supremo vai analisar a constitucionalidade dessa lei de 2012 por meio de A\u00e7\u00f5es Diretas de Inconstitucionalidade.<\/p>\n<p class=\"margintop11\" style=\"text-align: justify;\">Caso a norma seja validada, o Estado do Rio, que hoje recebe cerca de 40% do valor pago \u00e0 Uni\u00e3o pelas empresas produtoras como compensa\u00e7\u00e3o financeira pela explora\u00e7\u00e3o do petr\u00f3leo, ter\u00e1 que distribuir esses recursos com os demais estados, reduzindo drasticamente a sua participa\u00e7\u00e3o como o maior produtor de petr\u00f3leo do pa\u00eds.<\/p>\n<p class=\"margintop11\" style=\"text-align: justify;\">O procurador-geral, Renan Miguel Saad, que ser\u00e1 o advogado do Estado do Rio no julgamento, tamb\u00e9m refor\u00e7ou que se essa medida for sancionada o Estado do Rio ser\u00e1 aniquilado e que a norma, al\u00e9m de inconstitucional, n\u00e3o leva em considera\u00e7\u00e3o a regra de compensa\u00e7\u00e3o financeira.<\/p>\n<p class=\"margintop11\" style=\"text-align: justify;\">\u201cFoi feito um pacto federativo com muitas falhas no qual o Rio sofreu a maior penalidade. O \u00fanico produto tributado totalmente no destino foi o petr\u00f3leo. S\u00f3 em 2025 deixamos de ganhar R$ 25 bilh\u00f5es, e em troca disso recebemos uma compensa\u00e7\u00e3o financeira de R$ 11 bilh\u00f5es. E isso provoca um problema em uma escala econ\u00f4mica que demonstra a necessidade de uma equaliza\u00e7\u00e3o dessa perda e estamos demonstrando isso na nossa peti\u00e7\u00e3o&#8221;, justificou.<\/p>\n<p class=\"margintop11\" style=\"text-align: justify;\">Segundo a Secretaria Estadual de Fazenda (Sefaz), em quatro anos o Rio perdeu R$ 71 bilh\u00f5es por n\u00e3o poder realizar a tributa\u00e7\u00e3o. O secret\u00e1rio Juliano Pasqual demonstrou em n\u00fameros o impacto financeiro da perda de royalties. De acordo com dados apresentados, a estimativa \u00e9 que o Rioprevid\u00eancia perca em m\u00e9dia R$ 4,6 bilh\u00f5es, que representa duas folhas mensais de aposentados e pensionista. J\u00e1 as \u00e1reas essenciais, como sa\u00fade, educa\u00e7\u00e3o e seguran\u00e7a poderiam perder R$ 1,3 bilh\u00e3o por ano, pois diversos fundos estaduais utilizam recursos dos royalties do petr\u00f3leo.<\/p>\n<p class=\"margintop11\" style=\"text-align: justify;\">\u201cDe hoje at\u00e9 2032, \u00e9 prevista uma perda acumulada de receita dos royalties em cerca de R$ 50 bilh\u00f5es, caso a lei seja declarada constitucional. Isso representa um colapso social e operacional\u201d, disse Pasqual.<\/p>\n<p class=\"margintop11\" style=\"text-align: justify;\"><strong>Estado pode perder 311 mil postos de trabalho<\/strong><\/p>\n<p class=\"margintop11\" style=\"text-align: justify;\">O Rio de Janeiro concentra 85% das reservas brasileiras de petr\u00f3leo e \u00e9 respons\u00e1vel por cerca de 83% da produ\u00e7\u00e3o nacional. O n\u00famero j\u00e1 expressa a movimenta\u00e7\u00e3o econ\u00f4mica que o setor provoca no Estado. Segundo o presidente da Fecom\u00e9rcio, Ant\u00f4nio Flor\u00eancio Queiroz, caso a lei entre em vigor o Rio poder\u00e1 perder cerca de 311 mil postos de trabalho e consequentemente ter\u00e1 uma baixa no consumo.<\/p>\n<p class=\"margintop11\" style=\"text-align: justify;\">\u201cEssa compensa\u00e7\u00e3o vai muito al\u00e9m do problema da arrecada\u00e7\u00e3o do ICMS. No momento que voc\u00ea \u00e9 um produtor de petr\u00f3leo, voc\u00ea movimenta a economia, mas tem responsabilidades ambientais e estruturais&nbsp;com a popula\u00e7\u00e3o daquela regi\u00e3o e, por consequ\u00eancia, mais gastos. Somos resilientes, mas n\u00e3o temos mais como permitir algo desse tamanho&#8221;, frisou.<\/p>\n<p class=\"margintop11\" style=\"text-align: justify;\">O prefeito de Resende e presidente da Associa\u00e7\u00e3o Estadual de Munic\u00edpios do Rio de Janeiro (AEMERJ), Tande Vieira, ressaltou a import\u00e2ncia da uni\u00e3o de todos os munic\u00edpios para fortalecer o manifesto.<\/p>\n<p class=\"margintop11\" style=\"text-align: justify;\">\u201cOs prefeitos assumiram o compromisso aqui hoje tamb\u00e9m de cada um tentar usar seus canais de comunica\u00e7\u00e3o para divulgar boas pr\u00e1ticas e o impacto positivo que o uso dos royalties tem na vida das pessoas. Quando a gente fala de royalty parece que \u00e9 dinheiro usado com luxo, mas na grande maioria dos casos \u00e9 um dinheiro que faz diferen\u00e7a enorme na vida das pessoas, em projetos importantes e estruturantes\u201d, concluiu.<\/p>\n<p><strong>Por Buanna Rosa e Carol Barreto\/Imagens: Alex Ramos<\/strong><br \/>\n&nbsp;<\/p>\n","protected":false},"excerpt":{"rendered":"<p>A Casa lidera um movimento de uni\u00e3o de for\u00e7as em defesa da sa\u00fade financeira do estado, tendo reunido mais de 20 prefeitos na audi\u00eancia p\u00fablica realizada nesta ter\u00e7a-feira. Caso a lei que estabelece a divis\u00e3o dos royalties seja aprovada pelo Supremo Tribunal Federal (STF), o Rio poder\u00e1 colapsar, com uma perda de receita anual da [&hellip;]<\/p>\n","protected":false},"author":19,"featured_media":396738,"comment_status":"open","ping_status":"closed","sticky":false,"template":"","format":"standard","meta":{"ngg_post_thumbnail":0,"footnotes":""},"categories":[78],"tags":[],"class_list":["post-396737","post","type-post","status-publish","format-standard","has-post-thumbnail","hentry","category-rj"],"yoast_head":"<!-- This site is optimized with the Yoast SEO plugin v20.11 - https:\/\/yoast.com\/wordpress\/plugins\/seo\/ -->\n<title>ALERJ PRODUZ MANIFESTO CONTRA A DISTRIBUI\u00c7\u00c3O DOS ROYALTIES DO PETR\u00d3LEO DO ESTADO DO RIO E VAI ENTREGAR DOCUMENTO AO STF - O Itaperunense<\/title>\n<meta name=\"robots\" content=\"index, follow, max-snippet:-1, max-image-preview:large, max-video-preview:-1\" \/>\n<link rel=\"canonical\" href=\"https:\/\/www.oitaperunense.com.br\/site\/alerj-produz-manifesto-contra-a-distribuicao-dos-royalties-do-petroleo-do-estado-do-rio-e-vai-entregar-documento-ao-stf\/\" \/>\n<meta property=\"og:locale\" content=\"pt_BR\" \/>\n<meta property=\"og:type\" content=\"article\" \/>\n<meta property=\"og:title\" content=\"ALERJ PRODUZ MANIFESTO CONTRA A DISTRIBUI\u00c7\u00c3O DOS ROYALTIES DO PETR\u00d3LEO DO ESTADO DO RIO E VAI ENTREGAR DOCUMENTO AO STF - O Itaperunense\" \/>\n<meta property=\"og:description\" content=\"A Casa lidera um movimento de uni\u00e3o de for\u00e7as em defesa da sa\u00fade financeira do estado, tendo reunido mais de 20 prefeitos na audi\u00eancia p\u00fablica realizada nesta ter\u00e7a-feira. Caso a lei que estabelece a divis\u00e3o dos royalties seja aprovada pelo Supremo Tribunal Federal (STF), o Rio poder\u00e1 colapsar, com uma perda de receita anual da [&hellip;]\" \/>\n<meta property=\"og:url\" content=\"https:\/\/www.oitaperunense.com.br\/site\/alerj-produz-manifesto-contra-a-distribuicao-dos-royalties-do-petroleo-do-estado-do-rio-e-vai-entregar-documento-ao-stf\/\" \/>\n<meta property=\"og:site_name\" content=\"O Itaperunense\" \/>\n<meta property=\"article:publisher\" content=\"https:\/\/www.facebook.com\/jornaloitaperunense\" \/>\n<meta property=\"article:published_time\" content=\"2026-04-28T19:14:48+00:00\" \/>\n<meta property=\"og:image\" content=\"https:\/\/www.oitaperunense.com.br\/site\/wp-content\/uploads\/2026\/04\/alerj1.jpg\" \/>\n\t<meta property=\"og:image:width\" content=\"700\" \/>\n\t<meta property=\"og:image:height\" content=\"466\" \/>\n\t<meta property=\"og:image:type\" content=\"image\/jpeg\" \/>\n<meta name=\"author\" content=\"Andr\u00e9\" \/>\n<meta name=\"twitter:card\" content=\"summary_large_image\" \/>\n<meta name=\"twitter:label1\" content=\"Escrito por\" \/>\n\t<meta name=\"twitter:data1\" content=\"Andr\u00e9\" \/>\n\t<meta name=\"twitter:label2\" content=\"Est. tempo de leitura\" \/>\n\t<meta name=\"twitter:data2\" content=\"7 minutos\" \/>\n<script type=\"application\/ld+json\" class=\"yoast-schema-graph\">{\"@context\":\"https:\/\/schema.org\",\"@graph\":[{\"@type\":\"WebPage\",\"@id\":\"https:\/\/www.oitaperunense.com.br\/site\/alerj-produz-manifesto-contra-a-distribuicao-dos-royalties-do-petroleo-do-estado-do-rio-e-vai-entregar-documento-ao-stf\/\",\"url\":\"https:\/\/www.oitaperunense.com.br\/site\/alerj-produz-manifesto-contra-a-distribuicao-dos-royalties-do-petroleo-do-estado-do-rio-e-vai-entregar-documento-ao-stf\/\",\"name\":\"ALERJ PRODUZ MANIFESTO CONTRA A DISTRIBUI\u00c7\u00c3O DOS ROYALTIES DO PETR\u00d3LEO DO ESTADO DO RIO E VAI ENTREGAR DOCUMENTO AO STF - O Itaperunense\",\"isPartOf\":{\"@id\":\"https:\/\/www.oitaperunense.com.br\/site\/#website\"},\"datePublished\":\"2026-04-28T19:14:48+00:00\",\"dateModified\":\"2026-04-28T19:14:48+00:00\",\"author\":{\"@id\":\"https:\/\/www.oitaperunense.com.br\/site\/#\/schema\/person\/4a5b86c112157bc0a4492f4fd6b7939f\"},\"breadcrumb\":{\"@id\":\"https:\/\/www.oitaperunense.com.br\/site\/alerj-produz-manifesto-contra-a-distribuicao-dos-royalties-do-petroleo-do-estado-do-rio-e-vai-entregar-documento-ao-stf\/#breadcrumb\"},\"inLanguage\":\"pt-BR\",\"potentialAction\":[{\"@type\":\"ReadAction\",\"target\":[\"https:\/\/www.oitaperunense.com.br\/site\/alerj-produz-manifesto-contra-a-distribuicao-dos-royalties-do-petroleo-do-estado-do-rio-e-vai-entregar-documento-ao-stf\/\"]}]},{\"@type\":\"BreadcrumbList\",\"@id\":\"https:\/\/www.oitaperunense.com.br\/site\/alerj-produz-manifesto-contra-a-distribuicao-dos-royalties-do-petroleo-do-estado-do-rio-e-vai-entregar-documento-ao-stf\/#breadcrumb\",\"itemListElement\":[{\"@type\":\"ListItem\",\"position\":1,\"name\":\"Home\",\"item\":\"https:\/\/www.oitaperunense.com.br\/site\/\"},{\"@type\":\"ListItem\",\"position\":2,\"name\":\"ALERJ PRODUZ MANIFESTO CONTRA A DISTRIBUI\u00c7\u00c3O DOS ROYALTIES DO PETR\u00d3LEO DO ESTADO DO RIO E VAI ENTREGAR DOCUMENTO AO STF\"}]},{\"@type\":\"WebSite\",\"@id\":\"https:\/\/www.oitaperunense.com.br\/site\/#website\",\"url\":\"https:\/\/www.oitaperunense.com.br\/site\/\",\"name\":\"O Itaperunense\",\"description\":\"\",\"potentialAction\":[{\"@type\":\"SearchAction\",\"target\":{\"@type\":\"EntryPoint\",\"urlTemplate\":\"https:\/\/www.oitaperunense.com.br\/site\/?s={search_term_string}\"},\"query-input\":\"required name=search_term_string\"}],\"inLanguage\":\"pt-BR\"},{\"@type\":\"Person\",\"@id\":\"https:\/\/www.oitaperunense.com.br\/site\/#\/schema\/person\/4a5b86c112157bc0a4492f4fd6b7939f\",\"name\":\"Andr\u00e9\",\"image\":{\"@type\":\"ImageObject\",\"inLanguage\":\"pt-BR\",\"@id\":\"https:\/\/www.oitaperunense.com.br\/site\/#\/schema\/person\/image\/\",\"url\":\"https:\/\/secure.gravatar.com\/avatar\/7a7a912ec2c8cd6a390040b03329ee7a71bbd5f81ac3557b6a68208f263fc97b?s=96&d=mm&r=g\",\"contentUrl\":\"https:\/\/secure.gravatar.com\/avatar\/7a7a912ec2c8cd6a390040b03329ee7a71bbd5f81ac3557b6a68208f263fc97b?s=96&d=mm&r=g\",\"caption\":\"Andr\u00e9\"},\"url\":\"https:\/\/www.oitaperunense.com.br\/site\/author\/andre\/\"}]}<\/script>\n<!-- \/ Yoast SEO plugin. -->","yoast_head_json":{"title":"ALERJ PRODUZ MANIFESTO CONTRA A DISTRIBUI\u00c7\u00c3O DOS ROYALTIES DO PETR\u00d3LEO DO ESTADO DO RIO E VAI ENTREGAR DOCUMENTO AO STF - O Itaperunense","robots":{"index":"index","follow":"follow","max-snippet":"max-snippet:-1","max-image-preview":"max-image-preview:large","max-video-preview":"max-video-preview:-1"},"canonical":"https:\/\/www.oitaperunense.com.br\/site\/alerj-produz-manifesto-contra-a-distribuicao-dos-royalties-do-petroleo-do-estado-do-rio-e-vai-entregar-documento-ao-stf\/","og_locale":"pt_BR","og_type":"article","og_title":"ALERJ PRODUZ MANIFESTO CONTRA A DISTRIBUI\u00c7\u00c3O DOS ROYALTIES DO PETR\u00d3LEO DO ESTADO DO RIO E VAI ENTREGAR DOCUMENTO AO STF - O Itaperunense","og_description":"A Casa lidera um movimento de uni\u00e3o de for\u00e7as em defesa da sa\u00fade financeira do estado, tendo reunido mais de 20 prefeitos na audi\u00eancia p\u00fablica realizada nesta ter\u00e7a-feira. Caso a lei que estabelece a divis\u00e3o dos royalties seja aprovada pelo Supremo Tribunal Federal (STF), o Rio poder\u00e1 colapsar, com uma perda de receita anual da [&hellip;]","og_url":"https:\/\/www.oitaperunense.com.br\/site\/alerj-produz-manifesto-contra-a-distribuicao-dos-royalties-do-petroleo-do-estado-do-rio-e-vai-entregar-documento-ao-stf\/","og_site_name":"O Itaperunense","article_publisher":"https:\/\/www.facebook.com\/jornaloitaperunense","article_published_time":"2026-04-28T19:14:48+00:00","og_image":[{"width":700,"height":466,"url":"https:\/\/www.oitaperunense.com.br\/site\/wp-content\/uploads\/2026\/04\/alerj1.jpg","type":"image\/jpeg"}],"author":"Andr\u00e9","twitter_card":"summary_large_image","twitter_misc":{"Escrito por":"Andr\u00e9","Est. tempo de leitura":"7 minutos"},"schema":{"@context":"https:\/\/schema.org","@graph":[{"@type":"WebPage","@id":"https:\/\/www.oitaperunense.com.br\/site\/alerj-produz-manifesto-contra-a-distribuicao-dos-royalties-do-petroleo-do-estado-do-rio-e-vai-entregar-documento-ao-stf\/","url":"https:\/\/www.oitaperunense.com.br\/site\/alerj-produz-manifesto-contra-a-distribuicao-dos-royalties-do-petroleo-do-estado-do-rio-e-vai-entregar-documento-ao-stf\/","name":"ALERJ PRODUZ MANIFESTO CONTRA A DISTRIBUI\u00c7\u00c3O DOS ROYALTIES DO PETR\u00d3LEO DO ESTADO DO RIO E VAI ENTREGAR DOCUMENTO AO STF - O Itaperunense","isPartOf":{"@id":"https:\/\/www.oitaperunense.com.br\/site\/#website"},"datePublished":"2026-04-28T19:14:48+00:00","dateModified":"2026-04-28T19:14:48+00:00","author":{"@id":"https:\/\/www.oitaperunense.com.br\/site\/#\/schema\/person\/4a5b86c112157bc0a4492f4fd6b7939f"},"breadcrumb":{"@id":"https:\/\/www.oitaperunense.com.br\/site\/alerj-produz-manifesto-contra-a-distribuicao-dos-royalties-do-petroleo-do-estado-do-rio-e-vai-entregar-documento-ao-stf\/#breadcrumb"},"inLanguage":"pt-BR","potentialAction":[{"@type":"ReadAction","target":["https:\/\/www.oitaperunense.com.br\/site\/alerj-produz-manifesto-contra-a-distribuicao-dos-royalties-do-petroleo-do-estado-do-rio-e-vai-entregar-documento-ao-stf\/"]}]},{"@type":"BreadcrumbList","@id":"https:\/\/www.oitaperunense.com.br\/site\/alerj-produz-manifesto-contra-a-distribuicao-dos-royalties-do-petroleo-do-estado-do-rio-e-vai-entregar-documento-ao-stf\/#breadcrumb","itemListElement":[{"@type":"ListItem","position":1,"name":"Home","item":"https:\/\/www.oitaperunense.com.br\/site\/"},{"@type":"ListItem","position":2,"name":"ALERJ PRODUZ MANIFESTO CONTRA A DISTRIBUI\u00c7\u00c3O DOS ROYALTIES DO PETR\u00d3LEO DO ESTADO DO RIO E VAI ENTREGAR DOCUMENTO AO STF"}]},{"@type":"WebSite","@id":"https:\/\/www.oitaperunense.com.br\/site\/#website","url":"https:\/\/www.oitaperunense.com.br\/site\/","name":"O Itaperunense","description":"","potentialAction":[{"@type":"SearchAction","target":{"@type":"EntryPoint","urlTemplate":"https:\/\/www.oitaperunense.com.br\/site\/?s={search_term_string}"},"query-input":"required name=search_term_string"}],"inLanguage":"pt-BR"},{"@type":"Person","@id":"https:\/\/www.oitaperunense.com.br\/site\/#\/schema\/person\/4a5b86c112157bc0a4492f4fd6b7939f","name":"Andr\u00e9","image":{"@type":"ImageObject","inLanguage":"pt-BR","@id":"https:\/\/www.oitaperunense.com.br\/site\/#\/schema\/person\/image\/","url":"https:\/\/secure.gravatar.com\/avatar\/7a7a912ec2c8cd6a390040b03329ee7a71bbd5f81ac3557b6a68208f263fc97b?s=96&d=mm&r=g","contentUrl":"https:\/\/secure.gravatar.com\/avatar\/7a7a912ec2c8cd6a390040b03329ee7a71bbd5f81ac3557b6a68208f263fc97b?s=96&d=mm&r=g","caption":"Andr\u00e9"},"url":"https:\/\/www.oitaperunense.com.br\/site\/author\/andre\/"}]}},"cc_featured_image_caption":{"caption_text":"","source_text":"","source_url":""},"_links":{"self":[{"href":"https:\/\/www.oitaperunense.com.br\/site\/wp-json\/wp\/v2\/posts\/396737","targetHints":{"allow":["GET"]}}],"collection":[{"href":"https:\/\/www.oitaperunense.com.br\/site\/wp-json\/wp\/v2\/posts"}],"about":[{"href":"https:\/\/www.oitaperunense.com.br\/site\/wp-json\/wp\/v2\/types\/post"}],"author":[{"embeddable":true,"href":"https:\/\/www.oitaperunense.com.br\/site\/wp-json\/wp\/v2\/users\/19"}],"replies":[{"embeddable":true,"href":"https:\/\/www.oitaperunense.com.br\/site\/wp-json\/wp\/v2\/comments?post=396737"}],"version-history":[{"count":1,"href":"https:\/\/www.oitaperunense.com.br\/site\/wp-json\/wp\/v2\/posts\/396737\/revisions"}],"predecessor-version":[{"id":396740,"href":"https:\/\/www.oitaperunense.com.br\/site\/wp-json\/wp\/v2\/posts\/396737\/revisions\/396740"}],"wp:featuredmedia":[{"embeddable":true,"href":"https:\/\/www.oitaperunense.com.br\/site\/wp-json\/wp\/v2\/media\/396738"}],"wp:attachment":[{"href":"https:\/\/www.oitaperunense.com.br\/site\/wp-json\/wp\/v2\/media?parent=396737"}],"wp:term":[{"taxonomy":"category","embeddable":true,"href":"https:\/\/www.oitaperunense.com.br\/site\/wp-json\/wp\/v2\/categories?post=396737"},{"taxonomy":"post_tag","embeddable":true,"href":"https:\/\/www.oitaperunense.com.br\/site\/wp-json\/wp\/v2\/tags?post=396737"}],"curies":[{"name":"wp","href":"https:\/\/api.w.org\/{rel}","templated":true}]}}