{"id":396733,"date":"2026-04-28T09:42:01","date_gmt":"2026-04-28T12:42:01","guid":{"rendered":"https:\/\/www.oitaperunense.com.br\/site\/?p=396733"},"modified":"2026-04-28T09:46:24","modified_gmt":"2026-04-28T12:46:24","slug":"pente-fino-no-palacio-couto-passa-o-rodo-com-mais-uma-rodada-de-exoneracoes-no-estado","status":"publish","type":"post","link":"https:\/\/www.oitaperunense.com.br\/site\/pente-fino-no-palacio-couto-passa-o-rodo-com-mais-uma-rodada-de-exoneracoes-no-estado\/","title":{"rendered":"&#8220;PENTE FINO&#8221; NO PAL\u00c1CIO: COUTO &#8216;PASSA O RODO&#8217; COM NOVA RODADA DE EXONERA\u00c7\u00d5ES NO ESTADO"},"content":{"rendered":"<p style=\"text-align: justify;\">O governador interino do Estado do Rio de Janeiro, desembargador Ricardo Couto (presidente licenciado do TJ-RJ), intensificou seu &#8220;choque de gest\u00e3o&#8221; e exonerou mais de uma centena de cargos em comiss\u00e3o na data desta ter\u00e7a-feira (28), publicadas no Di\u00e1rio Oficial do Estado (D.O). As medidas, realizadas ap\u00f3s a ren\u00fancia&nbsp; de Cl\u00e1udio Castro, visam um corte de gastos e reestrutura\u00e7\u00e3o administrativa da m\u00e1quina p\u00fablica.<\/p>\n<p><!--more--><\/p>\n<p style=\"text-align: justify;\">Couto tamb\u00e9m iniciou uma devassa&nbsp; em contratos e servi\u00e7os. O interino tamb\u00e9m determinou a suspens\u00e3o da libera\u00e7\u00e3o de R$ 730 milh\u00f5es do Fundo Soberano, aprovados no fim da gest\u00e3o de Cl\u00e1udio Castro.<\/p>\n<p>Confira as exonera\u00e7\u00f5es no link abaixo:<\/p>\n<p><a href=\"https:\/\/www.ioerj.com.br\/portal\/modules\/conteudoonline\/mostra_edicao.php?session=VGtSYVFrMXJTWGRQUlZsMFVXcGpNRTVwTURCU1ZFVjNURlJzUkU5VVVYUlJlbGt5VDBSS1ExSnFXWHBOYWxWNlRWUmpNMDU2VFROUFZGa3lUWGM5UFE9PQ==\">https:\/\/www.ioerj.com.br\/portal\/modules\/conteudoonline\/mostra_edicao.php?session=VGtSYVFrMXJTWGRQUlZsMFVXcGpNRTVwTURCU1ZFVjNURlJzUkU5VVVYUlJlbGt5VDBSS1ExSnFXWHBOYWxWNlRWUmpNMDU2VFROUFZGa3lUWGM5UFE9PQ==<\/a><\/p>\n<p><strong>Ricardo Couto de Castro \u2014 Foto: Guito Moreto<\/strong><\/p>\n","protected":false},"excerpt":{"rendered":"<p>O governador interino do Estado do Rio de Janeiro, desembargador Ricardo Couto (presidente licenciado do TJ-RJ), intensificou seu &#8220;choque de gest\u00e3o&#8221; e exonerou mais de uma centena de cargos em comiss\u00e3o na data desta ter\u00e7a-feira (28), publicadas no Di\u00e1rio Oficial do Estado (D.O). As medidas, realizadas ap\u00f3s a ren\u00fancia&nbsp; de Cl\u00e1udio Castro, visam um corte [&hellip;]<\/p>\n","protected":false},"author":19,"featured_media":396734,"comment_status":"open","ping_status":"closed","sticky":false,"template":"","format":"standard","meta":{"ngg_post_thumbnail":0,"footnotes":""},"categories":[78],"tags":[],"class_list":["post-396733","post","type-post","status-publish","format-standard","has-post-thumbnail","hentry","category-rj"],"yoast_head":"<!-- This site is optimized with the Yoast SEO plugin v20.11 - https:\/\/yoast.com\/wordpress\/plugins\/seo\/ -->\n<title>&quot;PENTE FINO&quot; NO PAL\u00c1CIO: COUTO &#039;PASSA O RODO&#039; COM NOVA RODADA DE EXONERA\u00c7\u00d5ES NO ESTADO - O Itaperunense<\/title>\n<meta name=\"robots\" content=\"index, follow, max-snippet:-1, max-image-preview:large, max-video-preview:-1\" \/>\n<link rel=\"canonical\" href=\"https:\/\/www.oitaperunense.com.br\/site\/pente-fino-no-palacio-couto-passa-o-rodo-com-mais-uma-rodada-de-exoneracoes-no-estado\/\" \/>\n<meta property=\"og:locale\" content=\"pt_BR\" \/>\n<meta property=\"og:type\" content=\"article\" \/>\n<meta property=\"og:title\" content=\"&quot;PENTE FINO&quot; NO PAL\u00c1CIO: COUTO &#039;PASSA O RODO&#039; COM NOVA RODADA DE EXONERA\u00c7\u00d5ES NO ESTADO - O Itaperunense\" \/>\n<meta property=\"og:description\" content=\"O governador interino do Estado do Rio de Janeiro, desembargador Ricardo Couto (presidente licenciado do TJ-RJ), intensificou seu &#8220;choque de gest\u00e3o&#8221; e exonerou mais de uma centena de cargos em comiss\u00e3o na data desta ter\u00e7a-feira (28), publicadas no Di\u00e1rio Oficial do Estado (D.O). As medidas, realizadas ap\u00f3s a ren\u00fancia&nbsp; de Cl\u00e1udio Castro, visam um corte [&hellip;]\" \/>\n<meta property=\"og:url\" content=\"https:\/\/www.oitaperunense.com.br\/site\/pente-fino-no-palacio-couto-passa-o-rodo-com-mais-uma-rodada-de-exoneracoes-no-estado\/\" \/>\n<meta property=\"og:site_name\" content=\"O Itaperunense\" \/>\n<meta property=\"article:publisher\" content=\"https:\/\/www.facebook.com\/jornaloitaperunense\" \/>\n<meta property=\"article:published_time\" content=\"2026-04-28T12:42:01+00:00\" \/>\n<meta property=\"article:modified_time\" content=\"2026-04-28T12:46:24+00:00\" \/>\n<meta property=\"og:image\" content=\"https:\/\/www.oitaperunense.com.br\/site\/wp-content\/uploads\/2026\/04\/faxina.jpg\" \/>\n\t<meta property=\"og:image:width\" content=\"700\" \/>\n\t<meta property=\"og:image:height\" content=\"467\" \/>\n\t<meta property=\"og:image:type\" content=\"image\/jpeg\" \/>\n<meta name=\"author\" content=\"Andr\u00e9\" \/>\n<meta name=\"twitter:card\" content=\"summary_large_image\" \/>\n<meta name=\"twitter:label1\" content=\"Escrito por\" \/>\n\t<meta name=\"twitter:data1\" content=\"Andr\u00e9\" \/>\n\t<meta name=\"twitter:label2\" content=\"Est. tempo de leitura\" \/>\n\t<meta name=\"twitter:data2\" content=\"1 minuto\" \/>\n<script type=\"application\/ld+json\" class=\"yoast-schema-graph\">{\"@context\":\"https:\/\/schema.org\",\"@graph\":[{\"@type\":\"WebPage\",\"@id\":\"https:\/\/www.oitaperunense.com.br\/site\/pente-fino-no-palacio-couto-passa-o-rodo-com-mais-uma-rodada-de-exoneracoes-no-estado\/\",\"url\":\"https:\/\/www.oitaperunense.com.br\/site\/pente-fino-no-palacio-couto-passa-o-rodo-com-mais-uma-rodada-de-exoneracoes-no-estado\/\",\"name\":\"\\\"PENTE FINO\\\" NO PAL\u00c1CIO: COUTO 'PASSA O RODO' COM NOVA RODADA DE EXONERA\u00c7\u00d5ES NO ESTADO - O Itaperunense\",\"isPartOf\":{\"@id\":\"https:\/\/www.oitaperunense.com.br\/site\/#website\"},\"datePublished\":\"2026-04-28T12:42:01+00:00\",\"dateModified\":\"2026-04-28T12:46:24+00:00\",\"author\":{\"@id\":\"https:\/\/www.oitaperunense.com.br\/site\/#\/schema\/person\/4a5b86c112157bc0a4492f4fd6b7939f\"},\"breadcrumb\":{\"@id\":\"https:\/\/www.oitaperunense.com.br\/site\/pente-fino-no-palacio-couto-passa-o-rodo-com-mais-uma-rodada-de-exoneracoes-no-estado\/#breadcrumb\"},\"inLanguage\":\"pt-BR\",\"potentialAction\":[{\"@type\":\"ReadAction\",\"target\":[\"https:\/\/www.oitaperunense.com.br\/site\/pente-fino-no-palacio-couto-passa-o-rodo-com-mais-uma-rodada-de-exoneracoes-no-estado\/\"]}]},{\"@type\":\"BreadcrumbList\",\"@id\":\"https:\/\/www.oitaperunense.com.br\/site\/pente-fino-no-palacio-couto-passa-o-rodo-com-mais-uma-rodada-de-exoneracoes-no-estado\/#breadcrumb\",\"itemListElement\":[{\"@type\":\"ListItem\",\"position\":1,\"name\":\"Home\",\"item\":\"https:\/\/www.oitaperunense.com.br\/site\/\"},{\"@type\":\"ListItem\",\"position\":2,\"name\":\"&#8220;PENTE FINO&#8221; NO PAL\u00c1CIO: COUTO &#8216;PASSA O RODO&#8217; COM NOVA RODADA DE EXONERA\u00c7\u00d5ES NO ESTADO\"}]},{\"@type\":\"WebSite\",\"@id\":\"https:\/\/www.oitaperunense.com.br\/site\/#website\",\"url\":\"https:\/\/www.oitaperunense.com.br\/site\/\",\"name\":\"O Itaperunense\",\"description\":\"\",\"potentialAction\":[{\"@type\":\"SearchAction\",\"target\":{\"@type\":\"EntryPoint\",\"urlTemplate\":\"https:\/\/www.oitaperunense.com.br\/site\/?s={search_term_string}\"},\"query-input\":\"required name=search_term_string\"}],\"inLanguage\":\"pt-BR\"},{\"@type\":\"Person\",\"@id\":\"https:\/\/www.oitaperunense.com.br\/site\/#\/schema\/person\/4a5b86c112157bc0a4492f4fd6b7939f\",\"name\":\"Andr\u00e9\",\"image\":{\"@type\":\"ImageObject\",\"inLanguage\":\"pt-BR\",\"@id\":\"https:\/\/www.oitaperunense.com.br\/site\/#\/schema\/person\/image\/\",\"url\":\"https:\/\/secure.gravatar.com\/avatar\/7a7a912ec2c8cd6a390040b03329ee7a71bbd5f81ac3557b6a68208f263fc97b?s=96&d=mm&r=g\",\"contentUrl\":\"https:\/\/secure.gravatar.com\/avatar\/7a7a912ec2c8cd6a390040b03329ee7a71bbd5f81ac3557b6a68208f263fc97b?s=96&d=mm&r=g\",\"caption\":\"Andr\u00e9\"},\"url\":\"https:\/\/www.oitaperunense.com.br\/site\/author\/andre\/\"}]}<\/script>\n<!-- \/ Yoast SEO plugin. -->","yoast_head_json":{"title":"\"PENTE FINO\" NO PAL\u00c1CIO: COUTO 'PASSA O RODO' COM NOVA RODADA DE EXONERA\u00c7\u00d5ES NO ESTADO - O Itaperunense","robots":{"index":"index","follow":"follow","max-snippet":"max-snippet:-1","max-image-preview":"max-image-preview:large","max-video-preview":"max-video-preview:-1"},"canonical":"https:\/\/www.oitaperunense.com.br\/site\/pente-fino-no-palacio-couto-passa-o-rodo-com-mais-uma-rodada-de-exoneracoes-no-estado\/","og_locale":"pt_BR","og_type":"article","og_title":"\"PENTE FINO\" NO PAL\u00c1CIO: COUTO 'PASSA O RODO' COM NOVA RODADA DE EXONERA\u00c7\u00d5ES NO ESTADO - O Itaperunense","og_description":"O governador interino do Estado do Rio de Janeiro, desembargador Ricardo Couto (presidente licenciado do TJ-RJ), intensificou seu &#8220;choque de gest\u00e3o&#8221; e exonerou mais de uma centena de cargos em comiss\u00e3o na data desta ter\u00e7a-feira (28), publicadas no Di\u00e1rio Oficial do Estado (D.O). As medidas, realizadas ap\u00f3s a ren\u00fancia&nbsp; de Cl\u00e1udio Castro, visam um corte [&hellip;]","og_url":"https:\/\/www.oitaperunense.com.br\/site\/pente-fino-no-palacio-couto-passa-o-rodo-com-mais-uma-rodada-de-exoneracoes-no-estado\/","og_site_name":"O Itaperunense","article_publisher":"https:\/\/www.facebook.com\/jornaloitaperunense","article_published_time":"2026-04-28T12:42:01+00:00","article_modified_time":"2026-04-28T12:46:24+00:00","og_image":[{"width":700,"height":467,"url":"https:\/\/www.oitaperunense.com.br\/site\/wp-content\/uploads\/2026\/04\/faxina.jpg","type":"image\/jpeg"}],"author":"Andr\u00e9","twitter_card":"summary_large_image","twitter_misc":{"Escrito por":"Andr\u00e9","Est. tempo de leitura":"1 minuto"},"schema":{"@context":"https:\/\/schema.org","@graph":[{"@type":"WebPage","@id":"https:\/\/www.oitaperunense.com.br\/site\/pente-fino-no-palacio-couto-passa-o-rodo-com-mais-uma-rodada-de-exoneracoes-no-estado\/","url":"https:\/\/www.oitaperunense.com.br\/site\/pente-fino-no-palacio-couto-passa-o-rodo-com-mais-uma-rodada-de-exoneracoes-no-estado\/","name":"\"PENTE FINO\" NO PAL\u00c1CIO: COUTO 'PASSA O RODO' COM NOVA RODADA DE EXONERA\u00c7\u00d5ES NO ESTADO - O Itaperunense","isPartOf":{"@id":"https:\/\/www.oitaperunense.com.br\/site\/#website"},"datePublished":"2026-04-28T12:42:01+00:00","dateModified":"2026-04-28T12:46:24+00:00","author":{"@id":"https:\/\/www.oitaperunense.com.br\/site\/#\/schema\/person\/4a5b86c112157bc0a4492f4fd6b7939f"},"breadcrumb":{"@id":"https:\/\/www.oitaperunense.com.br\/site\/pente-fino-no-palacio-couto-passa-o-rodo-com-mais-uma-rodada-de-exoneracoes-no-estado\/#breadcrumb"},"inLanguage":"pt-BR","potentialAction":[{"@type":"ReadAction","target":["https:\/\/www.oitaperunense.com.br\/site\/pente-fino-no-palacio-couto-passa-o-rodo-com-mais-uma-rodada-de-exoneracoes-no-estado\/"]}]},{"@type":"BreadcrumbList","@id":"https:\/\/www.oitaperunense.com.br\/site\/pente-fino-no-palacio-couto-passa-o-rodo-com-mais-uma-rodada-de-exoneracoes-no-estado\/#breadcrumb","itemListElement":[{"@type":"ListItem","position":1,"name":"Home","item":"https:\/\/www.oitaperunense.com.br\/site\/"},{"@type":"ListItem","position":2,"name":"&#8220;PENTE FINO&#8221; NO PAL\u00c1CIO: COUTO &#8216;PASSA O RODO&#8217; COM NOVA RODADA DE EXONERA\u00c7\u00d5ES NO ESTADO"}]},{"@type":"WebSite","@id":"https:\/\/www.oitaperunense.com.br\/site\/#website","url":"https:\/\/www.oitaperunense.com.br\/site\/","name":"O Itaperunense","description":"","potentialAction":[{"@type":"SearchAction","target":{"@type":"EntryPoint","urlTemplate":"https:\/\/www.oitaperunense.com.br\/site\/?s={search_term_string}"},"query-input":"required name=search_term_string"}],"inLanguage":"pt-BR"},{"@type":"Person","@id":"https:\/\/www.oitaperunense.com.br\/site\/#\/schema\/person\/4a5b86c112157bc0a4492f4fd6b7939f","name":"Andr\u00e9","image":{"@type":"ImageObject","inLanguage":"pt-BR","@id":"https:\/\/www.oitaperunense.com.br\/site\/#\/schema\/person\/image\/","url":"https:\/\/secure.gravatar.com\/avatar\/7a7a912ec2c8cd6a390040b03329ee7a71bbd5f81ac3557b6a68208f263fc97b?s=96&d=mm&r=g","contentUrl":"https:\/\/secure.gravatar.com\/avatar\/7a7a912ec2c8cd6a390040b03329ee7a71bbd5f81ac3557b6a68208f263fc97b?s=96&d=mm&r=g","caption":"Andr\u00e9"},"url":"https:\/\/www.oitaperunense.com.br\/site\/author\/andre\/"}]}},"cc_featured_image_caption":{"caption_text":"","source_text":"","source_url":""},"_links":{"self":[{"href":"https:\/\/www.oitaperunense.com.br\/site\/wp-json\/wp\/v2\/posts\/396733","targetHints":{"allow":["GET"]}}],"collection":[{"href":"https:\/\/www.oitaperunense.com.br\/site\/wp-json\/wp\/v2\/posts"}],"about":[{"href":"https:\/\/www.oitaperunense.com.br\/site\/wp-json\/wp\/v2\/types\/post"}],"author":[{"embeddable":true,"href":"https:\/\/www.oitaperunense.com.br\/site\/wp-json\/wp\/v2\/users\/19"}],"replies":[{"embeddable":true,"href":"https:\/\/www.oitaperunense.com.br\/site\/wp-json\/wp\/v2\/comments?post=396733"}],"version-history":[{"count":2,"href":"https:\/\/www.oitaperunense.com.br\/site\/wp-json\/wp\/v2\/posts\/396733\/revisions"}],"predecessor-version":[{"id":396736,"href":"https:\/\/www.oitaperunense.com.br\/site\/wp-json\/wp\/v2\/posts\/396733\/revisions\/396736"}],"wp:featuredmedia":[{"embeddable":true,"href":"https:\/\/www.oitaperunense.com.br\/site\/wp-json\/wp\/v2\/media\/396734"}],"wp:attachment":[{"href":"https:\/\/www.oitaperunense.com.br\/site\/wp-json\/wp\/v2\/media?parent=396733"}],"wp:term":[{"taxonomy":"category","embeddable":true,"href":"https:\/\/www.oitaperunense.com.br\/site\/wp-json\/wp\/v2\/categories?post=396733"},{"taxonomy":"post_tag","embeddable":true,"href":"https:\/\/www.oitaperunense.com.br\/site\/wp-json\/wp\/v2\/tags?post=396733"}],"curies":[{"name":"wp","href":"https:\/\/api.w.org\/{rel}","templated":true}]}}