{"id":396726,"date":"2026-04-28T06:25:19","date_gmt":"2026-04-28T09:25:19","guid":{"rendered":"https:\/\/www.oitaperunense.com.br\/site\/?p=396726"},"modified":"2026-04-28T06:35:20","modified_gmt":"2026-04-28T09:35:20","slug":"secretario-de-saude-do-rj-sera-ronaldo-damiao-anuncia-couto","status":"publish","type":"post","link":"https:\/\/www.oitaperunense.com.br\/site\/secretario-de-saude-do-rj-sera-ronaldo-damiao-anuncia-couto\/","title":{"rendered":"Secret\u00e1rio de Sa\u00fade do RJ ser\u00e1 Ronaldo Dami\u00e3o, anuncia Couto"},"content":{"rendered":"<p style=\"text-align: center;\"><strong>Novo secret\u00e1rio Estadual de Sa\u00fade, o m\u00e9dico e professor da Uerj, Ronaldo Dami\u00e3o ser\u00e1 oficializado no cargo em Di\u00e1rio Oficial desa ter\u00e7a-feira (28) e nomea\u00e7\u00e3o refor\u00e7a perfil t\u00e9cnico na gest\u00e3o da sa\u00fade estadual<\/strong><\/p>\n<p style=\"text-align: justify;\">O governador em exerc\u00edcio do Rio de Janeiro, Ricardo Couto, definiu o nome que assumir\u00e1 a Secretaria Estadual de Sa\u00fade. O escolhido \u00e9 o m\u00e9dico Ronaldo Dami\u00e3o, cuja nomea\u00e7\u00e3o deve ser publicada no Di\u00e1rio Oficial desta ter\u00e7a-feira (28). A decis\u00e3o marca mais um movimento na reorganiza\u00e7\u00e3o da gest\u00e3o estadual, com foco em um perfil t\u00e9cnico para conduzir a pasta.<\/p>\n<p><!--more--><\/p>\n<p style=\"text-align: justify;\">Atualmente pr\u00f3-reitor de Sa\u00fade da Universidade do Estado do Rio de Janeiro, Dami\u00e3o tamb\u00e9m \u00e9 professor titular de urologia e tem longa trajet\u00f3ria acad\u00eamica e administrativa.<\/p>\n<p style=\"text-align: justify;\">Entre 2020 e 2023, ele esteve \u00e0 frente do Hospital Universit\u00e1rio Pedro Ernesto, per\u00edodo que coincidiu com a fase mais cr\u00edtica da pandemia de Covid-19.<\/p>\n<p style=\"text-align: justify;\"><strong>Experi\u00eancia em gest\u00e3o e pol\u00edticas p\u00fablicas<\/strong><\/p>\n<p style=\"text-align: justify;\">Com atua\u00e7\u00e3o reconhecida na \u00e1rea m\u00e9dica, Dami\u00e3o \u00e9 membro titular da Academia Nacional de Medicina desde 2002 e j\u00e1 presidiu a Sociedade Brasileira de Urologia.<\/p>\n<p style=\"text-align: justify;\">Ao longo da carreira, participou da formula\u00e7\u00e3o de iniciativas relevantes no campo da sa\u00fade p\u00fablica, incluindo o Programa Sa\u00fade do Homem, no \u00e2mbito do Minist\u00e9rio da Sa\u00fade.<\/p>\n<p style=\"text-align: justify;\">Tamb\u00e9m teve papel importante na dissemina\u00e7\u00e3o da campanha Novembro Azul no Brasil, voltada \u00e0 conscientiza\u00e7\u00e3o sobre a sa\u00fade masculina.<\/p>\n<p style=\"text-align: justify;\"><strong>Expectativa para a gest\u00e3o<\/strong><\/p>\n<p style=\"text-align: justify;\">A escolha de um nome com trajet\u00f3ria t\u00e9cnica e acad\u00eamica ocorre em um momento em que o governo busca fortalecer a condu\u00e7\u00e3o da \u00e1rea de sa\u00fade no estado.<\/p>\n<p style=\"text-align: justify;\">A expectativa \u00e9 de que a experi\u00eancia em gest\u00e3o hospitalar e em pol\u00edticas p\u00fablicas contribua para enfrentar desafios estruturais e operacionais da rede estadual.<\/p>\n<p style=\"text-align: justify;\"><strong>Nomea\u00e7\u00e3o oficial<\/strong><\/p>\n<p style=\"text-align: justify;\">A formaliza\u00e7\u00e3o da indica\u00e7\u00e3o ser\u00e1 feita por meio de publica\u00e7\u00e3o no Di\u00e1rio Oficial, consolidando a entrada de Dami\u00e3o no comando da secretaria.<\/p>\n<p style=\"text-align: justify;\">A mudan\u00e7a ocorre dentro de um cen\u00e1rio de ajustes administrativos conduzidos pelo governo interino.<\/p>\n<p style=\"text-align: justify;\"><strong>As informa\u00e7\u00f5es s\u00e3o do colunista Ancelmo Gois, de O Globo.<\/strong><\/p>\n<p><strong>Imagem: Uerj<\/strong><\/p>\n","protected":false},"excerpt":{"rendered":"<p>Novo secret\u00e1rio Estadual de Sa\u00fade, o m\u00e9dico e professor da Uerj, Ronaldo Dami\u00e3o ser\u00e1 oficializado no cargo em Di\u00e1rio Oficial desa ter\u00e7a-feira (28) e nomea\u00e7\u00e3o refor\u00e7a perfil t\u00e9cnico na gest\u00e3o da sa\u00fade estadual O governador em exerc\u00edcio do Rio de Janeiro, Ricardo Couto, definiu o nome que assumir\u00e1 a Secretaria Estadual de Sa\u00fade. O escolhido [&hellip;]<\/p>\n","protected":false},"author":19,"featured_media":396727,"comment_status":"open","ping_status":"closed","sticky":false,"template":"","format":"standard","meta":{"ngg_post_thumbnail":0,"footnotes":""},"categories":[113],"tags":[],"class_list":["post-396726","post","type-post","status-publish","format-standard","has-post-thumbnail","hentry","category-saude"],"yoast_head":"<!-- This site is optimized with the Yoast SEO plugin v20.11 - https:\/\/yoast.com\/wordpress\/plugins\/seo\/ -->\n<title>Secret\u00e1rio de Sa\u00fade do RJ ser\u00e1 Ronaldo Dami\u00e3o, anuncia Couto - O Itaperunense<\/title>\n<meta name=\"robots\" content=\"index, follow, max-snippet:-1, max-image-preview:large, max-video-preview:-1\" \/>\n<link rel=\"canonical\" href=\"https:\/\/www.oitaperunense.com.br\/site\/secretario-de-saude-do-rj-sera-ronaldo-damiao-anuncia-couto\/\" \/>\n<meta property=\"og:locale\" content=\"pt_BR\" \/>\n<meta property=\"og:type\" content=\"article\" \/>\n<meta property=\"og:title\" content=\"Secret\u00e1rio de Sa\u00fade do RJ ser\u00e1 Ronaldo Dami\u00e3o, anuncia Couto - O Itaperunense\" \/>\n<meta property=\"og:description\" content=\"Novo secret\u00e1rio Estadual de Sa\u00fade, o m\u00e9dico e professor da Uerj, Ronaldo Dami\u00e3o ser\u00e1 oficializado no cargo em Di\u00e1rio Oficial desa ter\u00e7a-feira (28) e nomea\u00e7\u00e3o refor\u00e7a perfil t\u00e9cnico na gest\u00e3o da sa\u00fade estadual O governador em exerc\u00edcio do Rio de Janeiro, Ricardo Couto, definiu o nome que assumir\u00e1 a Secretaria Estadual de Sa\u00fade. O escolhido [&hellip;]\" \/>\n<meta property=\"og:url\" content=\"https:\/\/www.oitaperunense.com.br\/site\/secretario-de-saude-do-rj-sera-ronaldo-damiao-anuncia-couto\/\" \/>\n<meta property=\"og:site_name\" content=\"O Itaperunense\" \/>\n<meta property=\"article:publisher\" content=\"https:\/\/www.facebook.com\/jornaloitaperunense\" \/>\n<meta property=\"article:published_time\" content=\"2026-04-28T09:25:19+00:00\" \/>\n<meta property=\"article:modified_time\" content=\"2026-04-28T09:35:20+00:00\" \/>\n<meta property=\"og:image\" content=\"https:\/\/www.oitaperunense.com.br\/site\/wp-content\/uploads\/2026\/04\/ses99.jpg\" \/>\n\t<meta property=\"og:image:width\" content=\"700\" \/>\n\t<meta property=\"og:image:height\" content=\"389\" \/>\n\t<meta property=\"og:image:type\" content=\"image\/jpeg\" \/>\n<meta name=\"author\" content=\"Andr\u00e9\" \/>\n<meta name=\"twitter:card\" content=\"summary_large_image\" \/>\n<meta name=\"twitter:label1\" content=\"Escrito por\" \/>\n\t<meta name=\"twitter:data1\" content=\"Andr\u00e9\" \/>\n\t<meta name=\"twitter:label2\" content=\"Est. tempo de leitura\" \/>\n\t<meta name=\"twitter:data2\" content=\"2 minutos\" \/>\n<script type=\"application\/ld+json\" class=\"yoast-schema-graph\">{\"@context\":\"https:\/\/schema.org\",\"@graph\":[{\"@type\":\"WebPage\",\"@id\":\"https:\/\/www.oitaperunense.com.br\/site\/secretario-de-saude-do-rj-sera-ronaldo-damiao-anuncia-couto\/\",\"url\":\"https:\/\/www.oitaperunense.com.br\/site\/secretario-de-saude-do-rj-sera-ronaldo-damiao-anuncia-couto\/\",\"name\":\"Secret\u00e1rio de Sa\u00fade do RJ ser\u00e1 Ronaldo Dami\u00e3o, anuncia Couto - O Itaperunense\",\"isPartOf\":{\"@id\":\"https:\/\/www.oitaperunense.com.br\/site\/#website\"},\"datePublished\":\"2026-04-28T09:25:19+00:00\",\"dateModified\":\"2026-04-28T09:35:20+00:00\",\"author\":{\"@id\":\"https:\/\/www.oitaperunense.com.br\/site\/#\/schema\/person\/4a5b86c112157bc0a4492f4fd6b7939f\"},\"breadcrumb\":{\"@id\":\"https:\/\/www.oitaperunense.com.br\/site\/secretario-de-saude-do-rj-sera-ronaldo-damiao-anuncia-couto\/#breadcrumb\"},\"inLanguage\":\"pt-BR\",\"potentialAction\":[{\"@type\":\"ReadAction\",\"target\":[\"https:\/\/www.oitaperunense.com.br\/site\/secretario-de-saude-do-rj-sera-ronaldo-damiao-anuncia-couto\/\"]}]},{\"@type\":\"BreadcrumbList\",\"@id\":\"https:\/\/www.oitaperunense.com.br\/site\/secretario-de-saude-do-rj-sera-ronaldo-damiao-anuncia-couto\/#breadcrumb\",\"itemListElement\":[{\"@type\":\"ListItem\",\"position\":1,\"name\":\"Home\",\"item\":\"https:\/\/www.oitaperunense.com.br\/site\/\"},{\"@type\":\"ListItem\",\"position\":2,\"name\":\"Secret\u00e1rio de Sa\u00fade do RJ ser\u00e1 Ronaldo Dami\u00e3o, anuncia Couto\"}]},{\"@type\":\"WebSite\",\"@id\":\"https:\/\/www.oitaperunense.com.br\/site\/#website\",\"url\":\"https:\/\/www.oitaperunense.com.br\/site\/\",\"name\":\"O Itaperunense\",\"description\":\"\",\"potentialAction\":[{\"@type\":\"SearchAction\",\"target\":{\"@type\":\"EntryPoint\",\"urlTemplate\":\"https:\/\/www.oitaperunense.com.br\/site\/?s={search_term_string}\"},\"query-input\":\"required name=search_term_string\"}],\"inLanguage\":\"pt-BR\"},{\"@type\":\"Person\",\"@id\":\"https:\/\/www.oitaperunense.com.br\/site\/#\/schema\/person\/4a5b86c112157bc0a4492f4fd6b7939f\",\"name\":\"Andr\u00e9\",\"image\":{\"@type\":\"ImageObject\",\"inLanguage\":\"pt-BR\",\"@id\":\"https:\/\/www.oitaperunense.com.br\/site\/#\/schema\/person\/image\/\",\"url\":\"https:\/\/secure.gravatar.com\/avatar\/7a7a912ec2c8cd6a390040b03329ee7a71bbd5f81ac3557b6a68208f263fc97b?s=96&d=mm&r=g\",\"contentUrl\":\"https:\/\/secure.gravatar.com\/avatar\/7a7a912ec2c8cd6a390040b03329ee7a71bbd5f81ac3557b6a68208f263fc97b?s=96&d=mm&r=g\",\"caption\":\"Andr\u00e9\"},\"url\":\"https:\/\/www.oitaperunense.com.br\/site\/author\/andre\/\"}]}<\/script>\n<!-- \/ Yoast SEO plugin. -->","yoast_head_json":{"title":"Secret\u00e1rio de Sa\u00fade do RJ ser\u00e1 Ronaldo Dami\u00e3o, anuncia Couto - O Itaperunense","robots":{"index":"index","follow":"follow","max-snippet":"max-snippet:-1","max-image-preview":"max-image-preview:large","max-video-preview":"max-video-preview:-1"},"canonical":"https:\/\/www.oitaperunense.com.br\/site\/secretario-de-saude-do-rj-sera-ronaldo-damiao-anuncia-couto\/","og_locale":"pt_BR","og_type":"article","og_title":"Secret\u00e1rio de Sa\u00fade do RJ ser\u00e1 Ronaldo Dami\u00e3o, anuncia Couto - O Itaperunense","og_description":"Novo secret\u00e1rio Estadual de Sa\u00fade, o m\u00e9dico e professor da Uerj, Ronaldo Dami\u00e3o ser\u00e1 oficializado no cargo em Di\u00e1rio Oficial desa ter\u00e7a-feira (28) e nomea\u00e7\u00e3o refor\u00e7a perfil t\u00e9cnico na gest\u00e3o da sa\u00fade estadual O governador em exerc\u00edcio do Rio de Janeiro, Ricardo Couto, definiu o nome que assumir\u00e1 a Secretaria Estadual de Sa\u00fade. O escolhido [&hellip;]","og_url":"https:\/\/www.oitaperunense.com.br\/site\/secretario-de-saude-do-rj-sera-ronaldo-damiao-anuncia-couto\/","og_site_name":"O Itaperunense","article_publisher":"https:\/\/www.facebook.com\/jornaloitaperunense","article_published_time":"2026-04-28T09:25:19+00:00","article_modified_time":"2026-04-28T09:35:20+00:00","og_image":[{"width":700,"height":389,"url":"https:\/\/www.oitaperunense.com.br\/site\/wp-content\/uploads\/2026\/04\/ses99.jpg","type":"image\/jpeg"}],"author":"Andr\u00e9","twitter_card":"summary_large_image","twitter_misc":{"Escrito por":"Andr\u00e9","Est. tempo de leitura":"2 minutos"},"schema":{"@context":"https:\/\/schema.org","@graph":[{"@type":"WebPage","@id":"https:\/\/www.oitaperunense.com.br\/site\/secretario-de-saude-do-rj-sera-ronaldo-damiao-anuncia-couto\/","url":"https:\/\/www.oitaperunense.com.br\/site\/secretario-de-saude-do-rj-sera-ronaldo-damiao-anuncia-couto\/","name":"Secret\u00e1rio de Sa\u00fade do RJ ser\u00e1 Ronaldo Dami\u00e3o, anuncia Couto - O Itaperunense","isPartOf":{"@id":"https:\/\/www.oitaperunense.com.br\/site\/#website"},"datePublished":"2026-04-28T09:25:19+00:00","dateModified":"2026-04-28T09:35:20+00:00","author":{"@id":"https:\/\/www.oitaperunense.com.br\/site\/#\/schema\/person\/4a5b86c112157bc0a4492f4fd6b7939f"},"breadcrumb":{"@id":"https:\/\/www.oitaperunense.com.br\/site\/secretario-de-saude-do-rj-sera-ronaldo-damiao-anuncia-couto\/#breadcrumb"},"inLanguage":"pt-BR","potentialAction":[{"@type":"ReadAction","target":["https:\/\/www.oitaperunense.com.br\/site\/secretario-de-saude-do-rj-sera-ronaldo-damiao-anuncia-couto\/"]}]},{"@type":"BreadcrumbList","@id":"https:\/\/www.oitaperunense.com.br\/site\/secretario-de-saude-do-rj-sera-ronaldo-damiao-anuncia-couto\/#breadcrumb","itemListElement":[{"@type":"ListItem","position":1,"name":"Home","item":"https:\/\/www.oitaperunense.com.br\/site\/"},{"@type":"ListItem","position":2,"name":"Secret\u00e1rio de Sa\u00fade do RJ ser\u00e1 Ronaldo Dami\u00e3o, anuncia Couto"}]},{"@type":"WebSite","@id":"https:\/\/www.oitaperunense.com.br\/site\/#website","url":"https:\/\/www.oitaperunense.com.br\/site\/","name":"O Itaperunense","description":"","potentialAction":[{"@type":"SearchAction","target":{"@type":"EntryPoint","urlTemplate":"https:\/\/www.oitaperunense.com.br\/site\/?s={search_term_string}"},"query-input":"required name=search_term_string"}],"inLanguage":"pt-BR"},{"@type":"Person","@id":"https:\/\/www.oitaperunense.com.br\/site\/#\/schema\/person\/4a5b86c112157bc0a4492f4fd6b7939f","name":"Andr\u00e9","image":{"@type":"ImageObject","inLanguage":"pt-BR","@id":"https:\/\/www.oitaperunense.com.br\/site\/#\/schema\/person\/image\/","url":"https:\/\/secure.gravatar.com\/avatar\/7a7a912ec2c8cd6a390040b03329ee7a71bbd5f81ac3557b6a68208f263fc97b?s=96&d=mm&r=g","contentUrl":"https:\/\/secure.gravatar.com\/avatar\/7a7a912ec2c8cd6a390040b03329ee7a71bbd5f81ac3557b6a68208f263fc97b?s=96&d=mm&r=g","caption":"Andr\u00e9"},"url":"https:\/\/www.oitaperunense.com.br\/site\/author\/andre\/"}]}},"cc_featured_image_caption":{"caption_text":"","source_text":"","source_url":""},"_links":{"self":[{"href":"https:\/\/www.oitaperunense.com.br\/site\/wp-json\/wp\/v2\/posts\/396726","targetHints":{"allow":["GET"]}}],"collection":[{"href":"https:\/\/www.oitaperunense.com.br\/site\/wp-json\/wp\/v2\/posts"}],"about":[{"href":"https:\/\/www.oitaperunense.com.br\/site\/wp-json\/wp\/v2\/types\/post"}],"author":[{"embeddable":true,"href":"https:\/\/www.oitaperunense.com.br\/site\/wp-json\/wp\/v2\/users\/19"}],"replies":[{"embeddable":true,"href":"https:\/\/www.oitaperunense.com.br\/site\/wp-json\/wp\/v2\/comments?post=396726"}],"version-history":[{"count":3,"href":"https:\/\/www.oitaperunense.com.br\/site\/wp-json\/wp\/v2\/posts\/396726\/revisions"}],"predecessor-version":[{"id":396730,"href":"https:\/\/www.oitaperunense.com.br\/site\/wp-json\/wp\/v2\/posts\/396726\/revisions\/396730"}],"wp:featuredmedia":[{"embeddable":true,"href":"https:\/\/www.oitaperunense.com.br\/site\/wp-json\/wp\/v2\/media\/396727"}],"wp:attachment":[{"href":"https:\/\/www.oitaperunense.com.br\/site\/wp-json\/wp\/v2\/media?parent=396726"}],"wp:term":[{"taxonomy":"category","embeddable":true,"href":"https:\/\/www.oitaperunense.com.br\/site\/wp-json\/wp\/v2\/categories?post=396726"},{"taxonomy":"post_tag","embeddable":true,"href":"https:\/\/www.oitaperunense.com.br\/site\/wp-json\/wp\/v2\/tags?post=396726"}],"curies":[{"name":"wp","href":"https:\/\/api.w.org\/{rel}","templated":true}]}}