{"id":396723,"date":"2026-04-27T17:10:54","date_gmt":"2026-04-27T20:10:54","guid":{"rendered":"https:\/\/www.oitaperunense.com.br\/site\/?p=396723"},"modified":"2026-04-27T17:10:54","modified_gmt":"2026-04-27T20:10:54","slug":"projeto-para-proibir-escolas-de-impedirem-matriculas-de-alunos-que-usam-fraldas-avanca-na-alerj","status":"publish","type":"post","link":"https:\/\/www.oitaperunense.com.br\/site\/projeto-para-proibir-escolas-de-impedirem-matriculas-de-alunos-que-usam-fraldas-avanca-na-alerj\/","title":{"rendered":"Projeto para proibir escolas de impedirem matr\u00edculas de alunos que usam fraldas avan\u00e7a na Alerj"},"content":{"rendered":"<p style=\"text-align: center;\"><strong>A Comiss\u00e3o de Constitui\u00e7\u00e3o e Justi\u00e7a (CCJ) aprovou o projeto de lei, de autoria do primeiro vice-presidente da Casa, deputado Guilherme Delaroli (PL)<\/strong><\/p>\n<p style=\"text-align: justify;\">A proposta que pro\u00edbe escolas de impedirem a matr\u00edcula de alunos que usam fraldas avan\u00e7ou na Assembleia Legislativa (Alerj). A Comiss\u00e3o de Constitui\u00e7\u00e3o e Justi\u00e7a (CCJ) aprovou o projeto de lei do deputado Guilherme Delaroli (PL), que agora pode ser votado em plen\u00e1rio. A norma, que abrange alunos de todas as idades, ser\u00e1 v\u00e1lida para escolas p\u00fablicas e particulares no estado. A iniciativa tem como objetivo garantir o direito \u00e0 educa\u00e7\u00e3o, independentemente da condi\u00e7\u00e3o do aluno.<\/p>\n<p><!--more--><\/p>\n<p style=\"text-align: justify;\">Delaroli argumenta que a recusa de matr\u00edculas com base no uso de fraldas fere dois princ\u00edpios fundamentais da Constitui\u00e7\u00e3o Federal: de Igualdade e o da Prote\u00e7\u00e3o \u00e0 Dignidade da Pessoa Humana.<\/p>\n<p style=\"text-align: justify;\">\u201cChegou ao nosso conhecimento que algumas escolas n\u00e3o est\u00e3o aceitando matr\u00edculas de alunos que usam fralda. Essa exclus\u00e3o \u00e9 especialmente prejudicial para estudantes com defici\u00eancia ou condi\u00e7\u00f5es espec\u00edficas que demandem o uso cont\u00ednuo de fraldas. Elaboramos o projeto de lei porque \u00e9 inaceit\u00e1vel qualquer tipo de discrimina\u00e7\u00e3o e agress\u00e3o aos direitos das crian\u00e7as\u201d, explicou.<\/p>\n<p style=\"text-align: justify;\"><strong>Pr\u00e1ticas inclusivas<\/strong><\/p>\n<p style=\"text-align: justify;\">De acordo com a proposta, as institui\u00e7\u00f5es de ensino tamb\u00e9m dever\u00e3o adotar pr\u00e1ticas inclusivas e adaptadas que garantam o direito \u00e0 educa\u00e7\u00e3o de todos os alunos, respeitando suas particularidades e necessidades individuais.<\/p>\n<p style=\"text-align: justify;\">O projeto de lei tamb\u00e9m estabelece que, nos casos envolvendo crian\u00e7as com defici\u00eancia, as escolas dever\u00e3o contar com a orienta\u00e7\u00e3o de profissionais especializados, como terapeutas ocupacionais, psic\u00f3logos ou pedagogos especializados, de acordo com a Lei Federal 13.146\/2015.<\/p>\n<p><strong>Com informa\u00e7\u00f5es, Tempo Real\/Foto: Divulga\u00e7\u00e3o<\/strong><\/p>\n","protected":false},"excerpt":{"rendered":"<p>A Comiss\u00e3o de Constitui\u00e7\u00e3o e Justi\u00e7a (CCJ) aprovou o projeto de lei, de autoria do primeiro vice-presidente da Casa, deputado Guilherme Delaroli (PL) A proposta que pro\u00edbe escolas de impedirem a matr\u00edcula de alunos que usam fraldas avan\u00e7ou na Assembleia Legislativa (Alerj). A Comiss\u00e3o de Constitui\u00e7\u00e3o e Justi\u00e7a (CCJ) aprovou o projeto de lei do [&hellip;]<\/p>\n","protected":false},"author":19,"featured_media":396724,"comment_status":"open","ping_status":"closed","sticky":false,"template":"","format":"standard","meta":{"ngg_post_thumbnail":0,"footnotes":""},"categories":[78],"tags":[],"class_list":["post-396723","post","type-post","status-publish","format-standard","has-post-thumbnail","hentry","category-rj"],"yoast_head":"<!-- This site is optimized with the Yoast SEO plugin v20.11 - https:\/\/yoast.com\/wordpress\/plugins\/seo\/ -->\n<title>Projeto para proibir escolas de impedirem matr\u00edculas de alunos que usam fraldas avan\u00e7a na Alerj - O Itaperunense<\/title>\n<meta name=\"robots\" content=\"index, follow, max-snippet:-1, max-image-preview:large, max-video-preview:-1\" \/>\n<link rel=\"canonical\" href=\"https:\/\/www.oitaperunense.com.br\/site\/projeto-para-proibir-escolas-de-impedirem-matriculas-de-alunos-que-usam-fraldas-avanca-na-alerj\/\" \/>\n<meta property=\"og:locale\" content=\"pt_BR\" \/>\n<meta property=\"og:type\" content=\"article\" \/>\n<meta property=\"og:title\" content=\"Projeto para proibir escolas de impedirem matr\u00edculas de alunos que usam fraldas avan\u00e7a na Alerj - O Itaperunense\" \/>\n<meta property=\"og:description\" content=\"A Comiss\u00e3o de Constitui\u00e7\u00e3o e Justi\u00e7a (CCJ) aprovou o projeto de lei, de autoria do primeiro vice-presidente da Casa, deputado Guilherme Delaroli (PL) A proposta que pro\u00edbe escolas de impedirem a matr\u00edcula de alunos que usam fraldas avan\u00e7ou na Assembleia Legislativa (Alerj). A Comiss\u00e3o de Constitui\u00e7\u00e3o e Justi\u00e7a (CCJ) aprovou o projeto de lei do [&hellip;]\" \/>\n<meta property=\"og:url\" content=\"https:\/\/www.oitaperunense.com.br\/site\/projeto-para-proibir-escolas-de-impedirem-matriculas-de-alunos-que-usam-fraldas-avanca-na-alerj\/\" \/>\n<meta property=\"og:site_name\" content=\"O Itaperunense\" \/>\n<meta property=\"article:publisher\" content=\"https:\/\/www.facebook.com\/jornaloitaperunense\" \/>\n<meta property=\"article:published_time\" content=\"2026-04-27T20:10:54+00:00\" \/>\n<meta property=\"og:image\" content=\"https:\/\/www.oitaperunense.com.br\/site\/wp-content\/uploads\/2026\/04\/pl2.jpg\" \/>\n\t<meta property=\"og:image:width\" content=\"700\" \/>\n\t<meta property=\"og:image:height\" content=\"466\" \/>\n\t<meta property=\"og:image:type\" content=\"image\/jpeg\" \/>\n<meta name=\"author\" content=\"Andr\u00e9\" \/>\n<meta name=\"twitter:card\" content=\"summary_large_image\" \/>\n<meta name=\"twitter:label1\" content=\"Escrito por\" \/>\n\t<meta name=\"twitter:data1\" content=\"Andr\u00e9\" \/>\n\t<meta name=\"twitter:label2\" content=\"Est. tempo de leitura\" \/>\n\t<meta name=\"twitter:data2\" content=\"2 minutos\" \/>\n<script type=\"application\/ld+json\" class=\"yoast-schema-graph\">{\"@context\":\"https:\/\/schema.org\",\"@graph\":[{\"@type\":\"WebPage\",\"@id\":\"https:\/\/www.oitaperunense.com.br\/site\/projeto-para-proibir-escolas-de-impedirem-matriculas-de-alunos-que-usam-fraldas-avanca-na-alerj\/\",\"url\":\"https:\/\/www.oitaperunense.com.br\/site\/projeto-para-proibir-escolas-de-impedirem-matriculas-de-alunos-que-usam-fraldas-avanca-na-alerj\/\",\"name\":\"Projeto para proibir escolas de impedirem matr\u00edculas de alunos que usam fraldas avan\u00e7a na Alerj - O Itaperunense\",\"isPartOf\":{\"@id\":\"https:\/\/www.oitaperunense.com.br\/site\/#website\"},\"datePublished\":\"2026-04-27T20:10:54+00:00\",\"dateModified\":\"2026-04-27T20:10:54+00:00\",\"author\":{\"@id\":\"https:\/\/www.oitaperunense.com.br\/site\/#\/schema\/person\/4a5b86c112157bc0a4492f4fd6b7939f\"},\"breadcrumb\":{\"@id\":\"https:\/\/www.oitaperunense.com.br\/site\/projeto-para-proibir-escolas-de-impedirem-matriculas-de-alunos-que-usam-fraldas-avanca-na-alerj\/#breadcrumb\"},\"inLanguage\":\"pt-BR\",\"potentialAction\":[{\"@type\":\"ReadAction\",\"target\":[\"https:\/\/www.oitaperunense.com.br\/site\/projeto-para-proibir-escolas-de-impedirem-matriculas-de-alunos-que-usam-fraldas-avanca-na-alerj\/\"]}]},{\"@type\":\"BreadcrumbList\",\"@id\":\"https:\/\/www.oitaperunense.com.br\/site\/projeto-para-proibir-escolas-de-impedirem-matriculas-de-alunos-que-usam-fraldas-avanca-na-alerj\/#breadcrumb\",\"itemListElement\":[{\"@type\":\"ListItem\",\"position\":1,\"name\":\"Home\",\"item\":\"https:\/\/www.oitaperunense.com.br\/site\/\"},{\"@type\":\"ListItem\",\"position\":2,\"name\":\"Projeto para proibir escolas de impedirem matr\u00edculas de alunos que usam fraldas avan\u00e7a na Alerj\"}]},{\"@type\":\"WebSite\",\"@id\":\"https:\/\/www.oitaperunense.com.br\/site\/#website\",\"url\":\"https:\/\/www.oitaperunense.com.br\/site\/\",\"name\":\"O Itaperunense\",\"description\":\"\",\"potentialAction\":[{\"@type\":\"SearchAction\",\"target\":{\"@type\":\"EntryPoint\",\"urlTemplate\":\"https:\/\/www.oitaperunense.com.br\/site\/?s={search_term_string}\"},\"query-input\":\"required name=search_term_string\"}],\"inLanguage\":\"pt-BR\"},{\"@type\":\"Person\",\"@id\":\"https:\/\/www.oitaperunense.com.br\/site\/#\/schema\/person\/4a5b86c112157bc0a4492f4fd6b7939f\",\"name\":\"Andr\u00e9\",\"image\":{\"@type\":\"ImageObject\",\"inLanguage\":\"pt-BR\",\"@id\":\"https:\/\/www.oitaperunense.com.br\/site\/#\/schema\/person\/image\/\",\"url\":\"https:\/\/secure.gravatar.com\/avatar\/7a7a912ec2c8cd6a390040b03329ee7a71bbd5f81ac3557b6a68208f263fc97b?s=96&d=mm&r=g\",\"contentUrl\":\"https:\/\/secure.gravatar.com\/avatar\/7a7a912ec2c8cd6a390040b03329ee7a71bbd5f81ac3557b6a68208f263fc97b?s=96&d=mm&r=g\",\"caption\":\"Andr\u00e9\"},\"url\":\"https:\/\/www.oitaperunense.com.br\/site\/author\/andre\/\"}]}<\/script>\n<!-- \/ Yoast SEO plugin. -->","yoast_head_json":{"title":"Projeto para proibir escolas de impedirem matr\u00edculas de alunos que usam fraldas avan\u00e7a na Alerj - O Itaperunense","robots":{"index":"index","follow":"follow","max-snippet":"max-snippet:-1","max-image-preview":"max-image-preview:large","max-video-preview":"max-video-preview:-1"},"canonical":"https:\/\/www.oitaperunense.com.br\/site\/projeto-para-proibir-escolas-de-impedirem-matriculas-de-alunos-que-usam-fraldas-avanca-na-alerj\/","og_locale":"pt_BR","og_type":"article","og_title":"Projeto para proibir escolas de impedirem matr\u00edculas de alunos que usam fraldas avan\u00e7a na Alerj - O Itaperunense","og_description":"A Comiss\u00e3o de Constitui\u00e7\u00e3o e Justi\u00e7a (CCJ) aprovou o projeto de lei, de autoria do primeiro vice-presidente da Casa, deputado Guilherme Delaroli (PL) A proposta que pro\u00edbe escolas de impedirem a matr\u00edcula de alunos que usam fraldas avan\u00e7ou na Assembleia Legislativa (Alerj). A Comiss\u00e3o de Constitui\u00e7\u00e3o e Justi\u00e7a (CCJ) aprovou o projeto de lei do [&hellip;]","og_url":"https:\/\/www.oitaperunense.com.br\/site\/projeto-para-proibir-escolas-de-impedirem-matriculas-de-alunos-que-usam-fraldas-avanca-na-alerj\/","og_site_name":"O Itaperunense","article_publisher":"https:\/\/www.facebook.com\/jornaloitaperunense","article_published_time":"2026-04-27T20:10:54+00:00","og_image":[{"width":700,"height":466,"url":"https:\/\/www.oitaperunense.com.br\/site\/wp-content\/uploads\/2026\/04\/pl2.jpg","type":"image\/jpeg"}],"author":"Andr\u00e9","twitter_card":"summary_large_image","twitter_misc":{"Escrito por":"Andr\u00e9","Est. tempo de leitura":"2 minutos"},"schema":{"@context":"https:\/\/schema.org","@graph":[{"@type":"WebPage","@id":"https:\/\/www.oitaperunense.com.br\/site\/projeto-para-proibir-escolas-de-impedirem-matriculas-de-alunos-que-usam-fraldas-avanca-na-alerj\/","url":"https:\/\/www.oitaperunense.com.br\/site\/projeto-para-proibir-escolas-de-impedirem-matriculas-de-alunos-que-usam-fraldas-avanca-na-alerj\/","name":"Projeto para proibir escolas de impedirem matr\u00edculas de alunos que usam fraldas avan\u00e7a na Alerj - O Itaperunense","isPartOf":{"@id":"https:\/\/www.oitaperunense.com.br\/site\/#website"},"datePublished":"2026-04-27T20:10:54+00:00","dateModified":"2026-04-27T20:10:54+00:00","author":{"@id":"https:\/\/www.oitaperunense.com.br\/site\/#\/schema\/person\/4a5b86c112157bc0a4492f4fd6b7939f"},"breadcrumb":{"@id":"https:\/\/www.oitaperunense.com.br\/site\/projeto-para-proibir-escolas-de-impedirem-matriculas-de-alunos-que-usam-fraldas-avanca-na-alerj\/#breadcrumb"},"inLanguage":"pt-BR","potentialAction":[{"@type":"ReadAction","target":["https:\/\/www.oitaperunense.com.br\/site\/projeto-para-proibir-escolas-de-impedirem-matriculas-de-alunos-que-usam-fraldas-avanca-na-alerj\/"]}]},{"@type":"BreadcrumbList","@id":"https:\/\/www.oitaperunense.com.br\/site\/projeto-para-proibir-escolas-de-impedirem-matriculas-de-alunos-que-usam-fraldas-avanca-na-alerj\/#breadcrumb","itemListElement":[{"@type":"ListItem","position":1,"name":"Home","item":"https:\/\/www.oitaperunense.com.br\/site\/"},{"@type":"ListItem","position":2,"name":"Projeto para proibir escolas de impedirem matr\u00edculas de alunos que usam fraldas avan\u00e7a na Alerj"}]},{"@type":"WebSite","@id":"https:\/\/www.oitaperunense.com.br\/site\/#website","url":"https:\/\/www.oitaperunense.com.br\/site\/","name":"O Itaperunense","description":"","potentialAction":[{"@type":"SearchAction","target":{"@type":"EntryPoint","urlTemplate":"https:\/\/www.oitaperunense.com.br\/site\/?s={search_term_string}"},"query-input":"required name=search_term_string"}],"inLanguage":"pt-BR"},{"@type":"Person","@id":"https:\/\/www.oitaperunense.com.br\/site\/#\/schema\/person\/4a5b86c112157bc0a4492f4fd6b7939f","name":"Andr\u00e9","image":{"@type":"ImageObject","inLanguage":"pt-BR","@id":"https:\/\/www.oitaperunense.com.br\/site\/#\/schema\/person\/image\/","url":"https:\/\/secure.gravatar.com\/avatar\/7a7a912ec2c8cd6a390040b03329ee7a71bbd5f81ac3557b6a68208f263fc97b?s=96&d=mm&r=g","contentUrl":"https:\/\/secure.gravatar.com\/avatar\/7a7a912ec2c8cd6a390040b03329ee7a71bbd5f81ac3557b6a68208f263fc97b?s=96&d=mm&r=g","caption":"Andr\u00e9"},"url":"https:\/\/www.oitaperunense.com.br\/site\/author\/andre\/"}]}},"cc_featured_image_caption":{"caption_text":"","source_text":"","source_url":""},"_links":{"self":[{"href":"https:\/\/www.oitaperunense.com.br\/site\/wp-json\/wp\/v2\/posts\/396723","targetHints":{"allow":["GET"]}}],"collection":[{"href":"https:\/\/www.oitaperunense.com.br\/site\/wp-json\/wp\/v2\/posts"}],"about":[{"href":"https:\/\/www.oitaperunense.com.br\/site\/wp-json\/wp\/v2\/types\/post"}],"author":[{"embeddable":true,"href":"https:\/\/www.oitaperunense.com.br\/site\/wp-json\/wp\/v2\/users\/19"}],"replies":[{"embeddable":true,"href":"https:\/\/www.oitaperunense.com.br\/site\/wp-json\/wp\/v2\/comments?post=396723"}],"version-history":[{"count":1,"href":"https:\/\/www.oitaperunense.com.br\/site\/wp-json\/wp\/v2\/posts\/396723\/revisions"}],"predecessor-version":[{"id":396725,"href":"https:\/\/www.oitaperunense.com.br\/site\/wp-json\/wp\/v2\/posts\/396723\/revisions\/396725"}],"wp:featuredmedia":[{"embeddable":true,"href":"https:\/\/www.oitaperunense.com.br\/site\/wp-json\/wp\/v2\/media\/396724"}],"wp:attachment":[{"href":"https:\/\/www.oitaperunense.com.br\/site\/wp-json\/wp\/v2\/media?parent=396723"}],"wp:term":[{"taxonomy":"category","embeddable":true,"href":"https:\/\/www.oitaperunense.com.br\/site\/wp-json\/wp\/v2\/categories?post=396723"},{"taxonomy":"post_tag","embeddable":true,"href":"https:\/\/www.oitaperunense.com.br\/site\/wp-json\/wp\/v2\/tags?post=396723"}],"curies":[{"name":"wp","href":"https:\/\/api.w.org\/{rel}","templated":true}]}}