{"id":396719,"date":"2026-04-27T17:07:12","date_gmt":"2026-04-27T20:07:12","guid":{"rendered":"https:\/\/www.oitaperunense.com.br\/site\/?p=396719"},"modified":"2026-04-27T17:07:12","modified_gmt":"2026-04-27T20:07:12","slug":"pl-do-rio-se-reune-e-tenta-alinhar-estrategia-para-as-eleicoes-de-2026-no-estado","status":"publish","type":"post","link":"https:\/\/www.oitaperunense.com.br\/site\/pl-do-rio-se-reune-e-tenta-alinhar-estrategia-para-as-eleicoes-de-2026-no-estado\/","title":{"rendered":"PL do Rio se re\u00fane e tenta alinhar estrat\u00e9gia para as elei\u00e7\u00f5es de 2026 no estado"},"content":{"rendered":"<p style=\"text-align: center;\"><strong>Um dos temas \u00e0 mesa foi a primeira pesquisa Quaest sobre as prefer\u00eancias do eleitor fluminense<\/strong><\/p>\n<p style=\"text-align: justify;\">O PL do Rio reuniu seus principais quadros pol\u00edticos nesta segunda-feira (27). O encontro, registrado nas redes sociais do ex-governador Cl\u00e1udio Castro, foi uma tentativa de alinhar a&nbsp;estrat\u00e9gia do partido para as elei\u00e7\u00f5es no estado&nbsp;e evitar que cada grupo caminhe para um lado.<\/p>\n<p><!--more--><\/p>\n<p style=\"text-align: justify;\">Um dos temas \u00e0 mesa foi a primeira pesquisa Quaest sobre as prefer\u00eancias do eleitor fluminense. Nela, Eduardo Paes (PSD) aparece com 34% das inten\u00e7\u00f5es de voto na disputa pelo Pal\u00e1cio Guanabara, contra 9% do presidente da Assembleia Legislativa do Rio (Alerj), Douglas Ruas, pr\u00e9-candidato do PL.<\/p>\n<p style=\"text-align: justify;\">Outro levantamento discutido foi o da corrida ao Senado, tamb\u00e9m da Quaest.&nbsp;Castro aparece na lideran\u00e7a, com 12%, seguido pela deputada federal Benedita da Silva (PT), com 10%. J\u00e1 M\u00e1rcio Canella (Uni\u00e3o Brasil), segunda aposta do partido no estado e tamb\u00e9m presente no encontro, aparece apenas na quinta posi\u00e7\u00e3o, com 4%.<\/p>\n<p style=\"text-align: justify;\"><strong>PL quer alinhar o discurso e os interesses regionais<\/strong><\/p>\n<p style=\"text-align: justify;\">A avalia\u00e7\u00e3o interna \u00e9 que o PL precisa chegar aos acordos eleitorais com uma narrativa \u00fanica, especialmente diante do novo cen\u00e1rio pol\u00edtico fluminense. A ideia \u00e9 alinhar o discurso, acomodar interesses regionais e reduzir ru\u00eddos entre deputados, prefeitos, vereadores e l\u00edderes bolsonaristas.<\/p>\n<p style=\"text-align: justify;\">\u201cHoje foi dia de di\u00e1logo e alinhamento no PL, com os olhos voltados para o futuro. Seguimos trabalhando em um projeto que pensa grande, acredita no Rio e defende um Brasil mais forte, mais pr\u00f3spero e mais seguro para a nossa gente\u201d, escreveu Castro nas redes sociais.<\/p>\n<p style=\"text-align: justify;\">Do Congresso Nacional, participaram o senador Carlos Portinho, dois deputados federais e Bruno Bonetti, primeiro suplente do senador Rom\u00e1rio e presidente municipal do PL. J\u00e1 da Alerj, 12 deputados marcaram presen\u00e7a, al\u00e9m de dois vereadores da C\u00e2mara do Rio.<\/p>\n<p><strong>Com informa\u00e7\u00f5es, Tempo\/Real\/Lucas Luciano\/Foto: Reprodu\u00e7\u00e3o\/Redes<\/strong><\/p>\n","protected":false},"excerpt":{"rendered":"<p>Um dos temas \u00e0 mesa foi a primeira pesquisa Quaest sobre as prefer\u00eancias do eleitor fluminense O PL do Rio reuniu seus principais quadros pol\u00edticos nesta segunda-feira (27). O encontro, registrado nas redes sociais do ex-governador Cl\u00e1udio Castro, foi uma tentativa de alinhar a&nbsp;estrat\u00e9gia do partido para as elei\u00e7\u00f5es no estado&nbsp;e evitar que cada grupo [&hellip;]<\/p>\n","protected":false},"author":19,"featured_media":396720,"comment_status":"open","ping_status":"closed","sticky":false,"template":"","format":"standard","meta":{"ngg_post_thumbnail":0,"footnotes":""},"categories":[13],"tags":[],"class_list":["post-396719","post","type-post","status-publish","format-standard","has-post-thumbnail","hentry","category-politica"],"yoast_head":"<!-- This site is optimized with the Yoast SEO plugin v20.11 - https:\/\/yoast.com\/wordpress\/plugins\/seo\/ -->\n<title>PL do Rio se re\u00fane e tenta alinhar estrat\u00e9gia para as elei\u00e7\u00f5es de 2026 no estado - O Itaperunense<\/title>\n<meta name=\"robots\" content=\"index, follow, max-snippet:-1, max-image-preview:large, max-video-preview:-1\" \/>\n<link rel=\"canonical\" href=\"https:\/\/www.oitaperunense.com.br\/site\/pl-do-rio-se-reune-e-tenta-alinhar-estrategia-para-as-eleicoes-de-2026-no-estado\/\" \/>\n<meta property=\"og:locale\" content=\"pt_BR\" \/>\n<meta property=\"og:type\" content=\"article\" \/>\n<meta property=\"og:title\" content=\"PL do Rio se re\u00fane e tenta alinhar estrat\u00e9gia para as elei\u00e7\u00f5es de 2026 no estado - O Itaperunense\" \/>\n<meta property=\"og:description\" content=\"Um dos temas \u00e0 mesa foi a primeira pesquisa Quaest sobre as prefer\u00eancias do eleitor fluminense O PL do Rio reuniu seus principais quadros pol\u00edticos nesta segunda-feira (27). O encontro, registrado nas redes sociais do ex-governador Cl\u00e1udio Castro, foi uma tentativa de alinhar a&nbsp;estrat\u00e9gia do partido para as elei\u00e7\u00f5es no estado&nbsp;e evitar que cada grupo [&hellip;]\" \/>\n<meta property=\"og:url\" content=\"https:\/\/www.oitaperunense.com.br\/site\/pl-do-rio-se-reune-e-tenta-alinhar-estrategia-para-as-eleicoes-de-2026-no-estado\/\" \/>\n<meta property=\"og:site_name\" content=\"O Itaperunense\" \/>\n<meta property=\"article:publisher\" content=\"https:\/\/www.facebook.com\/jornaloitaperunense\" \/>\n<meta property=\"article:published_time\" content=\"2026-04-27T20:07:12+00:00\" \/>\n<meta property=\"og:image\" content=\"https:\/\/www.oitaperunense.com.br\/site\/wp-content\/uploads\/2026\/04\/pl1.jpg\" \/>\n\t<meta property=\"og:image:width\" content=\"700\" \/>\n\t<meta property=\"og:image:height\" content=\"397\" \/>\n\t<meta property=\"og:image:type\" content=\"image\/jpeg\" \/>\n<meta name=\"author\" content=\"Andr\u00e9\" \/>\n<meta name=\"twitter:card\" content=\"summary_large_image\" \/>\n<meta name=\"twitter:label1\" content=\"Escrito por\" \/>\n\t<meta name=\"twitter:data1\" content=\"Andr\u00e9\" \/>\n\t<meta name=\"twitter:label2\" content=\"Est. tempo de leitura\" \/>\n\t<meta name=\"twitter:data2\" content=\"2 minutos\" \/>\n<script type=\"application\/ld+json\" class=\"yoast-schema-graph\">{\"@context\":\"https:\/\/schema.org\",\"@graph\":[{\"@type\":\"WebPage\",\"@id\":\"https:\/\/www.oitaperunense.com.br\/site\/pl-do-rio-se-reune-e-tenta-alinhar-estrategia-para-as-eleicoes-de-2026-no-estado\/\",\"url\":\"https:\/\/www.oitaperunense.com.br\/site\/pl-do-rio-se-reune-e-tenta-alinhar-estrategia-para-as-eleicoes-de-2026-no-estado\/\",\"name\":\"PL do Rio se re\u00fane e tenta alinhar estrat\u00e9gia para as elei\u00e7\u00f5es de 2026 no estado - O Itaperunense\",\"isPartOf\":{\"@id\":\"https:\/\/www.oitaperunense.com.br\/site\/#website\"},\"datePublished\":\"2026-04-27T20:07:12+00:00\",\"dateModified\":\"2026-04-27T20:07:12+00:00\",\"author\":{\"@id\":\"https:\/\/www.oitaperunense.com.br\/site\/#\/schema\/person\/4a5b86c112157bc0a4492f4fd6b7939f\"},\"breadcrumb\":{\"@id\":\"https:\/\/www.oitaperunense.com.br\/site\/pl-do-rio-se-reune-e-tenta-alinhar-estrategia-para-as-eleicoes-de-2026-no-estado\/#breadcrumb\"},\"inLanguage\":\"pt-BR\",\"potentialAction\":[{\"@type\":\"ReadAction\",\"target\":[\"https:\/\/www.oitaperunense.com.br\/site\/pl-do-rio-se-reune-e-tenta-alinhar-estrategia-para-as-eleicoes-de-2026-no-estado\/\"]}]},{\"@type\":\"BreadcrumbList\",\"@id\":\"https:\/\/www.oitaperunense.com.br\/site\/pl-do-rio-se-reune-e-tenta-alinhar-estrategia-para-as-eleicoes-de-2026-no-estado\/#breadcrumb\",\"itemListElement\":[{\"@type\":\"ListItem\",\"position\":1,\"name\":\"Home\",\"item\":\"https:\/\/www.oitaperunense.com.br\/site\/\"},{\"@type\":\"ListItem\",\"position\":2,\"name\":\"PL do Rio se re\u00fane e tenta alinhar estrat\u00e9gia para as elei\u00e7\u00f5es de 2026 no estado\"}]},{\"@type\":\"WebSite\",\"@id\":\"https:\/\/www.oitaperunense.com.br\/site\/#website\",\"url\":\"https:\/\/www.oitaperunense.com.br\/site\/\",\"name\":\"O Itaperunense\",\"description\":\"\",\"potentialAction\":[{\"@type\":\"SearchAction\",\"target\":{\"@type\":\"EntryPoint\",\"urlTemplate\":\"https:\/\/www.oitaperunense.com.br\/site\/?s={search_term_string}\"},\"query-input\":\"required name=search_term_string\"}],\"inLanguage\":\"pt-BR\"},{\"@type\":\"Person\",\"@id\":\"https:\/\/www.oitaperunense.com.br\/site\/#\/schema\/person\/4a5b86c112157bc0a4492f4fd6b7939f\",\"name\":\"Andr\u00e9\",\"image\":{\"@type\":\"ImageObject\",\"inLanguage\":\"pt-BR\",\"@id\":\"https:\/\/www.oitaperunense.com.br\/site\/#\/schema\/person\/image\/\",\"url\":\"https:\/\/secure.gravatar.com\/avatar\/7a7a912ec2c8cd6a390040b03329ee7a71bbd5f81ac3557b6a68208f263fc97b?s=96&d=mm&r=g\",\"contentUrl\":\"https:\/\/secure.gravatar.com\/avatar\/7a7a912ec2c8cd6a390040b03329ee7a71bbd5f81ac3557b6a68208f263fc97b?s=96&d=mm&r=g\",\"caption\":\"Andr\u00e9\"},\"url\":\"https:\/\/www.oitaperunense.com.br\/site\/author\/andre\/\"}]}<\/script>\n<!-- \/ Yoast SEO plugin. -->","yoast_head_json":{"title":"PL do Rio se re\u00fane e tenta alinhar estrat\u00e9gia para as elei\u00e7\u00f5es de 2026 no estado - O Itaperunense","robots":{"index":"index","follow":"follow","max-snippet":"max-snippet:-1","max-image-preview":"max-image-preview:large","max-video-preview":"max-video-preview:-1"},"canonical":"https:\/\/www.oitaperunense.com.br\/site\/pl-do-rio-se-reune-e-tenta-alinhar-estrategia-para-as-eleicoes-de-2026-no-estado\/","og_locale":"pt_BR","og_type":"article","og_title":"PL do Rio se re\u00fane e tenta alinhar estrat\u00e9gia para as elei\u00e7\u00f5es de 2026 no estado - O Itaperunense","og_description":"Um dos temas \u00e0 mesa foi a primeira pesquisa Quaest sobre as prefer\u00eancias do eleitor fluminense O PL do Rio reuniu seus principais quadros pol\u00edticos nesta segunda-feira (27). O encontro, registrado nas redes sociais do ex-governador Cl\u00e1udio Castro, foi uma tentativa de alinhar a&nbsp;estrat\u00e9gia do partido para as elei\u00e7\u00f5es no estado&nbsp;e evitar que cada grupo [&hellip;]","og_url":"https:\/\/www.oitaperunense.com.br\/site\/pl-do-rio-se-reune-e-tenta-alinhar-estrategia-para-as-eleicoes-de-2026-no-estado\/","og_site_name":"O Itaperunense","article_publisher":"https:\/\/www.facebook.com\/jornaloitaperunense","article_published_time":"2026-04-27T20:07:12+00:00","og_image":[{"width":700,"height":397,"url":"https:\/\/www.oitaperunense.com.br\/site\/wp-content\/uploads\/2026\/04\/pl1.jpg","type":"image\/jpeg"}],"author":"Andr\u00e9","twitter_card":"summary_large_image","twitter_misc":{"Escrito por":"Andr\u00e9","Est. tempo de leitura":"2 minutos"},"schema":{"@context":"https:\/\/schema.org","@graph":[{"@type":"WebPage","@id":"https:\/\/www.oitaperunense.com.br\/site\/pl-do-rio-se-reune-e-tenta-alinhar-estrategia-para-as-eleicoes-de-2026-no-estado\/","url":"https:\/\/www.oitaperunense.com.br\/site\/pl-do-rio-se-reune-e-tenta-alinhar-estrategia-para-as-eleicoes-de-2026-no-estado\/","name":"PL do Rio se re\u00fane e tenta alinhar estrat\u00e9gia para as elei\u00e7\u00f5es de 2026 no estado - O Itaperunense","isPartOf":{"@id":"https:\/\/www.oitaperunense.com.br\/site\/#website"},"datePublished":"2026-04-27T20:07:12+00:00","dateModified":"2026-04-27T20:07:12+00:00","author":{"@id":"https:\/\/www.oitaperunense.com.br\/site\/#\/schema\/person\/4a5b86c112157bc0a4492f4fd6b7939f"},"breadcrumb":{"@id":"https:\/\/www.oitaperunense.com.br\/site\/pl-do-rio-se-reune-e-tenta-alinhar-estrategia-para-as-eleicoes-de-2026-no-estado\/#breadcrumb"},"inLanguage":"pt-BR","potentialAction":[{"@type":"ReadAction","target":["https:\/\/www.oitaperunense.com.br\/site\/pl-do-rio-se-reune-e-tenta-alinhar-estrategia-para-as-eleicoes-de-2026-no-estado\/"]}]},{"@type":"BreadcrumbList","@id":"https:\/\/www.oitaperunense.com.br\/site\/pl-do-rio-se-reune-e-tenta-alinhar-estrategia-para-as-eleicoes-de-2026-no-estado\/#breadcrumb","itemListElement":[{"@type":"ListItem","position":1,"name":"Home","item":"https:\/\/www.oitaperunense.com.br\/site\/"},{"@type":"ListItem","position":2,"name":"PL do Rio se re\u00fane e tenta alinhar estrat\u00e9gia para as elei\u00e7\u00f5es de 2026 no estado"}]},{"@type":"WebSite","@id":"https:\/\/www.oitaperunense.com.br\/site\/#website","url":"https:\/\/www.oitaperunense.com.br\/site\/","name":"O Itaperunense","description":"","potentialAction":[{"@type":"SearchAction","target":{"@type":"EntryPoint","urlTemplate":"https:\/\/www.oitaperunense.com.br\/site\/?s={search_term_string}"},"query-input":"required name=search_term_string"}],"inLanguage":"pt-BR"},{"@type":"Person","@id":"https:\/\/www.oitaperunense.com.br\/site\/#\/schema\/person\/4a5b86c112157bc0a4492f4fd6b7939f","name":"Andr\u00e9","image":{"@type":"ImageObject","inLanguage":"pt-BR","@id":"https:\/\/www.oitaperunense.com.br\/site\/#\/schema\/person\/image\/","url":"https:\/\/secure.gravatar.com\/avatar\/7a7a912ec2c8cd6a390040b03329ee7a71bbd5f81ac3557b6a68208f263fc97b?s=96&d=mm&r=g","contentUrl":"https:\/\/secure.gravatar.com\/avatar\/7a7a912ec2c8cd6a390040b03329ee7a71bbd5f81ac3557b6a68208f263fc97b?s=96&d=mm&r=g","caption":"Andr\u00e9"},"url":"https:\/\/www.oitaperunense.com.br\/site\/author\/andre\/"}]}},"cc_featured_image_caption":{"caption_text":"","source_text":"","source_url":""},"_links":{"self":[{"href":"https:\/\/www.oitaperunense.com.br\/site\/wp-json\/wp\/v2\/posts\/396719","targetHints":{"allow":["GET"]}}],"collection":[{"href":"https:\/\/www.oitaperunense.com.br\/site\/wp-json\/wp\/v2\/posts"}],"about":[{"href":"https:\/\/www.oitaperunense.com.br\/site\/wp-json\/wp\/v2\/types\/post"}],"author":[{"embeddable":true,"href":"https:\/\/www.oitaperunense.com.br\/site\/wp-json\/wp\/v2\/users\/19"}],"replies":[{"embeddable":true,"href":"https:\/\/www.oitaperunense.com.br\/site\/wp-json\/wp\/v2\/comments?post=396719"}],"version-history":[{"count":2,"href":"https:\/\/www.oitaperunense.com.br\/site\/wp-json\/wp\/v2\/posts\/396719\/revisions"}],"predecessor-version":[{"id":396722,"href":"https:\/\/www.oitaperunense.com.br\/site\/wp-json\/wp\/v2\/posts\/396719\/revisions\/396722"}],"wp:featuredmedia":[{"embeddable":true,"href":"https:\/\/www.oitaperunense.com.br\/site\/wp-json\/wp\/v2\/media\/396720"}],"wp:attachment":[{"href":"https:\/\/www.oitaperunense.com.br\/site\/wp-json\/wp\/v2\/media?parent=396719"}],"wp:term":[{"taxonomy":"category","embeddable":true,"href":"https:\/\/www.oitaperunense.com.br\/site\/wp-json\/wp\/v2\/categories?post=396719"},{"taxonomy":"post_tag","embeddable":true,"href":"https:\/\/www.oitaperunense.com.br\/site\/wp-json\/wp\/v2\/tags?post=396719"}],"curies":[{"name":"wp","href":"https:\/\/api.w.org\/{rel}","templated":true}]}}