{"id":396714,"date":"2026-04-27T12:37:36","date_gmt":"2026-04-27T15:37:36","guid":{"rendered":"https:\/\/www.oitaperunense.com.br\/site\/?p=396714"},"modified":"2026-04-27T13:07:24","modified_gmt":"2026-04-27T16:07:24","slug":"sob-a-gestao-de-couto-exoneracoes-no-governo-do-estado-ja-ultrapassam-660-desde-marco","status":"publish","type":"post","link":"https:\/\/www.oitaperunense.com.br\/site\/sob-a-gestao-de-couto-exoneracoes-no-governo-do-estado-ja-ultrapassam-660-desde-marco\/","title":{"rendered":"Sob a gest\u00e3o de Couto, exonera\u00e7\u00f5es no Governo do Estado j\u00e1 ultrapassam 660 desde mar\u00e7o"},"content":{"rendered":"<p style=\"text-align: center;\"><strong>Com novas exonera\u00e7\u00f5es publicadas em Di\u00e1rio Oficial, governo amplia corte de gastos, extingue subsecretarias e projeta economia anual de milh\u00f5es<\/strong><\/p>\n<p style=\"text-align: justify;\">As exonera\u00e7\u00f5es no RJ seguem em ritmo acelerado e j\u00e1 ultrapassam a marca de 660 desligamentos desde mar\u00e7o, em meio a uma ampla reestrutura\u00e7\u00e3o administrativa conduzida pelo governador em exerc\u00edcio, Ricardo Couto. Somente nesta segunda-feira, uma nova leva de 30 exonera\u00e7\u00f5es foi publicada em edi\u00e7\u00e3o do Di\u00e1rio Oficial, ampliando o total de demiss\u00f5es para 668.<\/p>\n<p><!--more--><\/p>\n<p style=\"text-align: justify;\">As medidas atingem principalmente cargos de segundo escal\u00e3o distribu\u00eddos por diferentes \u00e1reas da administra\u00e7\u00e3o estadual. Entre os setores impactados est\u00e3o a Casa Civil, o Gabinete do Governador, al\u00e9m das secretarias de Governo, Fazenda e Infraestrutura. \u00d3rg\u00e3os como o Instituto Estadual do Ambiente e a Funda\u00e7\u00e3o Le\u00e3o VIII tamb\u00e9m foram alcan\u00e7ados pelas mudan\u00e7as.<\/p>\n<p style=\"text-align: justify;\">De acordo com o governo estadual, o pacote de exonera\u00e7\u00f5es faz parte de um processo de enxugamento da m\u00e1quina p\u00fablica, alinhado ao Regime de Recupera\u00e7\u00e3o Fiscal. A expectativa oficial \u00e9 de que as demiss\u00f5es resultem em uma economia de aproximadamente R$ 8 milh\u00f5es por ano.<\/p>\n<p style=\"text-align: justify;\">As decis\u00f5es foram formalizadas por meio de despachos assinados tanto pelo pr\u00f3prio Couto quanto pelo secret\u00e1rio da Casa Civil, Fl\u00e1vio Willeman. A maior parte das exonera\u00e7\u00f5es foi conduzida pela Casa Civil, respons\u00e1vel por 26 dos desligamentos mais recentes.<\/p>\n<p style=\"text-align: justify;\">Al\u00e9m das demiss\u00f5es, a reestrutura\u00e7\u00e3o tamb\u00e9m incluiu mudan\u00e7as organizacionais. Tr\u00eas subsecretarias da Casa Civil foram extintas, incluindo suas estruturas subordinadas. A medida provocou a sa\u00edda de diversos servidores e foi justificada como uma forma de reorganizar a administra\u00e7\u00e3o sem gerar novos custos.<\/p>\n<p style=\"text-align: justify;\">O movimento de corte de cargos ocorre paralelamente a outras iniciativas adotadas pelo governo. No in\u00edcio do m\u00eas, um decreto determinou a realiza\u00e7\u00e3o de auditorias em todas as secretarias e \u00f3rg\u00e3os da administra\u00e7\u00e3o direta e indireta, incluindo empresas estatais, com o objetivo de revisar contratos e despesas.<\/p>\n<p style=\"text-align: justify;\">Apesar das exonera\u00e7\u00f5es, o Di\u00e1rio Oficial tamb\u00e9m trouxe nomea\u00e7\u00f5es e designa\u00e7\u00f5es para fun\u00e7\u00f5es estrat\u00e9gicas. Entre elas, a nomea\u00e7\u00e3o de um novo corregedor-geral do Estado e a ocupa\u00e7\u00e3o de cargos t\u00e9cnicos em \u00e1reas como fiscaliza\u00e7\u00e3o de obras e gest\u00e3o financeira.<\/p>\n<p style=\"text-align: justify;\">As mudan\u00e7as refor\u00e7am o momento de transi\u00e7\u00e3o na gest\u00e3o estadual, marcado por ajustes internos e tentativas de equil\u00edbrio fiscal, enquanto o governo busca reorganizar sua estrutura administrativa e reduzir despesas em diferentes setores.<\/p>\n<p>Confira no link abaixo:<\/p>\n<p><a href=\"https:\/\/www.ioerj.com.br\/portal\/modules\/conteudoonline\/mostra_edicao.php?session=VGtSQ1IwMXJXVEZSVkZsMFRqQlpNRkY1TURCT01GVjRURlZKZDAxRVNYUlBSVVYzVDFSRk0wOVViRUpTUkZreFRWUmpNMDU2VFhkT1ZHczBUVUU5UFE9PQ==\">https:\/\/www.ioerj.com.br\/portal\/modules\/conteudoonline\/mostra_edicao.php?session=VGtSQ1IwMXJXVEZSVkZsMFRqQlpNRkY1TURCT01GVjRURlZKZDAxRVNYUlBSVVYzVDFSRk0wOVViRUpTUkZreFRWUmpNMDU2VFhkT1ZHczBUVUU5UFE9PQ==<\/a><\/p>\n<p><strong>Com informa\u00e7\u00f5es, Agenda do Poder<\/strong><\/p>\n<p><strong>Ricardo Couto \u2014 Foto: Rafael Oliveira \/ TJRJ<\/strong><\/p>\n","protected":false},"excerpt":{"rendered":"<p>Com novas exonera\u00e7\u00f5es publicadas em Di\u00e1rio Oficial, governo amplia corte de gastos, extingue subsecretarias e projeta economia anual de milh\u00f5es As exonera\u00e7\u00f5es no RJ seguem em ritmo acelerado e j\u00e1 ultrapassam a marca de 660 desligamentos desde mar\u00e7o, em meio a uma ampla reestrutura\u00e7\u00e3o administrativa conduzida pelo governador em exerc\u00edcio, Ricardo Couto. Somente nesta segunda-feira, [&hellip;]<\/p>\n","protected":false},"author":19,"featured_media":396715,"comment_status":"open","ping_status":"closed","sticky":false,"template":"","format":"standard","meta":{"ngg_post_thumbnail":0,"footnotes":""},"categories":[78],"tags":[],"class_list":["post-396714","post","type-post","status-publish","format-standard","has-post-thumbnail","hentry","category-rj"],"yoast_head":"<!-- This site is optimized with the Yoast SEO plugin v20.11 - https:\/\/yoast.com\/wordpress\/plugins\/seo\/ -->\n<title>Sob a gest\u00e3o de Couto, exonera\u00e7\u00f5es no Governo do Estado j\u00e1 ultrapassam 660 desde mar\u00e7o - O Itaperunense<\/title>\n<meta name=\"robots\" content=\"index, follow, max-snippet:-1, max-image-preview:large, max-video-preview:-1\" \/>\n<link rel=\"canonical\" href=\"https:\/\/www.oitaperunense.com.br\/site\/sob-a-gestao-de-couto-exoneracoes-no-governo-do-estado-ja-ultrapassam-660-desde-marco\/\" \/>\n<meta property=\"og:locale\" content=\"pt_BR\" \/>\n<meta property=\"og:type\" content=\"article\" \/>\n<meta property=\"og:title\" content=\"Sob a gest\u00e3o de Couto, exonera\u00e7\u00f5es no Governo do Estado j\u00e1 ultrapassam 660 desde mar\u00e7o - O Itaperunense\" \/>\n<meta property=\"og:description\" content=\"Com novas exonera\u00e7\u00f5es publicadas em Di\u00e1rio Oficial, governo amplia corte de gastos, extingue subsecretarias e projeta economia anual de milh\u00f5es As exonera\u00e7\u00f5es no RJ seguem em ritmo acelerado e j\u00e1 ultrapassam a marca de 660 desligamentos desde mar\u00e7o, em meio a uma ampla reestrutura\u00e7\u00e3o administrativa conduzida pelo governador em exerc\u00edcio, Ricardo Couto. Somente nesta segunda-feira, [&hellip;]\" \/>\n<meta property=\"og:url\" content=\"https:\/\/www.oitaperunense.com.br\/site\/sob-a-gestao-de-couto-exoneracoes-no-governo-do-estado-ja-ultrapassam-660-desde-marco\/\" \/>\n<meta property=\"og:site_name\" content=\"O Itaperunense\" \/>\n<meta property=\"article:publisher\" content=\"https:\/\/www.facebook.com\/jornaloitaperunense\" \/>\n<meta property=\"article:published_time\" content=\"2026-04-27T15:37:36+00:00\" \/>\n<meta property=\"article:modified_time\" content=\"2026-04-27T16:07:24+00:00\" \/>\n<meta property=\"og:image\" content=\"https:\/\/www.oitaperunense.com.br\/site\/wp-content\/uploads\/2026\/04\/ces3.jpg\" \/>\n\t<meta property=\"og:image:width\" content=\"700\" \/>\n\t<meta property=\"og:image:height\" content=\"394\" \/>\n\t<meta property=\"og:image:type\" content=\"image\/jpeg\" \/>\n<meta name=\"author\" content=\"Andr\u00e9\" \/>\n<meta name=\"twitter:card\" content=\"summary_large_image\" \/>\n<meta name=\"twitter:label1\" content=\"Escrito por\" \/>\n\t<meta name=\"twitter:data1\" content=\"Andr\u00e9\" \/>\n\t<meta name=\"twitter:label2\" content=\"Est. tempo de leitura\" \/>\n\t<meta name=\"twitter:data2\" content=\"3 minutos\" \/>\n<script type=\"application\/ld+json\" class=\"yoast-schema-graph\">{\"@context\":\"https:\/\/schema.org\",\"@graph\":[{\"@type\":\"WebPage\",\"@id\":\"https:\/\/www.oitaperunense.com.br\/site\/sob-a-gestao-de-couto-exoneracoes-no-governo-do-estado-ja-ultrapassam-660-desde-marco\/\",\"url\":\"https:\/\/www.oitaperunense.com.br\/site\/sob-a-gestao-de-couto-exoneracoes-no-governo-do-estado-ja-ultrapassam-660-desde-marco\/\",\"name\":\"Sob a gest\u00e3o de Couto, exonera\u00e7\u00f5es no Governo do Estado j\u00e1 ultrapassam 660 desde mar\u00e7o - O Itaperunense\",\"isPartOf\":{\"@id\":\"https:\/\/www.oitaperunense.com.br\/site\/#website\"},\"datePublished\":\"2026-04-27T15:37:36+00:00\",\"dateModified\":\"2026-04-27T16:07:24+00:00\",\"author\":{\"@id\":\"https:\/\/www.oitaperunense.com.br\/site\/#\/schema\/person\/4a5b86c112157bc0a4492f4fd6b7939f\"},\"breadcrumb\":{\"@id\":\"https:\/\/www.oitaperunense.com.br\/site\/sob-a-gestao-de-couto-exoneracoes-no-governo-do-estado-ja-ultrapassam-660-desde-marco\/#breadcrumb\"},\"inLanguage\":\"pt-BR\",\"potentialAction\":[{\"@type\":\"ReadAction\",\"target\":[\"https:\/\/www.oitaperunense.com.br\/site\/sob-a-gestao-de-couto-exoneracoes-no-governo-do-estado-ja-ultrapassam-660-desde-marco\/\"]}]},{\"@type\":\"BreadcrumbList\",\"@id\":\"https:\/\/www.oitaperunense.com.br\/site\/sob-a-gestao-de-couto-exoneracoes-no-governo-do-estado-ja-ultrapassam-660-desde-marco\/#breadcrumb\",\"itemListElement\":[{\"@type\":\"ListItem\",\"position\":1,\"name\":\"Home\",\"item\":\"https:\/\/www.oitaperunense.com.br\/site\/\"},{\"@type\":\"ListItem\",\"position\":2,\"name\":\"Sob a gest\u00e3o de Couto, exonera\u00e7\u00f5es no Governo do Estado j\u00e1 ultrapassam 660 desde mar\u00e7o\"}]},{\"@type\":\"WebSite\",\"@id\":\"https:\/\/www.oitaperunense.com.br\/site\/#website\",\"url\":\"https:\/\/www.oitaperunense.com.br\/site\/\",\"name\":\"O Itaperunense\",\"description\":\"\",\"potentialAction\":[{\"@type\":\"SearchAction\",\"target\":{\"@type\":\"EntryPoint\",\"urlTemplate\":\"https:\/\/www.oitaperunense.com.br\/site\/?s={search_term_string}\"},\"query-input\":\"required name=search_term_string\"}],\"inLanguage\":\"pt-BR\"},{\"@type\":\"Person\",\"@id\":\"https:\/\/www.oitaperunense.com.br\/site\/#\/schema\/person\/4a5b86c112157bc0a4492f4fd6b7939f\",\"name\":\"Andr\u00e9\",\"image\":{\"@type\":\"ImageObject\",\"inLanguage\":\"pt-BR\",\"@id\":\"https:\/\/www.oitaperunense.com.br\/site\/#\/schema\/person\/image\/\",\"url\":\"https:\/\/secure.gravatar.com\/avatar\/7a7a912ec2c8cd6a390040b03329ee7a71bbd5f81ac3557b6a68208f263fc97b?s=96&d=mm&r=g\",\"contentUrl\":\"https:\/\/secure.gravatar.com\/avatar\/7a7a912ec2c8cd6a390040b03329ee7a71bbd5f81ac3557b6a68208f263fc97b?s=96&d=mm&r=g\",\"caption\":\"Andr\u00e9\"},\"url\":\"https:\/\/www.oitaperunense.com.br\/site\/author\/andre\/\"}]}<\/script>\n<!-- \/ Yoast SEO plugin. -->","yoast_head_json":{"title":"Sob a gest\u00e3o de Couto, exonera\u00e7\u00f5es no Governo do Estado j\u00e1 ultrapassam 660 desde mar\u00e7o - O Itaperunense","robots":{"index":"index","follow":"follow","max-snippet":"max-snippet:-1","max-image-preview":"max-image-preview:large","max-video-preview":"max-video-preview:-1"},"canonical":"https:\/\/www.oitaperunense.com.br\/site\/sob-a-gestao-de-couto-exoneracoes-no-governo-do-estado-ja-ultrapassam-660-desde-marco\/","og_locale":"pt_BR","og_type":"article","og_title":"Sob a gest\u00e3o de Couto, exonera\u00e7\u00f5es no Governo do Estado j\u00e1 ultrapassam 660 desde mar\u00e7o - O Itaperunense","og_description":"Com novas exonera\u00e7\u00f5es publicadas em Di\u00e1rio Oficial, governo amplia corte de gastos, extingue subsecretarias e projeta economia anual de milh\u00f5es As exonera\u00e7\u00f5es no RJ seguem em ritmo acelerado e j\u00e1 ultrapassam a marca de 660 desligamentos desde mar\u00e7o, em meio a uma ampla reestrutura\u00e7\u00e3o administrativa conduzida pelo governador em exerc\u00edcio, Ricardo Couto. Somente nesta segunda-feira, [&hellip;]","og_url":"https:\/\/www.oitaperunense.com.br\/site\/sob-a-gestao-de-couto-exoneracoes-no-governo-do-estado-ja-ultrapassam-660-desde-marco\/","og_site_name":"O Itaperunense","article_publisher":"https:\/\/www.facebook.com\/jornaloitaperunense","article_published_time":"2026-04-27T15:37:36+00:00","article_modified_time":"2026-04-27T16:07:24+00:00","og_image":[{"width":700,"height":394,"url":"https:\/\/www.oitaperunense.com.br\/site\/wp-content\/uploads\/2026\/04\/ces3.jpg","type":"image\/jpeg"}],"author":"Andr\u00e9","twitter_card":"summary_large_image","twitter_misc":{"Escrito por":"Andr\u00e9","Est. tempo de leitura":"3 minutos"},"schema":{"@context":"https:\/\/schema.org","@graph":[{"@type":"WebPage","@id":"https:\/\/www.oitaperunense.com.br\/site\/sob-a-gestao-de-couto-exoneracoes-no-governo-do-estado-ja-ultrapassam-660-desde-marco\/","url":"https:\/\/www.oitaperunense.com.br\/site\/sob-a-gestao-de-couto-exoneracoes-no-governo-do-estado-ja-ultrapassam-660-desde-marco\/","name":"Sob a gest\u00e3o de Couto, exonera\u00e7\u00f5es no Governo do Estado j\u00e1 ultrapassam 660 desde mar\u00e7o - O Itaperunense","isPartOf":{"@id":"https:\/\/www.oitaperunense.com.br\/site\/#website"},"datePublished":"2026-04-27T15:37:36+00:00","dateModified":"2026-04-27T16:07:24+00:00","author":{"@id":"https:\/\/www.oitaperunense.com.br\/site\/#\/schema\/person\/4a5b86c112157bc0a4492f4fd6b7939f"},"breadcrumb":{"@id":"https:\/\/www.oitaperunense.com.br\/site\/sob-a-gestao-de-couto-exoneracoes-no-governo-do-estado-ja-ultrapassam-660-desde-marco\/#breadcrumb"},"inLanguage":"pt-BR","potentialAction":[{"@type":"ReadAction","target":["https:\/\/www.oitaperunense.com.br\/site\/sob-a-gestao-de-couto-exoneracoes-no-governo-do-estado-ja-ultrapassam-660-desde-marco\/"]}]},{"@type":"BreadcrumbList","@id":"https:\/\/www.oitaperunense.com.br\/site\/sob-a-gestao-de-couto-exoneracoes-no-governo-do-estado-ja-ultrapassam-660-desde-marco\/#breadcrumb","itemListElement":[{"@type":"ListItem","position":1,"name":"Home","item":"https:\/\/www.oitaperunense.com.br\/site\/"},{"@type":"ListItem","position":2,"name":"Sob a gest\u00e3o de Couto, exonera\u00e7\u00f5es no Governo do Estado j\u00e1 ultrapassam 660 desde mar\u00e7o"}]},{"@type":"WebSite","@id":"https:\/\/www.oitaperunense.com.br\/site\/#website","url":"https:\/\/www.oitaperunense.com.br\/site\/","name":"O Itaperunense","description":"","potentialAction":[{"@type":"SearchAction","target":{"@type":"EntryPoint","urlTemplate":"https:\/\/www.oitaperunense.com.br\/site\/?s={search_term_string}"},"query-input":"required name=search_term_string"}],"inLanguage":"pt-BR"},{"@type":"Person","@id":"https:\/\/www.oitaperunense.com.br\/site\/#\/schema\/person\/4a5b86c112157bc0a4492f4fd6b7939f","name":"Andr\u00e9","image":{"@type":"ImageObject","inLanguage":"pt-BR","@id":"https:\/\/www.oitaperunense.com.br\/site\/#\/schema\/person\/image\/","url":"https:\/\/secure.gravatar.com\/avatar\/7a7a912ec2c8cd6a390040b03329ee7a71bbd5f81ac3557b6a68208f263fc97b?s=96&d=mm&r=g","contentUrl":"https:\/\/secure.gravatar.com\/avatar\/7a7a912ec2c8cd6a390040b03329ee7a71bbd5f81ac3557b6a68208f263fc97b?s=96&d=mm&r=g","caption":"Andr\u00e9"},"url":"https:\/\/www.oitaperunense.com.br\/site\/author\/andre\/"}]}},"cc_featured_image_caption":{"caption_text":"","source_text":"","source_url":""},"_links":{"self":[{"href":"https:\/\/www.oitaperunense.com.br\/site\/wp-json\/wp\/v2\/posts\/396714","targetHints":{"allow":["GET"]}}],"collection":[{"href":"https:\/\/www.oitaperunense.com.br\/site\/wp-json\/wp\/v2\/posts"}],"about":[{"href":"https:\/\/www.oitaperunense.com.br\/site\/wp-json\/wp\/v2\/types\/post"}],"author":[{"embeddable":true,"href":"https:\/\/www.oitaperunense.com.br\/site\/wp-json\/wp\/v2\/users\/19"}],"replies":[{"embeddable":true,"href":"https:\/\/www.oitaperunense.com.br\/site\/wp-json\/wp\/v2\/comments?post=396714"}],"version-history":[{"count":3,"href":"https:\/\/www.oitaperunense.com.br\/site\/wp-json\/wp\/v2\/posts\/396714\/revisions"}],"predecessor-version":[{"id":396718,"href":"https:\/\/www.oitaperunense.com.br\/site\/wp-json\/wp\/v2\/posts\/396714\/revisions\/396718"}],"wp:featuredmedia":[{"embeddable":true,"href":"https:\/\/www.oitaperunense.com.br\/site\/wp-json\/wp\/v2\/media\/396715"}],"wp:attachment":[{"href":"https:\/\/www.oitaperunense.com.br\/site\/wp-json\/wp\/v2\/media?parent=396714"}],"wp:term":[{"taxonomy":"category","embeddable":true,"href":"https:\/\/www.oitaperunense.com.br\/site\/wp-json\/wp\/v2\/categories?post=396714"},{"taxonomy":"post_tag","embeddable":true,"href":"https:\/\/www.oitaperunense.com.br\/site\/wp-json\/wp\/v2\/tags?post=396714"}],"curies":[{"name":"wp","href":"https:\/\/api.w.org\/{rel}","templated":true}]}}