{"id":396707,"date":"2026-04-27T10:48:35","date_gmt":"2026-04-27T13:48:35","guid":{"rendered":"https:\/\/www.oitaperunense.com.br\/site\/?p=396707"},"modified":"2026-04-27T10:48:35","modified_gmt":"2026-04-27T13:48:35","slug":"quaest-aprovacao-do-governo-castro-cai-de-53-para-35-53-dos-eleitores-dizem-que-ex-governador-nao-merece-eleger-o-sucessor","status":"publish","type":"post","link":"https:\/\/www.oitaperunense.com.br\/site\/quaest-aprovacao-do-governo-castro-cai-de-53-para-35-53-dos-eleitores-dizem-que-ex-governador-nao-merece-eleger-o-sucessor\/","title":{"rendered":"Quaest: aprova\u00e7\u00e3o do governo Castro cai de 53% para 35%; 53% dos eleitores dizem que ex-governador n\u00e3o merece eleger o sucessor"},"content":{"rendered":"<p style=\"text-align: center;\"><strong>O ex-governador Cl\u00e1udio Castro (PL) n\u00e3o aparece na pesquisa como um bom cabo eleitoral<\/strong><\/p>\n<p style=\"text-align: justify;\">A pouco mais de cinco meses das elei\u00e7\u00f5es, a aprova\u00e7\u00e3o do governo Cl\u00e1udio Castro (PL) caiu 18 pontos percentuais. Em outubro do ano passado \u2014 quando foi realizada a opera\u00e7\u00e3o Conten\u00e7\u00e3o nos complexos da Penha e do Alem\u00e3o, resultando em 122 mortos \u2014 o governo era aprovado por 53% dos fluminenses; j\u00e1 no levantamento divulgado nesta segunda-feira (27), o \u00edndice caiu para 35%. A desaprova\u00e7\u00e3o cresceu de 40% para 47%.<!--more--><\/p>\n<p style=\"text-align: justify;\">Castro renunciou ao governo, no dia 24 de mar\u00e7o, para disputar a elei\u00e7\u00e3o para o Senado \u2014 mas, no dia seguinte, foi considerado ineleg\u00edvel pelo Tribunal Superior Eleitora (TSE), como resultado do julgamento do caso Ceperj. Ele recorreu da condena\u00e7\u00e3o. Como a aprova\u00e7\u00e3o do governo havia sido catapultada pela opera\u00e7\u00e3o na Penha e no Alem\u00e3o, Castro \u00e9 dado como um trunfo eleitoral pelo seu partido, o PL.<\/p>\n<p><img loading=\"lazy\" decoding=\"async\" class=\"alignnone size-full wp-image-396708 aligncenter\" src=\"https:\/\/www.oitaperunense.com.br\/site\/wp-content\/uploads\/2026\/04\/cas1.jpg\" alt=\"\" width=\"700\" height=\"389\" srcset=\"https:\/\/www.oitaperunense.com.br\/site\/wp-content\/uploads\/2026\/04\/cas1.jpg 700w, https:\/\/www.oitaperunense.com.br\/site\/wp-content\/uploads\/2026\/04\/cas1-300x167.jpg 300w\" sizes=\"auto, (max-width: 700px) 100vw, 700px\" \/><\/p>\n<p style=\"text-align: justify;\"><strong>O ex-governador n\u00e3o aparece como um bom cabo eleitoral<\/strong><\/p>\n<p style=\"text-align: justify;\">Na pesquisa Quaest, 53% dos eleitores dizem que Cl\u00e1udio Castro n\u00e3o merece eleger o sucessor que indicar. Outros 36% responderam que sim, Castro deveria eleger o pr\u00f3ximo governador. E 11% dizem n\u00e3o saber, ou preferir n\u00e3o responder.<\/p>\n<p style=\"text-align: center;\"><img loading=\"lazy\" decoding=\"async\" class=\"alignnone size-full wp-image-396709\" src=\"https:\/\/www.oitaperunense.com.br\/site\/wp-content\/uploads\/2026\/04\/cas2.jpg\" alt=\"\" width=\"700\" height=\"378\" srcset=\"https:\/\/www.oitaperunense.com.br\/site\/wp-content\/uploads\/2026\/04\/cas2.jpg 700w, https:\/\/www.oitaperunense.com.br\/site\/wp-content\/uploads\/2026\/04\/cas2-300x162.jpg 300w\" sizes=\"auto, (max-width: 700px) 100vw, 700px\" \/><\/p>\n<p style=\"text-align: justify;\">Para 43% dos eleitores, inclusive, o pr\u00f3ximo governador deve mudar totalmente os rumos da administra\u00e7\u00e3o estadual. Outros 34% acham que deve mudar apenas o que n\u00e3o est\u00e1 bom. Apenas 17% consideram que vale continuar o trabalho que vem sendo feito.<\/p>\n<p style=\"text-align: center;\"><img loading=\"lazy\" decoding=\"async\" class=\"alignnone size-full wp-image-396710\" src=\"https:\/\/www.oitaperunense.com.br\/site\/wp-content\/uploads\/2026\/04\/cas3.jpg\" alt=\"\" width=\"700\" height=\"382\" srcset=\"https:\/\/www.oitaperunense.com.br\/site\/wp-content\/uploads\/2026\/04\/cas3.jpg 700w, https:\/\/www.oitaperunense.com.br\/site\/wp-content\/uploads\/2026\/04\/cas3-300x164.jpg 300w\" sizes=\"auto, (max-width: 700px) 100vw, 700px\" \/><\/p>\n<p style=\"text-align: justify;\">Como foi feita a pesquisa<\/p>\n<p style=\"text-align: justify;\">A pesquisa Quaest, encomendada pela Genial Investimentos, ouviu 1.200 pessoas, em entrevistas pessoais, domiciliares e presenciais, entre os dias 21 e 25 de abril. A margem de erro \u00e9 de 3 pontos percentuais, para mais ou para menos. Ela foi registrada no Tribunal Regional Eleitoral sob o n\u00famero RJ-00613\/20026.<\/p>\n<p style=\"text-align: center;\"><img loading=\"lazy\" decoding=\"async\" class=\"alignnone size-full wp-image-396711\" src=\"https:\/\/www.oitaperunense.com.br\/site\/wp-content\/uploads\/2026\/04\/cas4.jpg\" alt=\"\" width=\"700\" height=\"374\" srcset=\"https:\/\/www.oitaperunense.com.br\/site\/wp-content\/uploads\/2026\/04\/cas4.jpg 700w, https:\/\/www.oitaperunense.com.br\/site\/wp-content\/uploads\/2026\/04\/cas4-300x160.jpg 300w\" sizes=\"auto, (max-width: 700px) 100vw, 700px\" \/><\/p>\n<p><strong>Com informa\u00e7\u00f5es, Tempo Real\/Foto: Tomaz Silva\/Ag\u00eancia Brasil<\/strong><\/p>\n","protected":false},"excerpt":{"rendered":"<p>O ex-governador Cl\u00e1udio Castro (PL) n\u00e3o aparece na pesquisa como um bom cabo eleitoral A pouco mais de cinco meses das elei\u00e7\u00f5es, a aprova\u00e7\u00e3o do governo Cl\u00e1udio Castro (PL) caiu 18 pontos percentuais. Em outubro do ano passado \u2014 quando foi realizada a opera\u00e7\u00e3o Conten\u00e7\u00e3o nos complexos da Penha e do Alem\u00e3o, resultando em 122 [&hellip;]<\/p>\n","protected":false},"author":19,"featured_media":396712,"comment_status":"open","ping_status":"closed","sticky":false,"template":"","format":"standard","meta":{"ngg_post_thumbnail":0,"footnotes":""},"categories":[78],"tags":[],"class_list":["post-396707","post","type-post","status-publish","format-standard","has-post-thumbnail","hentry","category-rj"],"yoast_head":"<!-- This site is optimized with the Yoast SEO plugin v20.11 - https:\/\/yoast.com\/wordpress\/plugins\/seo\/ -->\n<title>Quaest: aprova\u00e7\u00e3o do governo Castro cai de 53% para 35%; 53% dos eleitores dizem que ex-governador n\u00e3o merece eleger o sucessor - O Itaperunense<\/title>\n<meta name=\"robots\" content=\"index, follow, max-snippet:-1, max-image-preview:large, max-video-preview:-1\" \/>\n<link rel=\"canonical\" href=\"https:\/\/www.oitaperunense.com.br\/site\/quaest-aprovacao-do-governo-castro-cai-de-53-para-35-53-dos-eleitores-dizem-que-ex-governador-nao-merece-eleger-o-sucessor\/\" \/>\n<meta property=\"og:locale\" content=\"pt_BR\" \/>\n<meta property=\"og:type\" content=\"article\" \/>\n<meta property=\"og:title\" content=\"Quaest: aprova\u00e7\u00e3o do governo Castro cai de 53% para 35%; 53% dos eleitores dizem que ex-governador n\u00e3o merece eleger o sucessor - O Itaperunense\" \/>\n<meta property=\"og:description\" content=\"O ex-governador Cl\u00e1udio Castro (PL) n\u00e3o aparece na pesquisa como um bom cabo eleitoral A pouco mais de cinco meses das elei\u00e7\u00f5es, a aprova\u00e7\u00e3o do governo Cl\u00e1udio Castro (PL) caiu 18 pontos percentuais. Em outubro do ano passado \u2014 quando foi realizada a opera\u00e7\u00e3o Conten\u00e7\u00e3o nos complexos da Penha e do Alem\u00e3o, resultando em 122 [&hellip;]\" \/>\n<meta property=\"og:url\" content=\"https:\/\/www.oitaperunense.com.br\/site\/quaest-aprovacao-do-governo-castro-cai-de-53-para-35-53-dos-eleitores-dizem-que-ex-governador-nao-merece-eleger-o-sucessor\/\" \/>\n<meta property=\"og:site_name\" content=\"O Itaperunense\" \/>\n<meta property=\"article:publisher\" content=\"https:\/\/www.facebook.com\/jornaloitaperunense\" \/>\n<meta property=\"article:published_time\" content=\"2026-04-27T13:48:35+00:00\" \/>\n<meta property=\"og:image\" content=\"https:\/\/www.oitaperunense.com.br\/site\/wp-content\/uploads\/2026\/04\/cas5.jpg\" \/>\n\t<meta property=\"og:image:width\" content=\"700\" \/>\n\t<meta property=\"og:image:height\" content=\"409\" \/>\n\t<meta property=\"og:image:type\" content=\"image\/jpeg\" \/>\n<meta name=\"author\" content=\"Andr\u00e9\" \/>\n<meta name=\"twitter:card\" content=\"summary_large_image\" \/>\n<meta name=\"twitter:label1\" content=\"Escrito por\" \/>\n\t<meta name=\"twitter:data1\" content=\"Andr\u00e9\" \/>\n\t<meta name=\"twitter:label2\" content=\"Est. tempo de leitura\" \/>\n\t<meta name=\"twitter:data2\" content=\"3 minutos\" \/>\n<script type=\"application\/ld+json\" class=\"yoast-schema-graph\">{\"@context\":\"https:\/\/schema.org\",\"@graph\":[{\"@type\":\"WebPage\",\"@id\":\"https:\/\/www.oitaperunense.com.br\/site\/quaest-aprovacao-do-governo-castro-cai-de-53-para-35-53-dos-eleitores-dizem-que-ex-governador-nao-merece-eleger-o-sucessor\/\",\"url\":\"https:\/\/www.oitaperunense.com.br\/site\/quaest-aprovacao-do-governo-castro-cai-de-53-para-35-53-dos-eleitores-dizem-que-ex-governador-nao-merece-eleger-o-sucessor\/\",\"name\":\"Quaest: aprova\u00e7\u00e3o do governo Castro cai de 53% para 35%; 53% dos eleitores dizem que ex-governador n\u00e3o merece eleger o sucessor - O Itaperunense\",\"isPartOf\":{\"@id\":\"https:\/\/www.oitaperunense.com.br\/site\/#website\"},\"datePublished\":\"2026-04-27T13:48:35+00:00\",\"dateModified\":\"2026-04-27T13:48:35+00:00\",\"author\":{\"@id\":\"https:\/\/www.oitaperunense.com.br\/site\/#\/schema\/person\/4a5b86c112157bc0a4492f4fd6b7939f\"},\"breadcrumb\":{\"@id\":\"https:\/\/www.oitaperunense.com.br\/site\/quaest-aprovacao-do-governo-castro-cai-de-53-para-35-53-dos-eleitores-dizem-que-ex-governador-nao-merece-eleger-o-sucessor\/#breadcrumb\"},\"inLanguage\":\"pt-BR\",\"potentialAction\":[{\"@type\":\"ReadAction\",\"target\":[\"https:\/\/www.oitaperunense.com.br\/site\/quaest-aprovacao-do-governo-castro-cai-de-53-para-35-53-dos-eleitores-dizem-que-ex-governador-nao-merece-eleger-o-sucessor\/\"]}]},{\"@type\":\"BreadcrumbList\",\"@id\":\"https:\/\/www.oitaperunense.com.br\/site\/quaest-aprovacao-do-governo-castro-cai-de-53-para-35-53-dos-eleitores-dizem-que-ex-governador-nao-merece-eleger-o-sucessor\/#breadcrumb\",\"itemListElement\":[{\"@type\":\"ListItem\",\"position\":1,\"name\":\"Home\",\"item\":\"https:\/\/www.oitaperunense.com.br\/site\/\"},{\"@type\":\"ListItem\",\"position\":2,\"name\":\"Quaest: aprova\u00e7\u00e3o do governo Castro cai de 53% para 35%; 53% dos eleitores dizem que ex-governador n\u00e3o merece eleger o sucessor\"}]},{\"@type\":\"WebSite\",\"@id\":\"https:\/\/www.oitaperunense.com.br\/site\/#website\",\"url\":\"https:\/\/www.oitaperunense.com.br\/site\/\",\"name\":\"O Itaperunense\",\"description\":\"\",\"potentialAction\":[{\"@type\":\"SearchAction\",\"target\":{\"@type\":\"EntryPoint\",\"urlTemplate\":\"https:\/\/www.oitaperunense.com.br\/site\/?s={search_term_string}\"},\"query-input\":\"required name=search_term_string\"}],\"inLanguage\":\"pt-BR\"},{\"@type\":\"Person\",\"@id\":\"https:\/\/www.oitaperunense.com.br\/site\/#\/schema\/person\/4a5b86c112157bc0a4492f4fd6b7939f\",\"name\":\"Andr\u00e9\",\"image\":{\"@type\":\"ImageObject\",\"inLanguage\":\"pt-BR\",\"@id\":\"https:\/\/www.oitaperunense.com.br\/site\/#\/schema\/person\/image\/\",\"url\":\"https:\/\/secure.gravatar.com\/avatar\/7a7a912ec2c8cd6a390040b03329ee7a71bbd5f81ac3557b6a68208f263fc97b?s=96&d=mm&r=g\",\"contentUrl\":\"https:\/\/secure.gravatar.com\/avatar\/7a7a912ec2c8cd6a390040b03329ee7a71bbd5f81ac3557b6a68208f263fc97b?s=96&d=mm&r=g\",\"caption\":\"Andr\u00e9\"},\"url\":\"https:\/\/www.oitaperunense.com.br\/site\/author\/andre\/\"}]}<\/script>\n<!-- \/ Yoast SEO plugin. -->","yoast_head_json":{"title":"Quaest: aprova\u00e7\u00e3o do governo Castro cai de 53% para 35%; 53% dos eleitores dizem que ex-governador n\u00e3o merece eleger o sucessor - O Itaperunense","robots":{"index":"index","follow":"follow","max-snippet":"max-snippet:-1","max-image-preview":"max-image-preview:large","max-video-preview":"max-video-preview:-1"},"canonical":"https:\/\/www.oitaperunense.com.br\/site\/quaest-aprovacao-do-governo-castro-cai-de-53-para-35-53-dos-eleitores-dizem-que-ex-governador-nao-merece-eleger-o-sucessor\/","og_locale":"pt_BR","og_type":"article","og_title":"Quaest: aprova\u00e7\u00e3o do governo Castro cai de 53% para 35%; 53% dos eleitores dizem que ex-governador n\u00e3o merece eleger o sucessor - O Itaperunense","og_description":"O ex-governador Cl\u00e1udio Castro (PL) n\u00e3o aparece na pesquisa como um bom cabo eleitoral A pouco mais de cinco meses das elei\u00e7\u00f5es, a aprova\u00e7\u00e3o do governo Cl\u00e1udio Castro (PL) caiu 18 pontos percentuais. Em outubro do ano passado \u2014 quando foi realizada a opera\u00e7\u00e3o Conten\u00e7\u00e3o nos complexos da Penha e do Alem\u00e3o, resultando em 122 [&hellip;]","og_url":"https:\/\/www.oitaperunense.com.br\/site\/quaest-aprovacao-do-governo-castro-cai-de-53-para-35-53-dos-eleitores-dizem-que-ex-governador-nao-merece-eleger-o-sucessor\/","og_site_name":"O Itaperunense","article_publisher":"https:\/\/www.facebook.com\/jornaloitaperunense","article_published_time":"2026-04-27T13:48:35+00:00","og_image":[{"width":700,"height":409,"url":"https:\/\/www.oitaperunense.com.br\/site\/wp-content\/uploads\/2026\/04\/cas5.jpg","type":"image\/jpeg"}],"author":"Andr\u00e9","twitter_card":"summary_large_image","twitter_misc":{"Escrito por":"Andr\u00e9","Est. tempo de leitura":"3 minutos"},"schema":{"@context":"https:\/\/schema.org","@graph":[{"@type":"WebPage","@id":"https:\/\/www.oitaperunense.com.br\/site\/quaest-aprovacao-do-governo-castro-cai-de-53-para-35-53-dos-eleitores-dizem-que-ex-governador-nao-merece-eleger-o-sucessor\/","url":"https:\/\/www.oitaperunense.com.br\/site\/quaest-aprovacao-do-governo-castro-cai-de-53-para-35-53-dos-eleitores-dizem-que-ex-governador-nao-merece-eleger-o-sucessor\/","name":"Quaest: aprova\u00e7\u00e3o do governo Castro cai de 53% para 35%; 53% dos eleitores dizem que ex-governador n\u00e3o merece eleger o sucessor - O Itaperunense","isPartOf":{"@id":"https:\/\/www.oitaperunense.com.br\/site\/#website"},"datePublished":"2026-04-27T13:48:35+00:00","dateModified":"2026-04-27T13:48:35+00:00","author":{"@id":"https:\/\/www.oitaperunense.com.br\/site\/#\/schema\/person\/4a5b86c112157bc0a4492f4fd6b7939f"},"breadcrumb":{"@id":"https:\/\/www.oitaperunense.com.br\/site\/quaest-aprovacao-do-governo-castro-cai-de-53-para-35-53-dos-eleitores-dizem-que-ex-governador-nao-merece-eleger-o-sucessor\/#breadcrumb"},"inLanguage":"pt-BR","potentialAction":[{"@type":"ReadAction","target":["https:\/\/www.oitaperunense.com.br\/site\/quaest-aprovacao-do-governo-castro-cai-de-53-para-35-53-dos-eleitores-dizem-que-ex-governador-nao-merece-eleger-o-sucessor\/"]}]},{"@type":"BreadcrumbList","@id":"https:\/\/www.oitaperunense.com.br\/site\/quaest-aprovacao-do-governo-castro-cai-de-53-para-35-53-dos-eleitores-dizem-que-ex-governador-nao-merece-eleger-o-sucessor\/#breadcrumb","itemListElement":[{"@type":"ListItem","position":1,"name":"Home","item":"https:\/\/www.oitaperunense.com.br\/site\/"},{"@type":"ListItem","position":2,"name":"Quaest: aprova\u00e7\u00e3o do governo Castro cai de 53% para 35%; 53% dos eleitores dizem que ex-governador n\u00e3o merece eleger o sucessor"}]},{"@type":"WebSite","@id":"https:\/\/www.oitaperunense.com.br\/site\/#website","url":"https:\/\/www.oitaperunense.com.br\/site\/","name":"O Itaperunense","description":"","potentialAction":[{"@type":"SearchAction","target":{"@type":"EntryPoint","urlTemplate":"https:\/\/www.oitaperunense.com.br\/site\/?s={search_term_string}"},"query-input":"required name=search_term_string"}],"inLanguage":"pt-BR"},{"@type":"Person","@id":"https:\/\/www.oitaperunense.com.br\/site\/#\/schema\/person\/4a5b86c112157bc0a4492f4fd6b7939f","name":"Andr\u00e9","image":{"@type":"ImageObject","inLanguage":"pt-BR","@id":"https:\/\/www.oitaperunense.com.br\/site\/#\/schema\/person\/image\/","url":"https:\/\/secure.gravatar.com\/avatar\/7a7a912ec2c8cd6a390040b03329ee7a71bbd5f81ac3557b6a68208f263fc97b?s=96&d=mm&r=g","contentUrl":"https:\/\/secure.gravatar.com\/avatar\/7a7a912ec2c8cd6a390040b03329ee7a71bbd5f81ac3557b6a68208f263fc97b?s=96&d=mm&r=g","caption":"Andr\u00e9"},"url":"https:\/\/www.oitaperunense.com.br\/site\/author\/andre\/"}]}},"cc_featured_image_caption":{"caption_text":"","source_text":"","source_url":""},"_links":{"self":[{"href":"https:\/\/www.oitaperunense.com.br\/site\/wp-json\/wp\/v2\/posts\/396707","targetHints":{"allow":["GET"]}}],"collection":[{"href":"https:\/\/www.oitaperunense.com.br\/site\/wp-json\/wp\/v2\/posts"}],"about":[{"href":"https:\/\/www.oitaperunense.com.br\/site\/wp-json\/wp\/v2\/types\/post"}],"author":[{"embeddable":true,"href":"https:\/\/www.oitaperunense.com.br\/site\/wp-json\/wp\/v2\/users\/19"}],"replies":[{"embeddable":true,"href":"https:\/\/www.oitaperunense.com.br\/site\/wp-json\/wp\/v2\/comments?post=396707"}],"version-history":[{"count":1,"href":"https:\/\/www.oitaperunense.com.br\/site\/wp-json\/wp\/v2\/posts\/396707\/revisions"}],"predecessor-version":[{"id":396713,"href":"https:\/\/www.oitaperunense.com.br\/site\/wp-json\/wp\/v2\/posts\/396707\/revisions\/396713"}],"wp:featuredmedia":[{"embeddable":true,"href":"https:\/\/www.oitaperunense.com.br\/site\/wp-json\/wp\/v2\/media\/396712"}],"wp:attachment":[{"href":"https:\/\/www.oitaperunense.com.br\/site\/wp-json\/wp\/v2\/media?parent=396707"}],"wp:term":[{"taxonomy":"category","embeddable":true,"href":"https:\/\/www.oitaperunense.com.br\/site\/wp-json\/wp\/v2\/categories?post=396707"},{"taxonomy":"post_tag","embeddable":true,"href":"https:\/\/www.oitaperunense.com.br\/site\/wp-json\/wp\/v2\/tags?post=396707"}],"curies":[{"name":"wp","href":"https:\/\/api.w.org\/{rel}","templated":true}]}}