{"id":396701,"date":"2026-04-27T09:21:11","date_gmt":"2026-04-27T12:21:11","guid":{"rendered":"https:\/\/www.oitaperunense.com.br\/site\/?p=396701"},"modified":"2026-04-27T09:21:11","modified_gmt":"2026-04-27T12:21:11","slug":"pesquisa-quaest-mostra-eduardo-paes-isolado-e-disputa-pelo-segundo-lugar-entre-douglas-ruas-e-garotinho","status":"publish","type":"post","link":"https:\/\/www.oitaperunense.com.br\/site\/pesquisa-quaest-mostra-eduardo-paes-isolado-e-disputa-pelo-segundo-lugar-entre-douglas-ruas-e-garotinho\/","title":{"rendered":"Pesquisa Quaest mostra Eduardo Paes isolado e disputa pelo segundo lugar entre Douglas Ruas e Garotinho"},"content":{"rendered":"<p style=\"text-align: center;\"><strong>Levantamento detalha tr\u00eas cen\u00e1rios para o Governo do Rio e mostra diferen\u00e7as no desempenho dos candidatos. Novo levantamento mostra Eduardo Paes isolado na lideran\u00e7a e Douglas Ruas em segundo<\/strong><\/p>\n<p style=\"text-align: justify;\">A nova pesquisa Genial\/Quaest divulgada nesta segunda-feira (27) apresenta um panorama detalhado da disputa pelo governo do Rio de Janeiro, com tr\u00eas cen\u00e1rios distintos que ajudam a entender o comportamento do eleitorado e as poss\u00edveis mudan\u00e7as ao longo da campanha.<\/p>\n<p><!--more--><\/p>\n<p style=\"text-align: justify;\">No cen\u00e1rio 1, mais amplo e com maior n\u00famero de candidatos, Eduardo Paes (PSD) lidera com 34% das inten\u00e7\u00f5es de voto. Em seguida aparecem Douglas Ruas (PL) com 9% e Anthony Garotinho (Republicanos) com 8%, configurando uma disputa direta pelo segundo lugar. Wilson Witzel (DC) registra 3%, William Siri (PSOL) tem 2%, Andr\u00e9 Marinho (Novo) 1%, assim como Cyro Garcia (PSTU), Juliete Pantoja (UP) e Rafael Luz (Miss\u00e3o), enquanto Luan Monteiro (PCO) n\u00e3o pontua. Ainda h\u00e1 20% de indecisos e 20% de eleitores que indicam voto branco, nulo ou absten\u00e7\u00e3o.<\/p>\n<p><img loading=\"lazy\" decoding=\"async\" class=\"size-full wp-image-396703 aligncenter\" src=\"https:\/\/www.oitaperunense.com.br\/site\/wp-content\/uploads\/2026\/04\/quest2.jpg\" alt=\"\" width=\"700\" height=\"393\" srcset=\"https:\/\/www.oitaperunense.com.br\/site\/wp-content\/uploads\/2026\/04\/quest2.jpg 700w, https:\/\/www.oitaperunense.com.br\/site\/wp-content\/uploads\/2026\/04\/quest2-300x168.jpg 300w\" sizes=\"auto, (max-width: 700px) 100vw, 700px\" \/><\/p>\n<p style=\"text-align: justify;\">Esse cen\u00e1rio evidencia a fragmenta\u00e7\u00e3o da oposi\u00e7\u00e3o e mostra Garotinho tecnicamente empatado com Douglas Ruas na disputa pela segunda posi\u00e7\u00e3o.<\/p>\n<p style=\"text-align: justify;\">No cen\u00e1rio 2, sem Garotinho, Eduardo Paes cresce para 40%. Douglas Ruas aparece com 10%, enquanto Wilson Witzel marca 3% e Cyro Garcia e William Siri t\u00eam 2% cada. Andr\u00e9 Marinho e Juliete Pantoja aparecem com 1%, e os demais n\u00e3o pontuam. Os indecisos somam 19% e os votos brancos, nulos ou absten\u00e7\u00f5es chegam a 22%.<\/p>\n<p style=\"text-align: justify;\">A principal diferen\u00e7a em rela\u00e7\u00e3o ao primeiro cen\u00e1rio \u00e9 a consolida\u00e7\u00e3o da lideran\u00e7a de Paes e a leve oscila\u00e7\u00e3o de Ruas, al\u00e9m da aus\u00eancia de Garotinho, que altera a din\u00e2mica da disputa pelo segundo lugar.<\/p>\n<p><img loading=\"lazy\" decoding=\"async\" class=\"alignnone size-full wp-image-396704 aligncenter\" src=\"https:\/\/www.oitaperunense.com.br\/site\/wp-content\/uploads\/2026\/04\/quest3.jpg\" alt=\"\" width=\"700\" height=\"395\" srcset=\"https:\/\/www.oitaperunense.com.br\/site\/wp-content\/uploads\/2026\/04\/quest3.jpg 700w, https:\/\/www.oitaperunense.com.br\/site\/wp-content\/uploads\/2026\/04\/quest3-300x169.jpg 300w\" sizes=\"auto, (max-width: 700px) 100vw, 700px\" \/><\/p>\n<p style=\"text-align: justify;\">No cen\u00e1rio 3, sem Witzel, Eduardo Paes aparece com 39%, enquanto Douglas Ruas sobe para 11%. Cyro Garcia e Juliete Pantoja t\u00eam 2% cada, William Siri tamb\u00e9m registra 2%, Andr\u00e9 Marinho aparece com 1% e Luan Monteiro com 1%. Rafael Luz n\u00e3o pontua. Os indecisos s\u00e3o 18% e os votos brancos, nulos ou absten\u00e7\u00f5es somam 24%.<\/p>\n<p style=\"text-align: justify;\">Comparando os tr\u00eas cen\u00e1rios, Paes mant\u00e9m lideran\u00e7a consistente, variando entre 34% e 40%. J\u00e1 Douglas Ruas oscila entre 9% e 11%, enquanto Garotinho, quando inclu\u00eddo, aparece competitivo e disputa diretamente o segundo lugar.<\/p>\n<p><strong>Segundo turno<\/strong><\/p>\n<p style=\"text-align: justify;\">Em um eventual segundo turno, Paes venceria Ruas por 49% a 16%, com 16% de indecisos e 19% de votos brancos ou nulos.<\/p>\n<p style=\"text-align: justify;\">Os dados mostram uma lideran\u00e7a consolidada, mas tamb\u00e9m um cen\u00e1rio ainda aberto, especialmente na disputa pelas posi\u00e7\u00f5es intermedi\u00e1rias.<\/p>\n<p><img loading=\"lazy\" decoding=\"async\" class=\"alignnone size-full wp-image-396705 aligncenter\" src=\"https:\/\/www.oitaperunense.com.br\/site\/wp-content\/uploads\/2026\/04\/quest4.jpg\" alt=\"\" width=\"700\" height=\"394\" srcset=\"https:\/\/www.oitaperunense.com.br\/site\/wp-content\/uploads\/2026\/04\/quest4.jpg 700w, https:\/\/www.oitaperunense.com.br\/site\/wp-content\/uploads\/2026\/04\/quest4-300x169.jpg 300w\" sizes=\"auto, (max-width: 700px) 100vw, 700px\" \/><\/p>\n<p><strong>Com informa\u00e7\u00f5es, Agenda do Poder. Foto: Reprodu\u00e7\u00e3o<\/strong><\/p>\n","protected":false},"excerpt":{"rendered":"<p>Levantamento detalha tr\u00eas cen\u00e1rios para o Governo do Rio e mostra diferen\u00e7as no desempenho dos candidatos. Novo levantamento mostra Eduardo Paes isolado na lideran\u00e7a e Douglas Ruas em segundo A nova pesquisa Genial\/Quaest divulgada nesta segunda-feira (27) apresenta um panorama detalhado da disputa pelo governo do Rio de Janeiro, com tr\u00eas cen\u00e1rios distintos que ajudam [&hellip;]<\/p>\n","protected":false},"author":19,"featured_media":396702,"comment_status":"open","ping_status":"closed","sticky":false,"template":"","format":"standard","meta":{"ngg_post_thumbnail":0,"footnotes":""},"categories":[13],"tags":[],"class_list":["post-396701","post","type-post","status-publish","format-standard","has-post-thumbnail","hentry","category-politica"],"yoast_head":"<!-- This site is optimized with the Yoast SEO plugin v20.11 - https:\/\/yoast.com\/wordpress\/plugins\/seo\/ -->\n<title>Pesquisa Quaest mostra Eduardo Paes isolado e disputa pelo segundo lugar entre Douglas Ruas e Garotinho - O Itaperunense<\/title>\n<meta name=\"robots\" content=\"index, follow, max-snippet:-1, max-image-preview:large, max-video-preview:-1\" \/>\n<link rel=\"canonical\" href=\"https:\/\/www.oitaperunense.com.br\/site\/pesquisa-quaest-mostra-eduardo-paes-isolado-e-disputa-pelo-segundo-lugar-entre-douglas-ruas-e-garotinho\/\" \/>\n<meta property=\"og:locale\" content=\"pt_BR\" \/>\n<meta property=\"og:type\" content=\"article\" \/>\n<meta property=\"og:title\" content=\"Pesquisa Quaest mostra Eduardo Paes isolado e disputa pelo segundo lugar entre Douglas Ruas e Garotinho - O Itaperunense\" \/>\n<meta property=\"og:description\" content=\"Levantamento detalha tr\u00eas cen\u00e1rios para o Governo do Rio e mostra diferen\u00e7as no desempenho dos candidatos. Novo levantamento mostra Eduardo Paes isolado na lideran\u00e7a e Douglas Ruas em segundo A nova pesquisa Genial\/Quaest divulgada nesta segunda-feira (27) apresenta um panorama detalhado da disputa pelo governo do Rio de Janeiro, com tr\u00eas cen\u00e1rios distintos que ajudam [&hellip;]\" \/>\n<meta property=\"og:url\" content=\"https:\/\/www.oitaperunense.com.br\/site\/pesquisa-quaest-mostra-eduardo-paes-isolado-e-disputa-pelo-segundo-lugar-entre-douglas-ruas-e-garotinho\/\" \/>\n<meta property=\"og:site_name\" content=\"O Itaperunense\" \/>\n<meta property=\"article:publisher\" content=\"https:\/\/www.facebook.com\/jornaloitaperunense\" \/>\n<meta property=\"article:published_time\" content=\"2026-04-27T12:21:11+00:00\" \/>\n<meta property=\"og:image\" content=\"https:\/\/www.oitaperunense.com.br\/site\/wp-content\/uploads\/2026\/04\/quest1.jpg\" \/>\n\t<meta property=\"og:image:width\" content=\"700\" \/>\n\t<meta property=\"og:image:height\" content=\"465\" \/>\n\t<meta property=\"og:image:type\" content=\"image\/jpeg\" \/>\n<meta name=\"author\" content=\"Andr\u00e9\" \/>\n<meta name=\"twitter:card\" content=\"summary_large_image\" \/>\n<meta name=\"twitter:label1\" content=\"Escrito por\" \/>\n\t<meta name=\"twitter:data1\" content=\"Andr\u00e9\" \/>\n\t<meta name=\"twitter:label2\" content=\"Est. tempo de leitura\" \/>\n\t<meta name=\"twitter:data2\" content=\"3 minutos\" \/>\n<script type=\"application\/ld+json\" class=\"yoast-schema-graph\">{\"@context\":\"https:\/\/schema.org\",\"@graph\":[{\"@type\":\"WebPage\",\"@id\":\"https:\/\/www.oitaperunense.com.br\/site\/pesquisa-quaest-mostra-eduardo-paes-isolado-e-disputa-pelo-segundo-lugar-entre-douglas-ruas-e-garotinho\/\",\"url\":\"https:\/\/www.oitaperunense.com.br\/site\/pesquisa-quaest-mostra-eduardo-paes-isolado-e-disputa-pelo-segundo-lugar-entre-douglas-ruas-e-garotinho\/\",\"name\":\"Pesquisa Quaest mostra Eduardo Paes isolado e disputa pelo segundo lugar entre Douglas Ruas e Garotinho - O Itaperunense\",\"isPartOf\":{\"@id\":\"https:\/\/www.oitaperunense.com.br\/site\/#website\"},\"datePublished\":\"2026-04-27T12:21:11+00:00\",\"dateModified\":\"2026-04-27T12:21:11+00:00\",\"author\":{\"@id\":\"https:\/\/www.oitaperunense.com.br\/site\/#\/schema\/person\/4a5b86c112157bc0a4492f4fd6b7939f\"},\"breadcrumb\":{\"@id\":\"https:\/\/www.oitaperunense.com.br\/site\/pesquisa-quaest-mostra-eduardo-paes-isolado-e-disputa-pelo-segundo-lugar-entre-douglas-ruas-e-garotinho\/#breadcrumb\"},\"inLanguage\":\"pt-BR\",\"potentialAction\":[{\"@type\":\"ReadAction\",\"target\":[\"https:\/\/www.oitaperunense.com.br\/site\/pesquisa-quaest-mostra-eduardo-paes-isolado-e-disputa-pelo-segundo-lugar-entre-douglas-ruas-e-garotinho\/\"]}]},{\"@type\":\"BreadcrumbList\",\"@id\":\"https:\/\/www.oitaperunense.com.br\/site\/pesquisa-quaest-mostra-eduardo-paes-isolado-e-disputa-pelo-segundo-lugar-entre-douglas-ruas-e-garotinho\/#breadcrumb\",\"itemListElement\":[{\"@type\":\"ListItem\",\"position\":1,\"name\":\"Home\",\"item\":\"https:\/\/www.oitaperunense.com.br\/site\/\"},{\"@type\":\"ListItem\",\"position\":2,\"name\":\"Pesquisa Quaest mostra Eduardo Paes isolado e disputa pelo segundo lugar entre Douglas Ruas e Garotinho\"}]},{\"@type\":\"WebSite\",\"@id\":\"https:\/\/www.oitaperunense.com.br\/site\/#website\",\"url\":\"https:\/\/www.oitaperunense.com.br\/site\/\",\"name\":\"O Itaperunense\",\"description\":\"\",\"potentialAction\":[{\"@type\":\"SearchAction\",\"target\":{\"@type\":\"EntryPoint\",\"urlTemplate\":\"https:\/\/www.oitaperunense.com.br\/site\/?s={search_term_string}\"},\"query-input\":\"required name=search_term_string\"}],\"inLanguage\":\"pt-BR\"},{\"@type\":\"Person\",\"@id\":\"https:\/\/www.oitaperunense.com.br\/site\/#\/schema\/person\/4a5b86c112157bc0a4492f4fd6b7939f\",\"name\":\"Andr\u00e9\",\"image\":{\"@type\":\"ImageObject\",\"inLanguage\":\"pt-BR\",\"@id\":\"https:\/\/www.oitaperunense.com.br\/site\/#\/schema\/person\/image\/\",\"url\":\"https:\/\/secure.gravatar.com\/avatar\/7a7a912ec2c8cd6a390040b03329ee7a71bbd5f81ac3557b6a68208f263fc97b?s=96&d=mm&r=g\",\"contentUrl\":\"https:\/\/secure.gravatar.com\/avatar\/7a7a912ec2c8cd6a390040b03329ee7a71bbd5f81ac3557b6a68208f263fc97b?s=96&d=mm&r=g\",\"caption\":\"Andr\u00e9\"},\"url\":\"https:\/\/www.oitaperunense.com.br\/site\/author\/andre\/\"}]}<\/script>\n<!-- \/ Yoast SEO plugin. -->","yoast_head_json":{"title":"Pesquisa Quaest mostra Eduardo Paes isolado e disputa pelo segundo lugar entre Douglas Ruas e Garotinho - O Itaperunense","robots":{"index":"index","follow":"follow","max-snippet":"max-snippet:-1","max-image-preview":"max-image-preview:large","max-video-preview":"max-video-preview:-1"},"canonical":"https:\/\/www.oitaperunense.com.br\/site\/pesquisa-quaest-mostra-eduardo-paes-isolado-e-disputa-pelo-segundo-lugar-entre-douglas-ruas-e-garotinho\/","og_locale":"pt_BR","og_type":"article","og_title":"Pesquisa Quaest mostra Eduardo Paes isolado e disputa pelo segundo lugar entre Douglas Ruas e Garotinho - O Itaperunense","og_description":"Levantamento detalha tr\u00eas cen\u00e1rios para o Governo do Rio e mostra diferen\u00e7as no desempenho dos candidatos. Novo levantamento mostra Eduardo Paes isolado na lideran\u00e7a e Douglas Ruas em segundo A nova pesquisa Genial\/Quaest divulgada nesta segunda-feira (27) apresenta um panorama detalhado da disputa pelo governo do Rio de Janeiro, com tr\u00eas cen\u00e1rios distintos que ajudam [&hellip;]","og_url":"https:\/\/www.oitaperunense.com.br\/site\/pesquisa-quaest-mostra-eduardo-paes-isolado-e-disputa-pelo-segundo-lugar-entre-douglas-ruas-e-garotinho\/","og_site_name":"O Itaperunense","article_publisher":"https:\/\/www.facebook.com\/jornaloitaperunense","article_published_time":"2026-04-27T12:21:11+00:00","og_image":[{"width":700,"height":465,"url":"https:\/\/www.oitaperunense.com.br\/site\/wp-content\/uploads\/2026\/04\/quest1.jpg","type":"image\/jpeg"}],"author":"Andr\u00e9","twitter_card":"summary_large_image","twitter_misc":{"Escrito por":"Andr\u00e9","Est. tempo de leitura":"3 minutos"},"schema":{"@context":"https:\/\/schema.org","@graph":[{"@type":"WebPage","@id":"https:\/\/www.oitaperunense.com.br\/site\/pesquisa-quaest-mostra-eduardo-paes-isolado-e-disputa-pelo-segundo-lugar-entre-douglas-ruas-e-garotinho\/","url":"https:\/\/www.oitaperunense.com.br\/site\/pesquisa-quaest-mostra-eduardo-paes-isolado-e-disputa-pelo-segundo-lugar-entre-douglas-ruas-e-garotinho\/","name":"Pesquisa Quaest mostra Eduardo Paes isolado e disputa pelo segundo lugar entre Douglas Ruas e Garotinho - O Itaperunense","isPartOf":{"@id":"https:\/\/www.oitaperunense.com.br\/site\/#website"},"datePublished":"2026-04-27T12:21:11+00:00","dateModified":"2026-04-27T12:21:11+00:00","author":{"@id":"https:\/\/www.oitaperunense.com.br\/site\/#\/schema\/person\/4a5b86c112157bc0a4492f4fd6b7939f"},"breadcrumb":{"@id":"https:\/\/www.oitaperunense.com.br\/site\/pesquisa-quaest-mostra-eduardo-paes-isolado-e-disputa-pelo-segundo-lugar-entre-douglas-ruas-e-garotinho\/#breadcrumb"},"inLanguage":"pt-BR","potentialAction":[{"@type":"ReadAction","target":["https:\/\/www.oitaperunense.com.br\/site\/pesquisa-quaest-mostra-eduardo-paes-isolado-e-disputa-pelo-segundo-lugar-entre-douglas-ruas-e-garotinho\/"]}]},{"@type":"BreadcrumbList","@id":"https:\/\/www.oitaperunense.com.br\/site\/pesquisa-quaest-mostra-eduardo-paes-isolado-e-disputa-pelo-segundo-lugar-entre-douglas-ruas-e-garotinho\/#breadcrumb","itemListElement":[{"@type":"ListItem","position":1,"name":"Home","item":"https:\/\/www.oitaperunense.com.br\/site\/"},{"@type":"ListItem","position":2,"name":"Pesquisa Quaest mostra Eduardo Paes isolado e disputa pelo segundo lugar entre Douglas Ruas e Garotinho"}]},{"@type":"WebSite","@id":"https:\/\/www.oitaperunense.com.br\/site\/#website","url":"https:\/\/www.oitaperunense.com.br\/site\/","name":"O Itaperunense","description":"","potentialAction":[{"@type":"SearchAction","target":{"@type":"EntryPoint","urlTemplate":"https:\/\/www.oitaperunense.com.br\/site\/?s={search_term_string}"},"query-input":"required name=search_term_string"}],"inLanguage":"pt-BR"},{"@type":"Person","@id":"https:\/\/www.oitaperunense.com.br\/site\/#\/schema\/person\/4a5b86c112157bc0a4492f4fd6b7939f","name":"Andr\u00e9","image":{"@type":"ImageObject","inLanguage":"pt-BR","@id":"https:\/\/www.oitaperunense.com.br\/site\/#\/schema\/person\/image\/","url":"https:\/\/secure.gravatar.com\/avatar\/7a7a912ec2c8cd6a390040b03329ee7a71bbd5f81ac3557b6a68208f263fc97b?s=96&d=mm&r=g","contentUrl":"https:\/\/secure.gravatar.com\/avatar\/7a7a912ec2c8cd6a390040b03329ee7a71bbd5f81ac3557b6a68208f263fc97b?s=96&d=mm&r=g","caption":"Andr\u00e9"},"url":"https:\/\/www.oitaperunense.com.br\/site\/author\/andre\/"}]}},"cc_featured_image_caption":{"caption_text":"","source_text":"","source_url":""},"_links":{"self":[{"href":"https:\/\/www.oitaperunense.com.br\/site\/wp-json\/wp\/v2\/posts\/396701","targetHints":{"allow":["GET"]}}],"collection":[{"href":"https:\/\/www.oitaperunense.com.br\/site\/wp-json\/wp\/v2\/posts"}],"about":[{"href":"https:\/\/www.oitaperunense.com.br\/site\/wp-json\/wp\/v2\/types\/post"}],"author":[{"embeddable":true,"href":"https:\/\/www.oitaperunense.com.br\/site\/wp-json\/wp\/v2\/users\/19"}],"replies":[{"embeddable":true,"href":"https:\/\/www.oitaperunense.com.br\/site\/wp-json\/wp\/v2\/comments?post=396701"}],"version-history":[{"count":1,"href":"https:\/\/www.oitaperunense.com.br\/site\/wp-json\/wp\/v2\/posts\/396701\/revisions"}],"predecessor-version":[{"id":396706,"href":"https:\/\/www.oitaperunense.com.br\/site\/wp-json\/wp\/v2\/posts\/396701\/revisions\/396706"}],"wp:featuredmedia":[{"embeddable":true,"href":"https:\/\/www.oitaperunense.com.br\/site\/wp-json\/wp\/v2\/media\/396702"}],"wp:attachment":[{"href":"https:\/\/www.oitaperunense.com.br\/site\/wp-json\/wp\/v2\/media?parent=396701"}],"wp:term":[{"taxonomy":"category","embeddable":true,"href":"https:\/\/www.oitaperunense.com.br\/site\/wp-json\/wp\/v2\/categories?post=396701"},{"taxonomy":"post_tag","embeddable":true,"href":"https:\/\/www.oitaperunense.com.br\/site\/wp-json\/wp\/v2\/tags?post=396701"}],"curies":[{"name":"wp","href":"https:\/\/api.w.org\/{rel}","templated":true}]}}