{"id":394016,"date":"2024-02-27T14:31:03","date_gmt":"2024-02-27T17:31:03","guid":{"rendered":"https:\/\/www.oitaperunense.com.br\/site\/?p=394016"},"modified":"2024-02-27T14:31:03","modified_gmt":"2024-02-27T17:31:03","slug":"firjan-senai-macae-itaperuna-e-padua-abrem-160-vagas-em-cursos-gratuitos-de-qualificacao-profissional","status":"publish","type":"post","link":"https:\/\/www.oitaperunense.com.br\/site\/firjan-senai-macae-itaperuna-e-padua-abrem-160-vagas-em-cursos-gratuitos-de-qualificacao-profissional\/","title":{"rendered":"Firjan SENAI Maca\u00e9, Itaperuna e P\u00e1dua abrem 160 vagas em cursos gratuitos de qualifica\u00e7\u00e3o profissional"},"content":{"rendered":"<p class=\"yiv1050382430MsoNormal\" style=\"text-align: center;\"><strong>S\u00e3o mais de seis t\u00edtulos que atendem diferentes setores da ind\u00fastria<\/strong><\/p>\n<p class=\"yiv1050382430MsoNormal\" style=\"text-align: justify;\">Com o compromisso de proporcionar acesso \u00e0 educa\u00e7\u00e3o de qualidade,&nbsp;a Firjan SENAI disponibiliza 160 vagas gratuitas em cursos de qualifica\u00e7\u00e3o profissional em Maca\u00e9, Itaperuna e Santo Ant\u00f4nio de P\u00e1dua. As inscri\u00e7\u00f5es&nbsp;devem ser feitas pela internet, no site da Firjan SENAI&nbsp;<a href=\"http:\/\/www.firjansenai.com.br\/cursosgratuitos\" target=\"_blank\" rel=\"nofollow noopener noreferrer\">www.firjansenai.com.br\/cursosgratuitos<\/a>&nbsp;, e ser\u00e3o encerradas automaticamente para cada oferta assim que o n\u00famero de inscritos atingir o limite de vagas. As aulas ter\u00e3o in\u00edcio a partir de mar\u00e7o.<\/p>\n<p><!--more--><\/p>\n<p class=\"yiv1050382430MsoNormal\" style=\"text-align: justify;\">S\u00e3o seis t\u00edtulos distribu\u00eddos em oito turmas e em diferentes turnos.&nbsp;Em Maca\u00e9, est\u00e3o dispon\u00edveis \u201cMec\u00e2nico de Manuten\u00e7\u00e3o de Equipamentos Hidropneum\u00e1ticos\u201d e \u201cOperador de Produ\u00e7\u00e3o Industrial\u201d, ambos \u00e0 noite, e \u201cDesenvolvedor de Projetos Maker em Fablab\u201d \u00e0 tarde; em Itaperuna, \u201cModelista\u201d \u00e0 noite; e P\u00e1dua, \u201cAssistente de Opera\u00e7\u00f5es em Log\u00edstica\u201d e \u201cWeb Designer UI e UX\u201d, ambos \u00e0 noite. Campos tamb\u00e9m contava com duas turmas de \u201cEletricista Industrial\u201d, mas as matr\u00edculas est\u00e3o esgotadas.<\/p>\n<p class=\"yiv1050382430MsoNormal\" style=\"text-align: justify;\">\u201cA qualifica\u00e7\u00e3o profissional \u00e9 de fundamental import\u00e2ncia para a empregabilidade de jovens e adultos. Portanto, a Firjan SENAI est\u00e1 ofertando vagas gratuitas em cursos profissionalizantes, focando na amplia\u00e7\u00e3o das oportunidades de trabalho e de renda dos alunos\u201d,&nbsp;pontua Edson Melo, gerente de Educa\u00e7\u00e3o Profissional da Firjan SENAI.<\/p>\n<p class=\"yiv1050382430MsoNormal\" style=\"text-align: justify;\">Para participar, os candidatos devem preencher os pr\u00e9-requisitos espec\u00edficos dos cursos desejados, incluindo idade e escolaridade,&nbsp;al\u00e9m de renda familiar mensal per capita bruta seja de at\u00e9 1,5 sal\u00e1rio-m\u00ednimo federal, comprovado por meio de uma autodeclara\u00e7\u00e3o.&nbsp;\u00c9 fundamental tamb\u00e9m ter acesso a um computador ou notebook, j\u00e1 que parte dos cursos ser\u00e1 realizada de forma on-line, seguindo a estrat\u00e9gia EAD.<\/p>\n<p class=\"yiv1050382430MsoNormal\" style=\"text-align: justify;\">Ap\u00f3s o cadastro no site, o candidato ter\u00e1 um prazo de dois dias \u00fateis para comparecer \u00e0 unidade escolhida a fim de efetivar sua matr\u00edcula.&nbsp;Ser\u00e1 necess\u00e1rio apresentar todos os documentos exigidos, incluindo identifica\u00e7\u00e3o, CPF, comprovante de escolaridade e autodeclara\u00e7\u00e3o de baixa renda. Candidatos menores de idade dever\u00e3o ser acompanhados por seu respons\u00e1vel legal.<\/p>\n<p class=\"yiv1050382430MsoNormal\" style=\"text-align: justify;\">Mais informa\u00e7\u00f5es e inscri\u00e7\u00f5es no site da Firjan SENAI:&nbsp;<a href=\"http:\/\/www.firjansenai.com.br\/cursosgratuitos\" target=\"_blank\" rel=\"nofollow noopener noreferrer\">www.firjansenai.com.br\/cursosgratuitos<\/a>.<\/p>\n<p><strong>Foto: Divulga\u00e7\u00e3o<\/strong><\/p>\n<p class=\"yiv1050382430MsoNormal\" style=\"text-align: justify;\">&nbsp;<\/p>\n","protected":false},"excerpt":{"rendered":"<p>S\u00e3o mais de seis t\u00edtulos que atendem diferentes setores da ind\u00fastria Com o compromisso de proporcionar acesso \u00e0 educa\u00e7\u00e3o de qualidade,&nbsp;a Firjan SENAI disponibiliza 160 vagas gratuitas em cursos de qualifica\u00e7\u00e3o profissional em Maca\u00e9, Itaperuna e Santo Ant\u00f4nio de P\u00e1dua. As inscri\u00e7\u00f5es&nbsp;devem ser feitas pela internet, no site da Firjan SENAI&nbsp;www.firjansenai.com.br\/cursosgratuitos&nbsp;, e ser\u00e3o encerradas automaticamente [&hellip;]<\/p>\n","protected":false},"author":19,"featured_media":394017,"comment_status":"open","ping_status":"closed","sticky":false,"template":"","format":"standard","meta":{"ngg_post_thumbnail":0,"footnotes":""},"categories":[116],"tags":[],"class_list":["post-394016","post","type-post","status-publish","format-standard","has-post-thumbnail","hentry","category-educacao"],"yoast_head":"<!-- This site is optimized with the Yoast SEO plugin v20.11 - https:\/\/yoast.com\/wordpress\/plugins\/seo\/ -->\n<title>Firjan SENAI Maca\u00e9, Itaperuna e P\u00e1dua abrem 160 vagas em cursos gratuitos de qualifica\u00e7\u00e3o profissional - O Itaperunense<\/title>\n<meta name=\"robots\" content=\"index, follow, max-snippet:-1, max-image-preview:large, max-video-preview:-1\" \/>\n<link rel=\"canonical\" href=\"https:\/\/www.oitaperunense.com.br\/site\/firjan-senai-macae-itaperuna-e-padua-abrem-160-vagas-em-cursos-gratuitos-de-qualificacao-profissional\/\" \/>\n<meta property=\"og:locale\" content=\"pt_BR\" \/>\n<meta property=\"og:type\" content=\"article\" \/>\n<meta property=\"og:title\" content=\"Firjan SENAI Maca\u00e9, Itaperuna e P\u00e1dua abrem 160 vagas em cursos gratuitos de qualifica\u00e7\u00e3o profissional - O Itaperunense\" \/>\n<meta property=\"og:description\" content=\"S\u00e3o mais de seis t\u00edtulos que atendem diferentes setores da ind\u00fastria Com o compromisso de proporcionar acesso \u00e0 educa\u00e7\u00e3o de qualidade,&nbsp;a Firjan SENAI disponibiliza 160 vagas gratuitas em cursos de qualifica\u00e7\u00e3o profissional em Maca\u00e9, Itaperuna e Santo Ant\u00f4nio de P\u00e1dua. As inscri\u00e7\u00f5es&nbsp;devem ser feitas pela internet, no site da Firjan SENAI&nbsp;www.firjansenai.com.br\/cursosgratuitos&nbsp;, e ser\u00e3o encerradas automaticamente [&hellip;]\" \/>\n<meta property=\"og:url\" content=\"https:\/\/www.oitaperunense.com.br\/site\/firjan-senai-macae-itaperuna-e-padua-abrem-160-vagas-em-cursos-gratuitos-de-qualificacao-profissional\/\" \/>\n<meta property=\"og:site_name\" content=\"O Itaperunense\" \/>\n<meta property=\"article:publisher\" content=\"https:\/\/www.facebook.com\/jornaloitaperunense\" \/>\n<meta property=\"article:published_time\" content=\"2024-02-27T17:31:03+00:00\" \/>\n<meta property=\"og:image\" content=\"https:\/\/www.oitaperunense.com.br\/site\/wp-content\/uploads\/2024\/02\/capa55.jpg\" \/>\n\t<meta property=\"og:image:width\" content=\"700\" \/>\n\t<meta property=\"og:image:height\" content=\"546\" \/>\n\t<meta property=\"og:image:type\" content=\"image\/jpeg\" \/>\n<meta name=\"author\" content=\"Andr\u00e9\" \/>\n<meta name=\"twitter:card\" content=\"summary_large_image\" \/>\n<meta name=\"twitter:label1\" content=\"Escrito por\" \/>\n\t<meta name=\"twitter:data1\" content=\"Andr\u00e9\" \/>\n\t<meta name=\"twitter:label2\" content=\"Est. tempo de leitura\" \/>\n\t<meta name=\"twitter:data2\" content=\"2 minutos\" \/>\n<script type=\"application\/ld+json\" class=\"yoast-schema-graph\">{\"@context\":\"https:\/\/schema.org\",\"@graph\":[{\"@type\":\"WebPage\",\"@id\":\"https:\/\/www.oitaperunense.com.br\/site\/firjan-senai-macae-itaperuna-e-padua-abrem-160-vagas-em-cursos-gratuitos-de-qualificacao-profissional\/\",\"url\":\"https:\/\/www.oitaperunense.com.br\/site\/firjan-senai-macae-itaperuna-e-padua-abrem-160-vagas-em-cursos-gratuitos-de-qualificacao-profissional\/\",\"name\":\"Firjan SENAI Maca\u00e9, Itaperuna e P\u00e1dua abrem 160 vagas em cursos gratuitos de qualifica\u00e7\u00e3o profissional - O Itaperunense\",\"isPartOf\":{\"@id\":\"https:\/\/www.oitaperunense.com.br\/site\/#website\"},\"datePublished\":\"2024-02-27T17:31:03+00:00\",\"dateModified\":\"2024-02-27T17:31:03+00:00\",\"author\":{\"@id\":\"https:\/\/www.oitaperunense.com.br\/site\/#\/schema\/person\/4a5b86c112157bc0a4492f4fd6b7939f\"},\"breadcrumb\":{\"@id\":\"https:\/\/www.oitaperunense.com.br\/site\/firjan-senai-macae-itaperuna-e-padua-abrem-160-vagas-em-cursos-gratuitos-de-qualificacao-profissional\/#breadcrumb\"},\"inLanguage\":\"pt-BR\",\"potentialAction\":[{\"@type\":\"ReadAction\",\"target\":[\"https:\/\/www.oitaperunense.com.br\/site\/firjan-senai-macae-itaperuna-e-padua-abrem-160-vagas-em-cursos-gratuitos-de-qualificacao-profissional\/\"]}]},{\"@type\":\"BreadcrumbList\",\"@id\":\"https:\/\/www.oitaperunense.com.br\/site\/firjan-senai-macae-itaperuna-e-padua-abrem-160-vagas-em-cursos-gratuitos-de-qualificacao-profissional\/#breadcrumb\",\"itemListElement\":[{\"@type\":\"ListItem\",\"position\":1,\"name\":\"Home\",\"item\":\"https:\/\/www.oitaperunense.com.br\/site\/\"},{\"@type\":\"ListItem\",\"position\":2,\"name\":\"Firjan SENAI Maca\u00e9, Itaperuna e P\u00e1dua abrem 160 vagas em cursos gratuitos de qualifica\u00e7\u00e3o profissional\"}]},{\"@type\":\"WebSite\",\"@id\":\"https:\/\/www.oitaperunense.com.br\/site\/#website\",\"url\":\"https:\/\/www.oitaperunense.com.br\/site\/\",\"name\":\"O Itaperunense\",\"description\":\"\",\"potentialAction\":[{\"@type\":\"SearchAction\",\"target\":{\"@type\":\"EntryPoint\",\"urlTemplate\":\"https:\/\/www.oitaperunense.com.br\/site\/?s={search_term_string}\"},\"query-input\":\"required name=search_term_string\"}],\"inLanguage\":\"pt-BR\"},{\"@type\":\"Person\",\"@id\":\"https:\/\/www.oitaperunense.com.br\/site\/#\/schema\/person\/4a5b86c112157bc0a4492f4fd6b7939f\",\"name\":\"Andr\u00e9\",\"image\":{\"@type\":\"ImageObject\",\"inLanguage\":\"pt-BR\",\"@id\":\"https:\/\/www.oitaperunense.com.br\/site\/#\/schema\/person\/image\/\",\"url\":\"https:\/\/secure.gravatar.com\/avatar\/7a7a912ec2c8cd6a390040b03329ee7a71bbd5f81ac3557b6a68208f263fc97b?s=96&d=mm&r=g\",\"contentUrl\":\"https:\/\/secure.gravatar.com\/avatar\/7a7a912ec2c8cd6a390040b03329ee7a71bbd5f81ac3557b6a68208f263fc97b?s=96&d=mm&r=g\",\"caption\":\"Andr\u00e9\"},\"url\":\"https:\/\/www.oitaperunense.com.br\/site\/author\/andre\/\"}]}<\/script>\n<!-- \/ Yoast SEO plugin. -->","yoast_head_json":{"title":"Firjan SENAI Maca\u00e9, Itaperuna e P\u00e1dua abrem 160 vagas em cursos gratuitos de qualifica\u00e7\u00e3o profissional - O Itaperunense","robots":{"index":"index","follow":"follow","max-snippet":"max-snippet:-1","max-image-preview":"max-image-preview:large","max-video-preview":"max-video-preview:-1"},"canonical":"https:\/\/www.oitaperunense.com.br\/site\/firjan-senai-macae-itaperuna-e-padua-abrem-160-vagas-em-cursos-gratuitos-de-qualificacao-profissional\/","og_locale":"pt_BR","og_type":"article","og_title":"Firjan SENAI Maca\u00e9, Itaperuna e P\u00e1dua abrem 160 vagas em cursos gratuitos de qualifica\u00e7\u00e3o profissional - O Itaperunense","og_description":"S\u00e3o mais de seis t\u00edtulos que atendem diferentes setores da ind\u00fastria Com o compromisso de proporcionar acesso \u00e0 educa\u00e7\u00e3o de qualidade,&nbsp;a Firjan SENAI disponibiliza 160 vagas gratuitas em cursos de qualifica\u00e7\u00e3o profissional em Maca\u00e9, Itaperuna e Santo Ant\u00f4nio de P\u00e1dua. As inscri\u00e7\u00f5es&nbsp;devem ser feitas pela internet, no site da Firjan SENAI&nbsp;www.firjansenai.com.br\/cursosgratuitos&nbsp;, e ser\u00e3o encerradas automaticamente [&hellip;]","og_url":"https:\/\/www.oitaperunense.com.br\/site\/firjan-senai-macae-itaperuna-e-padua-abrem-160-vagas-em-cursos-gratuitos-de-qualificacao-profissional\/","og_site_name":"O Itaperunense","article_publisher":"https:\/\/www.facebook.com\/jornaloitaperunense","article_published_time":"2024-02-27T17:31:03+00:00","og_image":[{"width":700,"height":546,"url":"https:\/\/www.oitaperunense.com.br\/site\/wp-content\/uploads\/2024\/02\/capa55.jpg","type":"image\/jpeg"}],"author":"Andr\u00e9","twitter_card":"summary_large_image","twitter_misc":{"Escrito por":"Andr\u00e9","Est. tempo de leitura":"2 minutos"},"schema":{"@context":"https:\/\/schema.org","@graph":[{"@type":"WebPage","@id":"https:\/\/www.oitaperunense.com.br\/site\/firjan-senai-macae-itaperuna-e-padua-abrem-160-vagas-em-cursos-gratuitos-de-qualificacao-profissional\/","url":"https:\/\/www.oitaperunense.com.br\/site\/firjan-senai-macae-itaperuna-e-padua-abrem-160-vagas-em-cursos-gratuitos-de-qualificacao-profissional\/","name":"Firjan SENAI Maca\u00e9, Itaperuna e P\u00e1dua abrem 160 vagas em cursos gratuitos de qualifica\u00e7\u00e3o profissional - O Itaperunense","isPartOf":{"@id":"https:\/\/www.oitaperunense.com.br\/site\/#website"},"datePublished":"2024-02-27T17:31:03+00:00","dateModified":"2024-02-27T17:31:03+00:00","author":{"@id":"https:\/\/www.oitaperunense.com.br\/site\/#\/schema\/person\/4a5b86c112157bc0a4492f4fd6b7939f"},"breadcrumb":{"@id":"https:\/\/www.oitaperunense.com.br\/site\/firjan-senai-macae-itaperuna-e-padua-abrem-160-vagas-em-cursos-gratuitos-de-qualificacao-profissional\/#breadcrumb"},"inLanguage":"pt-BR","potentialAction":[{"@type":"ReadAction","target":["https:\/\/www.oitaperunense.com.br\/site\/firjan-senai-macae-itaperuna-e-padua-abrem-160-vagas-em-cursos-gratuitos-de-qualificacao-profissional\/"]}]},{"@type":"BreadcrumbList","@id":"https:\/\/www.oitaperunense.com.br\/site\/firjan-senai-macae-itaperuna-e-padua-abrem-160-vagas-em-cursos-gratuitos-de-qualificacao-profissional\/#breadcrumb","itemListElement":[{"@type":"ListItem","position":1,"name":"Home","item":"https:\/\/www.oitaperunense.com.br\/site\/"},{"@type":"ListItem","position":2,"name":"Firjan SENAI Maca\u00e9, Itaperuna e P\u00e1dua abrem 160 vagas em cursos gratuitos de qualifica\u00e7\u00e3o profissional"}]},{"@type":"WebSite","@id":"https:\/\/www.oitaperunense.com.br\/site\/#website","url":"https:\/\/www.oitaperunense.com.br\/site\/","name":"O Itaperunense","description":"","potentialAction":[{"@type":"SearchAction","target":{"@type":"EntryPoint","urlTemplate":"https:\/\/www.oitaperunense.com.br\/site\/?s={search_term_string}"},"query-input":"required name=search_term_string"}],"inLanguage":"pt-BR"},{"@type":"Person","@id":"https:\/\/www.oitaperunense.com.br\/site\/#\/schema\/person\/4a5b86c112157bc0a4492f4fd6b7939f","name":"Andr\u00e9","image":{"@type":"ImageObject","inLanguage":"pt-BR","@id":"https:\/\/www.oitaperunense.com.br\/site\/#\/schema\/person\/image\/","url":"https:\/\/secure.gravatar.com\/avatar\/7a7a912ec2c8cd6a390040b03329ee7a71bbd5f81ac3557b6a68208f263fc97b?s=96&d=mm&r=g","contentUrl":"https:\/\/secure.gravatar.com\/avatar\/7a7a912ec2c8cd6a390040b03329ee7a71bbd5f81ac3557b6a68208f263fc97b?s=96&d=mm&r=g","caption":"Andr\u00e9"},"url":"https:\/\/www.oitaperunense.com.br\/site\/author\/andre\/"}]}},"cc_featured_image_caption":{"caption_text":"","source_text":"","source_url":""},"_links":{"self":[{"href":"https:\/\/www.oitaperunense.com.br\/site\/wp-json\/wp\/v2\/posts\/394016","targetHints":{"allow":["GET"]}}],"collection":[{"href":"https:\/\/www.oitaperunense.com.br\/site\/wp-json\/wp\/v2\/posts"}],"about":[{"href":"https:\/\/www.oitaperunense.com.br\/site\/wp-json\/wp\/v2\/types\/post"}],"author":[{"embeddable":true,"href":"https:\/\/www.oitaperunense.com.br\/site\/wp-json\/wp\/v2\/users\/19"}],"replies":[{"embeddable":true,"href":"https:\/\/www.oitaperunense.com.br\/site\/wp-json\/wp\/v2\/comments?post=394016"}],"version-history":[{"count":1,"href":"https:\/\/www.oitaperunense.com.br\/site\/wp-json\/wp\/v2\/posts\/394016\/revisions"}],"predecessor-version":[{"id":394018,"href":"https:\/\/www.oitaperunense.com.br\/site\/wp-json\/wp\/v2\/posts\/394016\/revisions\/394018"}],"wp:featuredmedia":[{"embeddable":true,"href":"https:\/\/www.oitaperunense.com.br\/site\/wp-json\/wp\/v2\/media\/394017"}],"wp:attachment":[{"href":"https:\/\/www.oitaperunense.com.br\/site\/wp-json\/wp\/v2\/media?parent=394016"}],"wp:term":[{"taxonomy":"category","embeddable":true,"href":"https:\/\/www.oitaperunense.com.br\/site\/wp-json\/wp\/v2\/categories?post=394016"},{"taxonomy":"post_tag","embeddable":true,"href":"https:\/\/www.oitaperunense.com.br\/site\/wp-json\/wp\/v2\/tags?post=394016"}],"curies":[{"name":"wp","href":"https:\/\/api.w.org\/{rel}","templated":true}]}}