{"id":393203,"date":"2023-10-07T07:36:42","date_gmt":"2023-10-07T10:36:42","guid":{"rendered":"https:\/\/www.oitaperunense.com.br\/site\/?p=393203"},"modified":"2023-10-07T07:36:42","modified_gmt":"2023-10-07T10:36:42","slug":"deputado-murillo-gouvea-quer-o-inicio-imediato-das-obras-do-aeroporto-de-itaperuna","status":"publish","type":"post","link":"https:\/\/www.oitaperunense.com.br\/site\/deputado-murillo-gouvea-quer-o-inicio-imediato-das-obras-do-aeroporto-de-itaperuna\/","title":{"rendered":"Deputado Murillo Gouv\u00eaa quer o in\u00edcio imediato das obras do Aeroporto de Itaperuna"},"content":{"rendered":"<p class=\"yiv6121941959ydp3b6b185p1\" style=\"text-align: center;\"><strong><span class=\"yiv6121941959ydp3b6b185s1\">Murillo Gouv\u00eaa junto ao Ministro de Portos e Aeroportos, Silvio Costa Filho<\/span><\/strong><\/p>\n<p class=\"yiv6121941959ydp3b6b185p1\" style=\"text-align: justify;\"><span class=\"yiv6121941959ydp3b6b185s1\">O deputado federal, Murillo Gouv\u00eaa (Uni\u00e3o-RJ), intensificou nos \u00faltimos dias a necessidade do in\u00edcio imediato das obras do Aeroporto Ernani do Amaral Peixoto, o \u00fanico do Noroeste Fluminense que fica no Munic\u00edpio de Itaperuna. Em reuni\u00e3o com o Ministro de Portos e Aeroportos, Silvio Costa Filho, o parlamentar tratou pessoalmente do assunto.&nbsp;<\/span><\/p>\n<p><!--more--><\/p>\n<p class=\"yiv6121941959ydp3b6b185p1\" style=\"text-align: justify;\"><span class=\"yiv6121941959ydp3b6b185s1\">\u201cH\u00e1 anos fala-se nesse investimento e as melhorias no Aeroporto s\u00e3o esperadas desde a elabora\u00e7\u00e3o do Plano Aerovi\u00e1rio do Estado do Rio de Janeiro \u2013 PAERJ, em 2002\u201d, relatou Murillo Gouv\u00eaa.<\/span><\/p>\n<p class=\"yiv6121941959ydp3b6b185p1\" style=\"text-align: justify;\"><span class=\"yiv6121941959ydp3b6b185s1\">Ainda segundo o deputado, \u201capenas em 2017, com a celebra\u00e7\u00e3o do termo de Compromisso no 18, de 2017, entre a Uni\u00e3o e o Estado do Rio de Janeiro, a expectativa \u00e0 \u00e9poca ganhou materialidade. Ocorre que o Termo de Compromisso foi extinto no come\u00e7o de 2019, por decurso de prazo, de acordo com o Minist\u00e9rio de Infraestrutura, sem que as aguardadas melhorias tenham sido realizadas\u201d.<\/span><\/p>\n<p><img loading=\"lazy\" decoding=\"async\" class=\"alignnone size-full wp-image-393205 aligncenter\" src=\"https:\/\/www.oitaperunense.com.br\/site\/wp-content\/uploads\/2023\/10\/pipipip.jpg\" alt=\"\" width=\"700\" height=\"501\" srcset=\"https:\/\/www.oitaperunense.com.br\/site\/wp-content\/uploads\/2023\/10\/pipipip.jpg 700w, https:\/\/www.oitaperunense.com.br\/site\/wp-content\/uploads\/2023\/10\/pipipip-300x215.jpg 300w\" sizes=\"auto, (max-width: 700px) 100vw, 700px\" \/><\/p>\n<p class=\"yiv6121941959ydp3b6b185p1\" style=\"text-align: justify;\"><span class=\"yiv6121941959ydp3b6b185s1\">&#8211; A aus\u00eancia de rotas aerovi\u00e1rias na regi\u00e3o Noroeste do estado tem prejudicado e muito toda regi\u00e3o. Itaperuna tem, de acordo com o Censo de 2021, 104.354 habitantes, o que corresponde a 30,2% da popula\u00e7\u00e3o do Noroeste Fluminense, e a regi\u00e3o como um todo ultrapassa os 300.000 habitantes. Precisamos dessa entrega para que a regi\u00e3o se desenvolva, e vamos seguir lutando por mais essa bandeira que \u00e9 fazer funcionar o Aeroporto de Itaperuna &#8211; concluiu o deputado Murillo Gouv\u00eaa.<\/span><\/p>\n","protected":false},"excerpt":{"rendered":"<p>Murillo Gouv\u00eaa junto ao Ministro de Portos e Aeroportos, Silvio Costa Filho O deputado federal, Murillo Gouv\u00eaa (Uni\u00e3o-RJ), intensificou nos \u00faltimos dias a necessidade do in\u00edcio imediato das obras do Aeroporto Ernani do Amaral Peixoto, o \u00fanico do Noroeste Fluminense que fica no Munic\u00edpio de Itaperuna. Em reuni\u00e3o com o Ministro de Portos e Aeroportos, [&hellip;]<\/p>\n","protected":false},"author":19,"featured_media":393204,"comment_status":"open","ping_status":"closed","sticky":false,"template":"","format":"standard","meta":{"ngg_post_thumbnail":0,"footnotes":""},"categories":[91],"tags":[],"class_list":["post-393203","post","type-post","status-publish","format-standard","has-post-thumbnail","hentry","category-geral"],"yoast_head":"<!-- This site is optimized with the Yoast SEO plugin v20.11 - https:\/\/yoast.com\/wordpress\/plugins\/seo\/ -->\n<title>Deputado Murillo Gouv\u00eaa quer o in\u00edcio imediato das obras do Aeroporto de Itaperuna - O Itaperunense<\/title>\n<meta name=\"robots\" content=\"index, follow, max-snippet:-1, max-image-preview:large, max-video-preview:-1\" \/>\n<link rel=\"canonical\" href=\"https:\/\/www.oitaperunense.com.br\/site\/deputado-murillo-gouvea-quer-o-inicio-imediato-das-obras-do-aeroporto-de-itaperuna\/\" \/>\n<meta property=\"og:locale\" content=\"pt_BR\" \/>\n<meta property=\"og:type\" content=\"article\" \/>\n<meta property=\"og:title\" content=\"Deputado Murillo Gouv\u00eaa quer o in\u00edcio imediato das obras do Aeroporto de Itaperuna - O Itaperunense\" \/>\n<meta property=\"og:description\" content=\"Murillo Gouv\u00eaa junto ao Ministro de Portos e Aeroportos, Silvio Costa Filho O deputado federal, Murillo Gouv\u00eaa (Uni\u00e3o-RJ), intensificou nos \u00faltimos dias a necessidade do in\u00edcio imediato das obras do Aeroporto Ernani do Amaral Peixoto, o \u00fanico do Noroeste Fluminense que fica no Munic\u00edpio de Itaperuna. Em reuni\u00e3o com o Ministro de Portos e Aeroportos, [&hellip;]\" \/>\n<meta property=\"og:url\" content=\"https:\/\/www.oitaperunense.com.br\/site\/deputado-murillo-gouvea-quer-o-inicio-imediato-das-obras-do-aeroporto-de-itaperuna\/\" \/>\n<meta property=\"og:site_name\" content=\"O Itaperunense\" \/>\n<meta property=\"article:publisher\" content=\"https:\/\/www.facebook.com\/jornaloitaperunense\" \/>\n<meta property=\"article:published_time\" content=\"2023-10-07T10:36:42+00:00\" \/>\n<meta property=\"og:image\" content=\"https:\/\/www.oitaperunense.com.br\/site\/wp-content\/uploads\/2023\/10\/pepepe.jpg\" \/>\n\t<meta property=\"og:image:width\" content=\"700\" \/>\n\t<meta property=\"og:image:height\" content=\"559\" \/>\n\t<meta property=\"og:image:type\" content=\"image\/jpeg\" \/>\n<meta name=\"author\" content=\"Andr\u00e9\" \/>\n<meta name=\"twitter:card\" content=\"summary_large_image\" \/>\n<meta name=\"twitter:label1\" content=\"Escrito por\" \/>\n\t<meta name=\"twitter:data1\" content=\"Andr\u00e9\" \/>\n\t<meta name=\"twitter:label2\" content=\"Est. tempo de leitura\" \/>\n\t<meta name=\"twitter:data2\" content=\"2 minutos\" \/>\n<script type=\"application\/ld+json\" class=\"yoast-schema-graph\">{\"@context\":\"https:\/\/schema.org\",\"@graph\":[{\"@type\":\"WebPage\",\"@id\":\"https:\/\/www.oitaperunense.com.br\/site\/deputado-murillo-gouvea-quer-o-inicio-imediato-das-obras-do-aeroporto-de-itaperuna\/\",\"url\":\"https:\/\/www.oitaperunense.com.br\/site\/deputado-murillo-gouvea-quer-o-inicio-imediato-das-obras-do-aeroporto-de-itaperuna\/\",\"name\":\"Deputado Murillo Gouv\u00eaa quer o in\u00edcio imediato das obras do Aeroporto de Itaperuna - O Itaperunense\",\"isPartOf\":{\"@id\":\"https:\/\/www.oitaperunense.com.br\/site\/#website\"},\"datePublished\":\"2023-10-07T10:36:42+00:00\",\"dateModified\":\"2023-10-07T10:36:42+00:00\",\"author\":{\"@id\":\"https:\/\/www.oitaperunense.com.br\/site\/#\/schema\/person\/4a5b86c112157bc0a4492f4fd6b7939f\"},\"breadcrumb\":{\"@id\":\"https:\/\/www.oitaperunense.com.br\/site\/deputado-murillo-gouvea-quer-o-inicio-imediato-das-obras-do-aeroporto-de-itaperuna\/#breadcrumb\"},\"inLanguage\":\"pt-BR\",\"potentialAction\":[{\"@type\":\"ReadAction\",\"target\":[\"https:\/\/www.oitaperunense.com.br\/site\/deputado-murillo-gouvea-quer-o-inicio-imediato-das-obras-do-aeroporto-de-itaperuna\/\"]}]},{\"@type\":\"BreadcrumbList\",\"@id\":\"https:\/\/www.oitaperunense.com.br\/site\/deputado-murillo-gouvea-quer-o-inicio-imediato-das-obras-do-aeroporto-de-itaperuna\/#breadcrumb\",\"itemListElement\":[{\"@type\":\"ListItem\",\"position\":1,\"name\":\"Home\",\"item\":\"https:\/\/www.oitaperunense.com.br\/site\/\"},{\"@type\":\"ListItem\",\"position\":2,\"name\":\"Deputado Murillo Gouv\u00eaa quer o in\u00edcio imediato das obras do Aeroporto de Itaperuna\"}]},{\"@type\":\"WebSite\",\"@id\":\"https:\/\/www.oitaperunense.com.br\/site\/#website\",\"url\":\"https:\/\/www.oitaperunense.com.br\/site\/\",\"name\":\"O Itaperunense\",\"description\":\"\",\"potentialAction\":[{\"@type\":\"SearchAction\",\"target\":{\"@type\":\"EntryPoint\",\"urlTemplate\":\"https:\/\/www.oitaperunense.com.br\/site\/?s={search_term_string}\"},\"query-input\":\"required name=search_term_string\"}],\"inLanguage\":\"pt-BR\"},{\"@type\":\"Person\",\"@id\":\"https:\/\/www.oitaperunense.com.br\/site\/#\/schema\/person\/4a5b86c112157bc0a4492f4fd6b7939f\",\"name\":\"Andr\u00e9\",\"image\":{\"@type\":\"ImageObject\",\"inLanguage\":\"pt-BR\",\"@id\":\"https:\/\/www.oitaperunense.com.br\/site\/#\/schema\/person\/image\/\",\"url\":\"https:\/\/secure.gravatar.com\/avatar\/7a7a912ec2c8cd6a390040b03329ee7a71bbd5f81ac3557b6a68208f263fc97b?s=96&d=mm&r=g\",\"contentUrl\":\"https:\/\/secure.gravatar.com\/avatar\/7a7a912ec2c8cd6a390040b03329ee7a71bbd5f81ac3557b6a68208f263fc97b?s=96&d=mm&r=g\",\"caption\":\"Andr\u00e9\"},\"url\":\"https:\/\/www.oitaperunense.com.br\/site\/author\/andre\/\"}]}<\/script>\n<!-- \/ Yoast SEO plugin. -->","yoast_head_json":{"title":"Deputado Murillo Gouv\u00eaa quer o in\u00edcio imediato das obras do Aeroporto de Itaperuna - O Itaperunense","robots":{"index":"index","follow":"follow","max-snippet":"max-snippet:-1","max-image-preview":"max-image-preview:large","max-video-preview":"max-video-preview:-1"},"canonical":"https:\/\/www.oitaperunense.com.br\/site\/deputado-murillo-gouvea-quer-o-inicio-imediato-das-obras-do-aeroporto-de-itaperuna\/","og_locale":"pt_BR","og_type":"article","og_title":"Deputado Murillo Gouv\u00eaa quer o in\u00edcio imediato das obras do Aeroporto de Itaperuna - O Itaperunense","og_description":"Murillo Gouv\u00eaa junto ao Ministro de Portos e Aeroportos, Silvio Costa Filho O deputado federal, Murillo Gouv\u00eaa (Uni\u00e3o-RJ), intensificou nos \u00faltimos dias a necessidade do in\u00edcio imediato das obras do Aeroporto Ernani do Amaral Peixoto, o \u00fanico do Noroeste Fluminense que fica no Munic\u00edpio de Itaperuna. Em reuni\u00e3o com o Ministro de Portos e Aeroportos, [&hellip;]","og_url":"https:\/\/www.oitaperunense.com.br\/site\/deputado-murillo-gouvea-quer-o-inicio-imediato-das-obras-do-aeroporto-de-itaperuna\/","og_site_name":"O Itaperunense","article_publisher":"https:\/\/www.facebook.com\/jornaloitaperunense","article_published_time":"2023-10-07T10:36:42+00:00","og_image":[{"width":700,"height":559,"url":"https:\/\/www.oitaperunense.com.br\/site\/wp-content\/uploads\/2023\/10\/pepepe.jpg","type":"image\/jpeg"}],"author":"Andr\u00e9","twitter_card":"summary_large_image","twitter_misc":{"Escrito por":"Andr\u00e9","Est. tempo de leitura":"2 minutos"},"schema":{"@context":"https:\/\/schema.org","@graph":[{"@type":"WebPage","@id":"https:\/\/www.oitaperunense.com.br\/site\/deputado-murillo-gouvea-quer-o-inicio-imediato-das-obras-do-aeroporto-de-itaperuna\/","url":"https:\/\/www.oitaperunense.com.br\/site\/deputado-murillo-gouvea-quer-o-inicio-imediato-das-obras-do-aeroporto-de-itaperuna\/","name":"Deputado Murillo Gouv\u00eaa quer o in\u00edcio imediato das obras do Aeroporto de Itaperuna - O Itaperunense","isPartOf":{"@id":"https:\/\/www.oitaperunense.com.br\/site\/#website"},"datePublished":"2023-10-07T10:36:42+00:00","dateModified":"2023-10-07T10:36:42+00:00","author":{"@id":"https:\/\/www.oitaperunense.com.br\/site\/#\/schema\/person\/4a5b86c112157bc0a4492f4fd6b7939f"},"breadcrumb":{"@id":"https:\/\/www.oitaperunense.com.br\/site\/deputado-murillo-gouvea-quer-o-inicio-imediato-das-obras-do-aeroporto-de-itaperuna\/#breadcrumb"},"inLanguage":"pt-BR","potentialAction":[{"@type":"ReadAction","target":["https:\/\/www.oitaperunense.com.br\/site\/deputado-murillo-gouvea-quer-o-inicio-imediato-das-obras-do-aeroporto-de-itaperuna\/"]}]},{"@type":"BreadcrumbList","@id":"https:\/\/www.oitaperunense.com.br\/site\/deputado-murillo-gouvea-quer-o-inicio-imediato-das-obras-do-aeroporto-de-itaperuna\/#breadcrumb","itemListElement":[{"@type":"ListItem","position":1,"name":"Home","item":"https:\/\/www.oitaperunense.com.br\/site\/"},{"@type":"ListItem","position":2,"name":"Deputado Murillo Gouv\u00eaa quer o in\u00edcio imediato das obras do Aeroporto de Itaperuna"}]},{"@type":"WebSite","@id":"https:\/\/www.oitaperunense.com.br\/site\/#website","url":"https:\/\/www.oitaperunense.com.br\/site\/","name":"O Itaperunense","description":"","potentialAction":[{"@type":"SearchAction","target":{"@type":"EntryPoint","urlTemplate":"https:\/\/www.oitaperunense.com.br\/site\/?s={search_term_string}"},"query-input":"required name=search_term_string"}],"inLanguage":"pt-BR"},{"@type":"Person","@id":"https:\/\/www.oitaperunense.com.br\/site\/#\/schema\/person\/4a5b86c112157bc0a4492f4fd6b7939f","name":"Andr\u00e9","image":{"@type":"ImageObject","inLanguage":"pt-BR","@id":"https:\/\/www.oitaperunense.com.br\/site\/#\/schema\/person\/image\/","url":"https:\/\/secure.gravatar.com\/avatar\/7a7a912ec2c8cd6a390040b03329ee7a71bbd5f81ac3557b6a68208f263fc97b?s=96&d=mm&r=g","contentUrl":"https:\/\/secure.gravatar.com\/avatar\/7a7a912ec2c8cd6a390040b03329ee7a71bbd5f81ac3557b6a68208f263fc97b?s=96&d=mm&r=g","caption":"Andr\u00e9"},"url":"https:\/\/www.oitaperunense.com.br\/site\/author\/andre\/"}]}},"cc_featured_image_caption":{"caption_text":"","source_text":"","source_url":""},"_links":{"self":[{"href":"https:\/\/www.oitaperunense.com.br\/site\/wp-json\/wp\/v2\/posts\/393203","targetHints":{"allow":["GET"]}}],"collection":[{"href":"https:\/\/www.oitaperunense.com.br\/site\/wp-json\/wp\/v2\/posts"}],"about":[{"href":"https:\/\/www.oitaperunense.com.br\/site\/wp-json\/wp\/v2\/types\/post"}],"author":[{"embeddable":true,"href":"https:\/\/www.oitaperunense.com.br\/site\/wp-json\/wp\/v2\/users\/19"}],"replies":[{"embeddable":true,"href":"https:\/\/www.oitaperunense.com.br\/site\/wp-json\/wp\/v2\/comments?post=393203"}],"version-history":[{"count":2,"href":"https:\/\/www.oitaperunense.com.br\/site\/wp-json\/wp\/v2\/posts\/393203\/revisions"}],"predecessor-version":[{"id":393207,"href":"https:\/\/www.oitaperunense.com.br\/site\/wp-json\/wp\/v2\/posts\/393203\/revisions\/393207"}],"wp:featuredmedia":[{"embeddable":true,"href":"https:\/\/www.oitaperunense.com.br\/site\/wp-json\/wp\/v2\/media\/393204"}],"wp:attachment":[{"href":"https:\/\/www.oitaperunense.com.br\/site\/wp-json\/wp\/v2\/media?parent=393203"}],"wp:term":[{"taxonomy":"category","embeddable":true,"href":"https:\/\/www.oitaperunense.com.br\/site\/wp-json\/wp\/v2\/categories?post=393203"},{"taxonomy":"post_tag","embeddable":true,"href":"https:\/\/www.oitaperunense.com.br\/site\/wp-json\/wp\/v2\/tags?post=393203"}],"curies":[{"name":"wp","href":"https:\/\/api.w.org\/{rel}","templated":true}]}}