{"id":393192,"date":"2023-10-06T09:24:41","date_gmt":"2023-10-06T12:24:41","guid":{"rendered":"https:\/\/www.oitaperunense.com.br\/site\/?p=393192"},"modified":"2023-10-06T09:24:41","modified_gmt":"2023-10-06T12:24:41","slug":"saude-setor-de-marcacao-de-fichas-contribui-com-gestao-eficaz-de-informacoes-no-csrt-de-itaperuna","status":"publish","type":"post","link":"https:\/\/www.oitaperunense.com.br\/site\/saude-setor-de-marcacao-de-fichas-contribui-com-gestao-eficaz-de-informacoes-no-csrt-de-itaperuna\/","title":{"rendered":"Sa\u00fade: Setor de \u2018Marca\u00e7\u00e3o de Fichas\u2019 contribui com gest\u00e3o eficaz de informa\u00e7\u00f5es no CSRT de Itaperuna"},"content":{"rendered":"<p class=\"yiv8990111856MsoNormal\" style=\"text-align: center;\"><strong>Prefeitura de Itaperuna atrav\u00e9s da Secretaria Municipal de Sa\u00fade, trabalha com o intuito de proporcionar um atendimento de qualidade para os mun\u00edcipes<\/strong><\/p>\n<p class=\"yiv8990111856MsoNormal\" style=\"text-align: justify;\">O prefeito Alfredo Paulo Marques Rodrigues, Alfred\u00e3o; juntamente com o secret\u00e1rio municipal de Sa\u00fade Marcelo Poeys, n\u00e3o medem esfor\u00e7os na busca por alternativas que beneficiem a popula\u00e7\u00e3o. A equipe do CSRT (Centro de Sa\u00fade Dr. Raul Travassos) tamb\u00e9m segue trabalhando com afinco, visando o melhor para o cidad\u00e3o. O setor de \u2018Marca\u00e7\u00e3o de Fichas\u2019 desempenha um papel crucial na organiza\u00e7\u00e3o dos servi\u00e7os; respons\u00e1vel por agendar consultas m\u00e9dicas, garantindo que os pacientes sejam atendidos de maneira eficiente. Ao gerenciar o agendamento de consultas, o setor ajuda a otimizar os servi\u00e7os de sa\u00fade.<\/p>\n<p><!--more--><\/p>\n<p class=\"yiv8990111856MsoNormal\" style=\"text-align: justify;\">O setor ainda contribui para uma melhor experi\u00eancia do paciente, podendo agendar consultas de acordo com sua conveni\u00eancia, redu\u00e7\u00e3o do tempo de espera e comodidade de um atendimento mais personalizado. Ao manter registros precisos de agendamentos, o setor de \u2018Marca\u00e7\u00e3o de Fichas\u2019 contribui para uma gest\u00e3o eficaz das informa\u00e7\u00f5es relacionadas aos pacientes.<\/p>\n<p class=\"yiv8990111856MsoNormal\" style=\"text-align: justify;\">A marca\u00e7\u00e3o das fichas para atendimento m\u00e9dico e outras especialidades acontecem de segunda a sexta-feira, das 6h \u00e0s 14h. Confira as especialidades oferecidas pelo Centro de Sa\u00fade Dr. Raul Travassos e seus respectivos dias de atendimento!<\/p>\n<p class=\"yiv8990111856MsoNormal\" style=\"text-align: justify;\"><strong>SEGUNDA-FEIRA: pediatra, neuropediatra, end\u00f3crino pediatra, dermato pediatra, fonoaudi\u00f3logo, dermatologia, biopsia e alergista.<\/strong><\/p>\n<p class=\"yiv8990111856MsoNormal\" style=\"text-align: justify;\"><strong>TER\u00c7A-FEIRA: ortopedista, angiologia, ginecologista e hematologia.<\/strong><\/p>\n<p class=\"yiv8990111856MsoNormal\" style=\"text-align: justify;\"><strong>QUARTA-FEIRA: urologia, neurologia, psiquiatria, psicologia, m\u00e9dico do sono, oftalmologista e nutricionista.<\/strong><\/p>\n<p class=\"yiv8990111856MsoNormal\" style=\"text-align: justify;\"><strong>QUINTA-FEIRA: cardiologia, cirurgia geral, pneumologia, gastroenterologia e reumatologia.<\/strong><\/p>\n<p class=\"yiv8990111856MsoNormal\" style=\"text-align: justify;\"><strong>SEXTA-FEIRA: otorrinolaringologia, cl\u00ednica m\u00e9dica, geriatra e endocrinologia.<\/strong><\/p>\n<p class=\"yiv8990111856MsoNormal\" style=\"text-align: justify;\">Acompanhe as not\u00edcias e informa\u00e7\u00f5es sobre a Secretaria Municipal de Sa\u00fade e demais secretarias, pelas redes sociais da Prefeitura de Itaperuna!<\/p>\n<p class=\"yiv8990111856MsoNormal\" style=\"text-align: justify;\"><b><i>Com informa\u00e7\u00f5es: DECOM\/Itaperuna\/RJ<\/i><\/b><\/p>\n","protected":false},"excerpt":{"rendered":"<p>Prefeitura de Itaperuna atrav\u00e9s da Secretaria Municipal de Sa\u00fade, trabalha com o intuito de proporcionar um atendimento de qualidade para os mun\u00edcipes O prefeito Alfredo Paulo Marques Rodrigues, Alfred\u00e3o; juntamente com o secret\u00e1rio municipal de Sa\u00fade Marcelo Poeys, n\u00e3o medem esfor\u00e7os na busca por alternativas que beneficiem a popula\u00e7\u00e3o. A equipe do CSRT (Centro de [&hellip;]<\/p>\n","protected":false},"author":19,"featured_media":393193,"comment_status":"open","ping_status":"closed","sticky":false,"template":"","format":"standard","meta":{"ngg_post_thumbnail":0,"footnotes":""},"categories":[91],"tags":[],"class_list":["post-393192","post","type-post","status-publish","format-standard","has-post-thumbnail","hentry","category-geral"],"yoast_head":"<!-- This site is optimized with the Yoast SEO plugin v20.11 - https:\/\/yoast.com\/wordpress\/plugins\/seo\/ -->\n<title>Sa\u00fade: Setor de \u2018Marca\u00e7\u00e3o de Fichas\u2019 contribui com gest\u00e3o eficaz de informa\u00e7\u00f5es no CSRT de Itaperuna - O Itaperunense<\/title>\n<meta name=\"robots\" content=\"index, follow, max-snippet:-1, max-image-preview:large, max-video-preview:-1\" \/>\n<link rel=\"canonical\" href=\"https:\/\/www.oitaperunense.com.br\/site\/saude-setor-de-marcacao-de-fichas-contribui-com-gestao-eficaz-de-informacoes-no-csrt-de-itaperuna\/\" \/>\n<meta property=\"og:locale\" content=\"pt_BR\" \/>\n<meta property=\"og:type\" content=\"article\" \/>\n<meta property=\"og:title\" content=\"Sa\u00fade: Setor de \u2018Marca\u00e7\u00e3o de Fichas\u2019 contribui com gest\u00e3o eficaz de informa\u00e7\u00f5es no CSRT de Itaperuna - O Itaperunense\" \/>\n<meta property=\"og:description\" content=\"Prefeitura de Itaperuna atrav\u00e9s da Secretaria Municipal de Sa\u00fade, trabalha com o intuito de proporcionar um atendimento de qualidade para os mun\u00edcipes O prefeito Alfredo Paulo Marques Rodrigues, Alfred\u00e3o; juntamente com o secret\u00e1rio municipal de Sa\u00fade Marcelo Poeys, n\u00e3o medem esfor\u00e7os na busca por alternativas que beneficiem a popula\u00e7\u00e3o. A equipe do CSRT (Centro de [&hellip;]\" \/>\n<meta property=\"og:url\" content=\"https:\/\/www.oitaperunense.com.br\/site\/saude-setor-de-marcacao-de-fichas-contribui-com-gestao-eficaz-de-informacoes-no-csrt-de-itaperuna\/\" \/>\n<meta property=\"og:site_name\" content=\"O Itaperunense\" \/>\n<meta property=\"article:publisher\" content=\"https:\/\/www.facebook.com\/jornaloitaperunense\" \/>\n<meta property=\"article:published_time\" content=\"2023-10-06T12:24:41+00:00\" \/>\n<meta property=\"og:image\" content=\"https:\/\/www.oitaperunense.com.br\/site\/wp-content\/uploads\/2023\/10\/setor.jpg\" \/>\n\t<meta property=\"og:image:width\" content=\"700\" \/>\n\t<meta property=\"og:image:height\" content=\"505\" \/>\n\t<meta property=\"og:image:type\" content=\"image\/jpeg\" \/>\n<meta name=\"author\" content=\"Andr\u00e9\" \/>\n<meta name=\"twitter:card\" content=\"summary_large_image\" \/>\n<meta name=\"twitter:label1\" content=\"Escrito por\" \/>\n\t<meta name=\"twitter:data1\" content=\"Andr\u00e9\" \/>\n\t<meta name=\"twitter:label2\" content=\"Est. tempo de leitura\" \/>\n\t<meta name=\"twitter:data2\" content=\"2 minutos\" \/>\n<script type=\"application\/ld+json\" class=\"yoast-schema-graph\">{\"@context\":\"https:\/\/schema.org\",\"@graph\":[{\"@type\":\"WebPage\",\"@id\":\"https:\/\/www.oitaperunense.com.br\/site\/saude-setor-de-marcacao-de-fichas-contribui-com-gestao-eficaz-de-informacoes-no-csrt-de-itaperuna\/\",\"url\":\"https:\/\/www.oitaperunense.com.br\/site\/saude-setor-de-marcacao-de-fichas-contribui-com-gestao-eficaz-de-informacoes-no-csrt-de-itaperuna\/\",\"name\":\"Sa\u00fade: Setor de \u2018Marca\u00e7\u00e3o de Fichas\u2019 contribui com gest\u00e3o eficaz de informa\u00e7\u00f5es no CSRT de Itaperuna - O Itaperunense\",\"isPartOf\":{\"@id\":\"https:\/\/www.oitaperunense.com.br\/site\/#website\"},\"datePublished\":\"2023-10-06T12:24:41+00:00\",\"dateModified\":\"2023-10-06T12:24:41+00:00\",\"author\":{\"@id\":\"https:\/\/www.oitaperunense.com.br\/site\/#\/schema\/person\/4a5b86c112157bc0a4492f4fd6b7939f\"},\"breadcrumb\":{\"@id\":\"https:\/\/www.oitaperunense.com.br\/site\/saude-setor-de-marcacao-de-fichas-contribui-com-gestao-eficaz-de-informacoes-no-csrt-de-itaperuna\/#breadcrumb\"},\"inLanguage\":\"pt-BR\",\"potentialAction\":[{\"@type\":\"ReadAction\",\"target\":[\"https:\/\/www.oitaperunense.com.br\/site\/saude-setor-de-marcacao-de-fichas-contribui-com-gestao-eficaz-de-informacoes-no-csrt-de-itaperuna\/\"]}]},{\"@type\":\"BreadcrumbList\",\"@id\":\"https:\/\/www.oitaperunense.com.br\/site\/saude-setor-de-marcacao-de-fichas-contribui-com-gestao-eficaz-de-informacoes-no-csrt-de-itaperuna\/#breadcrumb\",\"itemListElement\":[{\"@type\":\"ListItem\",\"position\":1,\"name\":\"Home\",\"item\":\"https:\/\/www.oitaperunense.com.br\/site\/\"},{\"@type\":\"ListItem\",\"position\":2,\"name\":\"Sa\u00fade: Setor de \u2018Marca\u00e7\u00e3o de Fichas\u2019 contribui com gest\u00e3o eficaz de informa\u00e7\u00f5es no CSRT de Itaperuna\"}]},{\"@type\":\"WebSite\",\"@id\":\"https:\/\/www.oitaperunense.com.br\/site\/#website\",\"url\":\"https:\/\/www.oitaperunense.com.br\/site\/\",\"name\":\"O Itaperunense\",\"description\":\"\",\"potentialAction\":[{\"@type\":\"SearchAction\",\"target\":{\"@type\":\"EntryPoint\",\"urlTemplate\":\"https:\/\/www.oitaperunense.com.br\/site\/?s={search_term_string}\"},\"query-input\":\"required name=search_term_string\"}],\"inLanguage\":\"pt-BR\"},{\"@type\":\"Person\",\"@id\":\"https:\/\/www.oitaperunense.com.br\/site\/#\/schema\/person\/4a5b86c112157bc0a4492f4fd6b7939f\",\"name\":\"Andr\u00e9\",\"image\":{\"@type\":\"ImageObject\",\"inLanguage\":\"pt-BR\",\"@id\":\"https:\/\/www.oitaperunense.com.br\/site\/#\/schema\/person\/image\/\",\"url\":\"https:\/\/secure.gravatar.com\/avatar\/7a7a912ec2c8cd6a390040b03329ee7a71bbd5f81ac3557b6a68208f263fc97b?s=96&d=mm&r=g\",\"contentUrl\":\"https:\/\/secure.gravatar.com\/avatar\/7a7a912ec2c8cd6a390040b03329ee7a71bbd5f81ac3557b6a68208f263fc97b?s=96&d=mm&r=g\",\"caption\":\"Andr\u00e9\"},\"url\":\"https:\/\/www.oitaperunense.com.br\/site\/author\/andre\/\"}]}<\/script>\n<!-- \/ Yoast SEO plugin. -->","yoast_head_json":{"title":"Sa\u00fade: Setor de \u2018Marca\u00e7\u00e3o de Fichas\u2019 contribui com gest\u00e3o eficaz de informa\u00e7\u00f5es no CSRT de Itaperuna - O Itaperunense","robots":{"index":"index","follow":"follow","max-snippet":"max-snippet:-1","max-image-preview":"max-image-preview:large","max-video-preview":"max-video-preview:-1"},"canonical":"https:\/\/www.oitaperunense.com.br\/site\/saude-setor-de-marcacao-de-fichas-contribui-com-gestao-eficaz-de-informacoes-no-csrt-de-itaperuna\/","og_locale":"pt_BR","og_type":"article","og_title":"Sa\u00fade: Setor de \u2018Marca\u00e7\u00e3o de Fichas\u2019 contribui com gest\u00e3o eficaz de informa\u00e7\u00f5es no CSRT de Itaperuna - O Itaperunense","og_description":"Prefeitura de Itaperuna atrav\u00e9s da Secretaria Municipal de Sa\u00fade, trabalha com o intuito de proporcionar um atendimento de qualidade para os mun\u00edcipes O prefeito Alfredo Paulo Marques Rodrigues, Alfred\u00e3o; juntamente com o secret\u00e1rio municipal de Sa\u00fade Marcelo Poeys, n\u00e3o medem esfor\u00e7os na busca por alternativas que beneficiem a popula\u00e7\u00e3o. A equipe do CSRT (Centro de [&hellip;]","og_url":"https:\/\/www.oitaperunense.com.br\/site\/saude-setor-de-marcacao-de-fichas-contribui-com-gestao-eficaz-de-informacoes-no-csrt-de-itaperuna\/","og_site_name":"O Itaperunense","article_publisher":"https:\/\/www.facebook.com\/jornaloitaperunense","article_published_time":"2023-10-06T12:24:41+00:00","og_image":[{"width":700,"height":505,"url":"https:\/\/www.oitaperunense.com.br\/site\/wp-content\/uploads\/2023\/10\/setor.jpg","type":"image\/jpeg"}],"author":"Andr\u00e9","twitter_card":"summary_large_image","twitter_misc":{"Escrito por":"Andr\u00e9","Est. tempo de leitura":"2 minutos"},"schema":{"@context":"https:\/\/schema.org","@graph":[{"@type":"WebPage","@id":"https:\/\/www.oitaperunense.com.br\/site\/saude-setor-de-marcacao-de-fichas-contribui-com-gestao-eficaz-de-informacoes-no-csrt-de-itaperuna\/","url":"https:\/\/www.oitaperunense.com.br\/site\/saude-setor-de-marcacao-de-fichas-contribui-com-gestao-eficaz-de-informacoes-no-csrt-de-itaperuna\/","name":"Sa\u00fade: Setor de \u2018Marca\u00e7\u00e3o de Fichas\u2019 contribui com gest\u00e3o eficaz de informa\u00e7\u00f5es no CSRT de Itaperuna - O Itaperunense","isPartOf":{"@id":"https:\/\/www.oitaperunense.com.br\/site\/#website"},"datePublished":"2023-10-06T12:24:41+00:00","dateModified":"2023-10-06T12:24:41+00:00","author":{"@id":"https:\/\/www.oitaperunense.com.br\/site\/#\/schema\/person\/4a5b86c112157bc0a4492f4fd6b7939f"},"breadcrumb":{"@id":"https:\/\/www.oitaperunense.com.br\/site\/saude-setor-de-marcacao-de-fichas-contribui-com-gestao-eficaz-de-informacoes-no-csrt-de-itaperuna\/#breadcrumb"},"inLanguage":"pt-BR","potentialAction":[{"@type":"ReadAction","target":["https:\/\/www.oitaperunense.com.br\/site\/saude-setor-de-marcacao-de-fichas-contribui-com-gestao-eficaz-de-informacoes-no-csrt-de-itaperuna\/"]}]},{"@type":"BreadcrumbList","@id":"https:\/\/www.oitaperunense.com.br\/site\/saude-setor-de-marcacao-de-fichas-contribui-com-gestao-eficaz-de-informacoes-no-csrt-de-itaperuna\/#breadcrumb","itemListElement":[{"@type":"ListItem","position":1,"name":"Home","item":"https:\/\/www.oitaperunense.com.br\/site\/"},{"@type":"ListItem","position":2,"name":"Sa\u00fade: Setor de \u2018Marca\u00e7\u00e3o de Fichas\u2019 contribui com gest\u00e3o eficaz de informa\u00e7\u00f5es no CSRT de Itaperuna"}]},{"@type":"WebSite","@id":"https:\/\/www.oitaperunense.com.br\/site\/#website","url":"https:\/\/www.oitaperunense.com.br\/site\/","name":"O Itaperunense","description":"","potentialAction":[{"@type":"SearchAction","target":{"@type":"EntryPoint","urlTemplate":"https:\/\/www.oitaperunense.com.br\/site\/?s={search_term_string}"},"query-input":"required name=search_term_string"}],"inLanguage":"pt-BR"},{"@type":"Person","@id":"https:\/\/www.oitaperunense.com.br\/site\/#\/schema\/person\/4a5b86c112157bc0a4492f4fd6b7939f","name":"Andr\u00e9","image":{"@type":"ImageObject","inLanguage":"pt-BR","@id":"https:\/\/www.oitaperunense.com.br\/site\/#\/schema\/person\/image\/","url":"https:\/\/secure.gravatar.com\/avatar\/7a7a912ec2c8cd6a390040b03329ee7a71bbd5f81ac3557b6a68208f263fc97b?s=96&d=mm&r=g","contentUrl":"https:\/\/secure.gravatar.com\/avatar\/7a7a912ec2c8cd6a390040b03329ee7a71bbd5f81ac3557b6a68208f263fc97b?s=96&d=mm&r=g","caption":"Andr\u00e9"},"url":"https:\/\/www.oitaperunense.com.br\/site\/author\/andre\/"}]}},"cc_featured_image_caption":{"caption_text":"","source_text":"","source_url":""},"_links":{"self":[{"href":"https:\/\/www.oitaperunense.com.br\/site\/wp-json\/wp\/v2\/posts\/393192","targetHints":{"allow":["GET"]}}],"collection":[{"href":"https:\/\/www.oitaperunense.com.br\/site\/wp-json\/wp\/v2\/posts"}],"about":[{"href":"https:\/\/www.oitaperunense.com.br\/site\/wp-json\/wp\/v2\/types\/post"}],"author":[{"embeddable":true,"href":"https:\/\/www.oitaperunense.com.br\/site\/wp-json\/wp\/v2\/users\/19"}],"replies":[{"embeddable":true,"href":"https:\/\/www.oitaperunense.com.br\/site\/wp-json\/wp\/v2\/comments?post=393192"}],"version-history":[{"count":1,"href":"https:\/\/www.oitaperunense.com.br\/site\/wp-json\/wp\/v2\/posts\/393192\/revisions"}],"predecessor-version":[{"id":393194,"href":"https:\/\/www.oitaperunense.com.br\/site\/wp-json\/wp\/v2\/posts\/393192\/revisions\/393194"}],"wp:featuredmedia":[{"embeddable":true,"href":"https:\/\/www.oitaperunense.com.br\/site\/wp-json\/wp\/v2\/media\/393193"}],"wp:attachment":[{"href":"https:\/\/www.oitaperunense.com.br\/site\/wp-json\/wp\/v2\/media?parent=393192"}],"wp:term":[{"taxonomy":"category","embeddable":true,"href":"https:\/\/www.oitaperunense.com.br\/site\/wp-json\/wp\/v2\/categories?post=393192"},{"taxonomy":"post_tag","embeddable":true,"href":"https:\/\/www.oitaperunense.com.br\/site\/wp-json\/wp\/v2\/tags?post=393192"}],"curies":[{"name":"wp","href":"https:\/\/api.w.org\/{rel}","templated":true}]}}