{"id":393184,"date":"2023-10-05T15:55:32","date_gmt":"2023-10-05T18:55:32","guid":{"rendered":"https:\/\/www.oitaperunense.com.br\/site\/?p=393184"},"modified":"2023-10-05T15:57:28","modified_gmt":"2023-10-05T18:57:28","slug":"centro-da-doenca-de-alzheimer-e-parkinson-realiza-importante-trabalho-em-itaperuna","status":"publish","type":"post","link":"https:\/\/www.oitaperunense.com.br\/site\/centro-da-doenca-de-alzheimer-e-parkinson-realiza-importante-trabalho-em-itaperuna\/","title":{"rendered":"Centro da Doen\u00e7a de Alzheimer e Parkinson realiza importante trabalho em Itaperuna"},"content":{"rendered":"<p class=\"yiv9804155997MsoNormal\" style=\"text-align: center;\"><strong>Com uma equipe interdisciplinar, composta por profissionais qualificados e dedicados, s\u00e3o realizados atendimentos que visam proporcionar uma melhor qualidade de vida aos assistidos<\/strong><\/p>\n<p class=\"yiv9804155997MsoNormal\" style=\"text-align: justify;\">Em Itaperuna, a Secretaria Municipal de Sa\u00fade desenvolve uma s\u00e9rie de programas, projetos e a\u00e7\u00f5es importantes, que se destacam na regi\u00e3o. Entre eles, o CDA\/CDP (Centro da Doen\u00e7a de Alzheimer e Parkinson), que atende uma parcela da popula\u00e7\u00e3o, que precisa de cuidados especiais.<\/p>\n<p><!--more--><\/p>\n<p class=\"yiv9804155997MsoNormal\" style=\"text-align: justify;\">Dentre os trabalhos realizados pela equipe do CDA\/CDP, a estimula\u00e7\u00e3o cognitiva para idosos, voltadas para o Alzheimer. O c\u00e9rebro quando \u00e9 estimulado, ativa novas conex\u00f5es entre os neur\u00f4nios, aumentando ainda mais sua capacidade, melhorando a mem\u00f3ria, criatividade, concentra\u00e7\u00e3o e o racioc\u00ednio. Tamb\u00e9m s\u00e3o desenvolvidas a\u00e7\u00f5es, que estimulam as habilidades socioemocionais.<\/p>\n<p class=\"yiv9804155997MsoNormal\" style=\"text-align: justify;\">O CDA\/CDP tem como objetivo confirmar a perda das fun\u00e7\u00f5es cognitivas ocasionadas pela doen\u00e7a Alzheimer, para que o paciente em quest\u00e3o, possa ser inclu\u00eddo no processo de solicita\u00e7\u00e3o de medicamentos, junto \u00e0 Farm\u00e1cia dos Componentes Especializados &#8211; Secretaria Municipal de Sa\u00fade.<\/p>\n<p class=\"yiv9804155997MsoNormal\" style=\"text-align: justify;\">O setor ainda oferece outros servi\u00e7os, como por exemplo, estimula\u00e7\u00e3o cognitiva; grupo de apoio aos familiares e\/ou cuidadores; reavalia\u00e7\u00e3o e acompanhamento do processo de evolu\u00e7\u00e3o das doen\u00e7as, fisioterapia voltada para os pacientes de Parkinson; e outros servi\u00e7os mais.<\/p>\n<p style=\"text-align: center;\"><img loading=\"lazy\" decoding=\"async\" class=\"alignnone size-full wp-image-393187 aligncenter\" src=\"https:\/\/www.oitaperunense.com.br\/site\/wp-content\/uploads\/2023\/10\/STY3.jpg\" alt=\"\" width=\"700\" height=\"456\" srcset=\"https:\/\/www.oitaperunense.com.br\/site\/wp-content\/uploads\/2023\/10\/STY3.jpg 700w, https:\/\/www.oitaperunense.com.br\/site\/wp-content\/uploads\/2023\/10\/STY3-300x195.jpg 300w\" sizes=\"auto, (max-width: 700px) 100vw, 700px\" \/><strong>O CDA\/CDP est\u00e1 localizado na Rua 10 de Maio, n\u00famero 893, anexo ao Posto de Sa\u00fade Dr. Raul Travassos. O atendimento acontece de segunda a sexta-feira, das 8h \u00e0s 16h<\/strong><\/p>\n<p class=\"yiv9804155997MsoNormal\" style=\"text-align: justify;\">No site do Minist\u00e9rio da Sa\u00fade \u00e9 poss\u00edvel conhecer alguns sintomas dessas doen\u00e7as:<\/p>\n<p class=\"yiv9804155997MsoNormal\" style=\"text-align: justify;\"><b>SINTOMAS &#8211; ALZHEIMER<\/b><\/p>\n<p class=\"yiv9804155997MsoNormal\" style=\"text-align: justify;\">Falta de mem\u00f3ria para acontecimentos recentes; repeti\u00e7\u00e3o da mesma pergunta v\u00e1rias vezes; dificuldade para acompanhar conversa\u00e7\u00f5es ou pensamentos complexos; incapacidade de elaborar estrat\u00e9gias para resolver problemas; dificuldade para dirigir autom\u00f3vel e encontrar caminhos conhecidos; dificuldade para encontrar palavras que exprimam ideias ou sentimentos pessoais; irritabilidade, desconfian\u00e7a injustificada, agressividade, passividade, interpreta\u00e7\u00f5es erradas de est\u00edmulos visuais ou auditivos, tend\u00eancia ao isolamento.<\/p>\n<p class=\"yiv9804155997MsoNormal\" style=\"text-align: justify;\"><b>SINTOMAS &#8211; PARKINSON<\/b><\/p>\n<p class=\"yiv9804155997MsoNormal\" style=\"text-align: justify;\">A hist\u00f3ria de quem \u00e9 acometido pela doen\u00e7a de Parkinson consiste num aumento gradual dos tremores, maior lentid\u00e3o de movimentos, caminhar arrastando os p\u00e9s, postura inclinada para frente. O tremor afeta os dedos ou as m\u00e3os, mas pode tamb\u00e9m afetar o queixo, a cabe\u00e7a ou os p\u00e9s. Pode ocorrer num lado do corpo ou nos dois, e pode ser mais intenso num lado que no outro. O tremor ocorre quando nenhum movimento est\u00e1 sendo executado, e por isso \u00e9 chamado de tremor de repouso.<\/p>\n<p class=\"yiv9804155997MsoNormal\" style=\"text-align: justify;\">Acompanhe as not\u00edcias e informa\u00e7\u00f5es sobre a Secretaria Municipal de Sa\u00fade e demais secretarias, pelas redes sociais da Prefeitura de Itaperuna!<\/p>\n<p class=\"yiv9804155997MsoNormal\" style=\"text-align: justify;\"><b><i>Com informa\u00e7\u00f5es: DECOM\/Itaperuna\/RJ<\/i><\/b><\/p>\n","protected":false},"excerpt":{"rendered":"<p>Com uma equipe interdisciplinar, composta por profissionais qualificados e dedicados, s\u00e3o realizados atendimentos que visam proporcionar uma melhor qualidade de vida aos assistidos Em Itaperuna, a Secretaria Municipal de Sa\u00fade desenvolve uma s\u00e9rie de programas, projetos e a\u00e7\u00f5es importantes, que se destacam na regi\u00e3o. Entre eles, o CDA\/CDP (Centro da Doen\u00e7a de Alzheimer e Parkinson), [&hellip;]<\/p>\n","protected":false},"author":19,"featured_media":393185,"comment_status":"open","ping_status":"closed","sticky":false,"template":"","format":"standard","meta":{"ngg_post_thumbnail":0,"footnotes":""},"categories":[113],"tags":[],"class_list":["post-393184","post","type-post","status-publish","format-standard","has-post-thumbnail","hentry","category-saude"],"yoast_head":"<!-- This site is optimized with the Yoast SEO plugin v20.11 - https:\/\/yoast.com\/wordpress\/plugins\/seo\/ -->\n<title>Centro da Doen\u00e7a de Alzheimer e Parkinson realiza importante trabalho em Itaperuna - O Itaperunense<\/title>\n<meta name=\"robots\" content=\"index, follow, max-snippet:-1, max-image-preview:large, max-video-preview:-1\" \/>\n<link rel=\"canonical\" href=\"https:\/\/www.oitaperunense.com.br\/site\/centro-da-doenca-de-alzheimer-e-parkinson-realiza-importante-trabalho-em-itaperuna\/\" \/>\n<meta property=\"og:locale\" content=\"pt_BR\" \/>\n<meta property=\"og:type\" content=\"article\" \/>\n<meta property=\"og:title\" content=\"Centro da Doen\u00e7a de Alzheimer e Parkinson realiza importante trabalho em Itaperuna - O Itaperunense\" \/>\n<meta property=\"og:description\" content=\"Com uma equipe interdisciplinar, composta por profissionais qualificados e dedicados, s\u00e3o realizados atendimentos que visam proporcionar uma melhor qualidade de vida aos assistidos Em Itaperuna, a Secretaria Municipal de Sa\u00fade desenvolve uma s\u00e9rie de programas, projetos e a\u00e7\u00f5es importantes, que se destacam na regi\u00e3o. Entre eles, o CDA\/CDP (Centro da Doen\u00e7a de Alzheimer e Parkinson), [&hellip;]\" \/>\n<meta property=\"og:url\" content=\"https:\/\/www.oitaperunense.com.br\/site\/centro-da-doenca-de-alzheimer-e-parkinson-realiza-importante-trabalho-em-itaperuna\/\" \/>\n<meta property=\"og:site_name\" content=\"O Itaperunense\" \/>\n<meta property=\"article:publisher\" content=\"https:\/\/www.facebook.com\/jornaloitaperunense\" \/>\n<meta property=\"article:published_time\" content=\"2023-10-05T18:55:32+00:00\" \/>\n<meta property=\"article:modified_time\" content=\"2023-10-05T18:57:28+00:00\" \/>\n<meta property=\"og:image\" content=\"https:\/\/www.oitaperunense.com.br\/site\/wp-content\/uploads\/2023\/10\/STY2.jpg\" \/>\n\t<meta property=\"og:image:width\" content=\"700\" \/>\n\t<meta property=\"og:image:height\" content=\"458\" \/>\n\t<meta property=\"og:image:type\" content=\"image\/jpeg\" \/>\n<meta name=\"author\" content=\"Andr\u00e9\" \/>\n<meta name=\"twitter:card\" content=\"summary_large_image\" \/>\n<meta name=\"twitter:label1\" content=\"Escrito por\" \/>\n\t<meta name=\"twitter:data1\" content=\"Andr\u00e9\" \/>\n\t<meta name=\"twitter:label2\" content=\"Est. tempo de leitura\" \/>\n\t<meta name=\"twitter:data2\" content=\"3 minutos\" \/>\n<script type=\"application\/ld+json\" class=\"yoast-schema-graph\">{\"@context\":\"https:\/\/schema.org\",\"@graph\":[{\"@type\":\"WebPage\",\"@id\":\"https:\/\/www.oitaperunense.com.br\/site\/centro-da-doenca-de-alzheimer-e-parkinson-realiza-importante-trabalho-em-itaperuna\/\",\"url\":\"https:\/\/www.oitaperunense.com.br\/site\/centro-da-doenca-de-alzheimer-e-parkinson-realiza-importante-trabalho-em-itaperuna\/\",\"name\":\"Centro da Doen\u00e7a de Alzheimer e Parkinson realiza importante trabalho em Itaperuna - O Itaperunense\",\"isPartOf\":{\"@id\":\"https:\/\/www.oitaperunense.com.br\/site\/#website\"},\"datePublished\":\"2023-10-05T18:55:32+00:00\",\"dateModified\":\"2023-10-05T18:57:28+00:00\",\"author\":{\"@id\":\"https:\/\/www.oitaperunense.com.br\/site\/#\/schema\/person\/4a5b86c112157bc0a4492f4fd6b7939f\"},\"breadcrumb\":{\"@id\":\"https:\/\/www.oitaperunense.com.br\/site\/centro-da-doenca-de-alzheimer-e-parkinson-realiza-importante-trabalho-em-itaperuna\/#breadcrumb\"},\"inLanguage\":\"pt-BR\",\"potentialAction\":[{\"@type\":\"ReadAction\",\"target\":[\"https:\/\/www.oitaperunense.com.br\/site\/centro-da-doenca-de-alzheimer-e-parkinson-realiza-importante-trabalho-em-itaperuna\/\"]}]},{\"@type\":\"BreadcrumbList\",\"@id\":\"https:\/\/www.oitaperunense.com.br\/site\/centro-da-doenca-de-alzheimer-e-parkinson-realiza-importante-trabalho-em-itaperuna\/#breadcrumb\",\"itemListElement\":[{\"@type\":\"ListItem\",\"position\":1,\"name\":\"Home\",\"item\":\"https:\/\/www.oitaperunense.com.br\/site\/\"},{\"@type\":\"ListItem\",\"position\":2,\"name\":\"Centro da Doen\u00e7a de Alzheimer e Parkinson realiza importante trabalho em Itaperuna\"}]},{\"@type\":\"WebSite\",\"@id\":\"https:\/\/www.oitaperunense.com.br\/site\/#website\",\"url\":\"https:\/\/www.oitaperunense.com.br\/site\/\",\"name\":\"O Itaperunense\",\"description\":\"\",\"potentialAction\":[{\"@type\":\"SearchAction\",\"target\":{\"@type\":\"EntryPoint\",\"urlTemplate\":\"https:\/\/www.oitaperunense.com.br\/site\/?s={search_term_string}\"},\"query-input\":\"required name=search_term_string\"}],\"inLanguage\":\"pt-BR\"},{\"@type\":\"Person\",\"@id\":\"https:\/\/www.oitaperunense.com.br\/site\/#\/schema\/person\/4a5b86c112157bc0a4492f4fd6b7939f\",\"name\":\"Andr\u00e9\",\"image\":{\"@type\":\"ImageObject\",\"inLanguage\":\"pt-BR\",\"@id\":\"https:\/\/www.oitaperunense.com.br\/site\/#\/schema\/person\/image\/\",\"url\":\"https:\/\/secure.gravatar.com\/avatar\/7a7a912ec2c8cd6a390040b03329ee7a71bbd5f81ac3557b6a68208f263fc97b?s=96&d=mm&r=g\",\"contentUrl\":\"https:\/\/secure.gravatar.com\/avatar\/7a7a912ec2c8cd6a390040b03329ee7a71bbd5f81ac3557b6a68208f263fc97b?s=96&d=mm&r=g\",\"caption\":\"Andr\u00e9\"},\"url\":\"https:\/\/www.oitaperunense.com.br\/site\/author\/andre\/\"}]}<\/script>\n<!-- \/ Yoast SEO plugin. -->","yoast_head_json":{"title":"Centro da Doen\u00e7a de Alzheimer e Parkinson realiza importante trabalho em Itaperuna - O Itaperunense","robots":{"index":"index","follow":"follow","max-snippet":"max-snippet:-1","max-image-preview":"max-image-preview:large","max-video-preview":"max-video-preview:-1"},"canonical":"https:\/\/www.oitaperunense.com.br\/site\/centro-da-doenca-de-alzheimer-e-parkinson-realiza-importante-trabalho-em-itaperuna\/","og_locale":"pt_BR","og_type":"article","og_title":"Centro da Doen\u00e7a de Alzheimer e Parkinson realiza importante trabalho em Itaperuna - O Itaperunense","og_description":"Com uma equipe interdisciplinar, composta por profissionais qualificados e dedicados, s\u00e3o realizados atendimentos que visam proporcionar uma melhor qualidade de vida aos assistidos Em Itaperuna, a Secretaria Municipal de Sa\u00fade desenvolve uma s\u00e9rie de programas, projetos e a\u00e7\u00f5es importantes, que se destacam na regi\u00e3o. Entre eles, o CDA\/CDP (Centro da Doen\u00e7a de Alzheimer e Parkinson), [&hellip;]","og_url":"https:\/\/www.oitaperunense.com.br\/site\/centro-da-doenca-de-alzheimer-e-parkinson-realiza-importante-trabalho-em-itaperuna\/","og_site_name":"O Itaperunense","article_publisher":"https:\/\/www.facebook.com\/jornaloitaperunense","article_published_time":"2023-10-05T18:55:32+00:00","article_modified_time":"2023-10-05T18:57:28+00:00","og_image":[{"width":700,"height":458,"url":"https:\/\/www.oitaperunense.com.br\/site\/wp-content\/uploads\/2023\/10\/STY2.jpg","type":"image\/jpeg"}],"author":"Andr\u00e9","twitter_card":"summary_large_image","twitter_misc":{"Escrito por":"Andr\u00e9","Est. tempo de leitura":"3 minutos"},"schema":{"@context":"https:\/\/schema.org","@graph":[{"@type":"WebPage","@id":"https:\/\/www.oitaperunense.com.br\/site\/centro-da-doenca-de-alzheimer-e-parkinson-realiza-importante-trabalho-em-itaperuna\/","url":"https:\/\/www.oitaperunense.com.br\/site\/centro-da-doenca-de-alzheimer-e-parkinson-realiza-importante-trabalho-em-itaperuna\/","name":"Centro da Doen\u00e7a de Alzheimer e Parkinson realiza importante trabalho em Itaperuna - O Itaperunense","isPartOf":{"@id":"https:\/\/www.oitaperunense.com.br\/site\/#website"},"datePublished":"2023-10-05T18:55:32+00:00","dateModified":"2023-10-05T18:57:28+00:00","author":{"@id":"https:\/\/www.oitaperunense.com.br\/site\/#\/schema\/person\/4a5b86c112157bc0a4492f4fd6b7939f"},"breadcrumb":{"@id":"https:\/\/www.oitaperunense.com.br\/site\/centro-da-doenca-de-alzheimer-e-parkinson-realiza-importante-trabalho-em-itaperuna\/#breadcrumb"},"inLanguage":"pt-BR","potentialAction":[{"@type":"ReadAction","target":["https:\/\/www.oitaperunense.com.br\/site\/centro-da-doenca-de-alzheimer-e-parkinson-realiza-importante-trabalho-em-itaperuna\/"]}]},{"@type":"BreadcrumbList","@id":"https:\/\/www.oitaperunense.com.br\/site\/centro-da-doenca-de-alzheimer-e-parkinson-realiza-importante-trabalho-em-itaperuna\/#breadcrumb","itemListElement":[{"@type":"ListItem","position":1,"name":"Home","item":"https:\/\/www.oitaperunense.com.br\/site\/"},{"@type":"ListItem","position":2,"name":"Centro da Doen\u00e7a de Alzheimer e Parkinson realiza importante trabalho em Itaperuna"}]},{"@type":"WebSite","@id":"https:\/\/www.oitaperunense.com.br\/site\/#website","url":"https:\/\/www.oitaperunense.com.br\/site\/","name":"O Itaperunense","description":"","potentialAction":[{"@type":"SearchAction","target":{"@type":"EntryPoint","urlTemplate":"https:\/\/www.oitaperunense.com.br\/site\/?s={search_term_string}"},"query-input":"required name=search_term_string"}],"inLanguage":"pt-BR"},{"@type":"Person","@id":"https:\/\/www.oitaperunense.com.br\/site\/#\/schema\/person\/4a5b86c112157bc0a4492f4fd6b7939f","name":"Andr\u00e9","image":{"@type":"ImageObject","inLanguage":"pt-BR","@id":"https:\/\/www.oitaperunense.com.br\/site\/#\/schema\/person\/image\/","url":"https:\/\/secure.gravatar.com\/avatar\/7a7a912ec2c8cd6a390040b03329ee7a71bbd5f81ac3557b6a68208f263fc97b?s=96&d=mm&r=g","contentUrl":"https:\/\/secure.gravatar.com\/avatar\/7a7a912ec2c8cd6a390040b03329ee7a71bbd5f81ac3557b6a68208f263fc97b?s=96&d=mm&r=g","caption":"Andr\u00e9"},"url":"https:\/\/www.oitaperunense.com.br\/site\/author\/andre\/"}]}},"cc_featured_image_caption":{"caption_text":"","source_text":"","source_url":""},"_links":{"self":[{"href":"https:\/\/www.oitaperunense.com.br\/site\/wp-json\/wp\/v2\/posts\/393184","targetHints":{"allow":["GET"]}}],"collection":[{"href":"https:\/\/www.oitaperunense.com.br\/site\/wp-json\/wp\/v2\/posts"}],"about":[{"href":"https:\/\/www.oitaperunense.com.br\/site\/wp-json\/wp\/v2\/types\/post"}],"author":[{"embeddable":true,"href":"https:\/\/www.oitaperunense.com.br\/site\/wp-json\/wp\/v2\/users\/19"}],"replies":[{"embeddable":true,"href":"https:\/\/www.oitaperunense.com.br\/site\/wp-json\/wp\/v2\/comments?post=393184"}],"version-history":[{"count":2,"href":"https:\/\/www.oitaperunense.com.br\/site\/wp-json\/wp\/v2\/posts\/393184\/revisions"}],"predecessor-version":[{"id":393189,"href":"https:\/\/www.oitaperunense.com.br\/site\/wp-json\/wp\/v2\/posts\/393184\/revisions\/393189"}],"wp:featuredmedia":[{"embeddable":true,"href":"https:\/\/www.oitaperunense.com.br\/site\/wp-json\/wp\/v2\/media\/393185"}],"wp:attachment":[{"href":"https:\/\/www.oitaperunense.com.br\/site\/wp-json\/wp\/v2\/media?parent=393184"}],"wp:term":[{"taxonomy":"category","embeddable":true,"href":"https:\/\/www.oitaperunense.com.br\/site\/wp-json\/wp\/v2\/categories?post=393184"},{"taxonomy":"post_tag","embeddable":true,"href":"https:\/\/www.oitaperunense.com.br\/site\/wp-json\/wp\/v2\/tags?post=393184"}],"curies":[{"name":"wp","href":"https:\/\/api.w.org\/{rel}","templated":true}]}}