{"id":393181,"date":"2023-10-05T15:05:50","date_gmt":"2023-10-05T18:05:50","guid":{"rendered":"https:\/\/www.oitaperunense.com.br\/site\/?p=393181"},"modified":"2023-10-05T15:05:50","modified_gmt":"2023-10-05T18:05:50","slug":"itaperuna-conheca-os-vencedores-do-8o-concurso-leiteiro-de-curral","status":"publish","type":"post","link":"https:\/\/www.oitaperunense.com.br\/site\/itaperuna-conheca-os-vencedores-do-8o-concurso-leiteiro-de-curral\/","title":{"rendered":"Itaperuna: Conhe\u00e7a os vencedores do \u20188\u00ba Concurso Leiteiro de Curral\u2019"},"content":{"rendered":"<p class=\"yiv3123813003MsoNormal\" style=\"text-align: center;\"><strong>\u201c8\u00ba Concurso Leiteiro de Curral\u201d foi um sucesso e contou com a participa\u00e7\u00e3o de 16 propriedades, com um total de 43 animais<\/strong><\/p>\n<p class=\"yiv3123813003MsoNormal\" style=\"text-align: justify;\">Promovido pela Secretaria Municipal de Agricultura em parceria com a UNIG (Universidade Igua\u00e7u), o evento chegou ao seu desfecho na Fazenda Bom Retiro, na localidade do Val\u00e3o do C\u00e1gado. Na oportunidade, o prefeito Alfredo Paulo Marques Rodrigues, Alfred\u00e3o, marcou presen\u00e7a e parabenizou os organizadores e participantes.<\/p>\n<p><!--more--><\/p>\n<p class=\"yiv3123813003MsoNormal\" style=\"text-align: justify;\">\u201cEntendo que o Concurso Leiteiro de Curral \u00e9 uma oportunidade a mais, para estreitarmos esse nosso contato com os produtores. Aproveito a oportunidade a fim de parabenizar a todos os envolvidos na organiza\u00e7\u00e3o desse maravilhoso concurso, al\u00e9m de parabenizar os vencedores e todos que participaram. E que venham os pr\u00f3ximos concursos\u201d, diz Alfred\u00e3o.<\/p>\n<p class=\"yiv3123813003MsoNormal\" style=\"text-align: justify;\">O \u201c8\u00ba Concurso Leiteiro de Curral\u201d teve o seu encerramento no \u00faltimo s\u00e1bado, 30, e premiou os vencedores das tr\u00eas categorias concorrentes.<\/p>\n<p class=\"yiv3123813003MsoNormal\" style=\"text-align: justify;\">A cerim\u00f4nia de premia\u00e7\u00e3o tamb\u00e9m contou com as presen\u00e7as dos secret\u00e1rios Alexandre Pereira da Silva (Obras), Ivan Lacerda (Fazenda), al\u00e9m do subsecret\u00e1rio de Obras Alideide Secunho, subsecret\u00e1rio de Governo Marcelo Ferreira, vereadora Viviane Braga, demais autoridades e convidados.<\/p>\n<p class=\"yiv3123813003MsoNormal\" style=\"text-align: justify;\"><b>CATEGORIA 20KG:<\/b><\/p>\n<ul style=\"text-align: justify;\" type=\"square\">\n<li class=\"yiv3123813003MsoNormal\">Jonas Boechat &#8211; S\u00edtio Val\u00e3o do C\u00e1gado &#8211; Vaca Madame;<\/li>\n<li class=\"yiv3123813003MsoNormal\">Ayrton Coelho &#8211; Fazenda Bom Pastor &#8211; Vaca Renata;<\/li>\n<li class=\"yiv3123813003MsoNormal\">Ayrton Coelho &#8211; Fazenda Bom Pastor &#8211; Vaca Bordada.<\/li>\n<\/ul>\n<p class=\"yiv3123813003MsoNormal\" style=\"text-align: justify;\"><b>CATEGORIA 30KG:<\/b><\/p>\n<ul style=\"text-align: justify;\" type=\"square\">\n<li class=\"yiv3123813003MsoNormal\">Batata \/ Chico &#8211; S\u00edtio Jabuticaba &#8211; Vaca Nega;<\/li>\n<li class=\"yiv3123813003MsoNormal\">Batata \/ Chico &#8211; S\u00edtio Jabuticaba &#8211; Vaca Estrelinha;<\/li>\n<li class=\"yiv3123813003MsoNormal\">Wanderson &#8211; S\u00edtio 2WAH Palmeira &#8211; Vaca Cleunice.<\/li>\n<\/ul>\n<p class=\"yiv3123813003MsoNormal\" style=\"text-align: justify;\"><b>CATEGORIA LIVRE:<\/b><\/p>\n<ul style=\"text-align: justify;\" type=\"square\">\n<li class=\"yiv3123813003MsoNormal\">Paulo Roberto Silveira &#8211; S\u00edtio Feij\u00e3o Queimado &#8211; Vaca Heran\u00e7a;<\/li>\n<li class=\"yiv3123813003MsoNormal\">Junior Martins &#8211; Rancho Martins &#8211; Vaca 7979;<\/li>\n<li class=\"yiv3123813003MsoNormal\">Cl\u00e1udio Tavares &#8211; Fazenda SAF &#8211; Vaca Juliete.<\/li>\n<\/ul>\n<p class=\"yiv3123813003MsoNormal\" style=\"text-align: justify;\">Acompanhe as not\u00edcias sobre a Secretaria Municipal de Agricultura e demais secretarias, pelas redes sociais da Prefeitura de Itaperuna!<\/p>\n<p class=\"yiv3123813003MsoNormal\" style=\"text-align: justify;\"><b><i>Com informa\u00e7\u00f5es: DECOM\/Itaperuna\/RJ<\/i><\/b><\/p>\n","protected":false},"excerpt":{"rendered":"<p>\u201c8\u00ba Concurso Leiteiro de Curral\u201d foi um sucesso e contou com a participa\u00e7\u00e3o de 16 propriedades, com um total de 43 animais Promovido pela Secretaria Municipal de Agricultura em parceria com a UNIG (Universidade Igua\u00e7u), o evento chegou ao seu desfecho na Fazenda Bom Retiro, na localidade do Val\u00e3o do C\u00e1gado. Na oportunidade, o prefeito [&hellip;]<\/p>\n","protected":false},"author":19,"featured_media":393182,"comment_status":"open","ping_status":"closed","sticky":false,"template":"","format":"standard","meta":{"ngg_post_thumbnail":0,"footnotes":""},"categories":[91],"tags":[],"class_list":["post-393181","post","type-post","status-publish","format-standard","has-post-thumbnail","hentry","category-geral"],"yoast_head":"<!-- This site is optimized with the Yoast SEO plugin v20.11 - https:\/\/yoast.com\/wordpress\/plugins\/seo\/ -->\n<title>Itaperuna: Conhe\u00e7a os vencedores do \u20188\u00ba Concurso Leiteiro de Curral\u2019 - O Itaperunense<\/title>\n<meta name=\"robots\" content=\"index, follow, max-snippet:-1, max-image-preview:large, max-video-preview:-1\" \/>\n<link rel=\"canonical\" href=\"https:\/\/www.oitaperunense.com.br\/site\/itaperuna-conheca-os-vencedores-do-8o-concurso-leiteiro-de-curral\/\" \/>\n<meta property=\"og:locale\" content=\"pt_BR\" \/>\n<meta property=\"og:type\" content=\"article\" \/>\n<meta property=\"og:title\" content=\"Itaperuna: Conhe\u00e7a os vencedores do \u20188\u00ba Concurso Leiteiro de Curral\u2019 - O Itaperunense\" \/>\n<meta property=\"og:description\" content=\"\u201c8\u00ba Concurso Leiteiro de Curral\u201d foi um sucesso e contou com a participa\u00e7\u00e3o de 16 propriedades, com um total de 43 animais Promovido pela Secretaria Municipal de Agricultura em parceria com a UNIG (Universidade Igua\u00e7u), o evento chegou ao seu desfecho na Fazenda Bom Retiro, na localidade do Val\u00e3o do C\u00e1gado. Na oportunidade, o prefeito [&hellip;]\" \/>\n<meta property=\"og:url\" content=\"https:\/\/www.oitaperunense.com.br\/site\/itaperuna-conheca-os-vencedores-do-8o-concurso-leiteiro-de-curral\/\" \/>\n<meta property=\"og:site_name\" content=\"O Itaperunense\" \/>\n<meta property=\"article:publisher\" content=\"https:\/\/www.facebook.com\/jornaloitaperunense\" \/>\n<meta property=\"article:published_time\" content=\"2023-10-05T18:05:50+00:00\" \/>\n<meta property=\"og:image\" content=\"https:\/\/www.oitaperunense.com.br\/site\/wp-content\/uploads\/2023\/10\/STY.jpg\" \/>\n\t<meta property=\"og:image:width\" content=\"700\" \/>\n\t<meta property=\"og:image:height\" content=\"467\" \/>\n\t<meta property=\"og:image:type\" content=\"image\/jpeg\" \/>\n<meta name=\"author\" content=\"Andr\u00e9\" \/>\n<meta name=\"twitter:card\" content=\"summary_large_image\" \/>\n<meta name=\"twitter:label1\" content=\"Escrito por\" \/>\n\t<meta name=\"twitter:data1\" content=\"Andr\u00e9\" \/>\n\t<meta name=\"twitter:label2\" content=\"Est. tempo de leitura\" \/>\n\t<meta name=\"twitter:data2\" content=\"2 minutos\" \/>\n<script type=\"application\/ld+json\" class=\"yoast-schema-graph\">{\"@context\":\"https:\/\/schema.org\",\"@graph\":[{\"@type\":\"WebPage\",\"@id\":\"https:\/\/www.oitaperunense.com.br\/site\/itaperuna-conheca-os-vencedores-do-8o-concurso-leiteiro-de-curral\/\",\"url\":\"https:\/\/www.oitaperunense.com.br\/site\/itaperuna-conheca-os-vencedores-do-8o-concurso-leiteiro-de-curral\/\",\"name\":\"Itaperuna: Conhe\u00e7a os vencedores do \u20188\u00ba Concurso Leiteiro de Curral\u2019 - O Itaperunense\",\"isPartOf\":{\"@id\":\"https:\/\/www.oitaperunense.com.br\/site\/#website\"},\"datePublished\":\"2023-10-05T18:05:50+00:00\",\"dateModified\":\"2023-10-05T18:05:50+00:00\",\"author\":{\"@id\":\"https:\/\/www.oitaperunense.com.br\/site\/#\/schema\/person\/4a5b86c112157bc0a4492f4fd6b7939f\"},\"breadcrumb\":{\"@id\":\"https:\/\/www.oitaperunense.com.br\/site\/itaperuna-conheca-os-vencedores-do-8o-concurso-leiteiro-de-curral\/#breadcrumb\"},\"inLanguage\":\"pt-BR\",\"potentialAction\":[{\"@type\":\"ReadAction\",\"target\":[\"https:\/\/www.oitaperunense.com.br\/site\/itaperuna-conheca-os-vencedores-do-8o-concurso-leiteiro-de-curral\/\"]}]},{\"@type\":\"BreadcrumbList\",\"@id\":\"https:\/\/www.oitaperunense.com.br\/site\/itaperuna-conheca-os-vencedores-do-8o-concurso-leiteiro-de-curral\/#breadcrumb\",\"itemListElement\":[{\"@type\":\"ListItem\",\"position\":1,\"name\":\"Home\",\"item\":\"https:\/\/www.oitaperunense.com.br\/site\/\"},{\"@type\":\"ListItem\",\"position\":2,\"name\":\"Itaperuna: Conhe\u00e7a os vencedores do \u20188\u00ba Concurso Leiteiro de Curral\u2019\"}]},{\"@type\":\"WebSite\",\"@id\":\"https:\/\/www.oitaperunense.com.br\/site\/#website\",\"url\":\"https:\/\/www.oitaperunense.com.br\/site\/\",\"name\":\"O Itaperunense\",\"description\":\"\",\"potentialAction\":[{\"@type\":\"SearchAction\",\"target\":{\"@type\":\"EntryPoint\",\"urlTemplate\":\"https:\/\/www.oitaperunense.com.br\/site\/?s={search_term_string}\"},\"query-input\":\"required name=search_term_string\"}],\"inLanguage\":\"pt-BR\"},{\"@type\":\"Person\",\"@id\":\"https:\/\/www.oitaperunense.com.br\/site\/#\/schema\/person\/4a5b86c112157bc0a4492f4fd6b7939f\",\"name\":\"Andr\u00e9\",\"image\":{\"@type\":\"ImageObject\",\"inLanguage\":\"pt-BR\",\"@id\":\"https:\/\/www.oitaperunense.com.br\/site\/#\/schema\/person\/image\/\",\"url\":\"https:\/\/secure.gravatar.com\/avatar\/7a7a912ec2c8cd6a390040b03329ee7a71bbd5f81ac3557b6a68208f263fc97b?s=96&d=mm&r=g\",\"contentUrl\":\"https:\/\/secure.gravatar.com\/avatar\/7a7a912ec2c8cd6a390040b03329ee7a71bbd5f81ac3557b6a68208f263fc97b?s=96&d=mm&r=g\",\"caption\":\"Andr\u00e9\"},\"url\":\"https:\/\/www.oitaperunense.com.br\/site\/author\/andre\/\"}]}<\/script>\n<!-- \/ Yoast SEO plugin. -->","yoast_head_json":{"title":"Itaperuna: Conhe\u00e7a os vencedores do \u20188\u00ba Concurso Leiteiro de Curral\u2019 - O Itaperunense","robots":{"index":"index","follow":"follow","max-snippet":"max-snippet:-1","max-image-preview":"max-image-preview:large","max-video-preview":"max-video-preview:-1"},"canonical":"https:\/\/www.oitaperunense.com.br\/site\/itaperuna-conheca-os-vencedores-do-8o-concurso-leiteiro-de-curral\/","og_locale":"pt_BR","og_type":"article","og_title":"Itaperuna: Conhe\u00e7a os vencedores do \u20188\u00ba Concurso Leiteiro de Curral\u2019 - O Itaperunense","og_description":"\u201c8\u00ba Concurso Leiteiro de Curral\u201d foi um sucesso e contou com a participa\u00e7\u00e3o de 16 propriedades, com um total de 43 animais Promovido pela Secretaria Municipal de Agricultura em parceria com a UNIG (Universidade Igua\u00e7u), o evento chegou ao seu desfecho na Fazenda Bom Retiro, na localidade do Val\u00e3o do C\u00e1gado. Na oportunidade, o prefeito [&hellip;]","og_url":"https:\/\/www.oitaperunense.com.br\/site\/itaperuna-conheca-os-vencedores-do-8o-concurso-leiteiro-de-curral\/","og_site_name":"O Itaperunense","article_publisher":"https:\/\/www.facebook.com\/jornaloitaperunense","article_published_time":"2023-10-05T18:05:50+00:00","og_image":[{"width":700,"height":467,"url":"https:\/\/www.oitaperunense.com.br\/site\/wp-content\/uploads\/2023\/10\/STY.jpg","type":"image\/jpeg"}],"author":"Andr\u00e9","twitter_card":"summary_large_image","twitter_misc":{"Escrito por":"Andr\u00e9","Est. tempo de leitura":"2 minutos"},"schema":{"@context":"https:\/\/schema.org","@graph":[{"@type":"WebPage","@id":"https:\/\/www.oitaperunense.com.br\/site\/itaperuna-conheca-os-vencedores-do-8o-concurso-leiteiro-de-curral\/","url":"https:\/\/www.oitaperunense.com.br\/site\/itaperuna-conheca-os-vencedores-do-8o-concurso-leiteiro-de-curral\/","name":"Itaperuna: Conhe\u00e7a os vencedores do \u20188\u00ba Concurso Leiteiro de Curral\u2019 - O Itaperunense","isPartOf":{"@id":"https:\/\/www.oitaperunense.com.br\/site\/#website"},"datePublished":"2023-10-05T18:05:50+00:00","dateModified":"2023-10-05T18:05:50+00:00","author":{"@id":"https:\/\/www.oitaperunense.com.br\/site\/#\/schema\/person\/4a5b86c112157bc0a4492f4fd6b7939f"},"breadcrumb":{"@id":"https:\/\/www.oitaperunense.com.br\/site\/itaperuna-conheca-os-vencedores-do-8o-concurso-leiteiro-de-curral\/#breadcrumb"},"inLanguage":"pt-BR","potentialAction":[{"@type":"ReadAction","target":["https:\/\/www.oitaperunense.com.br\/site\/itaperuna-conheca-os-vencedores-do-8o-concurso-leiteiro-de-curral\/"]}]},{"@type":"BreadcrumbList","@id":"https:\/\/www.oitaperunense.com.br\/site\/itaperuna-conheca-os-vencedores-do-8o-concurso-leiteiro-de-curral\/#breadcrumb","itemListElement":[{"@type":"ListItem","position":1,"name":"Home","item":"https:\/\/www.oitaperunense.com.br\/site\/"},{"@type":"ListItem","position":2,"name":"Itaperuna: Conhe\u00e7a os vencedores do \u20188\u00ba Concurso Leiteiro de Curral\u2019"}]},{"@type":"WebSite","@id":"https:\/\/www.oitaperunense.com.br\/site\/#website","url":"https:\/\/www.oitaperunense.com.br\/site\/","name":"O Itaperunense","description":"","potentialAction":[{"@type":"SearchAction","target":{"@type":"EntryPoint","urlTemplate":"https:\/\/www.oitaperunense.com.br\/site\/?s={search_term_string}"},"query-input":"required name=search_term_string"}],"inLanguage":"pt-BR"},{"@type":"Person","@id":"https:\/\/www.oitaperunense.com.br\/site\/#\/schema\/person\/4a5b86c112157bc0a4492f4fd6b7939f","name":"Andr\u00e9","image":{"@type":"ImageObject","inLanguage":"pt-BR","@id":"https:\/\/www.oitaperunense.com.br\/site\/#\/schema\/person\/image\/","url":"https:\/\/secure.gravatar.com\/avatar\/7a7a912ec2c8cd6a390040b03329ee7a71bbd5f81ac3557b6a68208f263fc97b?s=96&d=mm&r=g","contentUrl":"https:\/\/secure.gravatar.com\/avatar\/7a7a912ec2c8cd6a390040b03329ee7a71bbd5f81ac3557b6a68208f263fc97b?s=96&d=mm&r=g","caption":"Andr\u00e9"},"url":"https:\/\/www.oitaperunense.com.br\/site\/author\/andre\/"}]}},"cc_featured_image_caption":{"caption_text":"","source_text":"","source_url":""},"_links":{"self":[{"href":"https:\/\/www.oitaperunense.com.br\/site\/wp-json\/wp\/v2\/posts\/393181","targetHints":{"allow":["GET"]}}],"collection":[{"href":"https:\/\/www.oitaperunense.com.br\/site\/wp-json\/wp\/v2\/posts"}],"about":[{"href":"https:\/\/www.oitaperunense.com.br\/site\/wp-json\/wp\/v2\/types\/post"}],"author":[{"embeddable":true,"href":"https:\/\/www.oitaperunense.com.br\/site\/wp-json\/wp\/v2\/users\/19"}],"replies":[{"embeddable":true,"href":"https:\/\/www.oitaperunense.com.br\/site\/wp-json\/wp\/v2\/comments?post=393181"}],"version-history":[{"count":1,"href":"https:\/\/www.oitaperunense.com.br\/site\/wp-json\/wp\/v2\/posts\/393181\/revisions"}],"predecessor-version":[{"id":393183,"href":"https:\/\/www.oitaperunense.com.br\/site\/wp-json\/wp\/v2\/posts\/393181\/revisions\/393183"}],"wp:featuredmedia":[{"embeddable":true,"href":"https:\/\/www.oitaperunense.com.br\/site\/wp-json\/wp\/v2\/media\/393182"}],"wp:attachment":[{"href":"https:\/\/www.oitaperunense.com.br\/site\/wp-json\/wp\/v2\/media?parent=393181"}],"wp:term":[{"taxonomy":"category","embeddable":true,"href":"https:\/\/www.oitaperunense.com.br\/site\/wp-json\/wp\/v2\/categories?post=393181"},{"taxonomy":"post_tag","embeddable":true,"href":"https:\/\/www.oitaperunense.com.br\/site\/wp-json\/wp\/v2\/tags?post=393181"}],"curies":[{"name":"wp","href":"https:\/\/api.w.org\/{rel}","templated":true}]}}