{"id":393159,"date":"2023-10-03T14:19:58","date_gmt":"2023-10-03T17:19:58","guid":{"rendered":"https:\/\/www.oitaperunense.com.br\/site\/?p=393159"},"modified":"2023-10-03T14:24:19","modified_gmt":"2023-10-03T17:24:19","slug":"murillo-gouvea-quer-desburocratizar-a-emissao-do-caf-para-liberacao-do-pronaf","status":"publish","type":"post","link":"https:\/\/www.oitaperunense.com.br\/site\/murillo-gouvea-quer-desburocratizar-a-emissao-do-caf-para-liberacao-do-pronaf\/","title":{"rendered":"Murillo Gouv\u00eaa quer desburocratizar a emiss\u00e3o do CAF para libera\u00e7\u00e3o do Pronaf"},"content":{"rendered":"<p class=\"yiv7241511635ydpee161495p1\" style=\"text-align: center;\"><strong><span class=\"yiv7241511635ydpee161495s1\">Deputado federal Murillo Gouv\u00eaa&nbsp; participou de reuni\u00e3o t\u00e9cnica com a diretoria da EMATER-DF<\/span><\/strong><\/p>\n<p class=\"yiv7241511635ydpee161495p1\" style=\"text-align: justify;\"><span class=\"yiv7241511635ydpee161495s1\">Hoje na parte da manh\u00e3, o deputado federal Murillo Gouv\u00eaa (Uni\u00e3o-RJ), participou de uma reuni\u00e3o t\u00e9cnica com a diretoria da EMATER-DF em busca de orienta\u00e7\u00f5es para que o seu Gabinete Parlamentar possa buscar propostas legislativas para desburocratizar a emiss\u00e3o do CAF para pequenos produtores rurais na facilita\u00e7\u00e3o do Programa Nacional de Fortalecimento da Agricultura Familiar (Pronaf).<\/span><\/p>\n<p><!--more--><\/p>\n<p class=\"yiv7241511635ydpee161495p1\" style=\"text-align: justify;\"><span class=\"yiv7241511635ydpee161495s1\">No encontro que foi bem avan\u00e7ado e produtivo, estiveram presentes, Cleison Duval, presidente da EMATER\/DF; Aramis Beltrami, Chefe de Gabinete da EMATER\/DF e \u00c1lvaro Luiz Marinho Castro, Supervisor Regional Oeste Emater\/DF, al\u00e9m da equipe do Gabinete Parlamentar do deputado, representada pela Dra. Priscila Console.<\/span><\/p>\n<p><img loading=\"lazy\" decoding=\"async\" class=\"alignnone size-full wp-image-393163 aligncenter\" src=\"https:\/\/www.oitaperunense.com.br\/site\/wp-content\/uploads\/2023\/10\/UI.jpg\" alt=\"\" width=\"700\" height=\"614\" srcset=\"https:\/\/www.oitaperunense.com.br\/site\/wp-content\/uploads\/2023\/10\/UI.jpg 700w, https:\/\/www.oitaperunense.com.br\/site\/wp-content\/uploads\/2023\/10\/UI-300x263.jpg 300w\" sizes=\"auto, (max-width: 700px) 100vw, 700px\" \/><\/p>\n<p class=\"yiv7241511635ydpee161495p1\" style=\"text-align: justify;\"><span class=\"yiv7241511635ydpee161495s1\">\u201cVamos construindo a\u00e7\u00f5es efetivas para o homem do campo e para todos os produtores rurais em busca da desburocratiza\u00e7\u00e3o para a facilita\u00e7\u00e3o do cr\u00e9dito rural que muito beneficia a todos\u201d, concluiu Murillo Gouv\u00eaa.<\/span><\/p>\n<p><span class=\"yiv7241511635ydpee161495s1\"><strong>CAF-PRONAF <\/strong>&#8211;&nbsp; \u00e9 o documento que de fato substituir\u00e1 a DAP \u2013 Declara\u00e7\u00e3o de Aptid\u00e3o ao Programa Nacional de Fortalecimento da Agricultura Familiar (Pronaf) para fins de acesso ao cr\u00e9dito rural no \u00e2mbito do Pronaf. E ser\u00e1 utilizado para o enquadramento nos crit\u00e9rios das diversas linhas de cr\u00e9dito do Pronaf.<\/span><\/p>\n","protected":false},"excerpt":{"rendered":"<p>Deputado federal Murillo Gouv\u00eaa&nbsp; participou de reuni\u00e3o t\u00e9cnica com a diretoria da EMATER-DF Hoje na parte da manh\u00e3, o deputado federal Murillo Gouv\u00eaa (Uni\u00e3o-RJ), participou de uma reuni\u00e3o t\u00e9cnica com a diretoria da EMATER-DF em busca de orienta\u00e7\u00f5es para que o seu Gabinete Parlamentar possa buscar propostas legislativas para desburocratizar a emiss\u00e3o do CAF para [&hellip;]<\/p>\n","protected":false},"author":19,"featured_media":393160,"comment_status":"open","ping_status":"closed","sticky":false,"template":"","format":"standard","meta":{"ngg_post_thumbnail":0,"footnotes":""},"categories":[91],"tags":[],"class_list":["post-393159","post","type-post","status-publish","format-standard","has-post-thumbnail","hentry","category-geral"],"yoast_head":"<!-- This site is optimized with the Yoast SEO plugin v20.11 - https:\/\/yoast.com\/wordpress\/plugins\/seo\/ -->\n<title>Murillo Gouv\u00eaa quer desburocratizar a emiss\u00e3o do CAF para libera\u00e7\u00e3o do Pronaf - O Itaperunense<\/title>\n<meta name=\"robots\" content=\"index, follow, max-snippet:-1, max-image-preview:large, max-video-preview:-1\" \/>\n<link rel=\"canonical\" href=\"https:\/\/www.oitaperunense.com.br\/site\/murillo-gouvea-quer-desburocratizar-a-emissao-do-caf-para-liberacao-do-pronaf\/\" \/>\n<meta property=\"og:locale\" content=\"pt_BR\" \/>\n<meta property=\"og:type\" content=\"article\" \/>\n<meta property=\"og:title\" content=\"Murillo Gouv\u00eaa quer desburocratizar a emiss\u00e3o do CAF para libera\u00e7\u00e3o do Pronaf - O Itaperunense\" \/>\n<meta property=\"og:description\" content=\"Deputado federal Murillo Gouv\u00eaa&nbsp; participou de reuni\u00e3o t\u00e9cnica com a diretoria da EMATER-DF Hoje na parte da manh\u00e3, o deputado federal Murillo Gouv\u00eaa (Uni\u00e3o-RJ), participou de uma reuni\u00e3o t\u00e9cnica com a diretoria da EMATER-DF em busca de orienta\u00e7\u00f5es para que o seu Gabinete Parlamentar possa buscar propostas legislativas para desburocratizar a emiss\u00e3o do CAF para [&hellip;]\" \/>\n<meta property=\"og:url\" content=\"https:\/\/www.oitaperunense.com.br\/site\/murillo-gouvea-quer-desburocratizar-a-emissao-do-caf-para-liberacao-do-pronaf\/\" \/>\n<meta property=\"og:site_name\" content=\"O Itaperunense\" \/>\n<meta property=\"article:publisher\" content=\"https:\/\/www.facebook.com\/jornaloitaperunense\" \/>\n<meta property=\"article:published_time\" content=\"2023-10-03T17:19:58+00:00\" \/>\n<meta property=\"article:modified_time\" content=\"2023-10-03T17:24:19+00:00\" \/>\n<meta property=\"og:image\" content=\"https:\/\/www.oitaperunense.com.br\/site\/wp-content\/uploads\/2023\/10\/mui.jpg\" \/>\n\t<meta property=\"og:image:width\" content=\"700\" \/>\n\t<meta property=\"og:image:height\" content=\"598\" \/>\n\t<meta property=\"og:image:type\" content=\"image\/jpeg\" \/>\n<meta name=\"author\" content=\"Andr\u00e9\" \/>\n<meta name=\"twitter:card\" content=\"summary_large_image\" \/>\n<meta name=\"twitter:label1\" content=\"Escrito por\" \/>\n\t<meta name=\"twitter:data1\" content=\"Andr\u00e9\" \/>\n\t<meta name=\"twitter:label2\" content=\"Est. tempo de leitura\" \/>\n\t<meta name=\"twitter:data2\" content=\"2 minutos\" \/>\n<script type=\"application\/ld+json\" class=\"yoast-schema-graph\">{\"@context\":\"https:\/\/schema.org\",\"@graph\":[{\"@type\":\"WebPage\",\"@id\":\"https:\/\/www.oitaperunense.com.br\/site\/murillo-gouvea-quer-desburocratizar-a-emissao-do-caf-para-liberacao-do-pronaf\/\",\"url\":\"https:\/\/www.oitaperunense.com.br\/site\/murillo-gouvea-quer-desburocratizar-a-emissao-do-caf-para-liberacao-do-pronaf\/\",\"name\":\"Murillo Gouv\u00eaa quer desburocratizar a emiss\u00e3o do CAF para libera\u00e7\u00e3o do Pronaf - O Itaperunense\",\"isPartOf\":{\"@id\":\"https:\/\/www.oitaperunense.com.br\/site\/#website\"},\"datePublished\":\"2023-10-03T17:19:58+00:00\",\"dateModified\":\"2023-10-03T17:24:19+00:00\",\"author\":{\"@id\":\"https:\/\/www.oitaperunense.com.br\/site\/#\/schema\/person\/4a5b86c112157bc0a4492f4fd6b7939f\"},\"breadcrumb\":{\"@id\":\"https:\/\/www.oitaperunense.com.br\/site\/murillo-gouvea-quer-desburocratizar-a-emissao-do-caf-para-liberacao-do-pronaf\/#breadcrumb\"},\"inLanguage\":\"pt-BR\",\"potentialAction\":[{\"@type\":\"ReadAction\",\"target\":[\"https:\/\/www.oitaperunense.com.br\/site\/murillo-gouvea-quer-desburocratizar-a-emissao-do-caf-para-liberacao-do-pronaf\/\"]}]},{\"@type\":\"BreadcrumbList\",\"@id\":\"https:\/\/www.oitaperunense.com.br\/site\/murillo-gouvea-quer-desburocratizar-a-emissao-do-caf-para-liberacao-do-pronaf\/#breadcrumb\",\"itemListElement\":[{\"@type\":\"ListItem\",\"position\":1,\"name\":\"Home\",\"item\":\"https:\/\/www.oitaperunense.com.br\/site\/\"},{\"@type\":\"ListItem\",\"position\":2,\"name\":\"Murillo Gouv\u00eaa quer desburocratizar a emiss\u00e3o do CAF para libera\u00e7\u00e3o do Pronaf\"}]},{\"@type\":\"WebSite\",\"@id\":\"https:\/\/www.oitaperunense.com.br\/site\/#website\",\"url\":\"https:\/\/www.oitaperunense.com.br\/site\/\",\"name\":\"O Itaperunense\",\"description\":\"\",\"potentialAction\":[{\"@type\":\"SearchAction\",\"target\":{\"@type\":\"EntryPoint\",\"urlTemplate\":\"https:\/\/www.oitaperunense.com.br\/site\/?s={search_term_string}\"},\"query-input\":\"required name=search_term_string\"}],\"inLanguage\":\"pt-BR\"},{\"@type\":\"Person\",\"@id\":\"https:\/\/www.oitaperunense.com.br\/site\/#\/schema\/person\/4a5b86c112157bc0a4492f4fd6b7939f\",\"name\":\"Andr\u00e9\",\"image\":{\"@type\":\"ImageObject\",\"inLanguage\":\"pt-BR\",\"@id\":\"https:\/\/www.oitaperunense.com.br\/site\/#\/schema\/person\/image\/\",\"url\":\"https:\/\/secure.gravatar.com\/avatar\/7a7a912ec2c8cd6a390040b03329ee7a71bbd5f81ac3557b6a68208f263fc97b?s=96&d=mm&r=g\",\"contentUrl\":\"https:\/\/secure.gravatar.com\/avatar\/7a7a912ec2c8cd6a390040b03329ee7a71bbd5f81ac3557b6a68208f263fc97b?s=96&d=mm&r=g\",\"caption\":\"Andr\u00e9\"},\"url\":\"https:\/\/www.oitaperunense.com.br\/site\/author\/andre\/\"}]}<\/script>\n<!-- \/ Yoast SEO plugin. -->","yoast_head_json":{"title":"Murillo Gouv\u00eaa quer desburocratizar a emiss\u00e3o do CAF para libera\u00e7\u00e3o do Pronaf - O Itaperunense","robots":{"index":"index","follow":"follow","max-snippet":"max-snippet:-1","max-image-preview":"max-image-preview:large","max-video-preview":"max-video-preview:-1"},"canonical":"https:\/\/www.oitaperunense.com.br\/site\/murillo-gouvea-quer-desburocratizar-a-emissao-do-caf-para-liberacao-do-pronaf\/","og_locale":"pt_BR","og_type":"article","og_title":"Murillo Gouv\u00eaa quer desburocratizar a emiss\u00e3o do CAF para libera\u00e7\u00e3o do Pronaf - O Itaperunense","og_description":"Deputado federal Murillo Gouv\u00eaa&nbsp; participou de reuni\u00e3o t\u00e9cnica com a diretoria da EMATER-DF Hoje na parte da manh\u00e3, o deputado federal Murillo Gouv\u00eaa (Uni\u00e3o-RJ), participou de uma reuni\u00e3o t\u00e9cnica com a diretoria da EMATER-DF em busca de orienta\u00e7\u00f5es para que o seu Gabinete Parlamentar possa buscar propostas legislativas para desburocratizar a emiss\u00e3o do CAF para [&hellip;]","og_url":"https:\/\/www.oitaperunense.com.br\/site\/murillo-gouvea-quer-desburocratizar-a-emissao-do-caf-para-liberacao-do-pronaf\/","og_site_name":"O Itaperunense","article_publisher":"https:\/\/www.facebook.com\/jornaloitaperunense","article_published_time":"2023-10-03T17:19:58+00:00","article_modified_time":"2023-10-03T17:24:19+00:00","og_image":[{"width":700,"height":598,"url":"https:\/\/www.oitaperunense.com.br\/site\/wp-content\/uploads\/2023\/10\/mui.jpg","type":"image\/jpeg"}],"author":"Andr\u00e9","twitter_card":"summary_large_image","twitter_misc":{"Escrito por":"Andr\u00e9","Est. tempo de leitura":"2 minutos"},"schema":{"@context":"https:\/\/schema.org","@graph":[{"@type":"WebPage","@id":"https:\/\/www.oitaperunense.com.br\/site\/murillo-gouvea-quer-desburocratizar-a-emissao-do-caf-para-liberacao-do-pronaf\/","url":"https:\/\/www.oitaperunense.com.br\/site\/murillo-gouvea-quer-desburocratizar-a-emissao-do-caf-para-liberacao-do-pronaf\/","name":"Murillo Gouv\u00eaa quer desburocratizar a emiss\u00e3o do CAF para libera\u00e7\u00e3o do Pronaf - O Itaperunense","isPartOf":{"@id":"https:\/\/www.oitaperunense.com.br\/site\/#website"},"datePublished":"2023-10-03T17:19:58+00:00","dateModified":"2023-10-03T17:24:19+00:00","author":{"@id":"https:\/\/www.oitaperunense.com.br\/site\/#\/schema\/person\/4a5b86c112157bc0a4492f4fd6b7939f"},"breadcrumb":{"@id":"https:\/\/www.oitaperunense.com.br\/site\/murillo-gouvea-quer-desburocratizar-a-emissao-do-caf-para-liberacao-do-pronaf\/#breadcrumb"},"inLanguage":"pt-BR","potentialAction":[{"@type":"ReadAction","target":["https:\/\/www.oitaperunense.com.br\/site\/murillo-gouvea-quer-desburocratizar-a-emissao-do-caf-para-liberacao-do-pronaf\/"]}]},{"@type":"BreadcrumbList","@id":"https:\/\/www.oitaperunense.com.br\/site\/murillo-gouvea-quer-desburocratizar-a-emissao-do-caf-para-liberacao-do-pronaf\/#breadcrumb","itemListElement":[{"@type":"ListItem","position":1,"name":"Home","item":"https:\/\/www.oitaperunense.com.br\/site\/"},{"@type":"ListItem","position":2,"name":"Murillo Gouv\u00eaa quer desburocratizar a emiss\u00e3o do CAF para libera\u00e7\u00e3o do Pronaf"}]},{"@type":"WebSite","@id":"https:\/\/www.oitaperunense.com.br\/site\/#website","url":"https:\/\/www.oitaperunense.com.br\/site\/","name":"O Itaperunense","description":"","potentialAction":[{"@type":"SearchAction","target":{"@type":"EntryPoint","urlTemplate":"https:\/\/www.oitaperunense.com.br\/site\/?s={search_term_string}"},"query-input":"required name=search_term_string"}],"inLanguage":"pt-BR"},{"@type":"Person","@id":"https:\/\/www.oitaperunense.com.br\/site\/#\/schema\/person\/4a5b86c112157bc0a4492f4fd6b7939f","name":"Andr\u00e9","image":{"@type":"ImageObject","inLanguage":"pt-BR","@id":"https:\/\/www.oitaperunense.com.br\/site\/#\/schema\/person\/image\/","url":"https:\/\/secure.gravatar.com\/avatar\/7a7a912ec2c8cd6a390040b03329ee7a71bbd5f81ac3557b6a68208f263fc97b?s=96&d=mm&r=g","contentUrl":"https:\/\/secure.gravatar.com\/avatar\/7a7a912ec2c8cd6a390040b03329ee7a71bbd5f81ac3557b6a68208f263fc97b?s=96&d=mm&r=g","caption":"Andr\u00e9"},"url":"https:\/\/www.oitaperunense.com.br\/site\/author\/andre\/"}]}},"cc_featured_image_caption":{"caption_text":"","source_text":"","source_url":""},"_links":{"self":[{"href":"https:\/\/www.oitaperunense.com.br\/site\/wp-json\/wp\/v2\/posts\/393159","targetHints":{"allow":["GET"]}}],"collection":[{"href":"https:\/\/www.oitaperunense.com.br\/site\/wp-json\/wp\/v2\/posts"}],"about":[{"href":"https:\/\/www.oitaperunense.com.br\/site\/wp-json\/wp\/v2\/types\/post"}],"author":[{"embeddable":true,"href":"https:\/\/www.oitaperunense.com.br\/site\/wp-json\/wp\/v2\/users\/19"}],"replies":[{"embeddable":true,"href":"https:\/\/www.oitaperunense.com.br\/site\/wp-json\/wp\/v2\/comments?post=393159"}],"version-history":[{"count":3,"href":"https:\/\/www.oitaperunense.com.br\/site\/wp-json\/wp\/v2\/posts\/393159\/revisions"}],"predecessor-version":[{"id":393165,"href":"https:\/\/www.oitaperunense.com.br\/site\/wp-json\/wp\/v2\/posts\/393159\/revisions\/393165"}],"wp:featuredmedia":[{"embeddable":true,"href":"https:\/\/www.oitaperunense.com.br\/site\/wp-json\/wp\/v2\/media\/393160"}],"wp:attachment":[{"href":"https:\/\/www.oitaperunense.com.br\/site\/wp-json\/wp\/v2\/media?parent=393159"}],"wp:term":[{"taxonomy":"category","embeddable":true,"href":"https:\/\/www.oitaperunense.com.br\/site\/wp-json\/wp\/v2\/categories?post=393159"},{"taxonomy":"post_tag","embeddable":true,"href":"https:\/\/www.oitaperunense.com.br\/site\/wp-json\/wp\/v2\/tags?post=393159"}],"curies":[{"name":"wp","href":"https:\/\/api.w.org\/{rel}","templated":true}]}}