{"id":393152,"date":"2023-10-03T10:35:42","date_gmt":"2023-10-03T13:35:42","guid":{"rendered":"https:\/\/www.oitaperunense.com.br\/site\/?p=393152"},"modified":"2023-10-03T10:35:42","modified_gmt":"2023-10-03T13:35:42","slug":"programa-asfalto-na-rua-leva-pavimentacao-a-dois-enderecos-da-cehab","status":"publish","type":"post","link":"https:\/\/www.oitaperunense.com.br\/site\/programa-asfalto-na-rua-leva-pavimentacao-a-dois-enderecos-da-cehab\/","title":{"rendered":"Programa &#8216;Asfalto na Rua&#8217; leva pavimenta\u00e7\u00e3o \u00e0 dois endere\u00e7os da Cehab"},"content":{"rendered":"<div style=\"text-align: center;\"><strong>Programa &#8216;Asfalto na Rua&#8217; est\u00e1 levando mais infraestrutura aos bairros e distritos de Itaperuna<\/strong><\/div>\n<div style=\"text-align: justify;\">&nbsp;<\/div>\n<div style=\"text-align: justify;\">Na quarta e sexta-feira da semana passada, 27 e 29 de setembro, as ruas Carmen L\u00facia Portela Moura e Jos\u00e9 Maria de Abreu Meirelles, ambas na Cehab, receberam nova pavimenta\u00e7\u00e3o. Esse trabalho \u00e9 mais um exemplo do que o bom relacionamento entre a Prefeitura de Itaperuna, Governo do Estado e Governo Federal podem fazer pelo Munic\u00edpio.<\/div>\n<p><!--more--><\/p>\n<div><img loading=\"lazy\" decoding=\"async\" class=\"alignnone size-full wp-image-393157 aligncenter\" src=\"https:\/\/www.oitaperunense.com.br\/site\/wp-content\/uploads\/2023\/10\/AF5.jpg\" alt=\"\" width=\"700\" height=\"434\" srcset=\"https:\/\/www.oitaperunense.com.br\/site\/wp-content\/uploads\/2023\/10\/AF5.jpg 700w, https:\/\/www.oitaperunense.com.br\/site\/wp-content\/uploads\/2023\/10\/AF5-300x186.jpg 300w\" sizes=\"auto, (max-width: 700px) 100vw, 700px\" \/><\/div>\n<div>&nbsp;<\/div>\n<div><img loading=\"lazy\" decoding=\"async\" class=\"alignnone size-full wp-image-393154 aligncenter\" src=\"https:\/\/www.oitaperunense.com.br\/site\/wp-content\/uploads\/2023\/10\/AF2.jpg\" alt=\"\" width=\"700\" height=\"614\" srcset=\"https:\/\/www.oitaperunense.com.br\/site\/wp-content\/uploads\/2023\/10\/AF2.jpg 700w, https:\/\/www.oitaperunense.com.br\/site\/wp-content\/uploads\/2023\/10\/AF2-300x263.jpg 300w\" sizes=\"auto, (max-width: 700px) 100vw, 700px\" \/><\/div>\n<div>&nbsp;<\/div>\n<div><img loading=\"lazy\" decoding=\"async\" class=\"size-full wp-image-393155 aligncenter\" src=\"https:\/\/www.oitaperunense.com.br\/site\/wp-content\/uploads\/2023\/10\/AF3.jpg\" alt=\"\" width=\"700\" height=\"574\" srcset=\"https:\/\/www.oitaperunense.com.br\/site\/wp-content\/uploads\/2023\/10\/AF3.jpg 700w, https:\/\/www.oitaperunense.com.br\/site\/wp-content\/uploads\/2023\/10\/AF3-300x246.jpg 300w\" sizes=\"auto, (max-width: 700px) 100vw, 700px\" \/><\/div>\n<div>&nbsp;<\/div>\n<div style=\"text-align: justify;\">Ele \u00e9 o resultado da renova\u00e7\u00e3o do conv\u00eanio entre a Prefeitura de Itaperuna e o Governo do Estado, atrav\u00e9s do Departamento de Estradas e Rodagem (DER-RJ), para a recupera\u00e7\u00e3o da pavimenta\u00e7\u00e3o de diversas vias p\u00fablicas da cidade e de seus distritos.<\/div>\n<div>&nbsp;<\/div>\n<div><img loading=\"lazy\" decoding=\"async\" class=\"alignnone size-full wp-image-393156 aligncenter\" src=\"https:\/\/www.oitaperunense.com.br\/site\/wp-content\/uploads\/2023\/10\/AF4.jpg\" alt=\"\" width=\"700\" height=\"574\" srcset=\"https:\/\/www.oitaperunense.com.br\/site\/wp-content\/uploads\/2023\/10\/AF4.jpg 700w, https:\/\/www.oitaperunense.com.br\/site\/wp-content\/uploads\/2023\/10\/AF4-300x246.jpg 300w\" sizes=\"auto, (max-width: 700px) 100vw, 700px\" \/><\/div>\n<div>&nbsp;<\/div>\n<div style=\"text-align: justify;\">At\u00e9 2024, Itaperuna receber\u00e1 novo asfalto em diversos bairros e distritos atrav\u00e9s do programa &#8216;Asfalto na Rua&#8217;.<\/div>\n","protected":false},"excerpt":{"rendered":"<p>Programa &#8216;Asfalto na Rua&#8217; est\u00e1 levando mais infraestrutura aos bairros e distritos de Itaperuna &nbsp; Na quarta e sexta-feira da semana passada, 27 e 29 de setembro, as ruas Carmen L\u00facia Portela Moura e Jos\u00e9 Maria de Abreu Meirelles, ambas na Cehab, receberam nova pavimenta\u00e7\u00e3o. Esse trabalho \u00e9 mais um exemplo do que o bom [&hellip;]<\/p>\n","protected":false},"author":19,"featured_media":393153,"comment_status":"open","ping_status":"closed","sticky":false,"template":"","format":"standard","meta":{"ngg_post_thumbnail":0,"footnotes":""},"categories":[91],"tags":[],"class_list":["post-393152","post","type-post","status-publish","format-standard","has-post-thumbnail","hentry","category-geral"],"yoast_head":"<!-- This site is optimized with the Yoast SEO plugin v20.11 - https:\/\/yoast.com\/wordpress\/plugins\/seo\/ -->\n<title>Programa &#039;Asfalto na Rua&#039; leva pavimenta\u00e7\u00e3o \u00e0 dois endere\u00e7os da Cehab - O Itaperunense<\/title>\n<meta name=\"robots\" content=\"index, follow, max-snippet:-1, max-image-preview:large, max-video-preview:-1\" \/>\n<link rel=\"canonical\" href=\"https:\/\/www.oitaperunense.com.br\/site\/programa-asfalto-na-rua-leva-pavimentacao-a-dois-enderecos-da-cehab\/\" \/>\n<meta property=\"og:locale\" content=\"pt_BR\" \/>\n<meta property=\"og:type\" content=\"article\" \/>\n<meta property=\"og:title\" content=\"Programa &#039;Asfalto na Rua&#039; leva pavimenta\u00e7\u00e3o \u00e0 dois endere\u00e7os da Cehab - O Itaperunense\" \/>\n<meta property=\"og:description\" content=\"Programa &#8216;Asfalto na Rua&#8217; est\u00e1 levando mais infraestrutura aos bairros e distritos de Itaperuna &nbsp; Na quarta e sexta-feira da semana passada, 27 e 29 de setembro, as ruas Carmen L\u00facia Portela Moura e Jos\u00e9 Maria de Abreu Meirelles, ambas na Cehab, receberam nova pavimenta\u00e7\u00e3o. Esse trabalho \u00e9 mais um exemplo do que o bom [&hellip;]\" \/>\n<meta property=\"og:url\" content=\"https:\/\/www.oitaperunense.com.br\/site\/programa-asfalto-na-rua-leva-pavimentacao-a-dois-enderecos-da-cehab\/\" \/>\n<meta property=\"og:site_name\" content=\"O Itaperunense\" \/>\n<meta property=\"article:publisher\" content=\"https:\/\/www.facebook.com\/jornaloitaperunense\" \/>\n<meta property=\"article:published_time\" content=\"2023-10-03T13:35:42+00:00\" \/>\n<meta property=\"og:image\" content=\"https:\/\/www.oitaperunense.com.br\/site\/wp-content\/uploads\/2023\/10\/AF1.jpg\" \/>\n\t<meta property=\"og:image:width\" content=\"700\" \/>\n\t<meta property=\"og:image:height\" content=\"619\" \/>\n\t<meta property=\"og:image:type\" content=\"image\/jpeg\" \/>\n<meta name=\"author\" content=\"Andr\u00e9\" \/>\n<meta name=\"twitter:card\" content=\"summary_large_image\" \/>\n<meta name=\"twitter:label1\" content=\"Escrito por\" \/>\n\t<meta name=\"twitter:data1\" content=\"Andr\u00e9\" \/>\n\t<meta name=\"twitter:label2\" content=\"Est. tempo de leitura\" \/>\n\t<meta name=\"twitter:data2\" content=\"2 minutos\" \/>\n<script type=\"application\/ld+json\" class=\"yoast-schema-graph\">{\"@context\":\"https:\/\/schema.org\",\"@graph\":[{\"@type\":\"WebPage\",\"@id\":\"https:\/\/www.oitaperunense.com.br\/site\/programa-asfalto-na-rua-leva-pavimentacao-a-dois-enderecos-da-cehab\/\",\"url\":\"https:\/\/www.oitaperunense.com.br\/site\/programa-asfalto-na-rua-leva-pavimentacao-a-dois-enderecos-da-cehab\/\",\"name\":\"Programa 'Asfalto na Rua' leva pavimenta\u00e7\u00e3o \u00e0 dois endere\u00e7os da Cehab - O Itaperunense\",\"isPartOf\":{\"@id\":\"https:\/\/www.oitaperunense.com.br\/site\/#website\"},\"datePublished\":\"2023-10-03T13:35:42+00:00\",\"dateModified\":\"2023-10-03T13:35:42+00:00\",\"author\":{\"@id\":\"https:\/\/www.oitaperunense.com.br\/site\/#\/schema\/person\/4a5b86c112157bc0a4492f4fd6b7939f\"},\"breadcrumb\":{\"@id\":\"https:\/\/www.oitaperunense.com.br\/site\/programa-asfalto-na-rua-leva-pavimentacao-a-dois-enderecos-da-cehab\/#breadcrumb\"},\"inLanguage\":\"pt-BR\",\"potentialAction\":[{\"@type\":\"ReadAction\",\"target\":[\"https:\/\/www.oitaperunense.com.br\/site\/programa-asfalto-na-rua-leva-pavimentacao-a-dois-enderecos-da-cehab\/\"]}]},{\"@type\":\"BreadcrumbList\",\"@id\":\"https:\/\/www.oitaperunense.com.br\/site\/programa-asfalto-na-rua-leva-pavimentacao-a-dois-enderecos-da-cehab\/#breadcrumb\",\"itemListElement\":[{\"@type\":\"ListItem\",\"position\":1,\"name\":\"Home\",\"item\":\"https:\/\/www.oitaperunense.com.br\/site\/\"},{\"@type\":\"ListItem\",\"position\":2,\"name\":\"Programa &#8216;Asfalto na Rua&#8217; leva pavimenta\u00e7\u00e3o \u00e0 dois endere\u00e7os da Cehab\"}]},{\"@type\":\"WebSite\",\"@id\":\"https:\/\/www.oitaperunense.com.br\/site\/#website\",\"url\":\"https:\/\/www.oitaperunense.com.br\/site\/\",\"name\":\"O Itaperunense\",\"description\":\"\",\"potentialAction\":[{\"@type\":\"SearchAction\",\"target\":{\"@type\":\"EntryPoint\",\"urlTemplate\":\"https:\/\/www.oitaperunense.com.br\/site\/?s={search_term_string}\"},\"query-input\":\"required name=search_term_string\"}],\"inLanguage\":\"pt-BR\"},{\"@type\":\"Person\",\"@id\":\"https:\/\/www.oitaperunense.com.br\/site\/#\/schema\/person\/4a5b86c112157bc0a4492f4fd6b7939f\",\"name\":\"Andr\u00e9\",\"image\":{\"@type\":\"ImageObject\",\"inLanguage\":\"pt-BR\",\"@id\":\"https:\/\/www.oitaperunense.com.br\/site\/#\/schema\/person\/image\/\",\"url\":\"https:\/\/secure.gravatar.com\/avatar\/7a7a912ec2c8cd6a390040b03329ee7a71bbd5f81ac3557b6a68208f263fc97b?s=96&d=mm&r=g\",\"contentUrl\":\"https:\/\/secure.gravatar.com\/avatar\/7a7a912ec2c8cd6a390040b03329ee7a71bbd5f81ac3557b6a68208f263fc97b?s=96&d=mm&r=g\",\"caption\":\"Andr\u00e9\"},\"url\":\"https:\/\/www.oitaperunense.com.br\/site\/author\/andre\/\"}]}<\/script>\n<!-- \/ Yoast SEO plugin. -->","yoast_head_json":{"title":"Programa 'Asfalto na Rua' leva pavimenta\u00e7\u00e3o \u00e0 dois endere\u00e7os da Cehab - O Itaperunense","robots":{"index":"index","follow":"follow","max-snippet":"max-snippet:-1","max-image-preview":"max-image-preview:large","max-video-preview":"max-video-preview:-1"},"canonical":"https:\/\/www.oitaperunense.com.br\/site\/programa-asfalto-na-rua-leva-pavimentacao-a-dois-enderecos-da-cehab\/","og_locale":"pt_BR","og_type":"article","og_title":"Programa 'Asfalto na Rua' leva pavimenta\u00e7\u00e3o \u00e0 dois endere\u00e7os da Cehab - O Itaperunense","og_description":"Programa &#8216;Asfalto na Rua&#8217; est\u00e1 levando mais infraestrutura aos bairros e distritos de Itaperuna &nbsp; Na quarta e sexta-feira da semana passada, 27 e 29 de setembro, as ruas Carmen L\u00facia Portela Moura e Jos\u00e9 Maria de Abreu Meirelles, ambas na Cehab, receberam nova pavimenta\u00e7\u00e3o. Esse trabalho \u00e9 mais um exemplo do que o bom [&hellip;]","og_url":"https:\/\/www.oitaperunense.com.br\/site\/programa-asfalto-na-rua-leva-pavimentacao-a-dois-enderecos-da-cehab\/","og_site_name":"O Itaperunense","article_publisher":"https:\/\/www.facebook.com\/jornaloitaperunense","article_published_time":"2023-10-03T13:35:42+00:00","og_image":[{"width":700,"height":619,"url":"https:\/\/www.oitaperunense.com.br\/site\/wp-content\/uploads\/2023\/10\/AF1.jpg","type":"image\/jpeg"}],"author":"Andr\u00e9","twitter_card":"summary_large_image","twitter_misc":{"Escrito por":"Andr\u00e9","Est. tempo de leitura":"2 minutos"},"schema":{"@context":"https:\/\/schema.org","@graph":[{"@type":"WebPage","@id":"https:\/\/www.oitaperunense.com.br\/site\/programa-asfalto-na-rua-leva-pavimentacao-a-dois-enderecos-da-cehab\/","url":"https:\/\/www.oitaperunense.com.br\/site\/programa-asfalto-na-rua-leva-pavimentacao-a-dois-enderecos-da-cehab\/","name":"Programa 'Asfalto na Rua' leva pavimenta\u00e7\u00e3o \u00e0 dois endere\u00e7os da Cehab - O Itaperunense","isPartOf":{"@id":"https:\/\/www.oitaperunense.com.br\/site\/#website"},"datePublished":"2023-10-03T13:35:42+00:00","dateModified":"2023-10-03T13:35:42+00:00","author":{"@id":"https:\/\/www.oitaperunense.com.br\/site\/#\/schema\/person\/4a5b86c112157bc0a4492f4fd6b7939f"},"breadcrumb":{"@id":"https:\/\/www.oitaperunense.com.br\/site\/programa-asfalto-na-rua-leva-pavimentacao-a-dois-enderecos-da-cehab\/#breadcrumb"},"inLanguage":"pt-BR","potentialAction":[{"@type":"ReadAction","target":["https:\/\/www.oitaperunense.com.br\/site\/programa-asfalto-na-rua-leva-pavimentacao-a-dois-enderecos-da-cehab\/"]}]},{"@type":"BreadcrumbList","@id":"https:\/\/www.oitaperunense.com.br\/site\/programa-asfalto-na-rua-leva-pavimentacao-a-dois-enderecos-da-cehab\/#breadcrumb","itemListElement":[{"@type":"ListItem","position":1,"name":"Home","item":"https:\/\/www.oitaperunense.com.br\/site\/"},{"@type":"ListItem","position":2,"name":"Programa &#8216;Asfalto na Rua&#8217; leva pavimenta\u00e7\u00e3o \u00e0 dois endere\u00e7os da Cehab"}]},{"@type":"WebSite","@id":"https:\/\/www.oitaperunense.com.br\/site\/#website","url":"https:\/\/www.oitaperunense.com.br\/site\/","name":"O Itaperunense","description":"","potentialAction":[{"@type":"SearchAction","target":{"@type":"EntryPoint","urlTemplate":"https:\/\/www.oitaperunense.com.br\/site\/?s={search_term_string}"},"query-input":"required name=search_term_string"}],"inLanguage":"pt-BR"},{"@type":"Person","@id":"https:\/\/www.oitaperunense.com.br\/site\/#\/schema\/person\/4a5b86c112157bc0a4492f4fd6b7939f","name":"Andr\u00e9","image":{"@type":"ImageObject","inLanguage":"pt-BR","@id":"https:\/\/www.oitaperunense.com.br\/site\/#\/schema\/person\/image\/","url":"https:\/\/secure.gravatar.com\/avatar\/7a7a912ec2c8cd6a390040b03329ee7a71bbd5f81ac3557b6a68208f263fc97b?s=96&d=mm&r=g","contentUrl":"https:\/\/secure.gravatar.com\/avatar\/7a7a912ec2c8cd6a390040b03329ee7a71bbd5f81ac3557b6a68208f263fc97b?s=96&d=mm&r=g","caption":"Andr\u00e9"},"url":"https:\/\/www.oitaperunense.com.br\/site\/author\/andre\/"}]}},"cc_featured_image_caption":{"caption_text":"","source_text":"","source_url":""},"_links":{"self":[{"href":"https:\/\/www.oitaperunense.com.br\/site\/wp-json\/wp\/v2\/posts\/393152","targetHints":{"allow":["GET"]}}],"collection":[{"href":"https:\/\/www.oitaperunense.com.br\/site\/wp-json\/wp\/v2\/posts"}],"about":[{"href":"https:\/\/www.oitaperunense.com.br\/site\/wp-json\/wp\/v2\/types\/post"}],"author":[{"embeddable":true,"href":"https:\/\/www.oitaperunense.com.br\/site\/wp-json\/wp\/v2\/users\/19"}],"replies":[{"embeddable":true,"href":"https:\/\/www.oitaperunense.com.br\/site\/wp-json\/wp\/v2\/comments?post=393152"}],"version-history":[{"count":1,"href":"https:\/\/www.oitaperunense.com.br\/site\/wp-json\/wp\/v2\/posts\/393152\/revisions"}],"predecessor-version":[{"id":393158,"href":"https:\/\/www.oitaperunense.com.br\/site\/wp-json\/wp\/v2\/posts\/393152\/revisions\/393158"}],"wp:featuredmedia":[{"embeddable":true,"href":"https:\/\/www.oitaperunense.com.br\/site\/wp-json\/wp\/v2\/media\/393153"}],"wp:attachment":[{"href":"https:\/\/www.oitaperunense.com.br\/site\/wp-json\/wp\/v2\/media?parent=393152"}],"wp:term":[{"taxonomy":"category","embeddable":true,"href":"https:\/\/www.oitaperunense.com.br\/site\/wp-json\/wp\/v2\/categories?post=393152"},{"taxonomy":"post_tag","embeddable":true,"href":"https:\/\/www.oitaperunense.com.br\/site\/wp-json\/wp\/v2\/tags?post=393152"}],"curies":[{"name":"wp","href":"https:\/\/api.w.org\/{rel}","templated":true}]}}