{"id":393146,"date":"2023-10-03T07:59:11","date_gmt":"2023-10-03T10:59:11","guid":{"rendered":"https:\/\/www.oitaperunense.com.br\/site\/?p=393146"},"modified":"2023-10-03T07:59:11","modified_gmt":"2023-10-03T10:59:11","slug":"estrada-do-contorno-comeca-a-se-tornar-realidade-em-itaperuna","status":"publish","type":"post","link":"https:\/\/www.oitaperunense.com.br\/site\/estrada-do-contorno-comeca-a-se-tornar-realidade-em-itaperuna\/","title":{"rendered":"ESTRADA DO CONTORNO COME\u00c7A A SE TORNAR REALIDADE EM ITAPERUNA"},"content":{"rendered":"<p class=\"yiv3342419871MsoNormal\" style=\"text-align: center;\"><strong>Prefeito Alfred\u00e3o possui boa articula\u00e7\u00e3o pol\u00edtica junto aos governos Estadual e Federal; e conta com o forte apoio do deputado federal Murillo Gouv\u00eaa; ambos, seguem trabalhando diariamente, objetivando transformar este sonho em realidade<\/strong><\/p>\n<p class=\"yiv3342419871MsoNormal\" style=\"text-align: justify;\">O Munic\u00edpio de Itaperuna, RJ, considerado a capital do Noroeste Fluminense, tem um grande motivo para comemorar, afinal, a Estrada do Contorno \u2013 sonho antigo dos itaperunenses \u2013 come\u00e7a a se tornar realidade. Foi publicado na segunda-feira (2), no Di\u00e1rio Oficial da Uni\u00e3o (Edi\u00e7\u00e3o: 188 | Se\u00e7\u00e3o: 3 | P\u00e1gina: 177), atrav\u00e9s do Minist\u00e9rio dos Transportes, Departamento Nacional de Infraestrutura de Transportes, e Superintend\u00eancia Regional no Rio de Janeiro, o aviso de licita\u00e7\u00e3o RDC eletr\u00f4nico N\u00ba 444\/2023 &#8211; UASG 393019.<\/p>\n<p><!--more--><\/p>\n<p class=\"yiv3342419871MsoNormal\" style=\"text-align: justify;\">Que diz o seguinte: \u201c<i>N\u00ba Processo: 50607000956202274. Objeto: Contrata\u00e7\u00e3o de empresa especializada para a Elabora\u00e7\u00e3o de Estudos e Projetos B\u00e1sicos e Executivos de Engenharia, para Implanta\u00e7\u00e3o do Contorno Rodovi\u00e1rio do Munic\u00edpio de Itaperuna\/RJ. Subtrecho: Entr. BR-356 (km 25,5) &#8211; Entr. BR-356 (km 39,7). Segmento: Contorno de Itaperuna (Extens\u00e3o: 16,88 km)<\/i>\u201d.<\/p>\n<p class=\"yiv3342419871MsoNormal\" style=\"text-align: justify;\">A entrega das propostas come\u00e7a a partir de 02\/10\/2023, \u00e0s 08h no site&nbsp;<a href=\"http:\/\/www.gov.br\/compras\/pt-br\/\" target=\"_blank\" rel=\"nofollow noopener noreferrer\">www.gov.br\/compras\/pt-br\/<\/a>. J\u00e1 a abertura das propostas est\u00e1 prevista para o dia 25\/10\/2023, \u00e0s 11h no site&nbsp;<a href=\"http:\/\/www.gov.br\/compras\/pt-br\/\" target=\"_blank\" rel=\"nofollow noopener noreferrer\">www.gov.br\/compras\/pt-br\/<\/a>. Outras informa\u00e7\u00f5es podem ser obtidas na Rua Uruguaiana, n\u00ba 174, 8\u00ba andar, Centro, Rio de Janeiro\/RJ ou atrav\u00e9s do endere\u00e7o eletr\u00f4nico&nbsp;<a href=\"https:\/\/www.gov.br\/compras\/edital\/393019-99-00444-2023\" target=\"_blank\" rel=\"nofollow noopener noreferrer\">https:\/\/www.gov.br\/compras\/edital\/393019-99-00444-2023<\/a>.<\/p>\n<p class=\"yiv3342419871MsoNormal\" style=\"text-align: justify;\"><b>MELHORIAS NO TR\u00c2NSITO E DESENVOLVIMENTO PARA A REGI\u00c3O<\/b><\/p>\n<p class=\"yiv3342419871MsoNormal\" style=\"text-align: justify;\">A constru\u00e7\u00e3o da Estrada do Contorno \u00e9 uma grande conquista n\u00e3o s\u00f3 para Itaperuna, como para toda a Regi\u00e3o Noroeste Fluminense. E dentre os benef\u00edcios com a referida obra, uma consider\u00e1vel melhoria no tr\u00e2nsito, j\u00e1 que carretas e caminh\u00f5es, principalmente, deixar\u00e3o de entrar na cidade, diminuindo o fluxo de ve\u00edculos na via principal da cidade.<\/p>\n<p class=\"yiv3342419871MsoNormal\" style=\"text-align: justify;\">Outra conquista importante com a constru\u00e7\u00e3o da estrada, \u00e9 o desenvolvimento do munic\u00edpio, transformando a cidade em um importante corredor log\u00edstico, j\u00e1 que faz divisa com os estados de Minas Gerais e Esp\u00edrito Santo; al\u00e9m da proximidade com o Porto do A\u00e7u, em S\u00e3o Jo\u00e3o da Barra. O munic\u00edpio tamb\u00e9m \u00e9 passagem para importantes capitais, como Belo Horizonte, por exemplo.&nbsp; &nbsp;<\/p>\n<p class=\"yiv3342419871MsoNormal\" style=\"text-align: justify;\"><b>ATUA\u00c7\u00c3O POL\u00cdTICA<\/b><\/p>\n<p class=\"yiv3342419871MsoNormal\" style=\"text-align: justify;\">O atual prefeito Alfredo Paulo Marques Rodrigues (Alfred\u00e3o) possui boa articula\u00e7\u00e3o pol\u00edtica junto aos governos Estadual e Federal; e conta com o forte apoio do deputado federal Murillo Gouv\u00eaa; ambos, seguem trabalhando diariamente, objetivando transformar este sonho em realidade.<\/p>\n<p class=\"yiv3342419871MsoNormal\" style=\"text-align: justify;\">E, este \u00e9 o mais importante passo na dire\u00e7\u00e3o de um futuro melhor; construindo a Estrada do Contorno, al\u00e9m de pavimentar o desenvolvimento da cidade e de toda uma regi\u00e3o, que se beneficiar\u00e1 com esta grande obra, provavelmente, o \u2018divisor de \u00e1guas\u2019 do Noroeste.<\/p>\n<p class=\"yiv3342419871MsoNormal\" style=\"text-align: justify;\">Pensar os pr\u00f3ximos 50 anos do Noroeste Fluminense, indiscutivelmente, \u00e9 pensar numa Estrada do Contorno que aproxima pessoas, gera neg\u00f3cios e alavanca o desenvolvimento; produzindo riquezas n\u00e3o s\u00f3 para o interior do Estado do Rio de Janeiro, como para todo o Brasil.<\/p>\n<p class=\"yiv3342419871MsoNormal\" style=\"text-align: justify;\"><b><i>Com Informa\u00e7<\/i><\/b><strong>\u00f5es &#8211; Ensino Zine<\/strong><i><\/i><\/p>\n","protected":false},"excerpt":{"rendered":"<p>Prefeito Alfred\u00e3o possui boa articula\u00e7\u00e3o pol\u00edtica junto aos governos Estadual e Federal; e conta com o forte apoio do deputado federal Murillo Gouv\u00eaa; ambos, seguem trabalhando diariamente, objetivando transformar este sonho em realidade O Munic\u00edpio de Itaperuna, RJ, considerado a capital do Noroeste Fluminense, tem um grande motivo para comemorar, afinal, a Estrada do Contorno [&hellip;]<\/p>\n","protected":false},"author":19,"featured_media":393147,"comment_status":"open","ping_status":"closed","sticky":false,"template":"","format":"standard","meta":{"ngg_post_thumbnail":0,"footnotes":""},"categories":[91],"tags":[],"class_list":["post-393146","post","type-post","status-publish","format-standard","has-post-thumbnail","hentry","category-geral"],"yoast_head":"<!-- This site is optimized with the Yoast SEO plugin v20.11 - https:\/\/yoast.com\/wordpress\/plugins\/seo\/ -->\n<title>ESTRADA DO CONTORNO COME\u00c7A A SE TORNAR REALIDADE EM ITAPERUNA - O Itaperunense<\/title>\n<meta name=\"robots\" content=\"index, follow, max-snippet:-1, max-image-preview:large, max-video-preview:-1\" \/>\n<link rel=\"canonical\" href=\"https:\/\/www.oitaperunense.com.br\/site\/estrada-do-contorno-comeca-a-se-tornar-realidade-em-itaperuna\/\" \/>\n<meta property=\"og:locale\" content=\"pt_BR\" \/>\n<meta property=\"og:type\" content=\"article\" \/>\n<meta property=\"og:title\" content=\"ESTRADA DO CONTORNO COME\u00c7A A SE TORNAR REALIDADE EM ITAPERUNA - O Itaperunense\" \/>\n<meta property=\"og:description\" content=\"Prefeito Alfred\u00e3o possui boa articula\u00e7\u00e3o pol\u00edtica junto aos governos Estadual e Federal; e conta com o forte apoio do deputado federal Murillo Gouv\u00eaa; ambos, seguem trabalhando diariamente, objetivando transformar este sonho em realidade O Munic\u00edpio de Itaperuna, RJ, considerado a capital do Noroeste Fluminense, tem um grande motivo para comemorar, afinal, a Estrada do Contorno [&hellip;]\" \/>\n<meta property=\"og:url\" content=\"https:\/\/www.oitaperunense.com.br\/site\/estrada-do-contorno-comeca-a-se-tornar-realidade-em-itaperuna\/\" \/>\n<meta property=\"og:site_name\" content=\"O Itaperunense\" \/>\n<meta property=\"article:publisher\" content=\"https:\/\/www.facebook.com\/jornaloitaperunense\" \/>\n<meta property=\"article:published_time\" content=\"2023-10-03T10:59:11+00:00\" \/>\n<meta property=\"og:image\" content=\"https:\/\/www.oitaperunense.com.br\/site\/wp-content\/uploads\/2023\/10\/zine.jpg\" \/>\n\t<meta property=\"og:image:width\" content=\"700\" \/>\n\t<meta property=\"og:image:height\" content=\"459\" \/>\n\t<meta property=\"og:image:type\" content=\"image\/jpeg\" \/>\n<meta name=\"author\" content=\"Andr\u00e9\" \/>\n<meta name=\"twitter:card\" content=\"summary_large_image\" \/>\n<meta name=\"twitter:label1\" content=\"Escrito por\" \/>\n\t<meta name=\"twitter:data1\" content=\"Andr\u00e9\" \/>\n\t<meta name=\"twitter:label2\" content=\"Est. tempo de leitura\" \/>\n\t<meta name=\"twitter:data2\" content=\"3 minutos\" \/>\n<script type=\"application\/ld+json\" class=\"yoast-schema-graph\">{\"@context\":\"https:\/\/schema.org\",\"@graph\":[{\"@type\":\"WebPage\",\"@id\":\"https:\/\/www.oitaperunense.com.br\/site\/estrada-do-contorno-comeca-a-se-tornar-realidade-em-itaperuna\/\",\"url\":\"https:\/\/www.oitaperunense.com.br\/site\/estrada-do-contorno-comeca-a-se-tornar-realidade-em-itaperuna\/\",\"name\":\"ESTRADA DO CONTORNO COME\u00c7A A SE TORNAR REALIDADE EM ITAPERUNA - O Itaperunense\",\"isPartOf\":{\"@id\":\"https:\/\/www.oitaperunense.com.br\/site\/#website\"},\"datePublished\":\"2023-10-03T10:59:11+00:00\",\"dateModified\":\"2023-10-03T10:59:11+00:00\",\"author\":{\"@id\":\"https:\/\/www.oitaperunense.com.br\/site\/#\/schema\/person\/4a5b86c112157bc0a4492f4fd6b7939f\"},\"breadcrumb\":{\"@id\":\"https:\/\/www.oitaperunense.com.br\/site\/estrada-do-contorno-comeca-a-se-tornar-realidade-em-itaperuna\/#breadcrumb\"},\"inLanguage\":\"pt-BR\",\"potentialAction\":[{\"@type\":\"ReadAction\",\"target\":[\"https:\/\/www.oitaperunense.com.br\/site\/estrada-do-contorno-comeca-a-se-tornar-realidade-em-itaperuna\/\"]}]},{\"@type\":\"BreadcrumbList\",\"@id\":\"https:\/\/www.oitaperunense.com.br\/site\/estrada-do-contorno-comeca-a-se-tornar-realidade-em-itaperuna\/#breadcrumb\",\"itemListElement\":[{\"@type\":\"ListItem\",\"position\":1,\"name\":\"Home\",\"item\":\"https:\/\/www.oitaperunense.com.br\/site\/\"},{\"@type\":\"ListItem\",\"position\":2,\"name\":\"ESTRADA DO CONTORNO COME\u00c7A A SE TORNAR REALIDADE EM ITAPERUNA\"}]},{\"@type\":\"WebSite\",\"@id\":\"https:\/\/www.oitaperunense.com.br\/site\/#website\",\"url\":\"https:\/\/www.oitaperunense.com.br\/site\/\",\"name\":\"O Itaperunense\",\"description\":\"\",\"potentialAction\":[{\"@type\":\"SearchAction\",\"target\":{\"@type\":\"EntryPoint\",\"urlTemplate\":\"https:\/\/www.oitaperunense.com.br\/site\/?s={search_term_string}\"},\"query-input\":\"required name=search_term_string\"}],\"inLanguage\":\"pt-BR\"},{\"@type\":\"Person\",\"@id\":\"https:\/\/www.oitaperunense.com.br\/site\/#\/schema\/person\/4a5b86c112157bc0a4492f4fd6b7939f\",\"name\":\"Andr\u00e9\",\"image\":{\"@type\":\"ImageObject\",\"inLanguage\":\"pt-BR\",\"@id\":\"https:\/\/www.oitaperunense.com.br\/site\/#\/schema\/person\/image\/\",\"url\":\"https:\/\/secure.gravatar.com\/avatar\/7a7a912ec2c8cd6a390040b03329ee7a71bbd5f81ac3557b6a68208f263fc97b?s=96&d=mm&r=g\",\"contentUrl\":\"https:\/\/secure.gravatar.com\/avatar\/7a7a912ec2c8cd6a390040b03329ee7a71bbd5f81ac3557b6a68208f263fc97b?s=96&d=mm&r=g\",\"caption\":\"Andr\u00e9\"},\"url\":\"https:\/\/www.oitaperunense.com.br\/site\/author\/andre\/\"}]}<\/script>\n<!-- \/ Yoast SEO plugin. -->","yoast_head_json":{"title":"ESTRADA DO CONTORNO COME\u00c7A A SE TORNAR REALIDADE EM ITAPERUNA - O Itaperunense","robots":{"index":"index","follow":"follow","max-snippet":"max-snippet:-1","max-image-preview":"max-image-preview:large","max-video-preview":"max-video-preview:-1"},"canonical":"https:\/\/www.oitaperunense.com.br\/site\/estrada-do-contorno-comeca-a-se-tornar-realidade-em-itaperuna\/","og_locale":"pt_BR","og_type":"article","og_title":"ESTRADA DO CONTORNO COME\u00c7A A SE TORNAR REALIDADE EM ITAPERUNA - O Itaperunense","og_description":"Prefeito Alfred\u00e3o possui boa articula\u00e7\u00e3o pol\u00edtica junto aos governos Estadual e Federal; e conta com o forte apoio do deputado federal Murillo Gouv\u00eaa; ambos, seguem trabalhando diariamente, objetivando transformar este sonho em realidade O Munic\u00edpio de Itaperuna, RJ, considerado a capital do Noroeste Fluminense, tem um grande motivo para comemorar, afinal, a Estrada do Contorno [&hellip;]","og_url":"https:\/\/www.oitaperunense.com.br\/site\/estrada-do-contorno-comeca-a-se-tornar-realidade-em-itaperuna\/","og_site_name":"O Itaperunense","article_publisher":"https:\/\/www.facebook.com\/jornaloitaperunense","article_published_time":"2023-10-03T10:59:11+00:00","og_image":[{"width":700,"height":459,"url":"https:\/\/www.oitaperunense.com.br\/site\/wp-content\/uploads\/2023\/10\/zine.jpg","type":"image\/jpeg"}],"author":"Andr\u00e9","twitter_card":"summary_large_image","twitter_misc":{"Escrito por":"Andr\u00e9","Est. tempo de leitura":"3 minutos"},"schema":{"@context":"https:\/\/schema.org","@graph":[{"@type":"WebPage","@id":"https:\/\/www.oitaperunense.com.br\/site\/estrada-do-contorno-comeca-a-se-tornar-realidade-em-itaperuna\/","url":"https:\/\/www.oitaperunense.com.br\/site\/estrada-do-contorno-comeca-a-se-tornar-realidade-em-itaperuna\/","name":"ESTRADA DO CONTORNO COME\u00c7A A SE TORNAR REALIDADE EM ITAPERUNA - O Itaperunense","isPartOf":{"@id":"https:\/\/www.oitaperunense.com.br\/site\/#website"},"datePublished":"2023-10-03T10:59:11+00:00","dateModified":"2023-10-03T10:59:11+00:00","author":{"@id":"https:\/\/www.oitaperunense.com.br\/site\/#\/schema\/person\/4a5b86c112157bc0a4492f4fd6b7939f"},"breadcrumb":{"@id":"https:\/\/www.oitaperunense.com.br\/site\/estrada-do-contorno-comeca-a-se-tornar-realidade-em-itaperuna\/#breadcrumb"},"inLanguage":"pt-BR","potentialAction":[{"@type":"ReadAction","target":["https:\/\/www.oitaperunense.com.br\/site\/estrada-do-contorno-comeca-a-se-tornar-realidade-em-itaperuna\/"]}]},{"@type":"BreadcrumbList","@id":"https:\/\/www.oitaperunense.com.br\/site\/estrada-do-contorno-comeca-a-se-tornar-realidade-em-itaperuna\/#breadcrumb","itemListElement":[{"@type":"ListItem","position":1,"name":"Home","item":"https:\/\/www.oitaperunense.com.br\/site\/"},{"@type":"ListItem","position":2,"name":"ESTRADA DO CONTORNO COME\u00c7A A SE TORNAR REALIDADE EM ITAPERUNA"}]},{"@type":"WebSite","@id":"https:\/\/www.oitaperunense.com.br\/site\/#website","url":"https:\/\/www.oitaperunense.com.br\/site\/","name":"O Itaperunense","description":"","potentialAction":[{"@type":"SearchAction","target":{"@type":"EntryPoint","urlTemplate":"https:\/\/www.oitaperunense.com.br\/site\/?s={search_term_string}"},"query-input":"required name=search_term_string"}],"inLanguage":"pt-BR"},{"@type":"Person","@id":"https:\/\/www.oitaperunense.com.br\/site\/#\/schema\/person\/4a5b86c112157bc0a4492f4fd6b7939f","name":"Andr\u00e9","image":{"@type":"ImageObject","inLanguage":"pt-BR","@id":"https:\/\/www.oitaperunense.com.br\/site\/#\/schema\/person\/image\/","url":"https:\/\/secure.gravatar.com\/avatar\/7a7a912ec2c8cd6a390040b03329ee7a71bbd5f81ac3557b6a68208f263fc97b?s=96&d=mm&r=g","contentUrl":"https:\/\/secure.gravatar.com\/avatar\/7a7a912ec2c8cd6a390040b03329ee7a71bbd5f81ac3557b6a68208f263fc97b?s=96&d=mm&r=g","caption":"Andr\u00e9"},"url":"https:\/\/www.oitaperunense.com.br\/site\/author\/andre\/"}]}},"cc_featured_image_caption":{"caption_text":"","source_text":"","source_url":""},"_links":{"self":[{"href":"https:\/\/www.oitaperunense.com.br\/site\/wp-json\/wp\/v2\/posts\/393146","targetHints":{"allow":["GET"]}}],"collection":[{"href":"https:\/\/www.oitaperunense.com.br\/site\/wp-json\/wp\/v2\/posts"}],"about":[{"href":"https:\/\/www.oitaperunense.com.br\/site\/wp-json\/wp\/v2\/types\/post"}],"author":[{"embeddable":true,"href":"https:\/\/www.oitaperunense.com.br\/site\/wp-json\/wp\/v2\/users\/19"}],"replies":[{"embeddable":true,"href":"https:\/\/www.oitaperunense.com.br\/site\/wp-json\/wp\/v2\/comments?post=393146"}],"version-history":[{"count":1,"href":"https:\/\/www.oitaperunense.com.br\/site\/wp-json\/wp\/v2\/posts\/393146\/revisions"}],"predecessor-version":[{"id":393148,"href":"https:\/\/www.oitaperunense.com.br\/site\/wp-json\/wp\/v2\/posts\/393146\/revisions\/393148"}],"wp:featuredmedia":[{"embeddable":true,"href":"https:\/\/www.oitaperunense.com.br\/site\/wp-json\/wp\/v2\/media\/393147"}],"wp:attachment":[{"href":"https:\/\/www.oitaperunense.com.br\/site\/wp-json\/wp\/v2\/media?parent=393146"}],"wp:term":[{"taxonomy":"category","embeddable":true,"href":"https:\/\/www.oitaperunense.com.br\/site\/wp-json\/wp\/v2\/categories?post=393146"},{"taxonomy":"post_tag","embeddable":true,"href":"https:\/\/www.oitaperunense.com.br\/site\/wp-json\/wp\/v2\/tags?post=393146"}],"curies":[{"name":"wp","href":"https:\/\/api.w.org\/{rel}","templated":true}]}}