{"id":393121,"date":"2023-09-28T13:00:39","date_gmt":"2023-09-28T16:00:39","guid":{"rendered":"https:\/\/www.oitaperunense.com.br\/site\/?p=393121"},"modified":"2023-09-28T13:00:39","modified_gmt":"2023-09-28T16:00:39","slug":"sgsei-promove-palestras-sobre-autoprotecao-em-incendios-nas-comarcas-de-porciuncula-e-santo-antonio-de-padua","status":"publish","type":"post","link":"https:\/\/www.oitaperunense.com.br\/site\/sgsei-promove-palestras-sobre-autoprotecao-em-incendios-nas-comarcas-de-porciuncula-e-santo-antonio-de-padua\/","title":{"rendered":"SGSEI PROMOVE PALESTRAS SOBRE AUTOPROTE\u00c7\u00c3O EM INC\u00caNDIOS NAS COMARCAS DE PORCI\u00daNCULA E SANTO ANT\u00d4NIO DE P\u00c1DUA"},"content":{"rendered":"<p style=\"text-align: center;\"><strong>Treinamento sobre &#8220;Plano de Abandono&#8221; em caso de inc\u00eandio realizado na Comarca de Porci\u00fancula<\/strong><\/p>\n<p style=\"text-align: justify;\">A Divis\u00e3o de Preven\u00e7\u00e3o e Combate a Inc\u00eandio (Dicin) da Secretaria-Geral de Seguran\u00e7a Institucional (SGSEI) do Tribunal de Justi\u00e7a do Rio promoveu, neste m\u00eas, palestras sobre seguran\u00e7a e no\u00e7\u00f5es de combate ao fogo durante inc\u00eandios nas comarcas de Porci\u00fancula e de Santo Ant\u00f4nio de P\u00e1dua. A palestra \u201cPlano de Abandono\u201d foi ministrada pelo tenente Bruno da Silva Jordano e pelo subtenente Manoel Messias Pessoa, bombeiros militares da Brigada de Inc\u00eandio do TJRJ.<\/p>\n<p style=\"text-align: justify;\"><!--more--><\/p>\n<p style=\"text-align: justify;\">Entre os principais pontos abordados na aula est\u00e3o a identifica\u00e7\u00e3o e manuseio dos extintores de inc\u00eandio, a produ\u00e7\u00e3o manual de um filtro de ar e as rotas de fuga, em casos de inc\u00eandio. Ao perceber o in\u00edcio de um incidente com fogo, a pessoa deve identificar se as chamas est\u00e3o em produtos s\u00f3lidos, como papel e madeira; se s\u00e3o causadas por l\u00edquidos inflam\u00e1veis, como \u00e1lcool e combust\u00edvel; ou se s\u00e3o provocadas por equipamentos el\u00e9tricos. A partir da\u00ed, \u00e9 necess\u00e1rio usar extintores a base de \u00e1gua para o primeiro caso e extintores com g\u00e1s carb\u00f4nico para o segundo e o terceiro casos.<\/p>\n<p style=\"text-align: center;\"><img loading=\"lazy\" decoding=\"async\" class=\"alignnone size-full wp-image-393123 aligncenter\" src=\"https:\/\/www.oitaperunense.com.br\/site\/wp-content\/uploads\/2023\/09\/SG2.jpg\" alt=\"\" width=\"700\" height=\"452\" srcset=\"https:\/\/www.oitaperunense.com.br\/site\/wp-content\/uploads\/2023\/09\/SG2.jpg 700w, https:\/\/www.oitaperunense.com.br\/site\/wp-content\/uploads\/2023\/09\/SG2-300x194.jpg 300w\" sizes=\"auto, (max-width: 700px) 100vw, 700px\" \/><strong>Treinamento sobre &#8220;Plano de Abandono&#8221; em caso de inc\u00eandio realizado na Comarca de Santo Ant\u00f4nio de P\u00e1dua<\/strong><\/p>\n<p style=\"text-align: justify;\">Se o fogo continuar, a Brigada de Inc\u00eandio deve ser acionada pelo n\u00famero 193 e as pessoas devem se afastar do local. Em caso de alastramento das chamas, \u00e9 necess\u00e1rio que o lugar seja evacuado de forma organizada, seguindo a sinaliza\u00e7\u00e3o nas paredes. Dependendo da densidade da fuma\u00e7a, \u00e9 necess\u00e1rio que a pessoa amarre algum pano sobre o rosto, cobrindo o nariz e a boca, como um filtro de ar, al\u00e9m de se encaminhar para a sa\u00edda do local agachado para diminuir o contato com a fuma\u00e7a.<\/p>\n<p style=\"text-align: justify;\">No dia seguinte, ap\u00f3s a palestra, todos os servidores, funcion\u00e1rios e colaboradores dos f\u00f3runs participaram da simula\u00e7\u00e3o de abandono de \u00e1rea, colocando em pr\u00e1tica as orienta\u00e7\u00f5es apresentadas pela Brigada. Em Porci\u00fancula, a a\u00e7\u00e3o ocorreu nos dias 14 e 15 de setembro; e, em Santo Ant\u00f4nio de P\u00e1dua, nos dias 21 e 22 do mesmo m\u00eas.<\/p>\n<p><strong>Com informa\u00e7\u00f5es: TJRJ (KB com supervis\u00e3o de MB) Fotos: Divulga\u00e7\u00e3o<\/strong><\/p>\n","protected":false},"excerpt":{"rendered":"<p>Treinamento sobre &#8220;Plano de Abandono&#8221; em caso de inc\u00eandio realizado na Comarca de Porci\u00fancula A Divis\u00e3o de Preven\u00e7\u00e3o e Combate a Inc\u00eandio (Dicin) da Secretaria-Geral de Seguran\u00e7a Institucional (SGSEI) do Tribunal de Justi\u00e7a do Rio promoveu, neste m\u00eas, palestras sobre seguran\u00e7a e no\u00e7\u00f5es de combate ao fogo durante inc\u00eandios nas comarcas de Porci\u00fancula e de [&hellip;]<\/p>\n","protected":false},"author":19,"featured_media":393122,"comment_status":"open","ping_status":"closed","sticky":false,"template":"","format":"standard","meta":{"ngg_post_thumbnail":0,"footnotes":""},"categories":[91],"tags":[],"class_list":["post-393121","post","type-post","status-publish","format-standard","has-post-thumbnail","hentry","category-geral"],"yoast_head":"<!-- This site is optimized with the Yoast SEO plugin v20.11 - https:\/\/yoast.com\/wordpress\/plugins\/seo\/ -->\n<title>SGSEI PROMOVE PALESTRAS SOBRE AUTOPROTE\u00c7\u00c3O EM INC\u00caNDIOS NAS COMARCAS DE PORCI\u00daNCULA E SANTO ANT\u00d4NIO DE P\u00c1DUA - O Itaperunense<\/title>\n<meta name=\"robots\" content=\"index, follow, max-snippet:-1, max-image-preview:large, max-video-preview:-1\" \/>\n<link rel=\"canonical\" href=\"https:\/\/www.oitaperunense.com.br\/site\/sgsei-promove-palestras-sobre-autoprotecao-em-incendios-nas-comarcas-de-porciuncula-e-santo-antonio-de-padua\/\" \/>\n<meta property=\"og:locale\" content=\"pt_BR\" \/>\n<meta property=\"og:type\" content=\"article\" \/>\n<meta property=\"og:title\" content=\"SGSEI PROMOVE PALESTRAS SOBRE AUTOPROTE\u00c7\u00c3O EM INC\u00caNDIOS NAS COMARCAS DE PORCI\u00daNCULA E SANTO ANT\u00d4NIO DE P\u00c1DUA - O Itaperunense\" \/>\n<meta property=\"og:description\" content=\"Treinamento sobre &#8220;Plano de Abandono&#8221; em caso de inc\u00eandio realizado na Comarca de Porci\u00fancula A Divis\u00e3o de Preven\u00e7\u00e3o e Combate a Inc\u00eandio (Dicin) da Secretaria-Geral de Seguran\u00e7a Institucional (SGSEI) do Tribunal de Justi\u00e7a do Rio promoveu, neste m\u00eas, palestras sobre seguran\u00e7a e no\u00e7\u00f5es de combate ao fogo durante inc\u00eandios nas comarcas de Porci\u00fancula e de [&hellip;]\" \/>\n<meta property=\"og:url\" content=\"https:\/\/www.oitaperunense.com.br\/site\/sgsei-promove-palestras-sobre-autoprotecao-em-incendios-nas-comarcas-de-porciuncula-e-santo-antonio-de-padua\/\" \/>\n<meta property=\"og:site_name\" content=\"O Itaperunense\" \/>\n<meta property=\"article:publisher\" content=\"https:\/\/www.facebook.com\/jornaloitaperunense\" \/>\n<meta property=\"article:published_time\" content=\"2023-09-28T16:00:39+00:00\" \/>\n<meta property=\"og:image\" content=\"https:\/\/www.oitaperunense.com.br\/site\/wp-content\/uploads\/2023\/09\/SG1.jpg\" \/>\n\t<meta property=\"og:image:width\" content=\"700\" \/>\n\t<meta property=\"og:image:height\" content=\"481\" \/>\n\t<meta property=\"og:image:type\" content=\"image\/jpeg\" \/>\n<meta name=\"author\" content=\"Andr\u00e9\" \/>\n<meta name=\"twitter:card\" content=\"summary_large_image\" \/>\n<meta name=\"twitter:label1\" content=\"Escrito por\" \/>\n\t<meta name=\"twitter:data1\" content=\"Andr\u00e9\" \/>\n\t<meta name=\"twitter:label2\" content=\"Est. tempo de leitura\" \/>\n\t<meta name=\"twitter:data2\" content=\"3 minutos\" \/>\n<script type=\"application\/ld+json\" class=\"yoast-schema-graph\">{\"@context\":\"https:\/\/schema.org\",\"@graph\":[{\"@type\":\"WebPage\",\"@id\":\"https:\/\/www.oitaperunense.com.br\/site\/sgsei-promove-palestras-sobre-autoprotecao-em-incendios-nas-comarcas-de-porciuncula-e-santo-antonio-de-padua\/\",\"url\":\"https:\/\/www.oitaperunense.com.br\/site\/sgsei-promove-palestras-sobre-autoprotecao-em-incendios-nas-comarcas-de-porciuncula-e-santo-antonio-de-padua\/\",\"name\":\"SGSEI PROMOVE PALESTRAS SOBRE AUTOPROTE\u00c7\u00c3O EM INC\u00caNDIOS NAS COMARCAS DE PORCI\u00daNCULA E SANTO ANT\u00d4NIO DE P\u00c1DUA - O Itaperunense\",\"isPartOf\":{\"@id\":\"https:\/\/www.oitaperunense.com.br\/site\/#website\"},\"datePublished\":\"2023-09-28T16:00:39+00:00\",\"dateModified\":\"2023-09-28T16:00:39+00:00\",\"author\":{\"@id\":\"https:\/\/www.oitaperunense.com.br\/site\/#\/schema\/person\/4a5b86c112157bc0a4492f4fd6b7939f\"},\"breadcrumb\":{\"@id\":\"https:\/\/www.oitaperunense.com.br\/site\/sgsei-promove-palestras-sobre-autoprotecao-em-incendios-nas-comarcas-de-porciuncula-e-santo-antonio-de-padua\/#breadcrumb\"},\"inLanguage\":\"pt-BR\",\"potentialAction\":[{\"@type\":\"ReadAction\",\"target\":[\"https:\/\/www.oitaperunense.com.br\/site\/sgsei-promove-palestras-sobre-autoprotecao-em-incendios-nas-comarcas-de-porciuncula-e-santo-antonio-de-padua\/\"]}]},{\"@type\":\"BreadcrumbList\",\"@id\":\"https:\/\/www.oitaperunense.com.br\/site\/sgsei-promove-palestras-sobre-autoprotecao-em-incendios-nas-comarcas-de-porciuncula-e-santo-antonio-de-padua\/#breadcrumb\",\"itemListElement\":[{\"@type\":\"ListItem\",\"position\":1,\"name\":\"Home\",\"item\":\"https:\/\/www.oitaperunense.com.br\/site\/\"},{\"@type\":\"ListItem\",\"position\":2,\"name\":\"SGSEI PROMOVE PALESTRAS SOBRE AUTOPROTE\u00c7\u00c3O EM INC\u00caNDIOS NAS COMARCAS DE PORCI\u00daNCULA E SANTO ANT\u00d4NIO DE P\u00c1DUA\"}]},{\"@type\":\"WebSite\",\"@id\":\"https:\/\/www.oitaperunense.com.br\/site\/#website\",\"url\":\"https:\/\/www.oitaperunense.com.br\/site\/\",\"name\":\"O Itaperunense\",\"description\":\"\",\"potentialAction\":[{\"@type\":\"SearchAction\",\"target\":{\"@type\":\"EntryPoint\",\"urlTemplate\":\"https:\/\/www.oitaperunense.com.br\/site\/?s={search_term_string}\"},\"query-input\":\"required name=search_term_string\"}],\"inLanguage\":\"pt-BR\"},{\"@type\":\"Person\",\"@id\":\"https:\/\/www.oitaperunense.com.br\/site\/#\/schema\/person\/4a5b86c112157bc0a4492f4fd6b7939f\",\"name\":\"Andr\u00e9\",\"image\":{\"@type\":\"ImageObject\",\"inLanguage\":\"pt-BR\",\"@id\":\"https:\/\/www.oitaperunense.com.br\/site\/#\/schema\/person\/image\/\",\"url\":\"https:\/\/secure.gravatar.com\/avatar\/7a7a912ec2c8cd6a390040b03329ee7a71bbd5f81ac3557b6a68208f263fc97b?s=96&d=mm&r=g\",\"contentUrl\":\"https:\/\/secure.gravatar.com\/avatar\/7a7a912ec2c8cd6a390040b03329ee7a71bbd5f81ac3557b6a68208f263fc97b?s=96&d=mm&r=g\",\"caption\":\"Andr\u00e9\"},\"url\":\"https:\/\/www.oitaperunense.com.br\/site\/author\/andre\/\"}]}<\/script>\n<!-- \/ Yoast SEO plugin. -->","yoast_head_json":{"title":"SGSEI PROMOVE PALESTRAS SOBRE AUTOPROTE\u00c7\u00c3O EM INC\u00caNDIOS NAS COMARCAS DE PORCI\u00daNCULA E SANTO ANT\u00d4NIO DE P\u00c1DUA - O Itaperunense","robots":{"index":"index","follow":"follow","max-snippet":"max-snippet:-1","max-image-preview":"max-image-preview:large","max-video-preview":"max-video-preview:-1"},"canonical":"https:\/\/www.oitaperunense.com.br\/site\/sgsei-promove-palestras-sobre-autoprotecao-em-incendios-nas-comarcas-de-porciuncula-e-santo-antonio-de-padua\/","og_locale":"pt_BR","og_type":"article","og_title":"SGSEI PROMOVE PALESTRAS SOBRE AUTOPROTE\u00c7\u00c3O EM INC\u00caNDIOS NAS COMARCAS DE PORCI\u00daNCULA E SANTO ANT\u00d4NIO DE P\u00c1DUA - O Itaperunense","og_description":"Treinamento sobre &#8220;Plano de Abandono&#8221; em caso de inc\u00eandio realizado na Comarca de Porci\u00fancula A Divis\u00e3o de Preven\u00e7\u00e3o e Combate a Inc\u00eandio (Dicin) da Secretaria-Geral de Seguran\u00e7a Institucional (SGSEI) do Tribunal de Justi\u00e7a do Rio promoveu, neste m\u00eas, palestras sobre seguran\u00e7a e no\u00e7\u00f5es de combate ao fogo durante inc\u00eandios nas comarcas de Porci\u00fancula e de [&hellip;]","og_url":"https:\/\/www.oitaperunense.com.br\/site\/sgsei-promove-palestras-sobre-autoprotecao-em-incendios-nas-comarcas-de-porciuncula-e-santo-antonio-de-padua\/","og_site_name":"O Itaperunense","article_publisher":"https:\/\/www.facebook.com\/jornaloitaperunense","article_published_time":"2023-09-28T16:00:39+00:00","og_image":[{"width":700,"height":481,"url":"https:\/\/www.oitaperunense.com.br\/site\/wp-content\/uploads\/2023\/09\/SG1.jpg","type":"image\/jpeg"}],"author":"Andr\u00e9","twitter_card":"summary_large_image","twitter_misc":{"Escrito por":"Andr\u00e9","Est. tempo de leitura":"3 minutos"},"schema":{"@context":"https:\/\/schema.org","@graph":[{"@type":"WebPage","@id":"https:\/\/www.oitaperunense.com.br\/site\/sgsei-promove-palestras-sobre-autoprotecao-em-incendios-nas-comarcas-de-porciuncula-e-santo-antonio-de-padua\/","url":"https:\/\/www.oitaperunense.com.br\/site\/sgsei-promove-palestras-sobre-autoprotecao-em-incendios-nas-comarcas-de-porciuncula-e-santo-antonio-de-padua\/","name":"SGSEI PROMOVE PALESTRAS SOBRE AUTOPROTE\u00c7\u00c3O EM INC\u00caNDIOS NAS COMARCAS DE PORCI\u00daNCULA E SANTO ANT\u00d4NIO DE P\u00c1DUA - O Itaperunense","isPartOf":{"@id":"https:\/\/www.oitaperunense.com.br\/site\/#website"},"datePublished":"2023-09-28T16:00:39+00:00","dateModified":"2023-09-28T16:00:39+00:00","author":{"@id":"https:\/\/www.oitaperunense.com.br\/site\/#\/schema\/person\/4a5b86c112157bc0a4492f4fd6b7939f"},"breadcrumb":{"@id":"https:\/\/www.oitaperunense.com.br\/site\/sgsei-promove-palestras-sobre-autoprotecao-em-incendios-nas-comarcas-de-porciuncula-e-santo-antonio-de-padua\/#breadcrumb"},"inLanguage":"pt-BR","potentialAction":[{"@type":"ReadAction","target":["https:\/\/www.oitaperunense.com.br\/site\/sgsei-promove-palestras-sobre-autoprotecao-em-incendios-nas-comarcas-de-porciuncula-e-santo-antonio-de-padua\/"]}]},{"@type":"BreadcrumbList","@id":"https:\/\/www.oitaperunense.com.br\/site\/sgsei-promove-palestras-sobre-autoprotecao-em-incendios-nas-comarcas-de-porciuncula-e-santo-antonio-de-padua\/#breadcrumb","itemListElement":[{"@type":"ListItem","position":1,"name":"Home","item":"https:\/\/www.oitaperunense.com.br\/site\/"},{"@type":"ListItem","position":2,"name":"SGSEI PROMOVE PALESTRAS SOBRE AUTOPROTE\u00c7\u00c3O EM INC\u00caNDIOS NAS COMARCAS DE PORCI\u00daNCULA E SANTO ANT\u00d4NIO DE P\u00c1DUA"}]},{"@type":"WebSite","@id":"https:\/\/www.oitaperunense.com.br\/site\/#website","url":"https:\/\/www.oitaperunense.com.br\/site\/","name":"O Itaperunense","description":"","potentialAction":[{"@type":"SearchAction","target":{"@type":"EntryPoint","urlTemplate":"https:\/\/www.oitaperunense.com.br\/site\/?s={search_term_string}"},"query-input":"required name=search_term_string"}],"inLanguage":"pt-BR"},{"@type":"Person","@id":"https:\/\/www.oitaperunense.com.br\/site\/#\/schema\/person\/4a5b86c112157bc0a4492f4fd6b7939f","name":"Andr\u00e9","image":{"@type":"ImageObject","inLanguage":"pt-BR","@id":"https:\/\/www.oitaperunense.com.br\/site\/#\/schema\/person\/image\/","url":"https:\/\/secure.gravatar.com\/avatar\/7a7a912ec2c8cd6a390040b03329ee7a71bbd5f81ac3557b6a68208f263fc97b?s=96&d=mm&r=g","contentUrl":"https:\/\/secure.gravatar.com\/avatar\/7a7a912ec2c8cd6a390040b03329ee7a71bbd5f81ac3557b6a68208f263fc97b?s=96&d=mm&r=g","caption":"Andr\u00e9"},"url":"https:\/\/www.oitaperunense.com.br\/site\/author\/andre\/"}]}},"cc_featured_image_caption":{"caption_text":"","source_text":"","source_url":""},"_links":{"self":[{"href":"https:\/\/www.oitaperunense.com.br\/site\/wp-json\/wp\/v2\/posts\/393121","targetHints":{"allow":["GET"]}}],"collection":[{"href":"https:\/\/www.oitaperunense.com.br\/site\/wp-json\/wp\/v2\/posts"}],"about":[{"href":"https:\/\/www.oitaperunense.com.br\/site\/wp-json\/wp\/v2\/types\/post"}],"author":[{"embeddable":true,"href":"https:\/\/www.oitaperunense.com.br\/site\/wp-json\/wp\/v2\/users\/19"}],"replies":[{"embeddable":true,"href":"https:\/\/www.oitaperunense.com.br\/site\/wp-json\/wp\/v2\/comments?post=393121"}],"version-history":[{"count":1,"href":"https:\/\/www.oitaperunense.com.br\/site\/wp-json\/wp\/v2\/posts\/393121\/revisions"}],"predecessor-version":[{"id":393124,"href":"https:\/\/www.oitaperunense.com.br\/site\/wp-json\/wp\/v2\/posts\/393121\/revisions\/393124"}],"wp:featuredmedia":[{"embeddable":true,"href":"https:\/\/www.oitaperunense.com.br\/site\/wp-json\/wp\/v2\/media\/393122"}],"wp:attachment":[{"href":"https:\/\/www.oitaperunense.com.br\/site\/wp-json\/wp\/v2\/media?parent=393121"}],"wp:term":[{"taxonomy":"category","embeddable":true,"href":"https:\/\/www.oitaperunense.com.br\/site\/wp-json\/wp\/v2\/categories?post=393121"},{"taxonomy":"post_tag","embeddable":true,"href":"https:\/\/www.oitaperunense.com.br\/site\/wp-json\/wp\/v2\/tags?post=393121"}],"curies":[{"name":"wp","href":"https:\/\/api.w.org\/{rel}","templated":true}]}}