{"id":393042,"date":"2023-09-14T16:57:23","date_gmt":"2023-09-14T19:57:23","guid":{"rendered":"https:\/\/www.oitaperunense.com.br\/site\/?p=393042"},"modified":"2023-09-14T17:02:23","modified_gmt":"2023-09-14T20:02:23","slug":"itaperuna-rj-complementacao-salarial-dos-profissionais-da-enfermagem","status":"publish","type":"post","link":"https:\/\/www.oitaperunense.com.br\/site\/itaperuna-rj-complementacao-salarial-dos-profissionais-da-enfermagem\/","title":{"rendered":"Itaperuna\/RJ: Complementa\u00e7\u00e3o Salarial dos Profissionais da Enfermagem"},"content":{"rendered":"<p class=\"yiv8837132333MsoNormal\" style=\"text-align: center;\"><strong>Prefeito Alfred\u00e3o e o secret\u00e1rio municipal de Sa\u00fade, Marcelo Poeys trabalham buscando uma Sa\u00fade cada vez mais humanizada com valoriza\u00e7\u00e3o profissional<\/strong><\/p>\n<p class=\"yiv8837132333MsoNormal\" style=\"text-align: justify;\">Na \u00faltima quarta-feira (13), foi aprovado em primeira discuss\u00e3o, na C\u00e2mara de Vereadores de Itaperuna, o Projeto de Lei de iniciativa do prefeito municipal, Alfredo Paulo Marques Rodrigues, o &#8220;Alfred\u00e3o&#8221;, que autoriza o Poder Executivo a repassar para as institui\u00e7\u00f5es filantr\u00f3picas contratualizadas ou conveniadas, os recursos oriundos da assist\u00eancia financeira complementar, destinado a complementa\u00e7\u00e3o salarial dos profissionais da Enfermagem que foi institu\u00edda pela Lei Federal n\u00ba 14.434\/2022. Esta mat\u00e9ria \u00e9 uma vit\u00f3ria para a classe e, ainda nesta quinta-feira, tamb\u00e9m ser\u00e1 encaminhado ao Poder Legislativo a mesma mat\u00e9ria, que beneficiar\u00e1 tamb\u00e9m os servidores municipais.<\/p>\n<p><!--more--><\/p>\n<p class=\"yiv8837132333MsoNormal\" style=\"text-align: justify;\">Foi necess\u00e1rio o encaminhamento de duas mat\u00e9rias, pois, uma trata de repasse a institui\u00e7\u00f5es filantr\u00f3picas e a outra de adicional para os servidores municipais.<\/p>\n<p class=\"yiv8837132333MsoNormal\" style=\"text-align: justify;\">Os recursos s\u00e3o oriundos da Portaria GM\/MS n\u00ba 1.135, de 16 de agosto de 2023, que trata da assist\u00eancia financeira complementar repassada pela Uni\u00e3o, atrav\u00e9s do Fundo Nacional de Sa\u00fade, para complementa\u00e7\u00e3o do Piso Nacional da Enfermagem.<\/p>\n<p class=\"yiv8837132333MsoNormal\" style=\"text-align: justify;\">\u00c9 importante destacar que as institui\u00e7\u00f5es filantr\u00f3picas contratualizadas ou conveniadas dever\u00e3o prestar contas \u00e0 Secretaria Municipal de Sa\u00fade, mediante apresenta\u00e7\u00e3o da folha de pagamento dos benefici\u00e1rios e manter em arquivo, pelo prazo de cinco anos, os documentos comprobat\u00f3rios da realiza\u00e7\u00e3o do pagamento da complementa\u00e7\u00e3o aos profissionais beneficiados.<\/p>\n<p class=\"yiv8837132333MsoNormal\" style=\"text-align: justify;\">O prefeito Alfredo Paulo Marques Rodrigues e o secret\u00e1rio municipal de Sa\u00fade Marcelo Poeys trabalham cotidianamente, buscando uma Sa\u00fade cada vez mais humanizada e uma valoriza\u00e7\u00e3o profissional.<\/p>\n<p class=\"yiv8837132333MsoNormal\" style=\"text-align: justify;\">Acompanhe as not\u00edcias e informa\u00e7\u00f5es sobre a Secretaria Municipal de Sa\u00fade e demais secretarias, pelas redes sociais da Prefeitura de Itaperuna!<\/p>\n<p><strong>Com informa\u00e7\u00f5es: DECOM\/Itaperuna\/RJ\/Foto: Arquivo DECOM<\/strong><\/p>\n<p class=\"yiv8837132333MsoNormal\" style=\"text-align: justify;\">&nbsp;<\/p>\n<p class=\"yiv8837132333MsoNormal\" style=\"text-align: justify;\">&nbsp;<\/p>\n","protected":false},"excerpt":{"rendered":"<p>Prefeito Alfred\u00e3o e o secret\u00e1rio municipal de Sa\u00fade, Marcelo Poeys trabalham buscando uma Sa\u00fade cada vez mais humanizada com valoriza\u00e7\u00e3o profissional Na \u00faltima quarta-feira (13), foi aprovado em primeira discuss\u00e3o, na C\u00e2mara de Vereadores de Itaperuna, o Projeto de Lei de iniciativa do prefeito municipal, Alfredo Paulo Marques Rodrigues, o &#8220;Alfred\u00e3o&#8221;, que autoriza o Poder [&hellip;]<\/p>\n","protected":false},"author":19,"featured_media":392700,"comment_status":"open","ping_status":"closed","sticky":false,"template":"","format":"standard","meta":{"ngg_post_thumbnail":0,"footnotes":""},"categories":[113],"tags":[],"class_list":["post-393042","post","type-post","status-publish","format-standard","has-post-thumbnail","hentry","category-saude"],"yoast_head":"<!-- This site is optimized with the Yoast SEO plugin v20.11 - https:\/\/yoast.com\/wordpress\/plugins\/seo\/ -->\n<title>Itaperuna\/RJ: Complementa\u00e7\u00e3o Salarial dos Profissionais da Enfermagem - O Itaperunense<\/title>\n<meta name=\"robots\" content=\"index, follow, max-snippet:-1, max-image-preview:large, max-video-preview:-1\" \/>\n<link rel=\"canonical\" href=\"https:\/\/www.oitaperunense.com.br\/site\/itaperuna-rj-complementacao-salarial-dos-profissionais-da-enfermagem\/\" \/>\n<meta property=\"og:locale\" content=\"pt_BR\" \/>\n<meta property=\"og:type\" content=\"article\" \/>\n<meta property=\"og:title\" content=\"Itaperuna\/RJ: Complementa\u00e7\u00e3o Salarial dos Profissionais da Enfermagem - O Itaperunense\" \/>\n<meta property=\"og:description\" content=\"Prefeito Alfred\u00e3o e o secret\u00e1rio municipal de Sa\u00fade, Marcelo Poeys trabalham buscando uma Sa\u00fade cada vez mais humanizada com valoriza\u00e7\u00e3o profissional Na \u00faltima quarta-feira (13), foi aprovado em primeira discuss\u00e3o, na C\u00e2mara de Vereadores de Itaperuna, o Projeto de Lei de iniciativa do prefeito municipal, Alfredo Paulo Marques Rodrigues, o &#8220;Alfred\u00e3o&#8221;, que autoriza o Poder [&hellip;]\" \/>\n<meta property=\"og:url\" content=\"https:\/\/www.oitaperunense.com.br\/site\/itaperuna-rj-complementacao-salarial-dos-profissionais-da-enfermagem\/\" \/>\n<meta property=\"og:site_name\" content=\"O Itaperunense\" \/>\n<meta property=\"article:publisher\" content=\"https:\/\/www.facebook.com\/jornaloitaperunense\" \/>\n<meta property=\"article:published_time\" content=\"2023-09-14T19:57:23+00:00\" \/>\n<meta property=\"article:modified_time\" content=\"2023-09-14T20:02:23+00:00\" \/>\n<meta property=\"og:image\" content=\"https:\/\/www.oitaperunense.com.br\/site\/wp-content\/uploads\/2023\/07\/IR31.jpg\" \/>\n\t<meta property=\"og:image:width\" content=\"700\" \/>\n\t<meta property=\"og:image:height\" content=\"443\" \/>\n\t<meta property=\"og:image:type\" content=\"image\/jpeg\" \/>\n<meta name=\"author\" content=\"Andr\u00e9\" \/>\n<meta name=\"twitter:card\" content=\"summary_large_image\" \/>\n<meta name=\"twitter:label1\" content=\"Escrito por\" \/>\n\t<meta name=\"twitter:data1\" content=\"Andr\u00e9\" \/>\n\t<meta name=\"twitter:label2\" content=\"Est. tempo de leitura\" \/>\n\t<meta name=\"twitter:data2\" content=\"2 minutos\" \/>\n<script type=\"application\/ld+json\" class=\"yoast-schema-graph\">{\"@context\":\"https:\/\/schema.org\",\"@graph\":[{\"@type\":\"WebPage\",\"@id\":\"https:\/\/www.oitaperunense.com.br\/site\/itaperuna-rj-complementacao-salarial-dos-profissionais-da-enfermagem\/\",\"url\":\"https:\/\/www.oitaperunense.com.br\/site\/itaperuna-rj-complementacao-salarial-dos-profissionais-da-enfermagem\/\",\"name\":\"Itaperuna\/RJ: Complementa\u00e7\u00e3o Salarial dos Profissionais da Enfermagem - O Itaperunense\",\"isPartOf\":{\"@id\":\"https:\/\/www.oitaperunense.com.br\/site\/#website\"},\"datePublished\":\"2023-09-14T19:57:23+00:00\",\"dateModified\":\"2023-09-14T20:02:23+00:00\",\"author\":{\"@id\":\"https:\/\/www.oitaperunense.com.br\/site\/#\/schema\/person\/4a5b86c112157bc0a4492f4fd6b7939f\"},\"breadcrumb\":{\"@id\":\"https:\/\/www.oitaperunense.com.br\/site\/itaperuna-rj-complementacao-salarial-dos-profissionais-da-enfermagem\/#breadcrumb\"},\"inLanguage\":\"pt-BR\",\"potentialAction\":[{\"@type\":\"ReadAction\",\"target\":[\"https:\/\/www.oitaperunense.com.br\/site\/itaperuna-rj-complementacao-salarial-dos-profissionais-da-enfermagem\/\"]}]},{\"@type\":\"BreadcrumbList\",\"@id\":\"https:\/\/www.oitaperunense.com.br\/site\/itaperuna-rj-complementacao-salarial-dos-profissionais-da-enfermagem\/#breadcrumb\",\"itemListElement\":[{\"@type\":\"ListItem\",\"position\":1,\"name\":\"Home\",\"item\":\"https:\/\/www.oitaperunense.com.br\/site\/\"},{\"@type\":\"ListItem\",\"position\":2,\"name\":\"Itaperuna\/RJ: Complementa\u00e7\u00e3o Salarial dos Profissionais da Enfermagem\"}]},{\"@type\":\"WebSite\",\"@id\":\"https:\/\/www.oitaperunense.com.br\/site\/#website\",\"url\":\"https:\/\/www.oitaperunense.com.br\/site\/\",\"name\":\"O Itaperunense\",\"description\":\"\",\"potentialAction\":[{\"@type\":\"SearchAction\",\"target\":{\"@type\":\"EntryPoint\",\"urlTemplate\":\"https:\/\/www.oitaperunense.com.br\/site\/?s={search_term_string}\"},\"query-input\":\"required name=search_term_string\"}],\"inLanguage\":\"pt-BR\"},{\"@type\":\"Person\",\"@id\":\"https:\/\/www.oitaperunense.com.br\/site\/#\/schema\/person\/4a5b86c112157bc0a4492f4fd6b7939f\",\"name\":\"Andr\u00e9\",\"image\":{\"@type\":\"ImageObject\",\"inLanguage\":\"pt-BR\",\"@id\":\"https:\/\/www.oitaperunense.com.br\/site\/#\/schema\/person\/image\/\",\"url\":\"https:\/\/secure.gravatar.com\/avatar\/7a7a912ec2c8cd6a390040b03329ee7a71bbd5f81ac3557b6a68208f263fc97b?s=96&d=mm&r=g\",\"contentUrl\":\"https:\/\/secure.gravatar.com\/avatar\/7a7a912ec2c8cd6a390040b03329ee7a71bbd5f81ac3557b6a68208f263fc97b?s=96&d=mm&r=g\",\"caption\":\"Andr\u00e9\"},\"url\":\"https:\/\/www.oitaperunense.com.br\/site\/author\/andre\/\"}]}<\/script>\n<!-- \/ Yoast SEO plugin. -->","yoast_head_json":{"title":"Itaperuna\/RJ: Complementa\u00e7\u00e3o Salarial dos Profissionais da Enfermagem - O Itaperunense","robots":{"index":"index","follow":"follow","max-snippet":"max-snippet:-1","max-image-preview":"max-image-preview:large","max-video-preview":"max-video-preview:-1"},"canonical":"https:\/\/www.oitaperunense.com.br\/site\/itaperuna-rj-complementacao-salarial-dos-profissionais-da-enfermagem\/","og_locale":"pt_BR","og_type":"article","og_title":"Itaperuna\/RJ: Complementa\u00e7\u00e3o Salarial dos Profissionais da Enfermagem - O Itaperunense","og_description":"Prefeito Alfred\u00e3o e o secret\u00e1rio municipal de Sa\u00fade, Marcelo Poeys trabalham buscando uma Sa\u00fade cada vez mais humanizada com valoriza\u00e7\u00e3o profissional Na \u00faltima quarta-feira (13), foi aprovado em primeira discuss\u00e3o, na C\u00e2mara de Vereadores de Itaperuna, o Projeto de Lei de iniciativa do prefeito municipal, Alfredo Paulo Marques Rodrigues, o &#8220;Alfred\u00e3o&#8221;, que autoriza o Poder [&hellip;]","og_url":"https:\/\/www.oitaperunense.com.br\/site\/itaperuna-rj-complementacao-salarial-dos-profissionais-da-enfermagem\/","og_site_name":"O Itaperunense","article_publisher":"https:\/\/www.facebook.com\/jornaloitaperunense","article_published_time":"2023-09-14T19:57:23+00:00","article_modified_time":"2023-09-14T20:02:23+00:00","og_image":[{"width":700,"height":443,"url":"https:\/\/www.oitaperunense.com.br\/site\/wp-content\/uploads\/2023\/07\/IR31.jpg","type":"image\/jpeg"}],"author":"Andr\u00e9","twitter_card":"summary_large_image","twitter_misc":{"Escrito por":"Andr\u00e9","Est. tempo de leitura":"2 minutos"},"schema":{"@context":"https:\/\/schema.org","@graph":[{"@type":"WebPage","@id":"https:\/\/www.oitaperunense.com.br\/site\/itaperuna-rj-complementacao-salarial-dos-profissionais-da-enfermagem\/","url":"https:\/\/www.oitaperunense.com.br\/site\/itaperuna-rj-complementacao-salarial-dos-profissionais-da-enfermagem\/","name":"Itaperuna\/RJ: Complementa\u00e7\u00e3o Salarial dos Profissionais da Enfermagem - O Itaperunense","isPartOf":{"@id":"https:\/\/www.oitaperunense.com.br\/site\/#website"},"datePublished":"2023-09-14T19:57:23+00:00","dateModified":"2023-09-14T20:02:23+00:00","author":{"@id":"https:\/\/www.oitaperunense.com.br\/site\/#\/schema\/person\/4a5b86c112157bc0a4492f4fd6b7939f"},"breadcrumb":{"@id":"https:\/\/www.oitaperunense.com.br\/site\/itaperuna-rj-complementacao-salarial-dos-profissionais-da-enfermagem\/#breadcrumb"},"inLanguage":"pt-BR","potentialAction":[{"@type":"ReadAction","target":["https:\/\/www.oitaperunense.com.br\/site\/itaperuna-rj-complementacao-salarial-dos-profissionais-da-enfermagem\/"]}]},{"@type":"BreadcrumbList","@id":"https:\/\/www.oitaperunense.com.br\/site\/itaperuna-rj-complementacao-salarial-dos-profissionais-da-enfermagem\/#breadcrumb","itemListElement":[{"@type":"ListItem","position":1,"name":"Home","item":"https:\/\/www.oitaperunense.com.br\/site\/"},{"@type":"ListItem","position":2,"name":"Itaperuna\/RJ: Complementa\u00e7\u00e3o Salarial dos Profissionais da Enfermagem"}]},{"@type":"WebSite","@id":"https:\/\/www.oitaperunense.com.br\/site\/#website","url":"https:\/\/www.oitaperunense.com.br\/site\/","name":"O Itaperunense","description":"","potentialAction":[{"@type":"SearchAction","target":{"@type":"EntryPoint","urlTemplate":"https:\/\/www.oitaperunense.com.br\/site\/?s={search_term_string}"},"query-input":"required name=search_term_string"}],"inLanguage":"pt-BR"},{"@type":"Person","@id":"https:\/\/www.oitaperunense.com.br\/site\/#\/schema\/person\/4a5b86c112157bc0a4492f4fd6b7939f","name":"Andr\u00e9","image":{"@type":"ImageObject","inLanguage":"pt-BR","@id":"https:\/\/www.oitaperunense.com.br\/site\/#\/schema\/person\/image\/","url":"https:\/\/secure.gravatar.com\/avatar\/7a7a912ec2c8cd6a390040b03329ee7a71bbd5f81ac3557b6a68208f263fc97b?s=96&d=mm&r=g","contentUrl":"https:\/\/secure.gravatar.com\/avatar\/7a7a912ec2c8cd6a390040b03329ee7a71bbd5f81ac3557b6a68208f263fc97b?s=96&d=mm&r=g","caption":"Andr\u00e9"},"url":"https:\/\/www.oitaperunense.com.br\/site\/author\/andre\/"}]}},"cc_featured_image_caption":{"caption_text":"","source_text":"","source_url":""},"_links":{"self":[{"href":"https:\/\/www.oitaperunense.com.br\/site\/wp-json\/wp\/v2\/posts\/393042","targetHints":{"allow":["GET"]}}],"collection":[{"href":"https:\/\/www.oitaperunense.com.br\/site\/wp-json\/wp\/v2\/posts"}],"about":[{"href":"https:\/\/www.oitaperunense.com.br\/site\/wp-json\/wp\/v2\/types\/post"}],"author":[{"embeddable":true,"href":"https:\/\/www.oitaperunense.com.br\/site\/wp-json\/wp\/v2\/users\/19"}],"replies":[{"embeddable":true,"href":"https:\/\/www.oitaperunense.com.br\/site\/wp-json\/wp\/v2\/comments?post=393042"}],"version-history":[{"count":5,"href":"https:\/\/www.oitaperunense.com.br\/site\/wp-json\/wp\/v2\/posts\/393042\/revisions"}],"predecessor-version":[{"id":393047,"href":"https:\/\/www.oitaperunense.com.br\/site\/wp-json\/wp\/v2\/posts\/393042\/revisions\/393047"}],"wp:featuredmedia":[{"embeddable":true,"href":"https:\/\/www.oitaperunense.com.br\/site\/wp-json\/wp\/v2\/media\/392700"}],"wp:attachment":[{"href":"https:\/\/www.oitaperunense.com.br\/site\/wp-json\/wp\/v2\/media?parent=393042"}],"wp:term":[{"taxonomy":"category","embeddable":true,"href":"https:\/\/www.oitaperunense.com.br\/site\/wp-json\/wp\/v2\/categories?post=393042"},{"taxonomy":"post_tag","embeddable":true,"href":"https:\/\/www.oitaperunense.com.br\/site\/wp-json\/wp\/v2\/tags?post=393042"}],"curies":[{"name":"wp","href":"https:\/\/api.w.org\/{rel}","templated":true}]}}