{"id":393036,"date":"2023-09-12T07:32:06","date_gmt":"2023-09-12T10:32:06","guid":{"rendered":"https:\/\/www.oitaperunense.com.br\/site\/?p=393036"},"modified":"2023-09-12T07:32:06","modified_gmt":"2023-09-12T10:32:06","slug":"secretaria-de-estado-de-saude-lanca-boletim-de-monitoramento-de-dados-precoces-de-covid-19-e-reforca-necessidade-de-vacinacao-com-a-bivalente","status":"publish","type":"post","link":"https:\/\/www.oitaperunense.com.br\/site\/secretaria-de-estado-de-saude-lanca-boletim-de-monitoramento-de-dados-precoces-de-covid-19-e-reforca-necessidade-de-vacinacao-com-a-bivalente\/","title":{"rendered":"Secretaria de Estado de Sa\u00fade lan\u00e7a boletim de monitoramento de dados precoces de Covid-19 e refor\u00e7a necessidade de vacina\u00e7\u00e3o com a bivalente"},"content":{"rendered":"<p style=\"text-align: center;\"><span class=\"chamada\"><strong>Evolu\u00e7\u00e3o semanal da positividade de testes, do n\u00famero de idosos com SRAG e idosos internados em UPAs est\u00e3o dispon\u00edveis ao p\u00fablico<\/strong><br \/>\n<\/span><\/p>\n<p style=\"text-align: justify;\">A Secretaria de Estado de Sa\u00fade do Rio de Janeiro (SES-RJ) lan\u00e7ou na segunda-feira (11) o Boletim de Monitoramento de Dados Precoces da Covid-19. Dispon\u00edvel no Painel Monitora, no site da SES-RJ (<a href=\"http:\/\/monitorar.saude.rj.gov.br\">http:\/\/monitorar.saude.rj.gov.br<\/a>), o conte\u00fado do boletim apresenta a evolu\u00e7\u00e3o dos dados a partir da Semana Epidemiol\u00f3gica 30, que corresponde ao per\u00edodo de 23 a 29 de julho, com o percentual de testes positivos (ant\u00edgeno e RT-PCR), o n\u00famero de atendimentos de SRAG (S\u00edndrome Respirat\u00f3ria Aguda Grave) nas Unidades de Pronto Atendimento (UPA) da rede estadual de sa\u00fade e o n\u00famero de leitos SRAG solicitados ao Sistema Estadual de Regula\u00e7\u00e3o (SER). A primeira publica\u00e7\u00e3o traz os dados da SE 30 at\u00e9 a SE 36, encerrada em 9 de setembro.<\/p>\n<p><!--more--><\/p>\n<p style=\"text-align: justify;\">No monitoramento di\u00e1rio do cen\u00e1rio epidemiol\u00f3gico da Covid-19 realizado pelo Centro de Informa\u00e7\u00f5es Estrat\u00e9gicas de Vigil\u00e2ncia da Secretaria de Estado de Sa\u00fade (CIEVS\/SES-RJ), ao longo das \u00faltimas 7 Semanas Epidemiol\u00f3gicas (de 23 de julho e 9 de setembro), foram identificados o aumento da positividade nos testes r\u00e1pidos e em laborat\u00f3rio, o crescimento do n\u00famero de interna\u00e7\u00f5es de idosos (sem aumento de \u00f3bitos), e o aumento do n\u00famero de casos de S\u00edndrome Respirat\u00f3ria Aguda Grave (SRAG) nas Unidades de Pronto Atendimento (UPA).<\/p>\n<p style=\"text-align: justify;\">Na SE 30 (de 23 a 29\/07), a positividade em testes de ant\u00edgeno (r\u00e1pido) estava em 2,5% e em testes PCR (laborat\u00f3rio) era de 3%; na SE 33 (de 13 a 19\/08), a positividade em ant\u00edgeno era 6,1% e em PCR era 23%; na SE 36 (a mais recente, de 03 a 09\/09), a positividade em testes de ant\u00edgeno chegou a 18%, e em testes PCR foi de 36%.<br \/>\nA quantidade de idosos com SRAG subiu de 254 casos em julho para 675 casos em agosto. Em julho, foram 57 interna\u00e7\u00f5es e 14 \u00f3bitos de idosos; em agosto, 74 interna\u00e7\u00f5es e 5 \u00f3bitos.<\/p>\n<p style=\"text-align: justify;\">&#8220;Com o monitoramento feito pelo Centro de Intelig\u00eancia em Sa\u00fade (CIS-RJ) e pelo CIEVS conseguimos ter dados antecipados e fidedignos do cen\u00e1rio epidemiol\u00f3gico. Essas informa\u00e7\u00f5es nos auxiliam na tomada de decis\u00f5es. Queremos sempre dar transpar\u00eancia a essas informa\u00e7\u00f5es e torn\u00e1-las acess\u00edveis \u00e0 popula\u00e7\u00e3o&#8221;, afirma o secret\u00e1rio de Estado de Sa\u00fade, Dr. Luizinho.<\/p>\n<p style=\"text-align: justify;\"><strong>Vacina bivalente \u00e9 a melhor preven\u00e7\u00e3o<\/strong> \u2013 A confirma\u00e7\u00e3o do primeiro caso da subvariante \u00d4micron EG.5.1.3 foi notificado ao Centro de Informa\u00e7\u00f5es Estrat\u00e9gicas de Vigil\u00e2ncia da Secretaria de Estado de Sa\u00fade do Rio de Janeiro (CIEVS\/SES-RJ) no \u00faltimo dia 29 de agosto, ap\u00f3s confirma\u00e7\u00e3o feita pela Fiocruz. Dois dias depois (31\/09), mais dois casos da nova subvariante \u00c9ris foram registrados na cidade do Rio de Janeiro ap\u00f3s an\u00e1lise do Laborat\u00f3rio de Virologia Molecular\/UFRJ.<\/p>\n<p style=\"text-align: justify;\">A subsecret\u00e1ria de Vigil\u00e2ncia e Aten\u00e7\u00e3o Prim\u00e1ria \u00e0 Sa\u00fade, Claudia Mello, destaca que a primeira paciente que teve amostra confirmada da nova variante apresentou in\u00edcio dos sintomas da infec\u00e7\u00e3o no dia 20 de julho. &#8220;Por isso, refor\u00e7amos que a melhor medida para frear o avan\u00e7o da transmiss\u00e3o do coronav\u00edrus, independentemente da variante, \u00e9 a atualiza\u00e7\u00e3o do esquema vacinal. Principalmente para os idosos&#8221;, afirma. No estado do Rio de janeiro, apenas 16% da popula\u00e7\u00e3o acima de 18 anos tomou a dose da vacina bivalente contra a Covid-19.<\/p>\n<p><strong>Fonte e Imagem: SES-RJ<\/strong><\/p>\n","protected":false},"excerpt":{"rendered":"<p>Evolu\u00e7\u00e3o semanal da positividade de testes, do n\u00famero de idosos com SRAG e idosos internados em UPAs est\u00e3o dispon\u00edveis ao p\u00fablico A Secretaria de Estado de Sa\u00fade do Rio de Janeiro (SES-RJ) lan\u00e7ou na segunda-feira (11) o Boletim de Monitoramento de Dados Precoces da Covid-19. Dispon\u00edvel no Painel Monitora, no site da SES-RJ (http:\/\/monitorar.saude.rj.gov.br), o [&hellip;]<\/p>\n","protected":false},"author":19,"featured_media":393037,"comment_status":"open","ping_status":"closed","sticky":false,"template":"","format":"standard","meta":{"ngg_post_thumbnail":0,"footnotes":""},"categories":[113],"tags":[],"class_list":["post-393036","post","type-post","status-publish","format-standard","has-post-thumbnail","hentry","category-saude"],"yoast_head":"<!-- This site is optimized with the Yoast SEO plugin v20.11 - https:\/\/yoast.com\/wordpress\/plugins\/seo\/ -->\n<title>Secretaria de Estado de Sa\u00fade lan\u00e7a boletim de monitoramento de dados precoces de Covid-19 e refor\u00e7a necessidade de vacina\u00e7\u00e3o com a bivalente - O Itaperunense<\/title>\n<meta name=\"robots\" content=\"index, follow, max-snippet:-1, max-image-preview:large, max-video-preview:-1\" \/>\n<link rel=\"canonical\" href=\"https:\/\/www.oitaperunense.com.br\/site\/secretaria-de-estado-de-saude-lanca-boletim-de-monitoramento-de-dados-precoces-de-covid-19-e-reforca-necessidade-de-vacinacao-com-a-bivalente\/\" \/>\n<meta property=\"og:locale\" content=\"pt_BR\" \/>\n<meta property=\"og:type\" content=\"article\" \/>\n<meta property=\"og:title\" content=\"Secretaria de Estado de Sa\u00fade lan\u00e7a boletim de monitoramento de dados precoces de Covid-19 e refor\u00e7a necessidade de vacina\u00e7\u00e3o com a bivalente - O Itaperunense\" \/>\n<meta property=\"og:description\" content=\"Evolu\u00e7\u00e3o semanal da positividade de testes, do n\u00famero de idosos com SRAG e idosos internados em UPAs est\u00e3o dispon\u00edveis ao p\u00fablico A Secretaria de Estado de Sa\u00fade do Rio de Janeiro (SES-RJ) lan\u00e7ou na segunda-feira (11) o Boletim de Monitoramento de Dados Precoces da Covid-19. Dispon\u00edvel no Painel Monitora, no site da SES-RJ (http:\/\/monitorar.saude.rj.gov.br), o [&hellip;]\" \/>\n<meta property=\"og:url\" content=\"https:\/\/www.oitaperunense.com.br\/site\/secretaria-de-estado-de-saude-lanca-boletim-de-monitoramento-de-dados-precoces-de-covid-19-e-reforca-necessidade-de-vacinacao-com-a-bivalente\/\" \/>\n<meta property=\"og:site_name\" content=\"O Itaperunense\" \/>\n<meta property=\"article:publisher\" content=\"https:\/\/www.facebook.com\/jornaloitaperunense\" \/>\n<meta property=\"article:published_time\" content=\"2023-09-12T10:32:06+00:00\" \/>\n<meta property=\"og:image\" content=\"https:\/\/www.oitaperunense.com.br\/site\/wp-content\/uploads\/2023\/09\/PA4.jpg\" \/>\n\t<meta property=\"og:image:width\" content=\"700\" \/>\n\t<meta property=\"og:image:height\" content=\"442\" \/>\n\t<meta property=\"og:image:type\" content=\"image\/jpeg\" \/>\n<meta name=\"author\" content=\"Andr\u00e9\" \/>\n<meta name=\"twitter:card\" content=\"summary_large_image\" \/>\n<meta name=\"twitter:label1\" content=\"Escrito por\" \/>\n\t<meta name=\"twitter:data1\" content=\"Andr\u00e9\" \/>\n\t<meta name=\"twitter:label2\" content=\"Est. tempo de leitura\" \/>\n\t<meta name=\"twitter:data2\" content=\"3 minutos\" \/>\n<script type=\"application\/ld+json\" class=\"yoast-schema-graph\">{\"@context\":\"https:\/\/schema.org\",\"@graph\":[{\"@type\":\"WebPage\",\"@id\":\"https:\/\/www.oitaperunense.com.br\/site\/secretaria-de-estado-de-saude-lanca-boletim-de-monitoramento-de-dados-precoces-de-covid-19-e-reforca-necessidade-de-vacinacao-com-a-bivalente\/\",\"url\":\"https:\/\/www.oitaperunense.com.br\/site\/secretaria-de-estado-de-saude-lanca-boletim-de-monitoramento-de-dados-precoces-de-covid-19-e-reforca-necessidade-de-vacinacao-com-a-bivalente\/\",\"name\":\"Secretaria de Estado de Sa\u00fade lan\u00e7a boletim de monitoramento de dados precoces de Covid-19 e refor\u00e7a necessidade de vacina\u00e7\u00e3o com a bivalente - O Itaperunense\",\"isPartOf\":{\"@id\":\"https:\/\/www.oitaperunense.com.br\/site\/#website\"},\"datePublished\":\"2023-09-12T10:32:06+00:00\",\"dateModified\":\"2023-09-12T10:32:06+00:00\",\"author\":{\"@id\":\"https:\/\/www.oitaperunense.com.br\/site\/#\/schema\/person\/4a5b86c112157bc0a4492f4fd6b7939f\"},\"breadcrumb\":{\"@id\":\"https:\/\/www.oitaperunense.com.br\/site\/secretaria-de-estado-de-saude-lanca-boletim-de-monitoramento-de-dados-precoces-de-covid-19-e-reforca-necessidade-de-vacinacao-com-a-bivalente\/#breadcrumb\"},\"inLanguage\":\"pt-BR\",\"potentialAction\":[{\"@type\":\"ReadAction\",\"target\":[\"https:\/\/www.oitaperunense.com.br\/site\/secretaria-de-estado-de-saude-lanca-boletim-de-monitoramento-de-dados-precoces-de-covid-19-e-reforca-necessidade-de-vacinacao-com-a-bivalente\/\"]}]},{\"@type\":\"BreadcrumbList\",\"@id\":\"https:\/\/www.oitaperunense.com.br\/site\/secretaria-de-estado-de-saude-lanca-boletim-de-monitoramento-de-dados-precoces-de-covid-19-e-reforca-necessidade-de-vacinacao-com-a-bivalente\/#breadcrumb\",\"itemListElement\":[{\"@type\":\"ListItem\",\"position\":1,\"name\":\"Home\",\"item\":\"https:\/\/www.oitaperunense.com.br\/site\/\"},{\"@type\":\"ListItem\",\"position\":2,\"name\":\"Secretaria de Estado de Sa\u00fade lan\u00e7a boletim de monitoramento de dados precoces de Covid-19 e refor\u00e7a necessidade de vacina\u00e7\u00e3o com a bivalente\"}]},{\"@type\":\"WebSite\",\"@id\":\"https:\/\/www.oitaperunense.com.br\/site\/#website\",\"url\":\"https:\/\/www.oitaperunense.com.br\/site\/\",\"name\":\"O Itaperunense\",\"description\":\"\",\"potentialAction\":[{\"@type\":\"SearchAction\",\"target\":{\"@type\":\"EntryPoint\",\"urlTemplate\":\"https:\/\/www.oitaperunense.com.br\/site\/?s={search_term_string}\"},\"query-input\":\"required name=search_term_string\"}],\"inLanguage\":\"pt-BR\"},{\"@type\":\"Person\",\"@id\":\"https:\/\/www.oitaperunense.com.br\/site\/#\/schema\/person\/4a5b86c112157bc0a4492f4fd6b7939f\",\"name\":\"Andr\u00e9\",\"image\":{\"@type\":\"ImageObject\",\"inLanguage\":\"pt-BR\",\"@id\":\"https:\/\/www.oitaperunense.com.br\/site\/#\/schema\/person\/image\/\",\"url\":\"https:\/\/secure.gravatar.com\/avatar\/7a7a912ec2c8cd6a390040b03329ee7a71bbd5f81ac3557b6a68208f263fc97b?s=96&d=mm&r=g\",\"contentUrl\":\"https:\/\/secure.gravatar.com\/avatar\/7a7a912ec2c8cd6a390040b03329ee7a71bbd5f81ac3557b6a68208f263fc97b?s=96&d=mm&r=g\",\"caption\":\"Andr\u00e9\"},\"url\":\"https:\/\/www.oitaperunense.com.br\/site\/author\/andre\/\"}]}<\/script>\n<!-- \/ Yoast SEO plugin. -->","yoast_head_json":{"title":"Secretaria de Estado de Sa\u00fade lan\u00e7a boletim de monitoramento de dados precoces de Covid-19 e refor\u00e7a necessidade de vacina\u00e7\u00e3o com a bivalente - O Itaperunense","robots":{"index":"index","follow":"follow","max-snippet":"max-snippet:-1","max-image-preview":"max-image-preview:large","max-video-preview":"max-video-preview:-1"},"canonical":"https:\/\/www.oitaperunense.com.br\/site\/secretaria-de-estado-de-saude-lanca-boletim-de-monitoramento-de-dados-precoces-de-covid-19-e-reforca-necessidade-de-vacinacao-com-a-bivalente\/","og_locale":"pt_BR","og_type":"article","og_title":"Secretaria de Estado de Sa\u00fade lan\u00e7a boletim de monitoramento de dados precoces de Covid-19 e refor\u00e7a necessidade de vacina\u00e7\u00e3o com a bivalente - O Itaperunense","og_description":"Evolu\u00e7\u00e3o semanal da positividade de testes, do n\u00famero de idosos com SRAG e idosos internados em UPAs est\u00e3o dispon\u00edveis ao p\u00fablico A Secretaria de Estado de Sa\u00fade do Rio de Janeiro (SES-RJ) lan\u00e7ou na segunda-feira (11) o Boletim de Monitoramento de Dados Precoces da Covid-19. Dispon\u00edvel no Painel Monitora, no site da SES-RJ (http:\/\/monitorar.saude.rj.gov.br), o [&hellip;]","og_url":"https:\/\/www.oitaperunense.com.br\/site\/secretaria-de-estado-de-saude-lanca-boletim-de-monitoramento-de-dados-precoces-de-covid-19-e-reforca-necessidade-de-vacinacao-com-a-bivalente\/","og_site_name":"O Itaperunense","article_publisher":"https:\/\/www.facebook.com\/jornaloitaperunense","article_published_time":"2023-09-12T10:32:06+00:00","og_image":[{"width":700,"height":442,"url":"https:\/\/www.oitaperunense.com.br\/site\/wp-content\/uploads\/2023\/09\/PA4.jpg","type":"image\/jpeg"}],"author":"Andr\u00e9","twitter_card":"summary_large_image","twitter_misc":{"Escrito por":"Andr\u00e9","Est. tempo de leitura":"3 minutos"},"schema":{"@context":"https:\/\/schema.org","@graph":[{"@type":"WebPage","@id":"https:\/\/www.oitaperunense.com.br\/site\/secretaria-de-estado-de-saude-lanca-boletim-de-monitoramento-de-dados-precoces-de-covid-19-e-reforca-necessidade-de-vacinacao-com-a-bivalente\/","url":"https:\/\/www.oitaperunense.com.br\/site\/secretaria-de-estado-de-saude-lanca-boletim-de-monitoramento-de-dados-precoces-de-covid-19-e-reforca-necessidade-de-vacinacao-com-a-bivalente\/","name":"Secretaria de Estado de Sa\u00fade lan\u00e7a boletim de monitoramento de dados precoces de Covid-19 e refor\u00e7a necessidade de vacina\u00e7\u00e3o com a bivalente - O Itaperunense","isPartOf":{"@id":"https:\/\/www.oitaperunense.com.br\/site\/#website"},"datePublished":"2023-09-12T10:32:06+00:00","dateModified":"2023-09-12T10:32:06+00:00","author":{"@id":"https:\/\/www.oitaperunense.com.br\/site\/#\/schema\/person\/4a5b86c112157bc0a4492f4fd6b7939f"},"breadcrumb":{"@id":"https:\/\/www.oitaperunense.com.br\/site\/secretaria-de-estado-de-saude-lanca-boletim-de-monitoramento-de-dados-precoces-de-covid-19-e-reforca-necessidade-de-vacinacao-com-a-bivalente\/#breadcrumb"},"inLanguage":"pt-BR","potentialAction":[{"@type":"ReadAction","target":["https:\/\/www.oitaperunense.com.br\/site\/secretaria-de-estado-de-saude-lanca-boletim-de-monitoramento-de-dados-precoces-de-covid-19-e-reforca-necessidade-de-vacinacao-com-a-bivalente\/"]}]},{"@type":"BreadcrumbList","@id":"https:\/\/www.oitaperunense.com.br\/site\/secretaria-de-estado-de-saude-lanca-boletim-de-monitoramento-de-dados-precoces-de-covid-19-e-reforca-necessidade-de-vacinacao-com-a-bivalente\/#breadcrumb","itemListElement":[{"@type":"ListItem","position":1,"name":"Home","item":"https:\/\/www.oitaperunense.com.br\/site\/"},{"@type":"ListItem","position":2,"name":"Secretaria de Estado de Sa\u00fade lan\u00e7a boletim de monitoramento de dados precoces de Covid-19 e refor\u00e7a necessidade de vacina\u00e7\u00e3o com a bivalente"}]},{"@type":"WebSite","@id":"https:\/\/www.oitaperunense.com.br\/site\/#website","url":"https:\/\/www.oitaperunense.com.br\/site\/","name":"O Itaperunense","description":"","potentialAction":[{"@type":"SearchAction","target":{"@type":"EntryPoint","urlTemplate":"https:\/\/www.oitaperunense.com.br\/site\/?s={search_term_string}"},"query-input":"required name=search_term_string"}],"inLanguage":"pt-BR"},{"@type":"Person","@id":"https:\/\/www.oitaperunense.com.br\/site\/#\/schema\/person\/4a5b86c112157bc0a4492f4fd6b7939f","name":"Andr\u00e9","image":{"@type":"ImageObject","inLanguage":"pt-BR","@id":"https:\/\/www.oitaperunense.com.br\/site\/#\/schema\/person\/image\/","url":"https:\/\/secure.gravatar.com\/avatar\/7a7a912ec2c8cd6a390040b03329ee7a71bbd5f81ac3557b6a68208f263fc97b?s=96&d=mm&r=g","contentUrl":"https:\/\/secure.gravatar.com\/avatar\/7a7a912ec2c8cd6a390040b03329ee7a71bbd5f81ac3557b6a68208f263fc97b?s=96&d=mm&r=g","caption":"Andr\u00e9"},"url":"https:\/\/www.oitaperunense.com.br\/site\/author\/andre\/"}]}},"cc_featured_image_caption":{"caption_text":"","source_text":"","source_url":""},"_links":{"self":[{"href":"https:\/\/www.oitaperunense.com.br\/site\/wp-json\/wp\/v2\/posts\/393036","targetHints":{"allow":["GET"]}}],"collection":[{"href":"https:\/\/www.oitaperunense.com.br\/site\/wp-json\/wp\/v2\/posts"}],"about":[{"href":"https:\/\/www.oitaperunense.com.br\/site\/wp-json\/wp\/v2\/types\/post"}],"author":[{"embeddable":true,"href":"https:\/\/www.oitaperunense.com.br\/site\/wp-json\/wp\/v2\/users\/19"}],"replies":[{"embeddable":true,"href":"https:\/\/www.oitaperunense.com.br\/site\/wp-json\/wp\/v2\/comments?post=393036"}],"version-history":[{"count":1,"href":"https:\/\/www.oitaperunense.com.br\/site\/wp-json\/wp\/v2\/posts\/393036\/revisions"}],"predecessor-version":[{"id":393038,"href":"https:\/\/www.oitaperunense.com.br\/site\/wp-json\/wp\/v2\/posts\/393036\/revisions\/393038"}],"wp:featuredmedia":[{"embeddable":true,"href":"https:\/\/www.oitaperunense.com.br\/site\/wp-json\/wp\/v2\/media\/393037"}],"wp:attachment":[{"href":"https:\/\/www.oitaperunense.com.br\/site\/wp-json\/wp\/v2\/media?parent=393036"}],"wp:term":[{"taxonomy":"category","embeddable":true,"href":"https:\/\/www.oitaperunense.com.br\/site\/wp-json\/wp\/v2\/categories?post=393036"},{"taxonomy":"post_tag","embeddable":true,"href":"https:\/\/www.oitaperunense.com.br\/site\/wp-json\/wp\/v2\/tags?post=393036"}],"curies":[{"name":"wp","href":"https:\/\/api.w.org\/{rel}","templated":true}]}}