{"id":393031,"date":"2023-09-12T07:17:41","date_gmt":"2023-09-12T10:17:41","guid":{"rendered":"https:\/\/www.oitaperunense.com.br\/site\/?p=393031"},"modified":"2023-09-12T07:17:41","modified_gmt":"2023-09-12T10:17:41","slug":"palestra-de-conscientizacao-e-prevencao-ao-suicidio-e-realizada-em-itaperuna","status":"publish","type":"post","link":"https:\/\/www.oitaperunense.com.br\/site\/palestra-de-conscientizacao-e-prevencao-ao-suicidio-e-realizada-em-itaperuna\/","title":{"rendered":"Palestra de conscientiza\u00e7\u00e3o e preven\u00e7\u00e3o ao suic\u00eddio \u00e9 realizada em Itaperuna"},"content":{"rendered":"<p class=\"yiv3190855771MsoNormal\" style=\"text-align: center;\"><strong>Secretaria Municipal de Sa\u00fade vem dando prosseguimento a uma s\u00e9rie de a\u00e7\u00f5es e palestras no Centro de Sa\u00fade Dr. Raul Travassos, UBS (Unidade B\u00e1sica de Sa\u00fade) nos bairros e distritos, entre outros espa\u00e7os<\/strong><\/p>\n<p class=\"yiv3190855771MsoNormal\" style=\"text-align: justify;\">Recentemente, profissionais da Secretaria promoveram relevante palestra de conscientiza\u00e7\u00e3o e preven\u00e7\u00e3o ao suic\u00eddio, afinal, \u00e9 preciso falar desse tema para o m\u00e1ximo de pessoas. \u00c9 poss\u00edvel salvar vidas se soubermos um pouco sobre o comportamento das pessoas e seus pensamentos. Durante todo o m\u00eas de setembro, as unidades de sa\u00fade estar\u00e3o trabalhando esse tema, proporcionando \u00e0 popula\u00e7\u00e3o, informa\u00e7\u00f5es importantes, que podem fazer a diferen\u00e7a na vida das pessoas.<\/p>\n<p><!--more--><\/p>\n<p class=\"yiv3190855771MsoNormal\" style=\"text-align: justify;\"><b>SETEMBRO AMARELO<\/b><\/p>\n<p class=\"yiv3190855771MsoNormal\" style=\"text-align: justify;\">O Setembro Amarelo \u00e9 uma campanha de conscientiza\u00e7\u00e3o sobre a preven\u00e7\u00e3o ao suic\u00eddio, que ocorre durante todo o referido m\u00eas e tem como objetivo, alertar a popula\u00e7\u00e3o sobre a import\u00e2ncia de se discutir abertamente o tema \u201csuic\u00eddio\u201d, bem como promover a preven\u00e7\u00e3o e o apoio \u00e0s pessoas em situa\u00e7\u00e3o de vulnerabilidade emocional.<\/p>\n<p><img loading=\"lazy\" decoding=\"async\" class=\"alignnone size-full wp-image-393033 aligncenter\" src=\"https:\/\/www.oitaperunense.com.br\/site\/wp-content\/uploads\/2023\/09\/PA2.jpg\" alt=\"\" width=\"700\" height=\"438\" srcset=\"https:\/\/www.oitaperunense.com.br\/site\/wp-content\/uploads\/2023\/09\/PA2.jpg 700w, https:\/\/www.oitaperunense.com.br\/site\/wp-content\/uploads\/2023\/09\/PA2-300x188.jpg 300w\" sizes=\"auto, (max-width: 700px) 100vw, 700px\" \/><\/p>\n<p class=\"yiv3190855771MsoNormal\" style=\"text-align: justify;\">A cor amarela foi escolhida como s\u00edmbolo da campanha devido \u00e0 sua associa\u00e7\u00e3o com a luz, calor, vida e esperan\u00e7a, elementos que s\u00e3o fundamentais na preven\u00e7\u00e3o. O trabalho preventivo \u00e9 um desafio complexo, mas, existem diversas medidas que podem ser tomadas para ajudar a reduzir os riscos e oferecer suporte \u00e0s pessoas que est\u00e3o passando por momentos dif\u00edceis. Veja algumas dicas!<\/p>\n<p class=\"yiv3190855771MsoNormal\" style=\"text-align: justify;\">&#8211; Esteja atento a sinais de alerta que podem indicar que algu\u00e9m est\u00e1 pensando em suic\u00eddio, como isolamento social, express\u00f5es de desesperan\u00e7a, mudan\u00e7as abruptas de comportamento ou express\u00f5es diretas de desejo de morrer;<\/p>\n<p class=\"yiv3190855771MsoNormal\" style=\"text-align: justify;\">&#8211; Quando algu\u00e9m estiver passando por momentos dif\u00edceis, demonstre apoio genu\u00edno e esteja disposto a ouvir. Evite fazer julgamentos ou minimizar os sentimentos da pessoa. Deixe-a falar sobre seus sentimentos e preocupa\u00e7\u00f5es, e mostre empatia e compreens\u00e3o;<\/p>\n<p class=\"yiv3190855771MsoNormal\" style=\"text-align: justify;\">&#8211; A preven\u00e7\u00e3o ao suic\u00eddio envolve a constru\u00e7\u00e3o de relacionamentos baseados na confian\u00e7a e na compaix\u00e3o. \u00c0s vezes, apenas a sensa\u00e7\u00e3o de que algu\u00e9m se importa o suficiente para ouvir, pode fazer uma diferen\u00e7a significativa na vida de algu\u00e9m em crise.<\/p>\n<p><img loading=\"lazy\" decoding=\"async\" class=\"alignnone size-full wp-image-393034 aligncenter\" src=\"https:\/\/www.oitaperunense.com.br\/site\/wp-content\/uploads\/2023\/09\/PA1.jpg\" alt=\"\" width=\"700\" height=\"480\" srcset=\"https:\/\/www.oitaperunense.com.br\/site\/wp-content\/uploads\/2023\/09\/PA1.jpg 700w, https:\/\/www.oitaperunense.com.br\/site\/wp-content\/uploads\/2023\/09\/PA1-300x206.jpg 300w\" sizes=\"auto, (max-width: 700px) 100vw, 700px\" \/><\/p>\n<p class=\"yiv3190855771MsoNormal\" style=\"text-align: justify;\">Acompanhe as not\u00edcias e informa\u00e7\u00f5es sobre a Secretaria Municipal de Sa\u00fade e demais secretarias, pelas redes sociais da Prefeitura de Itaperuna!<\/p>\n<p class=\"yiv3190855771MsoNormal\" style=\"text-align: justify;\"><b><i>Com informa\u00e7\u00f5es: DECOM\/Itaperuna\/RJ<\/i><\/b><\/p>\n","protected":false},"excerpt":{"rendered":"<p>Secretaria Municipal de Sa\u00fade vem dando prosseguimento a uma s\u00e9rie de a\u00e7\u00f5es e palestras no Centro de Sa\u00fade Dr. Raul Travassos, UBS (Unidade B\u00e1sica de Sa\u00fade) nos bairros e distritos, entre outros espa\u00e7os Recentemente, profissionais da Secretaria promoveram relevante palestra de conscientiza\u00e7\u00e3o e preven\u00e7\u00e3o ao suic\u00eddio, afinal, \u00e9 preciso falar desse tema para o m\u00e1ximo [&hellip;]<\/p>\n","protected":false},"author":19,"featured_media":393032,"comment_status":"open","ping_status":"closed","sticky":false,"template":"","format":"standard","meta":{"ngg_post_thumbnail":0,"footnotes":""},"categories":[113],"tags":[],"class_list":["post-393031","post","type-post","status-publish","format-standard","has-post-thumbnail","hentry","category-saude"],"yoast_head":"<!-- This site is optimized with the Yoast SEO plugin v20.11 - https:\/\/yoast.com\/wordpress\/plugins\/seo\/ -->\n<title>Palestra de conscientiza\u00e7\u00e3o e preven\u00e7\u00e3o ao suic\u00eddio \u00e9 realizada em Itaperuna - O Itaperunense<\/title>\n<meta name=\"robots\" content=\"index, follow, max-snippet:-1, max-image-preview:large, max-video-preview:-1\" \/>\n<link rel=\"canonical\" href=\"https:\/\/www.oitaperunense.com.br\/site\/palestra-de-conscientizacao-e-prevencao-ao-suicidio-e-realizada-em-itaperuna\/\" \/>\n<meta property=\"og:locale\" content=\"pt_BR\" \/>\n<meta property=\"og:type\" content=\"article\" \/>\n<meta property=\"og:title\" content=\"Palestra de conscientiza\u00e7\u00e3o e preven\u00e7\u00e3o ao suic\u00eddio \u00e9 realizada em Itaperuna - O Itaperunense\" \/>\n<meta property=\"og:description\" content=\"Secretaria Municipal de Sa\u00fade vem dando prosseguimento a uma s\u00e9rie de a\u00e7\u00f5es e palestras no Centro de Sa\u00fade Dr. Raul Travassos, UBS (Unidade B\u00e1sica de Sa\u00fade) nos bairros e distritos, entre outros espa\u00e7os Recentemente, profissionais da Secretaria promoveram relevante palestra de conscientiza\u00e7\u00e3o e preven\u00e7\u00e3o ao suic\u00eddio, afinal, \u00e9 preciso falar desse tema para o m\u00e1ximo [&hellip;]\" \/>\n<meta property=\"og:url\" content=\"https:\/\/www.oitaperunense.com.br\/site\/palestra-de-conscientizacao-e-prevencao-ao-suicidio-e-realizada-em-itaperuna\/\" \/>\n<meta property=\"og:site_name\" content=\"O Itaperunense\" \/>\n<meta property=\"article:publisher\" content=\"https:\/\/www.facebook.com\/jornaloitaperunense\" \/>\n<meta property=\"article:published_time\" content=\"2023-09-12T10:17:41+00:00\" \/>\n<meta property=\"og:image\" content=\"https:\/\/www.oitaperunense.com.br\/site\/wp-content\/uploads\/2023\/09\/PA3.jpg\" \/>\n\t<meta property=\"og:image:width\" content=\"700\" \/>\n\t<meta property=\"og:image:height\" content=\"428\" \/>\n\t<meta property=\"og:image:type\" content=\"image\/jpeg\" \/>\n<meta name=\"author\" content=\"Andr\u00e9\" \/>\n<meta name=\"twitter:card\" content=\"summary_large_image\" \/>\n<meta name=\"twitter:label1\" content=\"Escrito por\" \/>\n\t<meta name=\"twitter:data1\" content=\"Andr\u00e9\" \/>\n\t<meta name=\"twitter:label2\" content=\"Est. tempo de leitura\" \/>\n\t<meta name=\"twitter:data2\" content=\"3 minutos\" \/>\n<script type=\"application\/ld+json\" class=\"yoast-schema-graph\">{\"@context\":\"https:\/\/schema.org\",\"@graph\":[{\"@type\":\"WebPage\",\"@id\":\"https:\/\/www.oitaperunense.com.br\/site\/palestra-de-conscientizacao-e-prevencao-ao-suicidio-e-realizada-em-itaperuna\/\",\"url\":\"https:\/\/www.oitaperunense.com.br\/site\/palestra-de-conscientizacao-e-prevencao-ao-suicidio-e-realizada-em-itaperuna\/\",\"name\":\"Palestra de conscientiza\u00e7\u00e3o e preven\u00e7\u00e3o ao suic\u00eddio \u00e9 realizada em Itaperuna - O Itaperunense\",\"isPartOf\":{\"@id\":\"https:\/\/www.oitaperunense.com.br\/site\/#website\"},\"datePublished\":\"2023-09-12T10:17:41+00:00\",\"dateModified\":\"2023-09-12T10:17:41+00:00\",\"author\":{\"@id\":\"https:\/\/www.oitaperunense.com.br\/site\/#\/schema\/person\/4a5b86c112157bc0a4492f4fd6b7939f\"},\"breadcrumb\":{\"@id\":\"https:\/\/www.oitaperunense.com.br\/site\/palestra-de-conscientizacao-e-prevencao-ao-suicidio-e-realizada-em-itaperuna\/#breadcrumb\"},\"inLanguage\":\"pt-BR\",\"potentialAction\":[{\"@type\":\"ReadAction\",\"target\":[\"https:\/\/www.oitaperunense.com.br\/site\/palestra-de-conscientizacao-e-prevencao-ao-suicidio-e-realizada-em-itaperuna\/\"]}]},{\"@type\":\"BreadcrumbList\",\"@id\":\"https:\/\/www.oitaperunense.com.br\/site\/palestra-de-conscientizacao-e-prevencao-ao-suicidio-e-realizada-em-itaperuna\/#breadcrumb\",\"itemListElement\":[{\"@type\":\"ListItem\",\"position\":1,\"name\":\"Home\",\"item\":\"https:\/\/www.oitaperunense.com.br\/site\/\"},{\"@type\":\"ListItem\",\"position\":2,\"name\":\"Palestra de conscientiza\u00e7\u00e3o e preven\u00e7\u00e3o ao suic\u00eddio \u00e9 realizada em Itaperuna\"}]},{\"@type\":\"WebSite\",\"@id\":\"https:\/\/www.oitaperunense.com.br\/site\/#website\",\"url\":\"https:\/\/www.oitaperunense.com.br\/site\/\",\"name\":\"O Itaperunense\",\"description\":\"\",\"potentialAction\":[{\"@type\":\"SearchAction\",\"target\":{\"@type\":\"EntryPoint\",\"urlTemplate\":\"https:\/\/www.oitaperunense.com.br\/site\/?s={search_term_string}\"},\"query-input\":\"required name=search_term_string\"}],\"inLanguage\":\"pt-BR\"},{\"@type\":\"Person\",\"@id\":\"https:\/\/www.oitaperunense.com.br\/site\/#\/schema\/person\/4a5b86c112157bc0a4492f4fd6b7939f\",\"name\":\"Andr\u00e9\",\"image\":{\"@type\":\"ImageObject\",\"inLanguage\":\"pt-BR\",\"@id\":\"https:\/\/www.oitaperunense.com.br\/site\/#\/schema\/person\/image\/\",\"url\":\"https:\/\/secure.gravatar.com\/avatar\/7a7a912ec2c8cd6a390040b03329ee7a71bbd5f81ac3557b6a68208f263fc97b?s=96&d=mm&r=g\",\"contentUrl\":\"https:\/\/secure.gravatar.com\/avatar\/7a7a912ec2c8cd6a390040b03329ee7a71bbd5f81ac3557b6a68208f263fc97b?s=96&d=mm&r=g\",\"caption\":\"Andr\u00e9\"},\"url\":\"https:\/\/www.oitaperunense.com.br\/site\/author\/andre\/\"}]}<\/script>\n<!-- \/ Yoast SEO plugin. -->","yoast_head_json":{"title":"Palestra de conscientiza\u00e7\u00e3o e preven\u00e7\u00e3o ao suic\u00eddio \u00e9 realizada em Itaperuna - O Itaperunense","robots":{"index":"index","follow":"follow","max-snippet":"max-snippet:-1","max-image-preview":"max-image-preview:large","max-video-preview":"max-video-preview:-1"},"canonical":"https:\/\/www.oitaperunense.com.br\/site\/palestra-de-conscientizacao-e-prevencao-ao-suicidio-e-realizada-em-itaperuna\/","og_locale":"pt_BR","og_type":"article","og_title":"Palestra de conscientiza\u00e7\u00e3o e preven\u00e7\u00e3o ao suic\u00eddio \u00e9 realizada em Itaperuna - O Itaperunense","og_description":"Secretaria Municipal de Sa\u00fade vem dando prosseguimento a uma s\u00e9rie de a\u00e7\u00f5es e palestras no Centro de Sa\u00fade Dr. Raul Travassos, UBS (Unidade B\u00e1sica de Sa\u00fade) nos bairros e distritos, entre outros espa\u00e7os Recentemente, profissionais da Secretaria promoveram relevante palestra de conscientiza\u00e7\u00e3o e preven\u00e7\u00e3o ao suic\u00eddio, afinal, \u00e9 preciso falar desse tema para o m\u00e1ximo [&hellip;]","og_url":"https:\/\/www.oitaperunense.com.br\/site\/palestra-de-conscientizacao-e-prevencao-ao-suicidio-e-realizada-em-itaperuna\/","og_site_name":"O Itaperunense","article_publisher":"https:\/\/www.facebook.com\/jornaloitaperunense","article_published_time":"2023-09-12T10:17:41+00:00","og_image":[{"width":700,"height":428,"url":"https:\/\/www.oitaperunense.com.br\/site\/wp-content\/uploads\/2023\/09\/PA3.jpg","type":"image\/jpeg"}],"author":"Andr\u00e9","twitter_card":"summary_large_image","twitter_misc":{"Escrito por":"Andr\u00e9","Est. tempo de leitura":"3 minutos"},"schema":{"@context":"https:\/\/schema.org","@graph":[{"@type":"WebPage","@id":"https:\/\/www.oitaperunense.com.br\/site\/palestra-de-conscientizacao-e-prevencao-ao-suicidio-e-realizada-em-itaperuna\/","url":"https:\/\/www.oitaperunense.com.br\/site\/palestra-de-conscientizacao-e-prevencao-ao-suicidio-e-realizada-em-itaperuna\/","name":"Palestra de conscientiza\u00e7\u00e3o e preven\u00e7\u00e3o ao suic\u00eddio \u00e9 realizada em Itaperuna - O Itaperunense","isPartOf":{"@id":"https:\/\/www.oitaperunense.com.br\/site\/#website"},"datePublished":"2023-09-12T10:17:41+00:00","dateModified":"2023-09-12T10:17:41+00:00","author":{"@id":"https:\/\/www.oitaperunense.com.br\/site\/#\/schema\/person\/4a5b86c112157bc0a4492f4fd6b7939f"},"breadcrumb":{"@id":"https:\/\/www.oitaperunense.com.br\/site\/palestra-de-conscientizacao-e-prevencao-ao-suicidio-e-realizada-em-itaperuna\/#breadcrumb"},"inLanguage":"pt-BR","potentialAction":[{"@type":"ReadAction","target":["https:\/\/www.oitaperunense.com.br\/site\/palestra-de-conscientizacao-e-prevencao-ao-suicidio-e-realizada-em-itaperuna\/"]}]},{"@type":"BreadcrumbList","@id":"https:\/\/www.oitaperunense.com.br\/site\/palestra-de-conscientizacao-e-prevencao-ao-suicidio-e-realizada-em-itaperuna\/#breadcrumb","itemListElement":[{"@type":"ListItem","position":1,"name":"Home","item":"https:\/\/www.oitaperunense.com.br\/site\/"},{"@type":"ListItem","position":2,"name":"Palestra de conscientiza\u00e7\u00e3o e preven\u00e7\u00e3o ao suic\u00eddio \u00e9 realizada em Itaperuna"}]},{"@type":"WebSite","@id":"https:\/\/www.oitaperunense.com.br\/site\/#website","url":"https:\/\/www.oitaperunense.com.br\/site\/","name":"O Itaperunense","description":"","potentialAction":[{"@type":"SearchAction","target":{"@type":"EntryPoint","urlTemplate":"https:\/\/www.oitaperunense.com.br\/site\/?s={search_term_string}"},"query-input":"required name=search_term_string"}],"inLanguage":"pt-BR"},{"@type":"Person","@id":"https:\/\/www.oitaperunense.com.br\/site\/#\/schema\/person\/4a5b86c112157bc0a4492f4fd6b7939f","name":"Andr\u00e9","image":{"@type":"ImageObject","inLanguage":"pt-BR","@id":"https:\/\/www.oitaperunense.com.br\/site\/#\/schema\/person\/image\/","url":"https:\/\/secure.gravatar.com\/avatar\/7a7a912ec2c8cd6a390040b03329ee7a71bbd5f81ac3557b6a68208f263fc97b?s=96&d=mm&r=g","contentUrl":"https:\/\/secure.gravatar.com\/avatar\/7a7a912ec2c8cd6a390040b03329ee7a71bbd5f81ac3557b6a68208f263fc97b?s=96&d=mm&r=g","caption":"Andr\u00e9"},"url":"https:\/\/www.oitaperunense.com.br\/site\/author\/andre\/"}]}},"cc_featured_image_caption":{"caption_text":"","source_text":"","source_url":""},"_links":{"self":[{"href":"https:\/\/www.oitaperunense.com.br\/site\/wp-json\/wp\/v2\/posts\/393031","targetHints":{"allow":["GET"]}}],"collection":[{"href":"https:\/\/www.oitaperunense.com.br\/site\/wp-json\/wp\/v2\/posts"}],"about":[{"href":"https:\/\/www.oitaperunense.com.br\/site\/wp-json\/wp\/v2\/types\/post"}],"author":[{"embeddable":true,"href":"https:\/\/www.oitaperunense.com.br\/site\/wp-json\/wp\/v2\/users\/19"}],"replies":[{"embeddable":true,"href":"https:\/\/www.oitaperunense.com.br\/site\/wp-json\/wp\/v2\/comments?post=393031"}],"version-history":[{"count":1,"href":"https:\/\/www.oitaperunense.com.br\/site\/wp-json\/wp\/v2\/posts\/393031\/revisions"}],"predecessor-version":[{"id":393035,"href":"https:\/\/www.oitaperunense.com.br\/site\/wp-json\/wp\/v2\/posts\/393031\/revisions\/393035"}],"wp:featuredmedia":[{"embeddable":true,"href":"https:\/\/www.oitaperunense.com.br\/site\/wp-json\/wp\/v2\/media\/393032"}],"wp:attachment":[{"href":"https:\/\/www.oitaperunense.com.br\/site\/wp-json\/wp\/v2\/media?parent=393031"}],"wp:term":[{"taxonomy":"category","embeddable":true,"href":"https:\/\/www.oitaperunense.com.br\/site\/wp-json\/wp\/v2\/categories?post=393031"},{"taxonomy":"post_tag","embeddable":true,"href":"https:\/\/www.oitaperunense.com.br\/site\/wp-json\/wp\/v2\/tags?post=393031"}],"curies":[{"name":"wp","href":"https:\/\/api.w.org\/{rel}","templated":true}]}}