{"id":393018,"date":"2023-09-11T08:22:27","date_gmt":"2023-09-11T11:22:27","guid":{"rendered":"https:\/\/www.oitaperunense.com.br\/site\/?p=393018"},"modified":"2023-09-11T08:24:10","modified_gmt":"2023-09-11T11:24:10","slug":"conheca-o-programa-equoterapia-pedra-preta-em-itaperuna","status":"publish","type":"post","link":"https:\/\/www.oitaperunense.com.br\/site\/conheca-o-programa-equoterapia-pedra-preta-em-itaperuna\/","title":{"rendered":"CONHE\u00c7A O \u2018PROGRAMA EQUOTERAPIA PEDRA PRETA\u2019 EM ITAPERUNA"},"content":{"rendered":"<p class=\"yiv7910014375MsoNormal\" style=\"text-align: center;\" align=\"center\"><b>Para mais informa\u00e7\u00f5es fale com a equipe do projeto, atrav\u00e9s do WhatsApp (22) 99203-5405<\/b><\/p>\n<p class=\"yiv7910014375MsoNormal\" style=\"text-align: justify;\">Em Itaperuna, RJ, a Secretaria Municipal de Sa\u00fade vem realizando importante trabalho, com uma s\u00e9rie de projetos e programas de suma import\u00e2ncia para o munic\u00edpio e, o \u2018Programa Equoterapia Pedra Preta\u2019, \u00e9 um desses destaques que vem se tornando refer\u00eancia. O programa envolve atividades de terapia, fonoaudiologia e psicologia, utilizando equinos (cavalos e \u00e9guas) num movimento tridimensional continuando com a linguagem expressiva e oral, motricidade orofacial, equil\u00edbrio corporal e vestibular, marcha, dentre outros benef\u00edcios.<\/p>\n<p><!--more--><\/p>\n<p class=\"yiv7910014375MsoNormal\" style=\"text-align: justify;\">Pensando nisso, a Secretaria Municipal de Sa\u00fade disponibilizou o seguinte contato (22) 9 9203-5405, para facilitar o agendamento.<\/p>\n<p class=\"yiv7910014375MsoNormal\" style=\"text-align: justify;\"><b>HOR\u00c1RIO DE FUNCIONAMENTO:<\/b><\/p>\n<p class=\"yiv7910014375MsoNormal\" style=\"text-align: justify;\">&#8211;&nbsp;Segunda a quinta-feira: 07h \u00e0s 16h;<\/p>\n<p class=\"yiv7910014375MsoNormal\" style=\"text-align: justify;\">&#8211;&nbsp;Sexta-feira: 07h \u00e0s 15h.<\/p>\n<p class=\"yiv7910014375MsoNormal\" style=\"text-align: justify;\"><b>UM POUCO MAIS SOBRE O PROGRAMA<\/b><\/p>\n<p class=\"yiv7910014375MsoNormal\" style=\"text-align: justify;\">A Equoterapia \u00e9 um m\u00e9todo terap\u00eautico, utilizando o cavalo em uma abordagem interdisciplinar, trabalhando as \u00e1reas de sa\u00fade, educa\u00e7\u00e3o e equita\u00e7\u00e3o, visando o desenvolvimento biopsicossocial de pessoas com defici\u00eancia e\/ou com necessidades especiais.<\/p>\n<p class=\"yiv7910014375MsoNormal\" style=\"text-align: justify;\">Dentre os benef\u00edcios desta pr\u00e1tica, observa-se que com o cavalo em movimento, o praticante (termo designado \u00e0 pessoa em atividade equoter\u00e1pica), come\u00e7a a perceber em seus m\u00fasculos, os mesmos est\u00edmulos que usaria para andar.<\/p>\n<p class=\"yiv7910014375MsoNormal\" style=\"text-align: justify;\">O Programa \u00e9 desenvolvido no S\u00edtio Experimental Vicente Sinval (Mata do Vicente), localizado a 1 km, ap\u00f3s o CIEP do S\u00e3o Matheus.<\/p>\n<p class=\"yiv7910014375MsoNormal\" style=\"text-align: justify;\">Acompanhe as not\u00edcias e informa\u00e7\u00f5es sobre a Secretaria Municipal de Sa\u00fade e demais secretarias, pelas redes sociais da Prefeitura de Itaperuna!<\/p>\n<p class=\"yiv7910014375MsoNormal\" style=\"text-align: justify;\"><b><i>Com informa\u00e7\u00f5es: DECOM\/Itaperuna\/RJ<\/i><\/b><\/p>\n<p class=\"yiv7910014375MsoNormal\" style=\"text-align: justify;\"><b>Foto:<\/b><strong>divulga\u00e7\u00e3o | Arquivo &#8211; Decom&nbsp;&nbsp;<\/strong><\/p>\n","protected":false},"excerpt":{"rendered":"<p>Para mais informa\u00e7\u00f5es fale com a equipe do projeto, atrav\u00e9s do WhatsApp (22) 99203-5405 Em Itaperuna, RJ, a Secretaria Municipal de Sa\u00fade vem realizando importante trabalho, com uma s\u00e9rie de projetos e programas de suma import\u00e2ncia para o munic\u00edpio e, o \u2018Programa Equoterapia Pedra Preta\u2019, \u00e9 um desses destaques que vem se tornando refer\u00eancia. O [&hellip;]<\/p>\n","protected":false},"author":19,"featured_media":393019,"comment_status":"open","ping_status":"closed","sticky":false,"template":"","format":"standard","meta":{"ngg_post_thumbnail":0,"footnotes":""},"categories":[113],"tags":[],"class_list":["post-393018","post","type-post","status-publish","format-standard","has-post-thumbnail","hentry","category-saude"],"yoast_head":"<!-- This site is optimized with the Yoast SEO plugin v20.11 - https:\/\/yoast.com\/wordpress\/plugins\/seo\/ -->\n<title>CONHE\u00c7A O \u2018PROGRAMA EQUOTERAPIA PEDRA PRETA\u2019 EM ITAPERUNA - O Itaperunense<\/title>\n<meta name=\"robots\" content=\"index, follow, max-snippet:-1, max-image-preview:large, max-video-preview:-1\" \/>\n<link rel=\"canonical\" href=\"https:\/\/www.oitaperunense.com.br\/site\/conheca-o-programa-equoterapia-pedra-preta-em-itaperuna\/\" \/>\n<meta property=\"og:locale\" content=\"pt_BR\" \/>\n<meta property=\"og:type\" content=\"article\" \/>\n<meta property=\"og:title\" content=\"CONHE\u00c7A O \u2018PROGRAMA EQUOTERAPIA PEDRA PRETA\u2019 EM ITAPERUNA - O Itaperunense\" \/>\n<meta property=\"og:description\" content=\"Para mais informa\u00e7\u00f5es fale com a equipe do projeto, atrav\u00e9s do WhatsApp (22) 99203-5405 Em Itaperuna, RJ, a Secretaria Municipal de Sa\u00fade vem realizando importante trabalho, com uma s\u00e9rie de projetos e programas de suma import\u00e2ncia para o munic\u00edpio e, o \u2018Programa Equoterapia Pedra Preta\u2019, \u00e9 um desses destaques que vem se tornando refer\u00eancia. O [&hellip;]\" \/>\n<meta property=\"og:url\" content=\"https:\/\/www.oitaperunense.com.br\/site\/conheca-o-programa-equoterapia-pedra-preta-em-itaperuna\/\" \/>\n<meta property=\"og:site_name\" content=\"O Itaperunense\" \/>\n<meta property=\"article:publisher\" content=\"https:\/\/www.facebook.com\/jornaloitaperunense\" \/>\n<meta property=\"article:published_time\" content=\"2023-09-11T11:22:27+00:00\" \/>\n<meta property=\"article:modified_time\" content=\"2023-09-11T11:24:10+00:00\" \/>\n<meta property=\"og:image\" content=\"https:\/\/www.oitaperunense.com.br\/site\/wp-content\/uploads\/2023\/09\/EG1.jpg\" \/>\n\t<meta property=\"og:image:width\" content=\"700\" \/>\n\t<meta property=\"og:image:height\" content=\"449\" \/>\n\t<meta property=\"og:image:type\" content=\"image\/jpeg\" \/>\n<meta name=\"author\" content=\"Andr\u00e9\" \/>\n<meta name=\"twitter:card\" content=\"summary_large_image\" \/>\n<meta name=\"twitter:label1\" content=\"Escrito por\" \/>\n\t<meta name=\"twitter:data1\" content=\"Andr\u00e9\" \/>\n\t<meta name=\"twitter:label2\" content=\"Est. tempo de leitura\" \/>\n\t<meta name=\"twitter:data2\" content=\"2 minutos\" \/>\n<script type=\"application\/ld+json\" class=\"yoast-schema-graph\">{\"@context\":\"https:\/\/schema.org\",\"@graph\":[{\"@type\":\"WebPage\",\"@id\":\"https:\/\/www.oitaperunense.com.br\/site\/conheca-o-programa-equoterapia-pedra-preta-em-itaperuna\/\",\"url\":\"https:\/\/www.oitaperunense.com.br\/site\/conheca-o-programa-equoterapia-pedra-preta-em-itaperuna\/\",\"name\":\"CONHE\u00c7A O \u2018PROGRAMA EQUOTERAPIA PEDRA PRETA\u2019 EM ITAPERUNA - O Itaperunense\",\"isPartOf\":{\"@id\":\"https:\/\/www.oitaperunense.com.br\/site\/#website\"},\"datePublished\":\"2023-09-11T11:22:27+00:00\",\"dateModified\":\"2023-09-11T11:24:10+00:00\",\"author\":{\"@id\":\"https:\/\/www.oitaperunense.com.br\/site\/#\/schema\/person\/4a5b86c112157bc0a4492f4fd6b7939f\"},\"breadcrumb\":{\"@id\":\"https:\/\/www.oitaperunense.com.br\/site\/conheca-o-programa-equoterapia-pedra-preta-em-itaperuna\/#breadcrumb\"},\"inLanguage\":\"pt-BR\",\"potentialAction\":[{\"@type\":\"ReadAction\",\"target\":[\"https:\/\/www.oitaperunense.com.br\/site\/conheca-o-programa-equoterapia-pedra-preta-em-itaperuna\/\"]}]},{\"@type\":\"BreadcrumbList\",\"@id\":\"https:\/\/www.oitaperunense.com.br\/site\/conheca-o-programa-equoterapia-pedra-preta-em-itaperuna\/#breadcrumb\",\"itemListElement\":[{\"@type\":\"ListItem\",\"position\":1,\"name\":\"Home\",\"item\":\"https:\/\/www.oitaperunense.com.br\/site\/\"},{\"@type\":\"ListItem\",\"position\":2,\"name\":\"CONHE\u00c7A O \u2018PROGRAMA EQUOTERAPIA PEDRA PRETA\u2019 EM ITAPERUNA\"}]},{\"@type\":\"WebSite\",\"@id\":\"https:\/\/www.oitaperunense.com.br\/site\/#website\",\"url\":\"https:\/\/www.oitaperunense.com.br\/site\/\",\"name\":\"O Itaperunense\",\"description\":\"\",\"potentialAction\":[{\"@type\":\"SearchAction\",\"target\":{\"@type\":\"EntryPoint\",\"urlTemplate\":\"https:\/\/www.oitaperunense.com.br\/site\/?s={search_term_string}\"},\"query-input\":\"required name=search_term_string\"}],\"inLanguage\":\"pt-BR\"},{\"@type\":\"Person\",\"@id\":\"https:\/\/www.oitaperunense.com.br\/site\/#\/schema\/person\/4a5b86c112157bc0a4492f4fd6b7939f\",\"name\":\"Andr\u00e9\",\"image\":{\"@type\":\"ImageObject\",\"inLanguage\":\"pt-BR\",\"@id\":\"https:\/\/www.oitaperunense.com.br\/site\/#\/schema\/person\/image\/\",\"url\":\"https:\/\/secure.gravatar.com\/avatar\/7a7a912ec2c8cd6a390040b03329ee7a71bbd5f81ac3557b6a68208f263fc97b?s=96&d=mm&r=g\",\"contentUrl\":\"https:\/\/secure.gravatar.com\/avatar\/7a7a912ec2c8cd6a390040b03329ee7a71bbd5f81ac3557b6a68208f263fc97b?s=96&d=mm&r=g\",\"caption\":\"Andr\u00e9\"},\"url\":\"https:\/\/www.oitaperunense.com.br\/site\/author\/andre\/\"}]}<\/script>\n<!-- \/ Yoast SEO plugin. -->","yoast_head_json":{"title":"CONHE\u00c7A O \u2018PROGRAMA EQUOTERAPIA PEDRA PRETA\u2019 EM ITAPERUNA - O Itaperunense","robots":{"index":"index","follow":"follow","max-snippet":"max-snippet:-1","max-image-preview":"max-image-preview:large","max-video-preview":"max-video-preview:-1"},"canonical":"https:\/\/www.oitaperunense.com.br\/site\/conheca-o-programa-equoterapia-pedra-preta-em-itaperuna\/","og_locale":"pt_BR","og_type":"article","og_title":"CONHE\u00c7A O \u2018PROGRAMA EQUOTERAPIA PEDRA PRETA\u2019 EM ITAPERUNA - O Itaperunense","og_description":"Para mais informa\u00e7\u00f5es fale com a equipe do projeto, atrav\u00e9s do WhatsApp (22) 99203-5405 Em Itaperuna, RJ, a Secretaria Municipal de Sa\u00fade vem realizando importante trabalho, com uma s\u00e9rie de projetos e programas de suma import\u00e2ncia para o munic\u00edpio e, o \u2018Programa Equoterapia Pedra Preta\u2019, \u00e9 um desses destaques que vem se tornando refer\u00eancia. O [&hellip;]","og_url":"https:\/\/www.oitaperunense.com.br\/site\/conheca-o-programa-equoterapia-pedra-preta-em-itaperuna\/","og_site_name":"O Itaperunense","article_publisher":"https:\/\/www.facebook.com\/jornaloitaperunense","article_published_time":"2023-09-11T11:22:27+00:00","article_modified_time":"2023-09-11T11:24:10+00:00","og_image":[{"width":700,"height":449,"url":"https:\/\/www.oitaperunense.com.br\/site\/wp-content\/uploads\/2023\/09\/EG1.jpg","type":"image\/jpeg"}],"author":"Andr\u00e9","twitter_card":"summary_large_image","twitter_misc":{"Escrito por":"Andr\u00e9","Est. tempo de leitura":"2 minutos"},"schema":{"@context":"https:\/\/schema.org","@graph":[{"@type":"WebPage","@id":"https:\/\/www.oitaperunense.com.br\/site\/conheca-o-programa-equoterapia-pedra-preta-em-itaperuna\/","url":"https:\/\/www.oitaperunense.com.br\/site\/conheca-o-programa-equoterapia-pedra-preta-em-itaperuna\/","name":"CONHE\u00c7A O \u2018PROGRAMA EQUOTERAPIA PEDRA PRETA\u2019 EM ITAPERUNA - O Itaperunense","isPartOf":{"@id":"https:\/\/www.oitaperunense.com.br\/site\/#website"},"datePublished":"2023-09-11T11:22:27+00:00","dateModified":"2023-09-11T11:24:10+00:00","author":{"@id":"https:\/\/www.oitaperunense.com.br\/site\/#\/schema\/person\/4a5b86c112157bc0a4492f4fd6b7939f"},"breadcrumb":{"@id":"https:\/\/www.oitaperunense.com.br\/site\/conheca-o-programa-equoterapia-pedra-preta-em-itaperuna\/#breadcrumb"},"inLanguage":"pt-BR","potentialAction":[{"@type":"ReadAction","target":["https:\/\/www.oitaperunense.com.br\/site\/conheca-o-programa-equoterapia-pedra-preta-em-itaperuna\/"]}]},{"@type":"BreadcrumbList","@id":"https:\/\/www.oitaperunense.com.br\/site\/conheca-o-programa-equoterapia-pedra-preta-em-itaperuna\/#breadcrumb","itemListElement":[{"@type":"ListItem","position":1,"name":"Home","item":"https:\/\/www.oitaperunense.com.br\/site\/"},{"@type":"ListItem","position":2,"name":"CONHE\u00c7A O \u2018PROGRAMA EQUOTERAPIA PEDRA PRETA\u2019 EM ITAPERUNA"}]},{"@type":"WebSite","@id":"https:\/\/www.oitaperunense.com.br\/site\/#website","url":"https:\/\/www.oitaperunense.com.br\/site\/","name":"O Itaperunense","description":"","potentialAction":[{"@type":"SearchAction","target":{"@type":"EntryPoint","urlTemplate":"https:\/\/www.oitaperunense.com.br\/site\/?s={search_term_string}"},"query-input":"required name=search_term_string"}],"inLanguage":"pt-BR"},{"@type":"Person","@id":"https:\/\/www.oitaperunense.com.br\/site\/#\/schema\/person\/4a5b86c112157bc0a4492f4fd6b7939f","name":"Andr\u00e9","image":{"@type":"ImageObject","inLanguage":"pt-BR","@id":"https:\/\/www.oitaperunense.com.br\/site\/#\/schema\/person\/image\/","url":"https:\/\/secure.gravatar.com\/avatar\/7a7a912ec2c8cd6a390040b03329ee7a71bbd5f81ac3557b6a68208f263fc97b?s=96&d=mm&r=g","contentUrl":"https:\/\/secure.gravatar.com\/avatar\/7a7a912ec2c8cd6a390040b03329ee7a71bbd5f81ac3557b6a68208f263fc97b?s=96&d=mm&r=g","caption":"Andr\u00e9"},"url":"https:\/\/www.oitaperunense.com.br\/site\/author\/andre\/"}]}},"cc_featured_image_caption":{"caption_text":"","source_text":"","source_url":""},"_links":{"self":[{"href":"https:\/\/www.oitaperunense.com.br\/site\/wp-json\/wp\/v2\/posts\/393018","targetHints":{"allow":["GET"]}}],"collection":[{"href":"https:\/\/www.oitaperunense.com.br\/site\/wp-json\/wp\/v2\/posts"}],"about":[{"href":"https:\/\/www.oitaperunense.com.br\/site\/wp-json\/wp\/v2\/types\/post"}],"author":[{"embeddable":true,"href":"https:\/\/www.oitaperunense.com.br\/site\/wp-json\/wp\/v2\/users\/19"}],"replies":[{"embeddable":true,"href":"https:\/\/www.oitaperunense.com.br\/site\/wp-json\/wp\/v2\/comments?post=393018"}],"version-history":[{"count":3,"href":"https:\/\/www.oitaperunense.com.br\/site\/wp-json\/wp\/v2\/posts\/393018\/revisions"}],"predecessor-version":[{"id":393022,"href":"https:\/\/www.oitaperunense.com.br\/site\/wp-json\/wp\/v2\/posts\/393018\/revisions\/393022"}],"wp:featuredmedia":[{"embeddable":true,"href":"https:\/\/www.oitaperunense.com.br\/site\/wp-json\/wp\/v2\/media\/393019"}],"wp:attachment":[{"href":"https:\/\/www.oitaperunense.com.br\/site\/wp-json\/wp\/v2\/media?parent=393018"}],"wp:term":[{"taxonomy":"category","embeddable":true,"href":"https:\/\/www.oitaperunense.com.br\/site\/wp-json\/wp\/v2\/categories?post=393018"},{"taxonomy":"post_tag","embeddable":true,"href":"https:\/\/www.oitaperunense.com.br\/site\/wp-json\/wp\/v2\/tags?post=393018"}],"curies":[{"name":"wp","href":"https:\/\/api.w.org\/{rel}","templated":true}]}}