{"id":392982,"date":"2023-08-29T16:14:34","date_gmt":"2023-08-29T19:14:34","guid":{"rendered":"https:\/\/www.oitaperunense.com.br\/site\/?p=392982"},"modified":"2023-08-29T16:19:12","modified_gmt":"2023-08-29T19:19:12","slug":"deputado-federal-murillo-gouvea-lanca-em-brasilia-a-frente-parlamentar-da-conectividade-rural","status":"publish","type":"post","link":"https:\/\/www.oitaperunense.com.br\/site\/deputado-federal-murillo-gouvea-lanca-em-brasilia-a-frente-parlamentar-da-conectividade-rural\/","title":{"rendered":"Deputado Federal Murillo Gouvea lan\u00e7a, em Bras\u00edlia, a Frente Parlamentar da Conectividade Rural"},"content":{"rendered":"<p style=\"text-align: center;\"><strong>Pr\u00f3ximas a\u00e7\u00f5es ser\u00e3o divulgadas pela Frente Parlamentar da Conectividade Rural atrav\u00e9s de comunicado das atividades que vai ser elaborada pelo Gabinete do Deputado<\/strong><\/p>\n<p style=\"text-align: justify;\">Contando com a presen\u00e7a do Deputado Federal Geraldo Mendes, de Pedro Palatinick (ASBRAAP), Fabr\u00edcio Moraes Rosa, diretor da Aprosoja, Danilo Batista, representante do Minist\u00e9rio das Comunica\u00e7\u00f5es, da Presidente da Embrapa, Silvia Maria Fonseca, al\u00e9m de v\u00e1rios outros Deputados e atores pol\u00edtico, foi lan\u00e7ada oficialmente a Frente Parlamentar da Conectividade Rural, em um evento que abordou a necessidade de investimento em infraestrutura na \u00e1rea rural sob diferentes perspectivas.<\/p>\n<p><!--more--><\/p>\n<p style=\"text-align: justify;\">O trabalho rural \u00e9 de extrema import\u00e2ncia para a economia e a sociedade no Brasil, respons\u00e1vel pela produ\u00e7\u00e3o de grande parte dos alimentos que chegam \u00e0 mesa da popula\u00e7\u00e3o. No Brasil, h\u00e1 mais de 18 milh\u00f5es de pessoas que vivem do campo.&nbsp;<\/p>\n<p><img loading=\"lazy\" decoding=\"async\" class=\"alignnone size-full wp-image-392984 aligncenter\" src=\"https:\/\/www.oitaperunense.com.br\/site\/wp-content\/uploads\/2023\/08\/cona2.jpg\" alt=\"\" width=\"700\" height=\"487\" srcset=\"https:\/\/www.oitaperunense.com.br\/site\/wp-content\/uploads\/2023\/08\/cona2.jpg 700w, https:\/\/www.oitaperunense.com.br\/site\/wp-content\/uploads\/2023\/08\/cona2-300x209.jpg 300w\" sizes=\"auto, (max-width: 700px) 100vw, 700px\" \/><\/p>\n<p style=\"text-align: justify;\">E, foi com essa miss\u00e3o, al\u00e9m de dados como o fato de a implanta\u00e7\u00e3o da conex\u00e3o 5G, que pode mudar esse cen\u00e1rio, s\u00f3 devendo chegar apenas em 2029, que o gabinete do Deputado abra\u00e7ou o desafio.<\/p>\n<p><img loading=\"lazy\" decoding=\"async\" class=\"alignnone size-full wp-image-392985 aligncenter\" src=\"https:\/\/www.oitaperunense.com.br\/site\/wp-content\/uploads\/2023\/08\/cona3.jpg\" alt=\"\" width=\"700\" height=\"466\" srcset=\"https:\/\/www.oitaperunense.com.br\/site\/wp-content\/uploads\/2023\/08\/cona3.jpg 700w, https:\/\/www.oitaperunense.com.br\/site\/wp-content\/uploads\/2023\/08\/cona3-300x200.jpg 300w\" sizes=\"auto, (max-width: 700px) 100vw, 700px\" \/><\/p>\n<p style=\"text-align: justify;\">A Frente quer debater o assunto e propor solu\u00e7\u00f5es de curto, m\u00e9dio e longo prazos, como uma assinatura do parlamentar, \u00fanico eleito pelo interior do estado do Rio em 2022.<\/p>\n<p style=\"text-align: justify;\">\u201cMinha fam\u00edlia e eu somos do campo, e sabemos as dificuldades que o produtor rural enfrenta, que a agricultura familiar enfrenta, al\u00e9m dos problemas estruturais nas escolas e demais \u00e1reas da vida da popula\u00e7\u00e3o.&nbsp; Nosso trabalho ser\u00e1 incans\u00e1vel e j\u00e1 temos o apoio de Deputados, Senadores, e tamb\u00e9m do Minist\u00e9rio do Turismo, com projetos de fomento da pauta na \u00e1rea rural\u201d, afirmou Murillo.<\/p>\n<p><img loading=\"lazy\" decoding=\"async\" class=\"alignnone size-full wp-image-392986 aligncenter\" src=\"https:\/\/www.oitaperunense.com.br\/site\/wp-content\/uploads\/2023\/08\/cona4.jpg\" alt=\"\" width=\"700\" height=\"1051\" srcset=\"https:\/\/www.oitaperunense.com.br\/site\/wp-content\/uploads\/2023\/08\/cona4.jpg 700w, https:\/\/www.oitaperunense.com.br\/site\/wp-content\/uploads\/2023\/08\/cona4-200x300.jpg 200w\" sizes=\"auto, (max-width: 700px) 100vw, 700px\" \/><\/p>\n<p style=\"text-align: justify;\">As pr\u00f3ximas a\u00e7\u00f5es ser\u00e3o divulgadas pela Frente em breve, em um comunicado de atividades a ser elaborado pelo Babinete do Deputado.<\/p>\n","protected":false},"excerpt":{"rendered":"<p>Pr\u00f3ximas a\u00e7\u00f5es ser\u00e3o divulgadas pela Frente Parlamentar da Conectividade Rural atrav\u00e9s de comunicado das atividades que vai ser elaborada pelo Gabinete do Deputado Contando com a presen\u00e7a do Deputado Federal Geraldo Mendes, de Pedro Palatinick (ASBRAAP), Fabr\u00edcio Moraes Rosa, diretor da Aprosoja, Danilo Batista, representante do Minist\u00e9rio das Comunica\u00e7\u00f5es, da Presidente da Embrapa, Silvia Maria [&hellip;]<\/p>\n","protected":false},"author":19,"featured_media":392983,"comment_status":"open","ping_status":"closed","sticky":false,"template":"","format":"standard","meta":{"ngg_post_thumbnail":0,"footnotes":""},"categories":[13],"tags":[],"class_list":["post-392982","post","type-post","status-publish","format-standard","has-post-thumbnail","hentry","category-politica"],"yoast_head":"<!-- This site is optimized with the Yoast SEO plugin v20.11 - https:\/\/yoast.com\/wordpress\/plugins\/seo\/ -->\n<title>Deputado Federal Murillo Gouvea lan\u00e7a, em Bras\u00edlia, a Frente Parlamentar da Conectividade Rural - O Itaperunense<\/title>\n<meta name=\"robots\" content=\"index, follow, max-snippet:-1, max-image-preview:large, max-video-preview:-1\" \/>\n<link rel=\"canonical\" href=\"https:\/\/www.oitaperunense.com.br\/site\/deputado-federal-murillo-gouvea-lanca-em-brasilia-a-frente-parlamentar-da-conectividade-rural\/\" \/>\n<meta property=\"og:locale\" content=\"pt_BR\" \/>\n<meta property=\"og:type\" content=\"article\" \/>\n<meta property=\"og:title\" content=\"Deputado Federal Murillo Gouvea lan\u00e7a, em Bras\u00edlia, a Frente Parlamentar da Conectividade Rural - O Itaperunense\" \/>\n<meta property=\"og:description\" content=\"Pr\u00f3ximas a\u00e7\u00f5es ser\u00e3o divulgadas pela Frente Parlamentar da Conectividade Rural atrav\u00e9s de comunicado das atividades que vai ser elaborada pelo Gabinete do Deputado Contando com a presen\u00e7a do Deputado Federal Geraldo Mendes, de Pedro Palatinick (ASBRAAP), Fabr\u00edcio Moraes Rosa, diretor da Aprosoja, Danilo Batista, representante do Minist\u00e9rio das Comunica\u00e7\u00f5es, da Presidente da Embrapa, Silvia Maria [&hellip;]\" \/>\n<meta property=\"og:url\" content=\"https:\/\/www.oitaperunense.com.br\/site\/deputado-federal-murillo-gouvea-lanca-em-brasilia-a-frente-parlamentar-da-conectividade-rural\/\" \/>\n<meta property=\"og:site_name\" content=\"O Itaperunense\" \/>\n<meta property=\"article:publisher\" content=\"https:\/\/www.facebook.com\/jornaloitaperunense\" \/>\n<meta property=\"article:published_time\" content=\"2023-08-29T19:14:34+00:00\" \/>\n<meta property=\"article:modified_time\" content=\"2023-08-29T19:19:12+00:00\" \/>\n<meta property=\"og:image\" content=\"https:\/\/www.oitaperunense.com.br\/site\/wp-content\/uploads\/2023\/08\/cona1.jpg\" \/>\n\t<meta property=\"og:image:width\" content=\"700\" \/>\n\t<meta property=\"og:image:height\" content=\"458\" \/>\n\t<meta property=\"og:image:type\" content=\"image\/jpeg\" \/>\n<meta name=\"author\" content=\"Andr\u00e9\" \/>\n<meta name=\"twitter:card\" content=\"summary_large_image\" \/>\n<meta name=\"twitter:label1\" content=\"Escrito por\" \/>\n\t<meta name=\"twitter:data1\" content=\"Andr\u00e9\" \/>\n\t<meta name=\"twitter:label2\" content=\"Est. tempo de leitura\" \/>\n\t<meta name=\"twitter:data2\" content=\"3 minutos\" \/>\n<script type=\"application\/ld+json\" class=\"yoast-schema-graph\">{\"@context\":\"https:\/\/schema.org\",\"@graph\":[{\"@type\":\"WebPage\",\"@id\":\"https:\/\/www.oitaperunense.com.br\/site\/deputado-federal-murillo-gouvea-lanca-em-brasilia-a-frente-parlamentar-da-conectividade-rural\/\",\"url\":\"https:\/\/www.oitaperunense.com.br\/site\/deputado-federal-murillo-gouvea-lanca-em-brasilia-a-frente-parlamentar-da-conectividade-rural\/\",\"name\":\"Deputado Federal Murillo Gouvea lan\u00e7a, em Bras\u00edlia, a Frente Parlamentar da Conectividade Rural - O Itaperunense\",\"isPartOf\":{\"@id\":\"https:\/\/www.oitaperunense.com.br\/site\/#website\"},\"datePublished\":\"2023-08-29T19:14:34+00:00\",\"dateModified\":\"2023-08-29T19:19:12+00:00\",\"author\":{\"@id\":\"https:\/\/www.oitaperunense.com.br\/site\/#\/schema\/person\/4a5b86c112157bc0a4492f4fd6b7939f\"},\"breadcrumb\":{\"@id\":\"https:\/\/www.oitaperunense.com.br\/site\/deputado-federal-murillo-gouvea-lanca-em-brasilia-a-frente-parlamentar-da-conectividade-rural\/#breadcrumb\"},\"inLanguage\":\"pt-BR\",\"potentialAction\":[{\"@type\":\"ReadAction\",\"target\":[\"https:\/\/www.oitaperunense.com.br\/site\/deputado-federal-murillo-gouvea-lanca-em-brasilia-a-frente-parlamentar-da-conectividade-rural\/\"]}]},{\"@type\":\"BreadcrumbList\",\"@id\":\"https:\/\/www.oitaperunense.com.br\/site\/deputado-federal-murillo-gouvea-lanca-em-brasilia-a-frente-parlamentar-da-conectividade-rural\/#breadcrumb\",\"itemListElement\":[{\"@type\":\"ListItem\",\"position\":1,\"name\":\"Home\",\"item\":\"https:\/\/www.oitaperunense.com.br\/site\/\"},{\"@type\":\"ListItem\",\"position\":2,\"name\":\"Deputado Federal Murillo Gouvea lan\u00e7a, em Bras\u00edlia, a Frente Parlamentar da Conectividade Rural\"}]},{\"@type\":\"WebSite\",\"@id\":\"https:\/\/www.oitaperunense.com.br\/site\/#website\",\"url\":\"https:\/\/www.oitaperunense.com.br\/site\/\",\"name\":\"O Itaperunense\",\"description\":\"\",\"potentialAction\":[{\"@type\":\"SearchAction\",\"target\":{\"@type\":\"EntryPoint\",\"urlTemplate\":\"https:\/\/www.oitaperunense.com.br\/site\/?s={search_term_string}\"},\"query-input\":\"required name=search_term_string\"}],\"inLanguage\":\"pt-BR\"},{\"@type\":\"Person\",\"@id\":\"https:\/\/www.oitaperunense.com.br\/site\/#\/schema\/person\/4a5b86c112157bc0a4492f4fd6b7939f\",\"name\":\"Andr\u00e9\",\"image\":{\"@type\":\"ImageObject\",\"inLanguage\":\"pt-BR\",\"@id\":\"https:\/\/www.oitaperunense.com.br\/site\/#\/schema\/person\/image\/\",\"url\":\"https:\/\/secure.gravatar.com\/avatar\/7a7a912ec2c8cd6a390040b03329ee7a71bbd5f81ac3557b6a68208f263fc97b?s=96&d=mm&r=g\",\"contentUrl\":\"https:\/\/secure.gravatar.com\/avatar\/7a7a912ec2c8cd6a390040b03329ee7a71bbd5f81ac3557b6a68208f263fc97b?s=96&d=mm&r=g\",\"caption\":\"Andr\u00e9\"},\"url\":\"https:\/\/www.oitaperunense.com.br\/site\/author\/andre\/\"}]}<\/script>\n<!-- \/ Yoast SEO plugin. -->","yoast_head_json":{"title":"Deputado Federal Murillo Gouvea lan\u00e7a, em Bras\u00edlia, a Frente Parlamentar da Conectividade Rural - O Itaperunense","robots":{"index":"index","follow":"follow","max-snippet":"max-snippet:-1","max-image-preview":"max-image-preview:large","max-video-preview":"max-video-preview:-1"},"canonical":"https:\/\/www.oitaperunense.com.br\/site\/deputado-federal-murillo-gouvea-lanca-em-brasilia-a-frente-parlamentar-da-conectividade-rural\/","og_locale":"pt_BR","og_type":"article","og_title":"Deputado Federal Murillo Gouvea lan\u00e7a, em Bras\u00edlia, a Frente Parlamentar da Conectividade Rural - O Itaperunense","og_description":"Pr\u00f3ximas a\u00e7\u00f5es ser\u00e3o divulgadas pela Frente Parlamentar da Conectividade Rural atrav\u00e9s de comunicado das atividades que vai ser elaborada pelo Gabinete do Deputado Contando com a presen\u00e7a do Deputado Federal Geraldo Mendes, de Pedro Palatinick (ASBRAAP), Fabr\u00edcio Moraes Rosa, diretor da Aprosoja, Danilo Batista, representante do Minist\u00e9rio das Comunica\u00e7\u00f5es, da Presidente da Embrapa, Silvia Maria [&hellip;]","og_url":"https:\/\/www.oitaperunense.com.br\/site\/deputado-federal-murillo-gouvea-lanca-em-brasilia-a-frente-parlamentar-da-conectividade-rural\/","og_site_name":"O Itaperunense","article_publisher":"https:\/\/www.facebook.com\/jornaloitaperunense","article_published_time":"2023-08-29T19:14:34+00:00","article_modified_time":"2023-08-29T19:19:12+00:00","og_image":[{"width":700,"height":458,"url":"https:\/\/www.oitaperunense.com.br\/site\/wp-content\/uploads\/2023\/08\/cona1.jpg","type":"image\/jpeg"}],"author":"Andr\u00e9","twitter_card":"summary_large_image","twitter_misc":{"Escrito por":"Andr\u00e9","Est. tempo de leitura":"3 minutos"},"schema":{"@context":"https:\/\/schema.org","@graph":[{"@type":"WebPage","@id":"https:\/\/www.oitaperunense.com.br\/site\/deputado-federal-murillo-gouvea-lanca-em-brasilia-a-frente-parlamentar-da-conectividade-rural\/","url":"https:\/\/www.oitaperunense.com.br\/site\/deputado-federal-murillo-gouvea-lanca-em-brasilia-a-frente-parlamentar-da-conectividade-rural\/","name":"Deputado Federal Murillo Gouvea lan\u00e7a, em Bras\u00edlia, a Frente Parlamentar da Conectividade Rural - O Itaperunense","isPartOf":{"@id":"https:\/\/www.oitaperunense.com.br\/site\/#website"},"datePublished":"2023-08-29T19:14:34+00:00","dateModified":"2023-08-29T19:19:12+00:00","author":{"@id":"https:\/\/www.oitaperunense.com.br\/site\/#\/schema\/person\/4a5b86c112157bc0a4492f4fd6b7939f"},"breadcrumb":{"@id":"https:\/\/www.oitaperunense.com.br\/site\/deputado-federal-murillo-gouvea-lanca-em-brasilia-a-frente-parlamentar-da-conectividade-rural\/#breadcrumb"},"inLanguage":"pt-BR","potentialAction":[{"@type":"ReadAction","target":["https:\/\/www.oitaperunense.com.br\/site\/deputado-federal-murillo-gouvea-lanca-em-brasilia-a-frente-parlamentar-da-conectividade-rural\/"]}]},{"@type":"BreadcrumbList","@id":"https:\/\/www.oitaperunense.com.br\/site\/deputado-federal-murillo-gouvea-lanca-em-brasilia-a-frente-parlamentar-da-conectividade-rural\/#breadcrumb","itemListElement":[{"@type":"ListItem","position":1,"name":"Home","item":"https:\/\/www.oitaperunense.com.br\/site\/"},{"@type":"ListItem","position":2,"name":"Deputado Federal Murillo Gouvea lan\u00e7a, em Bras\u00edlia, a Frente Parlamentar da Conectividade Rural"}]},{"@type":"WebSite","@id":"https:\/\/www.oitaperunense.com.br\/site\/#website","url":"https:\/\/www.oitaperunense.com.br\/site\/","name":"O Itaperunense","description":"","potentialAction":[{"@type":"SearchAction","target":{"@type":"EntryPoint","urlTemplate":"https:\/\/www.oitaperunense.com.br\/site\/?s={search_term_string}"},"query-input":"required name=search_term_string"}],"inLanguage":"pt-BR"},{"@type":"Person","@id":"https:\/\/www.oitaperunense.com.br\/site\/#\/schema\/person\/4a5b86c112157bc0a4492f4fd6b7939f","name":"Andr\u00e9","image":{"@type":"ImageObject","inLanguage":"pt-BR","@id":"https:\/\/www.oitaperunense.com.br\/site\/#\/schema\/person\/image\/","url":"https:\/\/secure.gravatar.com\/avatar\/7a7a912ec2c8cd6a390040b03329ee7a71bbd5f81ac3557b6a68208f263fc97b?s=96&d=mm&r=g","contentUrl":"https:\/\/secure.gravatar.com\/avatar\/7a7a912ec2c8cd6a390040b03329ee7a71bbd5f81ac3557b6a68208f263fc97b?s=96&d=mm&r=g","caption":"Andr\u00e9"},"url":"https:\/\/www.oitaperunense.com.br\/site\/author\/andre\/"}]}},"cc_featured_image_caption":{"caption_text":"","source_text":"","source_url":""},"_links":{"self":[{"href":"https:\/\/www.oitaperunense.com.br\/site\/wp-json\/wp\/v2\/posts\/392982","targetHints":{"allow":["GET"]}}],"collection":[{"href":"https:\/\/www.oitaperunense.com.br\/site\/wp-json\/wp\/v2\/posts"}],"about":[{"href":"https:\/\/www.oitaperunense.com.br\/site\/wp-json\/wp\/v2\/types\/post"}],"author":[{"embeddable":true,"href":"https:\/\/www.oitaperunense.com.br\/site\/wp-json\/wp\/v2\/users\/19"}],"replies":[{"embeddable":true,"href":"https:\/\/www.oitaperunense.com.br\/site\/wp-json\/wp\/v2\/comments?post=392982"}],"version-history":[{"count":3,"href":"https:\/\/www.oitaperunense.com.br\/site\/wp-json\/wp\/v2\/posts\/392982\/revisions"}],"predecessor-version":[{"id":392989,"href":"https:\/\/www.oitaperunense.com.br\/site\/wp-json\/wp\/v2\/posts\/392982\/revisions\/392989"}],"wp:featuredmedia":[{"embeddable":true,"href":"https:\/\/www.oitaperunense.com.br\/site\/wp-json\/wp\/v2\/media\/392983"}],"wp:attachment":[{"href":"https:\/\/www.oitaperunense.com.br\/site\/wp-json\/wp\/v2\/media?parent=392982"}],"wp:term":[{"taxonomy":"category","embeddable":true,"href":"https:\/\/www.oitaperunense.com.br\/site\/wp-json\/wp\/v2\/categories?post=392982"},{"taxonomy":"post_tag","embeddable":true,"href":"https:\/\/www.oitaperunense.com.br\/site\/wp-json\/wp\/v2\/tags?post=392982"}],"curies":[{"name":"wp","href":"https:\/\/api.w.org\/{rel}","templated":true}]}}