{"id":392978,"date":"2023-08-29T14:35:56","date_gmt":"2023-08-29T17:35:56","guid":{"rendered":"https:\/\/www.oitaperunense.com.br\/site\/?p=392978"},"modified":"2023-08-29T14:35:56","modified_gmt":"2023-08-29T17:35:56","slug":"procuradoria-geral-do-municipio-de-itaperuna-lancou-o-refis-2023","status":"publish","type":"post","link":"https:\/\/www.oitaperunense.com.br\/site\/procuradoria-geral-do-municipio-de-itaperuna-lancou-o-refis-2023\/","title":{"rendered":"Procuradoria Geral do Munic\u00edpio de Itaperuna lan\u00e7ou o REFIS 2023"},"content":{"rendered":"<p class=\"yiv5024212818ydpd47716dfp1\" style=\"text-align: justify;\"><span class=\"yiv5024212818ydpd47716dfs1\">A Procuradoria Geral do Munic\u00edpio lan\u00e7ou o REFIS 2023 (Programa de Recupera\u00e7\u00e3o Fiscal) possibilitando ao contribuinte quitar suas pend\u00eancias com a Prefeitura de Itaperuna negociando sua d\u00edvida com descontos.&nbsp; <\/span><span class=\"yiv5024212818ydpd47716dfs1\">Para aderir ao programa \u00e9 necess\u00e1rio se dirigir \u00e0 sede da Procuradoria Geral do Munic\u00edpio na Rua Padre Joao Batista, n\u00ba 172, Cidade Nova.<\/span><\/p>\n<p><!--more--><\/p>\n<p class=\"yiv5024212818ydpd47716dfp1\" style=\"text-align: justify;\"><span class=\"yiv5024212818ydpd47716dfs1\">Os contribuintes que decidirem efetuar o pagamento em at\u00e9 dez parcelas ter\u00e3o isen\u00e7\u00e3o de 100% das multas e juros mora.<\/span><\/p>\n<p class=\"yiv5024212818ydpd47716dfp1\" style=\"text-align: justify;\"><span class=\"yiv5024212818ydpd47716dfs1\">O per\u00edodo do REFIS 2023 \u00e9 de 18 de agosto a 22 de novembro.<\/span><\/p>\n<p class=\"yiv5024212818ydpd47716dfp1\" style=\"text-align: justify;\"><strong><span class=\"yiv5024212818ydpd47716dfs1\">Desconto de multas e juros mora<\/span><\/strong><\/p>\n<p class=\"yiv5024212818ydpd47716dfp1\" style=\"text-align: justify;\"><span class=\"yiv5024212818ydpd47716dfs1\">100% &#8211; at\u00e9 10 parcelas;<\/span><\/p>\n<p class=\"yiv5024212818ydpd47716dfp1\" style=\"text-align: justify;\"><span class=\"yiv5024212818ydpd47716dfs1\">80% &#8211; de 11 a 15 parcelas;<\/span><\/p>\n<p class=\"yiv5024212818ydpd47716dfp1\" style=\"text-align: justify;\"><span class=\"yiv5024212818ydpd47716dfs1\">60% &#8211; de 16 a 24 parcelas;<\/span><\/p>\n<p class=\"yiv5024212818ydpd47716dfp1\" style=\"text-align: justify;\"><span class=\"yiv5024212818ydpd47716dfs1\">Sem desconto &#8211; de 25 a 100 parcelas.<\/span><\/p>\n<p class=\"yiv5024212818ydpd47716dfp1\" style=\"text-align: justify;\"><strong><span class=\"yiv5024212818ydpd47716dfs1\">Fique atento!&nbsp;<\/span><\/strong><\/p>\n<p class=\"yiv5024212818ydpd47716dfp1\" style=\"text-align: justify;\"><span class=\"yiv5024212818ydpd47716dfs1\">Devedores com valores acima de R$100 mil poder\u00e3o parcelar em at\u00e9 30 vezes com um desconto de 100% nos juros e multas.<\/span><\/p>\n","protected":false},"excerpt":{"rendered":"<p>A Procuradoria Geral do Munic\u00edpio lan\u00e7ou o REFIS 2023 (Programa de Recupera\u00e7\u00e3o Fiscal) possibilitando ao contribuinte quitar suas pend\u00eancias com a Prefeitura de Itaperuna negociando sua d\u00edvida com descontos.&nbsp; Para aderir ao programa \u00e9 necess\u00e1rio se dirigir \u00e0 sede da Procuradoria Geral do Munic\u00edpio na Rua Padre Joao Batista, n\u00ba 172, Cidade Nova.<\/p>\n","protected":false},"author":19,"featured_media":392979,"comment_status":"open","ping_status":"closed","sticky":false,"template":"","format":"standard","meta":{"ngg_post_thumbnail":0,"footnotes":""},"categories":[91],"tags":[],"class_list":["post-392978","post","type-post","status-publish","format-standard","has-post-thumbnail","hentry","category-geral"],"yoast_head":"<!-- This site is optimized with the Yoast SEO plugin v20.11 - https:\/\/yoast.com\/wordpress\/plugins\/seo\/ -->\n<title>Procuradoria Geral do Munic\u00edpio de Itaperuna lan\u00e7ou o REFIS 2023 - O Itaperunense<\/title>\n<meta name=\"robots\" content=\"index, follow, max-snippet:-1, max-image-preview:large, max-video-preview:-1\" \/>\n<link rel=\"canonical\" href=\"https:\/\/www.oitaperunense.com.br\/site\/procuradoria-geral-do-municipio-de-itaperuna-lancou-o-refis-2023\/\" \/>\n<meta property=\"og:locale\" content=\"pt_BR\" \/>\n<meta property=\"og:type\" content=\"article\" \/>\n<meta property=\"og:title\" content=\"Procuradoria Geral do Munic\u00edpio de Itaperuna lan\u00e7ou o REFIS 2023 - O Itaperunense\" \/>\n<meta property=\"og:description\" content=\"A Procuradoria Geral do Munic\u00edpio lan\u00e7ou o REFIS 2023 (Programa de Recupera\u00e7\u00e3o Fiscal) possibilitando ao contribuinte quitar suas pend\u00eancias com a Prefeitura de Itaperuna negociando sua d\u00edvida com descontos.&nbsp; Para aderir ao programa \u00e9 necess\u00e1rio se dirigir \u00e0 sede da Procuradoria Geral do Munic\u00edpio na Rua Padre Joao Batista, n\u00ba 172, Cidade Nova.\" \/>\n<meta property=\"og:url\" content=\"https:\/\/www.oitaperunense.com.br\/site\/procuradoria-geral-do-municipio-de-itaperuna-lancou-o-refis-2023\/\" \/>\n<meta property=\"og:site_name\" content=\"O Itaperunense\" \/>\n<meta property=\"article:publisher\" content=\"https:\/\/www.facebook.com\/jornaloitaperunense\" \/>\n<meta property=\"article:published_time\" content=\"2023-08-29T17:35:56+00:00\" \/>\n<meta property=\"og:image\" content=\"https:\/\/www.oitaperunense.com.br\/site\/wp-content\/uploads\/2023\/08\/MILHAS6.jpg\" \/>\n\t<meta property=\"og:image:width\" content=\"600\" \/>\n\t<meta property=\"og:image:height\" content=\"600\" \/>\n\t<meta property=\"og:image:type\" content=\"image\/jpeg\" \/>\n<meta name=\"author\" content=\"Andr\u00e9\" \/>\n<meta name=\"twitter:card\" content=\"summary_large_image\" \/>\n<meta name=\"twitter:label1\" content=\"Escrito por\" \/>\n\t<meta name=\"twitter:data1\" content=\"Andr\u00e9\" \/>\n\t<meta name=\"twitter:label2\" content=\"Est. tempo de leitura\" \/>\n\t<meta name=\"twitter:data2\" content=\"1 minuto\" \/>\n<script type=\"application\/ld+json\" class=\"yoast-schema-graph\">{\"@context\":\"https:\/\/schema.org\",\"@graph\":[{\"@type\":\"WebPage\",\"@id\":\"https:\/\/www.oitaperunense.com.br\/site\/procuradoria-geral-do-municipio-de-itaperuna-lancou-o-refis-2023\/\",\"url\":\"https:\/\/www.oitaperunense.com.br\/site\/procuradoria-geral-do-municipio-de-itaperuna-lancou-o-refis-2023\/\",\"name\":\"Procuradoria Geral do Munic\u00edpio de Itaperuna lan\u00e7ou o REFIS 2023 - O Itaperunense\",\"isPartOf\":{\"@id\":\"https:\/\/www.oitaperunense.com.br\/site\/#website\"},\"datePublished\":\"2023-08-29T17:35:56+00:00\",\"dateModified\":\"2023-08-29T17:35:56+00:00\",\"author\":{\"@id\":\"https:\/\/www.oitaperunense.com.br\/site\/#\/schema\/person\/4a5b86c112157bc0a4492f4fd6b7939f\"},\"breadcrumb\":{\"@id\":\"https:\/\/www.oitaperunense.com.br\/site\/procuradoria-geral-do-municipio-de-itaperuna-lancou-o-refis-2023\/#breadcrumb\"},\"inLanguage\":\"pt-BR\",\"potentialAction\":[{\"@type\":\"ReadAction\",\"target\":[\"https:\/\/www.oitaperunense.com.br\/site\/procuradoria-geral-do-municipio-de-itaperuna-lancou-o-refis-2023\/\"]}]},{\"@type\":\"BreadcrumbList\",\"@id\":\"https:\/\/www.oitaperunense.com.br\/site\/procuradoria-geral-do-municipio-de-itaperuna-lancou-o-refis-2023\/#breadcrumb\",\"itemListElement\":[{\"@type\":\"ListItem\",\"position\":1,\"name\":\"Home\",\"item\":\"https:\/\/www.oitaperunense.com.br\/site\/\"},{\"@type\":\"ListItem\",\"position\":2,\"name\":\"Procuradoria Geral do Munic\u00edpio de Itaperuna lan\u00e7ou o REFIS 2023\"}]},{\"@type\":\"WebSite\",\"@id\":\"https:\/\/www.oitaperunense.com.br\/site\/#website\",\"url\":\"https:\/\/www.oitaperunense.com.br\/site\/\",\"name\":\"O Itaperunense\",\"description\":\"\",\"potentialAction\":[{\"@type\":\"SearchAction\",\"target\":{\"@type\":\"EntryPoint\",\"urlTemplate\":\"https:\/\/www.oitaperunense.com.br\/site\/?s={search_term_string}\"},\"query-input\":\"required name=search_term_string\"}],\"inLanguage\":\"pt-BR\"},{\"@type\":\"Person\",\"@id\":\"https:\/\/www.oitaperunense.com.br\/site\/#\/schema\/person\/4a5b86c112157bc0a4492f4fd6b7939f\",\"name\":\"Andr\u00e9\",\"image\":{\"@type\":\"ImageObject\",\"inLanguage\":\"pt-BR\",\"@id\":\"https:\/\/www.oitaperunense.com.br\/site\/#\/schema\/person\/image\/\",\"url\":\"https:\/\/secure.gravatar.com\/avatar\/7a7a912ec2c8cd6a390040b03329ee7a71bbd5f81ac3557b6a68208f263fc97b?s=96&d=mm&r=g\",\"contentUrl\":\"https:\/\/secure.gravatar.com\/avatar\/7a7a912ec2c8cd6a390040b03329ee7a71bbd5f81ac3557b6a68208f263fc97b?s=96&d=mm&r=g\",\"caption\":\"Andr\u00e9\"},\"url\":\"https:\/\/www.oitaperunense.com.br\/site\/author\/andre\/\"}]}<\/script>\n<!-- \/ Yoast SEO plugin. -->","yoast_head_json":{"title":"Procuradoria Geral do Munic\u00edpio de Itaperuna lan\u00e7ou o REFIS 2023 - O Itaperunense","robots":{"index":"index","follow":"follow","max-snippet":"max-snippet:-1","max-image-preview":"max-image-preview:large","max-video-preview":"max-video-preview:-1"},"canonical":"https:\/\/www.oitaperunense.com.br\/site\/procuradoria-geral-do-municipio-de-itaperuna-lancou-o-refis-2023\/","og_locale":"pt_BR","og_type":"article","og_title":"Procuradoria Geral do Munic\u00edpio de Itaperuna lan\u00e7ou o REFIS 2023 - O Itaperunense","og_description":"A Procuradoria Geral do Munic\u00edpio lan\u00e7ou o REFIS 2023 (Programa de Recupera\u00e7\u00e3o Fiscal) possibilitando ao contribuinte quitar suas pend\u00eancias com a Prefeitura de Itaperuna negociando sua d\u00edvida com descontos.&nbsp; Para aderir ao programa \u00e9 necess\u00e1rio se dirigir \u00e0 sede da Procuradoria Geral do Munic\u00edpio na Rua Padre Joao Batista, n\u00ba 172, Cidade Nova.","og_url":"https:\/\/www.oitaperunense.com.br\/site\/procuradoria-geral-do-municipio-de-itaperuna-lancou-o-refis-2023\/","og_site_name":"O Itaperunense","article_publisher":"https:\/\/www.facebook.com\/jornaloitaperunense","article_published_time":"2023-08-29T17:35:56+00:00","og_image":[{"width":600,"height":600,"url":"https:\/\/www.oitaperunense.com.br\/site\/wp-content\/uploads\/2023\/08\/MILHAS6.jpg","type":"image\/jpeg"}],"author":"Andr\u00e9","twitter_card":"summary_large_image","twitter_misc":{"Escrito por":"Andr\u00e9","Est. tempo de leitura":"1 minuto"},"schema":{"@context":"https:\/\/schema.org","@graph":[{"@type":"WebPage","@id":"https:\/\/www.oitaperunense.com.br\/site\/procuradoria-geral-do-municipio-de-itaperuna-lancou-o-refis-2023\/","url":"https:\/\/www.oitaperunense.com.br\/site\/procuradoria-geral-do-municipio-de-itaperuna-lancou-o-refis-2023\/","name":"Procuradoria Geral do Munic\u00edpio de Itaperuna lan\u00e7ou o REFIS 2023 - O Itaperunense","isPartOf":{"@id":"https:\/\/www.oitaperunense.com.br\/site\/#website"},"datePublished":"2023-08-29T17:35:56+00:00","dateModified":"2023-08-29T17:35:56+00:00","author":{"@id":"https:\/\/www.oitaperunense.com.br\/site\/#\/schema\/person\/4a5b86c112157bc0a4492f4fd6b7939f"},"breadcrumb":{"@id":"https:\/\/www.oitaperunense.com.br\/site\/procuradoria-geral-do-municipio-de-itaperuna-lancou-o-refis-2023\/#breadcrumb"},"inLanguage":"pt-BR","potentialAction":[{"@type":"ReadAction","target":["https:\/\/www.oitaperunense.com.br\/site\/procuradoria-geral-do-municipio-de-itaperuna-lancou-o-refis-2023\/"]}]},{"@type":"BreadcrumbList","@id":"https:\/\/www.oitaperunense.com.br\/site\/procuradoria-geral-do-municipio-de-itaperuna-lancou-o-refis-2023\/#breadcrumb","itemListElement":[{"@type":"ListItem","position":1,"name":"Home","item":"https:\/\/www.oitaperunense.com.br\/site\/"},{"@type":"ListItem","position":2,"name":"Procuradoria Geral do Munic\u00edpio de Itaperuna lan\u00e7ou o REFIS 2023"}]},{"@type":"WebSite","@id":"https:\/\/www.oitaperunense.com.br\/site\/#website","url":"https:\/\/www.oitaperunense.com.br\/site\/","name":"O Itaperunense","description":"","potentialAction":[{"@type":"SearchAction","target":{"@type":"EntryPoint","urlTemplate":"https:\/\/www.oitaperunense.com.br\/site\/?s={search_term_string}"},"query-input":"required name=search_term_string"}],"inLanguage":"pt-BR"},{"@type":"Person","@id":"https:\/\/www.oitaperunense.com.br\/site\/#\/schema\/person\/4a5b86c112157bc0a4492f4fd6b7939f","name":"Andr\u00e9","image":{"@type":"ImageObject","inLanguage":"pt-BR","@id":"https:\/\/www.oitaperunense.com.br\/site\/#\/schema\/person\/image\/","url":"https:\/\/secure.gravatar.com\/avatar\/7a7a912ec2c8cd6a390040b03329ee7a71bbd5f81ac3557b6a68208f263fc97b?s=96&d=mm&r=g","contentUrl":"https:\/\/secure.gravatar.com\/avatar\/7a7a912ec2c8cd6a390040b03329ee7a71bbd5f81ac3557b6a68208f263fc97b?s=96&d=mm&r=g","caption":"Andr\u00e9"},"url":"https:\/\/www.oitaperunense.com.br\/site\/author\/andre\/"}]}},"cc_featured_image_caption":{"caption_text":"","source_text":"","source_url":""},"_links":{"self":[{"href":"https:\/\/www.oitaperunense.com.br\/site\/wp-json\/wp\/v2\/posts\/392978","targetHints":{"allow":["GET"]}}],"collection":[{"href":"https:\/\/www.oitaperunense.com.br\/site\/wp-json\/wp\/v2\/posts"}],"about":[{"href":"https:\/\/www.oitaperunense.com.br\/site\/wp-json\/wp\/v2\/types\/post"}],"author":[{"embeddable":true,"href":"https:\/\/www.oitaperunense.com.br\/site\/wp-json\/wp\/v2\/users\/19"}],"replies":[{"embeddable":true,"href":"https:\/\/www.oitaperunense.com.br\/site\/wp-json\/wp\/v2\/comments?post=392978"}],"version-history":[{"count":2,"href":"https:\/\/www.oitaperunense.com.br\/site\/wp-json\/wp\/v2\/posts\/392978\/revisions"}],"predecessor-version":[{"id":392981,"href":"https:\/\/www.oitaperunense.com.br\/site\/wp-json\/wp\/v2\/posts\/392978\/revisions\/392981"}],"wp:featuredmedia":[{"embeddable":true,"href":"https:\/\/www.oitaperunense.com.br\/site\/wp-json\/wp\/v2\/media\/392979"}],"wp:attachment":[{"href":"https:\/\/www.oitaperunense.com.br\/site\/wp-json\/wp\/v2\/media?parent=392978"}],"wp:term":[{"taxonomy":"category","embeddable":true,"href":"https:\/\/www.oitaperunense.com.br\/site\/wp-json\/wp\/v2\/categories?post=392978"},{"taxonomy":"post_tag","embeddable":true,"href":"https:\/\/www.oitaperunense.com.br\/site\/wp-json\/wp\/v2\/tags?post=392978"}],"curies":[{"name":"wp","href":"https:\/\/api.w.org\/{rel}","templated":true}]}}