{"id":392913,"date":"2023-08-21T09:12:28","date_gmt":"2023-08-21T12:12:28","guid":{"rendered":"https:\/\/www.oitaperunense.com.br\/site\/?p=392913"},"modified":"2023-08-21T09:12:28","modified_gmt":"2023-08-21T12:12:28","slug":"decreto-institui-forca-tarefa-estadual-coordenada-pelo-detran-rj-para-fiscalizar-empresas-de-desmontagem-de-veiculos","status":"publish","type":"post","link":"https:\/\/www.oitaperunense.com.br\/site\/decreto-institui-forca-tarefa-estadual-coordenada-pelo-detran-rj-para-fiscalizar-empresas-de-desmontagem-de-veiculos\/","title":{"rendered":"Decreto institui for\u00e7a-tarefa estadual, coordenada pelo Detran.RJ, para fiscalizar empresas de desmontagem de ve\u00edculos"},"content":{"rendered":"<p style=\"text-align: center;\"><strong>Objetivo \u00e9 coibir a venda de pe\u00e7as ilegais, que possam ter origem em furtos e roubos<\/strong><\/p>\n<p style=\"text-align: justify;\">O combate ao desmonte ilegal de ve\u00edculos no estado do Rio ganhou um novo e importante capitulo com a implementa\u00e7\u00e3o dos procedimentos para a fiscaliza\u00e7\u00e3o das empresas de desmontagem e comercializa\u00e7\u00e3o de pe\u00e7as usadas. O decreto 48.642\/23 foi publicado na sexta-feira (18) no Di\u00e1rio Oficial do Executivo. A medida tamb\u00e9m institui a for\u00e7a-tarefa &#8211; coordenada pelo Detran.RJ e integrada por Pol\u00edcia Civil, Pol\u00edcia Militar, Corpo de Bombeiros, Secretaria de Estado de Fazenda e Instituto Estadual do Ambiente (Inea) &#8211; que vai atuar nas opera\u00e7\u00f5es de fiscaliza\u00e7\u00e3o.<\/p>\n<p style=\"text-align: justify;\"><!--more--><\/p>\n<p style=\"text-align: justify;\">&#8211; O Governo do Estado est\u00e1 atuando firmemente no combate ao roubo e furto de ve\u00edculos, quebrando a cadeia de venda de receptadores de produtos ilegais. Esse decreto estabelece as bases para a atua\u00e7\u00e3o da for\u00e7a-tarefa. Ao mesmo tempo, estamos investindo em tecnologia para permitir o rastreio das pe\u00e7as comercializadas, protegendo aquele que atua na reciclagem honestamente, que tem nessa atividade seu ganha-p\u00e3o, como os catadores &#8211; afirma o governador Cl\u00e1udio Castro.<\/p>\n<p style=\"text-align: justify;\">A for\u00e7a-tarefa ter\u00e1 o poder de autuar a empresa de desmontagem que comercializar pe\u00e7as ilegalmente, com base na Lei Federal 12.977\/14 e a Resolu\u00e7\u00e3o 611\/16, do Conselho Nacional de Tr\u00e2nsito (Contran). Tamb\u00e9m poder\u00e1 apreender sucatas de ve\u00edculos e itens de seguran\u00e7a que n\u00e3o tenham comprova\u00e7\u00e3o de proced\u00eancia legal. Em caso de autua\u00e7\u00e3o, o dono da empresa ou seu preposto ter\u00e1 cinco dias para atestar a regularidade do material apreendido. Se o armazenamento do produto oferecer risco ambiental, a for\u00e7a-tarefa poder\u00e1 destru\u00ed-lo imediatamente.<\/p>\n<p style=\"text-align: justify;\">&#8211; Os donos desses locais que funcionam irregularmente s\u00e3o os grandes financiadores dessas atividades criminosas, e precisam receber a repress\u00e3o do estado, tanto quanto os roubadores e os furtadores &#8211; esclarece o presidente do Detran.RJ, Marcus Amim.<\/p>\n<p><img loading=\"lazy\" decoding=\"async\" class=\"alignnone size-full wp-image-392915 aligncenter\" src=\"https:\/\/www.oitaperunense.com.br\/site\/wp-content\/uploads\/2023\/08\/FERRO1.jpg\" alt=\"\" width=\"700\" height=\"677\" srcset=\"https:\/\/www.oitaperunense.com.br\/site\/wp-content\/uploads\/2023\/08\/FERRO1.jpg 700w, https:\/\/www.oitaperunense.com.br\/site\/wp-content\/uploads\/2023\/08\/FERRO1-300x290.jpg 300w\" sizes=\"auto, (max-width: 700px) 100vw, 700px\" \/><\/p>\n<p style=\"text-align: justify;\"><strong>Nova diretoria<\/strong><\/p>\n<p style=\"text-align: justify;\">Ainda de acordo com o decreto, ser\u00e1 criada a Diretoria Geral das Atividades de Desmontagem na estrutura do Detran.RJ para coordenar a atividade da for\u00e7a-tarefa, sem despesas para o \u00f3rg\u00e3o. Esse setor ser\u00e1 o respons\u00e1vel por receber as defesas das empresas autuadas, o que poder\u00e1 ser feito num prazo de dez dias. As sucatas e as pe\u00e7as apreendidas em situa\u00e7\u00e3o irregular ficar\u00e3o sujeitas ao perdimento se n\u00e3o forem reclamadas no prazo de 30 dias a partir da apreens\u00e3o. Neste caso, ser\u00e3o postas em leil\u00e3o pelo Detran.RJ.<\/p>\n<p style=\"text-align: justify;\">A for\u00e7a-tarefa poder\u00e1 se valer do uso de tecnologia nas opera\u00e7\u00f5es de fiscaliza\u00e7\u00e3o, como equipamentos e sistemas que permitam a leitura e decodifica\u00e7\u00e3o das pe\u00e7as para investigar a proced\u00eancia deste material. Recentemente, a Secretaria de Estado de Pol\u00edcia Civil criou o aplicativo \u2018Sucata On-line\u2019, com o objetivo de catalogar os materiais comprados pelas empresas de reciclagem e ferros-velhos. Al\u00e9m disso, a ferramenta ser\u00e1 usada para cadastrar os dados dos vendedores e da mercadoria vendida, com dados de volume, peso e valores. O objetivo \u00e9 dar mais seguran\u00e7a para as pessoas que trabalham com insumos dessa natureza. A legaliza\u00e7\u00e3o da atua\u00e7\u00e3o das empresas tamb\u00e9m exige que as pe\u00e7as comercializadas tenham etiquetas que permitam a rastreabilidade.<\/p>\n<p style=\"text-align: justify;\"><strong>Sistema Desmonte-RJ<\/strong><\/p>\n<p style=\"text-align: justify;\">De acordo com a Lei Federal n\u00ba 12.977\/14, as empresas do ramo de desmontagem de ve\u00edculos, reciclagem de sucatas, e recupera\u00e7\u00e3o e com\u00e9rcio de pe\u00e7as t\u00eam o dever de se credenciar junto ao Detran.RJ e de registrar toda a movimenta\u00e7\u00e3o de compra e venda de ve\u00edculos e pe\u00e7as, para que seja poss\u00edvel rastrear a proced\u00eancia e a destina\u00e7\u00e3o deste material e assegurar o exerc\u00edcio regular da atividade econ\u00f4mica.<\/p>\n<p style=\"text-align: justify;\">H\u00e1 um m\u00eas, uma equipe do Governo do Estado vem fazendo vistorias regulares, de car\u00e1ter preventivo e educativo, nas empresas do setor, com o objetivo de orientar para a necessidade de cumprimento da Lei 12.977\/14. Ainda este m\u00eas, por\u00e9m, as opera\u00e7\u00f5es passar\u00e3o a ter car\u00e1ter fiscalizat\u00f3rio, com o objetivo de reduzir os furtos de carros de passeio e de ve\u00edculos de carga no Estado do Rio.<\/p>\n<p><img loading=\"lazy\" decoding=\"async\" class=\"alignnone size-full wp-image-392916 aligncenter\" src=\"https:\/\/www.oitaperunense.com.br\/site\/wp-content\/uploads\/2023\/08\/FERRO2.jpg\" alt=\"\" width=\"700\" height=\"466\" srcset=\"https:\/\/www.oitaperunense.com.br\/site\/wp-content\/uploads\/2023\/08\/FERRO2.jpg 700w, https:\/\/www.oitaperunense.com.br\/site\/wp-content\/uploads\/2023\/08\/FERRO2-300x200.jpg 300w\" sizes=\"auto, (max-width: 700px) 100vw, 700px\" \/><\/p>\n<p style=\"text-align: justify;\">Na \u00faltima segunda-feira, o Governo do Estado colocou em opera\u00e7\u00e3o, no site do Detran.RJ, o sistema Desmonte-RJ, que tem o objetivo de dar mais transpar\u00eancia e seguran\u00e7a ao com\u00e9rcio de sucatas de ve\u00edculos e de pe\u00e7as usadas no Estado do Rio. O Desmonte-RJ vai facilitar o credenciamento das empresas. Nele, os representantes dos estabelecimentos encontrar\u00e3o o formul\u00e1rio de pr\u00e9-cadastro, que deve ser preenchido e apresentado ao Detran, anexado a uma s\u00e9rie de documentos exigidos em lei.<\/p>\n<p style=\"text-align: justify;\">Para acessar, basta entrar na aba Desmonte-RJ na capa do site do Detran, ou digitar o endere\u00e7o&nbsp;<a href=\"http:\/\/www.desmonte.detran.gov.br\/\">www.desmonte.detran.gov.br<\/a>.<\/p>\n<p style=\"text-align: justify;\">O credenciamento s\u00f3 ocorrer\u00e1 ap\u00f3s o Detran.RJ realizar vistorias nas instala\u00e7\u00f5es das empresas para verificar o cumprimento das exig\u00eancias legais. Dever\u00e3o ser atendidas, entre outros itens, as normas ambientais e a lei de res\u00edduos s\u00f3lidos. Se a empresa for considerada apta, receber\u00e1 direito de acesso \u00e0 \u00e1rea restrita do Desmonte-RJ, onde ter\u00e1 de registrar cada pe\u00e7a que for comercializar.<\/p>\n<p style=\"text-align: justify;\">Num segundo momento, o sistema permitir\u00e1 aos cidad\u00e3os consultar quais estabelecimentos est\u00e3o regularmente credenciados e procurar pe\u00e7as de proced\u00eancia legal \u00e0 venda. Mas isso s\u00f3 ocorrer\u00e1 depois que essas empresas conseguirem se credenciar e puderem entrar no sistema para cadastrar os ve\u00edculos e as pe\u00e7as de seu estoque. N\u00e3o h\u00e1 prazo previsto para isso.<\/p>\n<p style=\"text-align: justify;\"><strong>Pe\u00e7as com etiquetas individuais<\/strong><\/p>\n<p style=\"text-align: justify;\">A lei determina que as pe\u00e7as com rastreabilidade obrigat\u00f3ria recebam etiquetas individuais, para que seja mais f\u00e1cil combater o desmonte ilegal de ve\u00edculos e o com\u00e9rcio de pe\u00e7as roubadas. As empresas credenciadas ter\u00e3o de usar o Desmonte-RJ para solicitar a compra de cartelas de etiquetas em gr\u00e1ficas credenciadas pelo Detran. Cada cartela corresponder\u00e1 a um ve\u00edculo para desmonte.<\/p>\n<p style=\"text-align: justify;\">As etiquetas ter\u00e3o elementos de seguran\u00e7a, como hologramas, c\u00f3digo de barras e QR Code. Usando o telefone celular, o usu\u00e1rio poder\u00e1 ler o QR Code das etiquetas afixadas nas pe\u00e7as a serem compradas, para conferir o ve\u00edculo de origem e os laudos t\u00e9cnicos de cada pe\u00e7a.<\/p>\n","protected":false},"excerpt":{"rendered":"<p>Objetivo \u00e9 coibir a venda de pe\u00e7as ilegais, que possam ter origem em furtos e roubos O combate ao desmonte ilegal de ve\u00edculos no estado do Rio ganhou um novo e importante capitulo com a implementa\u00e7\u00e3o dos procedimentos para a fiscaliza\u00e7\u00e3o das empresas de desmontagem e comercializa\u00e7\u00e3o de pe\u00e7as usadas. O decreto 48.642\/23 foi publicado [&hellip;]<\/p>\n","protected":false},"author":19,"featured_media":392917,"comment_status":"open","ping_status":"closed","sticky":false,"template":"","format":"standard","meta":{"ngg_post_thumbnail":0,"footnotes":""},"categories":[91],"tags":[],"class_list":["post-392913","post","type-post","status-publish","format-standard","has-post-thumbnail","hentry","category-geral"],"yoast_head":"<!-- This site is optimized with the Yoast SEO plugin v20.11 - https:\/\/yoast.com\/wordpress\/plugins\/seo\/ -->\n<title>Decreto institui for\u00e7a-tarefa estadual, coordenada pelo Detran.RJ, para fiscalizar empresas de desmontagem de ve\u00edculos - O Itaperunense<\/title>\n<meta name=\"robots\" content=\"index, follow, max-snippet:-1, max-image-preview:large, max-video-preview:-1\" \/>\n<link rel=\"canonical\" href=\"https:\/\/www.oitaperunense.com.br\/site\/decreto-institui-forca-tarefa-estadual-coordenada-pelo-detran-rj-para-fiscalizar-empresas-de-desmontagem-de-veiculos\/\" \/>\n<meta property=\"og:locale\" content=\"pt_BR\" \/>\n<meta property=\"og:type\" content=\"article\" \/>\n<meta property=\"og:title\" content=\"Decreto institui for\u00e7a-tarefa estadual, coordenada pelo Detran.RJ, para fiscalizar empresas de desmontagem de ve\u00edculos - O Itaperunense\" \/>\n<meta property=\"og:description\" content=\"Objetivo \u00e9 coibir a venda de pe\u00e7as ilegais, que possam ter origem em furtos e roubos O combate ao desmonte ilegal de ve\u00edculos no estado do Rio ganhou um novo e importante capitulo com a implementa\u00e7\u00e3o dos procedimentos para a fiscaliza\u00e7\u00e3o das empresas de desmontagem e comercializa\u00e7\u00e3o de pe\u00e7as usadas. O decreto 48.642\/23 foi publicado [&hellip;]\" \/>\n<meta property=\"og:url\" content=\"https:\/\/www.oitaperunense.com.br\/site\/decreto-institui-forca-tarefa-estadual-coordenada-pelo-detran-rj-para-fiscalizar-empresas-de-desmontagem-de-veiculos\/\" \/>\n<meta property=\"og:site_name\" content=\"O Itaperunense\" \/>\n<meta property=\"article:publisher\" content=\"https:\/\/www.facebook.com\/jornaloitaperunense\" \/>\n<meta property=\"article:published_time\" content=\"2023-08-21T12:12:28+00:00\" \/>\n<meta property=\"og:image\" content=\"https:\/\/www.oitaperunense.com.br\/site\/wp-content\/uploads\/2023\/08\/FERRO3.jpg\" \/>\n\t<meta property=\"og:image:width\" content=\"700\" \/>\n\t<meta property=\"og:image:height\" content=\"466\" \/>\n\t<meta property=\"og:image:type\" content=\"image\/jpeg\" \/>\n<meta name=\"author\" content=\"Andr\u00e9\" \/>\n<meta name=\"twitter:card\" content=\"summary_large_image\" \/>\n<meta name=\"twitter:label1\" content=\"Escrito por\" \/>\n\t<meta name=\"twitter:data1\" content=\"Andr\u00e9\" \/>\n\t<meta name=\"twitter:label2\" content=\"Est. tempo de leitura\" \/>\n\t<meta name=\"twitter:data2\" content=\"6 minutos\" \/>\n<script type=\"application\/ld+json\" class=\"yoast-schema-graph\">{\"@context\":\"https:\/\/schema.org\",\"@graph\":[{\"@type\":\"WebPage\",\"@id\":\"https:\/\/www.oitaperunense.com.br\/site\/decreto-institui-forca-tarefa-estadual-coordenada-pelo-detran-rj-para-fiscalizar-empresas-de-desmontagem-de-veiculos\/\",\"url\":\"https:\/\/www.oitaperunense.com.br\/site\/decreto-institui-forca-tarefa-estadual-coordenada-pelo-detran-rj-para-fiscalizar-empresas-de-desmontagem-de-veiculos\/\",\"name\":\"Decreto institui for\u00e7a-tarefa estadual, coordenada pelo Detran.RJ, para fiscalizar empresas de desmontagem de ve\u00edculos - O Itaperunense\",\"isPartOf\":{\"@id\":\"https:\/\/www.oitaperunense.com.br\/site\/#website\"},\"datePublished\":\"2023-08-21T12:12:28+00:00\",\"dateModified\":\"2023-08-21T12:12:28+00:00\",\"author\":{\"@id\":\"https:\/\/www.oitaperunense.com.br\/site\/#\/schema\/person\/4a5b86c112157bc0a4492f4fd6b7939f\"},\"breadcrumb\":{\"@id\":\"https:\/\/www.oitaperunense.com.br\/site\/decreto-institui-forca-tarefa-estadual-coordenada-pelo-detran-rj-para-fiscalizar-empresas-de-desmontagem-de-veiculos\/#breadcrumb\"},\"inLanguage\":\"pt-BR\",\"potentialAction\":[{\"@type\":\"ReadAction\",\"target\":[\"https:\/\/www.oitaperunense.com.br\/site\/decreto-institui-forca-tarefa-estadual-coordenada-pelo-detran-rj-para-fiscalizar-empresas-de-desmontagem-de-veiculos\/\"]}]},{\"@type\":\"BreadcrumbList\",\"@id\":\"https:\/\/www.oitaperunense.com.br\/site\/decreto-institui-forca-tarefa-estadual-coordenada-pelo-detran-rj-para-fiscalizar-empresas-de-desmontagem-de-veiculos\/#breadcrumb\",\"itemListElement\":[{\"@type\":\"ListItem\",\"position\":1,\"name\":\"Home\",\"item\":\"https:\/\/www.oitaperunense.com.br\/site\/\"},{\"@type\":\"ListItem\",\"position\":2,\"name\":\"Decreto institui for\u00e7a-tarefa estadual, coordenada pelo Detran.RJ, para fiscalizar empresas de desmontagem de ve\u00edculos\"}]},{\"@type\":\"WebSite\",\"@id\":\"https:\/\/www.oitaperunense.com.br\/site\/#website\",\"url\":\"https:\/\/www.oitaperunense.com.br\/site\/\",\"name\":\"O Itaperunense\",\"description\":\"\",\"potentialAction\":[{\"@type\":\"SearchAction\",\"target\":{\"@type\":\"EntryPoint\",\"urlTemplate\":\"https:\/\/www.oitaperunense.com.br\/site\/?s={search_term_string}\"},\"query-input\":\"required name=search_term_string\"}],\"inLanguage\":\"pt-BR\"},{\"@type\":\"Person\",\"@id\":\"https:\/\/www.oitaperunense.com.br\/site\/#\/schema\/person\/4a5b86c112157bc0a4492f4fd6b7939f\",\"name\":\"Andr\u00e9\",\"image\":{\"@type\":\"ImageObject\",\"inLanguage\":\"pt-BR\",\"@id\":\"https:\/\/www.oitaperunense.com.br\/site\/#\/schema\/person\/image\/\",\"url\":\"https:\/\/secure.gravatar.com\/avatar\/7a7a912ec2c8cd6a390040b03329ee7a71bbd5f81ac3557b6a68208f263fc97b?s=96&d=mm&r=g\",\"contentUrl\":\"https:\/\/secure.gravatar.com\/avatar\/7a7a912ec2c8cd6a390040b03329ee7a71bbd5f81ac3557b6a68208f263fc97b?s=96&d=mm&r=g\",\"caption\":\"Andr\u00e9\"},\"url\":\"https:\/\/www.oitaperunense.com.br\/site\/author\/andre\/\"}]}<\/script>\n<!-- \/ Yoast SEO plugin. -->","yoast_head_json":{"title":"Decreto institui for\u00e7a-tarefa estadual, coordenada pelo Detran.RJ, para fiscalizar empresas de desmontagem de ve\u00edculos - O Itaperunense","robots":{"index":"index","follow":"follow","max-snippet":"max-snippet:-1","max-image-preview":"max-image-preview:large","max-video-preview":"max-video-preview:-1"},"canonical":"https:\/\/www.oitaperunense.com.br\/site\/decreto-institui-forca-tarefa-estadual-coordenada-pelo-detran-rj-para-fiscalizar-empresas-de-desmontagem-de-veiculos\/","og_locale":"pt_BR","og_type":"article","og_title":"Decreto institui for\u00e7a-tarefa estadual, coordenada pelo Detran.RJ, para fiscalizar empresas de desmontagem de ve\u00edculos - O Itaperunense","og_description":"Objetivo \u00e9 coibir a venda de pe\u00e7as ilegais, que possam ter origem em furtos e roubos O combate ao desmonte ilegal de ve\u00edculos no estado do Rio ganhou um novo e importante capitulo com a implementa\u00e7\u00e3o dos procedimentos para a fiscaliza\u00e7\u00e3o das empresas de desmontagem e comercializa\u00e7\u00e3o de pe\u00e7as usadas. O decreto 48.642\/23 foi publicado [&hellip;]","og_url":"https:\/\/www.oitaperunense.com.br\/site\/decreto-institui-forca-tarefa-estadual-coordenada-pelo-detran-rj-para-fiscalizar-empresas-de-desmontagem-de-veiculos\/","og_site_name":"O Itaperunense","article_publisher":"https:\/\/www.facebook.com\/jornaloitaperunense","article_published_time":"2023-08-21T12:12:28+00:00","og_image":[{"width":700,"height":466,"url":"https:\/\/www.oitaperunense.com.br\/site\/wp-content\/uploads\/2023\/08\/FERRO3.jpg","type":"image\/jpeg"}],"author":"Andr\u00e9","twitter_card":"summary_large_image","twitter_misc":{"Escrito por":"Andr\u00e9","Est. tempo de leitura":"6 minutos"},"schema":{"@context":"https:\/\/schema.org","@graph":[{"@type":"WebPage","@id":"https:\/\/www.oitaperunense.com.br\/site\/decreto-institui-forca-tarefa-estadual-coordenada-pelo-detran-rj-para-fiscalizar-empresas-de-desmontagem-de-veiculos\/","url":"https:\/\/www.oitaperunense.com.br\/site\/decreto-institui-forca-tarefa-estadual-coordenada-pelo-detran-rj-para-fiscalizar-empresas-de-desmontagem-de-veiculos\/","name":"Decreto institui for\u00e7a-tarefa estadual, coordenada pelo Detran.RJ, para fiscalizar empresas de desmontagem de ve\u00edculos - O Itaperunense","isPartOf":{"@id":"https:\/\/www.oitaperunense.com.br\/site\/#website"},"datePublished":"2023-08-21T12:12:28+00:00","dateModified":"2023-08-21T12:12:28+00:00","author":{"@id":"https:\/\/www.oitaperunense.com.br\/site\/#\/schema\/person\/4a5b86c112157bc0a4492f4fd6b7939f"},"breadcrumb":{"@id":"https:\/\/www.oitaperunense.com.br\/site\/decreto-institui-forca-tarefa-estadual-coordenada-pelo-detran-rj-para-fiscalizar-empresas-de-desmontagem-de-veiculos\/#breadcrumb"},"inLanguage":"pt-BR","potentialAction":[{"@type":"ReadAction","target":["https:\/\/www.oitaperunense.com.br\/site\/decreto-institui-forca-tarefa-estadual-coordenada-pelo-detran-rj-para-fiscalizar-empresas-de-desmontagem-de-veiculos\/"]}]},{"@type":"BreadcrumbList","@id":"https:\/\/www.oitaperunense.com.br\/site\/decreto-institui-forca-tarefa-estadual-coordenada-pelo-detran-rj-para-fiscalizar-empresas-de-desmontagem-de-veiculos\/#breadcrumb","itemListElement":[{"@type":"ListItem","position":1,"name":"Home","item":"https:\/\/www.oitaperunense.com.br\/site\/"},{"@type":"ListItem","position":2,"name":"Decreto institui for\u00e7a-tarefa estadual, coordenada pelo Detran.RJ, para fiscalizar empresas de desmontagem de ve\u00edculos"}]},{"@type":"WebSite","@id":"https:\/\/www.oitaperunense.com.br\/site\/#website","url":"https:\/\/www.oitaperunense.com.br\/site\/","name":"O Itaperunense","description":"","potentialAction":[{"@type":"SearchAction","target":{"@type":"EntryPoint","urlTemplate":"https:\/\/www.oitaperunense.com.br\/site\/?s={search_term_string}"},"query-input":"required name=search_term_string"}],"inLanguage":"pt-BR"},{"@type":"Person","@id":"https:\/\/www.oitaperunense.com.br\/site\/#\/schema\/person\/4a5b86c112157bc0a4492f4fd6b7939f","name":"Andr\u00e9","image":{"@type":"ImageObject","inLanguage":"pt-BR","@id":"https:\/\/www.oitaperunense.com.br\/site\/#\/schema\/person\/image\/","url":"https:\/\/secure.gravatar.com\/avatar\/7a7a912ec2c8cd6a390040b03329ee7a71bbd5f81ac3557b6a68208f263fc97b?s=96&d=mm&r=g","contentUrl":"https:\/\/secure.gravatar.com\/avatar\/7a7a912ec2c8cd6a390040b03329ee7a71bbd5f81ac3557b6a68208f263fc97b?s=96&d=mm&r=g","caption":"Andr\u00e9"},"url":"https:\/\/www.oitaperunense.com.br\/site\/author\/andre\/"}]}},"cc_featured_image_caption":{"caption_text":"","source_text":"","source_url":""},"_links":{"self":[{"href":"https:\/\/www.oitaperunense.com.br\/site\/wp-json\/wp\/v2\/posts\/392913","targetHints":{"allow":["GET"]}}],"collection":[{"href":"https:\/\/www.oitaperunense.com.br\/site\/wp-json\/wp\/v2\/posts"}],"about":[{"href":"https:\/\/www.oitaperunense.com.br\/site\/wp-json\/wp\/v2\/types\/post"}],"author":[{"embeddable":true,"href":"https:\/\/www.oitaperunense.com.br\/site\/wp-json\/wp\/v2\/users\/19"}],"replies":[{"embeddable":true,"href":"https:\/\/www.oitaperunense.com.br\/site\/wp-json\/wp\/v2\/comments?post=392913"}],"version-history":[{"count":1,"href":"https:\/\/www.oitaperunense.com.br\/site\/wp-json\/wp\/v2\/posts\/392913\/revisions"}],"predecessor-version":[{"id":392918,"href":"https:\/\/www.oitaperunense.com.br\/site\/wp-json\/wp\/v2\/posts\/392913\/revisions\/392918"}],"wp:featuredmedia":[{"embeddable":true,"href":"https:\/\/www.oitaperunense.com.br\/site\/wp-json\/wp\/v2\/media\/392917"}],"wp:attachment":[{"href":"https:\/\/www.oitaperunense.com.br\/site\/wp-json\/wp\/v2\/media?parent=392913"}],"wp:term":[{"taxonomy":"category","embeddable":true,"href":"https:\/\/www.oitaperunense.com.br\/site\/wp-json\/wp\/v2\/categories?post=392913"},{"taxonomy":"post_tag","embeddable":true,"href":"https:\/\/www.oitaperunense.com.br\/site\/wp-json\/wp\/v2\/tags?post=392913"}],"curies":[{"name":"wp","href":"https:\/\/api.w.org\/{rel}","templated":true}]}}