{"id":392879,"date":"2023-08-15T10:17:14","date_gmt":"2023-08-15T13:17:14","guid":{"rendered":"https:\/\/www.oitaperunense.com.br\/site\/?p=392879"},"modified":"2023-08-15T10:17:14","modified_gmt":"2023-08-15T13:17:14","slug":"firjan-noroeste-realiza-sessao-de-negocios-para-fomentar-a-economia-e-gerar-empregos-na-regiao","status":"publish","type":"post","link":"https:\/\/www.oitaperunense.com.br\/site\/firjan-noroeste-realiza-sessao-de-negocios-para-fomentar-a-economia-e-gerar-empregos-na-regiao\/","title":{"rendered":"Firjan Noroeste realiza sess\u00e3o de neg\u00f3cios para fomentar a economia e gerar empregos na regi\u00e3o"},"content":{"rendered":"<p class=\"yiv9133797327MsoNormal\" style=\"text-align: center;\"><b>Encontro \u00e9 direcionado para os setores de Alimentos e Bebidas, Confec\u00e7\u00e3o, Metal Mec\u00e2nico, Constru\u00e7\u00e3o Civil, Gr\u00e1fico, Pedras Ornamentais, M\u00f3veis e Papel<\/b><\/p>\n<p class=\"yiv9133797327MsoNormal\" style=\"text-align: justify;\">A Firjan Noroeste realiza na pr\u00f3xima quinta-feira (17), \u00e0s 15h, uma Sess\u00e3o de Neg\u00f3cios para conectar a cadeia produtiva da regi\u00e3o a potenciais clientes e fornecedores. O objetivo \u00e9 gerar novos neg\u00f3cios locais, trazendo maior competitividade e estimulando a cadeia produtiva do Noroeste Fluminense. O evento \u00e9 gratuito e <a href=\"https:\/\/bit.ly\/SessaodeNegocios_Noroeste\" target=\"_blank\" rel=\"nofollow noopener noreferrer\">as inscri\u00e7\u00f5es, limitadas, j\u00e1 est\u00e3o abertas neste link.<\/a><\/p>\n<p style=\"text-align: justify;\"><!--more--><\/p>\n<p class=\"yiv9133797327MsoNormal\" style=\"text-align: justify;\">\u201cEventos como este s\u00e3o fundamentais para o desenvolvimento da regi\u00e3o. Promover neg\u00f3cios locais \u00e9 uma das formas de estimular a economia da regi\u00e3o, integrando os empres\u00e1rios locais para que novos neg\u00f3cios sejam gerados entre as empresas sediadas no Noroeste Fluminense\u201d, destacou o presidente da Firjan Noroeste, Jos\u00e9 Magno Vargas Hoffmann.<\/p>\n<p class=\"yiv9133797327MsoNormal\" style=\"text-align: justify;\">O evento \u00e9 direcionado para os setores de Alimentos e Bebidas, Confec\u00e7\u00e3o, Metal Mec\u00e2nico, Constru\u00e7\u00e3o Civil, Gr\u00e1fico, Pedras Ornamentais, M\u00f3veis e Papel. Ao todo, participam 49 grandes empresas compradoras da regi\u00e3o, que ficar\u00e3o distribu\u00eddos em mesas com oito lugares. Os participantes ent\u00e3o, ter\u00e3o dois minutos para se apresentarem com cada uma delas, oferecendo seus produtos e servi\u00e7os.<\/p>\n<p class=\"yiv9133797327MsoNormal\" style=\"text-align: justify;\">O evento \u00e9 presencial e gratuito, e ser\u00e1 realizado na sede da Representa\u00e7\u00e3o Regional da Firjan no Noroeste Fluminense, na Rua Apolin\u00e1rio Cunha, 51, Cidade Nova, em Itaperuna.<\/p>\n<p class=\"yiv9133797327MsoNormal\" style=\"text-align: justify;\"><b>Servi\u00e7o<\/b>:<\/p>\n<p class=\"yiv9133797327MsoNormal\" style=\"text-align: justify;\">Data: 17\/8 | 15h<\/p>\n<p class=\"yiv9133797327MsoNormal\" style=\"text-align: justify;\">Local: Firjan Noroeste Fluminense | Rua Apolin\u00e1rio Cunha, 51 \u2013 Cidade Nova \u2013 Itaperuna<\/p>\n<p class=\"yiv9133797327MsoNormal\" style=\"text-align: justify;\">Inscri\u00e7\u00f5es:&nbsp;<a href=\"https:\/\/bit.ly\/SessaodeNegocios_Noroeste\" target=\"_blank\" rel=\"nofollow noopener noreferrer\">https:\/\/bit.ly\/SessaodeNegocios_Noroeste<\/a><\/p>\n<p class=\"yiv9133797327MsoNormal\" style=\"text-align: justify;\">Vagas limitadas. Evento sujeito \u00e0 lota\u00e7\u00e3o.<\/p>\n<p class=\"yiv9133797327MsoNormal\" style=\"text-align: justify;\">Evento presencial\u202fe gratuito.<\/p>\n","protected":false},"excerpt":{"rendered":"<p>Encontro \u00e9 direcionado para os setores de Alimentos e Bebidas, Confec\u00e7\u00e3o, Metal Mec\u00e2nico, Constru\u00e7\u00e3o Civil, Gr\u00e1fico, Pedras Ornamentais, M\u00f3veis e Papel A Firjan Noroeste realiza na pr\u00f3xima quinta-feira (17), \u00e0s 15h, uma Sess\u00e3o de Neg\u00f3cios para conectar a cadeia produtiva da regi\u00e3o a potenciais clientes e fornecedores. O objetivo \u00e9 gerar novos neg\u00f3cios locais, trazendo [&hellip;]<\/p>\n","protected":false},"author":19,"featured_media":392880,"comment_status":"open","ping_status":"closed","sticky":false,"template":"","format":"standard","meta":{"ngg_post_thumbnail":0,"footnotes":""},"categories":[91],"tags":[],"class_list":["post-392879","post","type-post","status-publish","format-standard","has-post-thumbnail","hentry","category-geral"],"yoast_head":"<!-- This site is optimized with the Yoast SEO plugin v20.11 - https:\/\/yoast.com\/wordpress\/plugins\/seo\/ -->\n<title>Firjan Noroeste realiza sess\u00e3o de neg\u00f3cios para fomentar a economia e gerar empregos na regi\u00e3o - O Itaperunense<\/title>\n<meta name=\"robots\" content=\"index, follow, max-snippet:-1, max-image-preview:large, max-video-preview:-1\" \/>\n<link rel=\"canonical\" href=\"https:\/\/www.oitaperunense.com.br\/site\/firjan-noroeste-realiza-sessao-de-negocios-para-fomentar-a-economia-e-gerar-empregos-na-regiao\/\" \/>\n<meta property=\"og:locale\" content=\"pt_BR\" \/>\n<meta property=\"og:type\" content=\"article\" \/>\n<meta property=\"og:title\" content=\"Firjan Noroeste realiza sess\u00e3o de neg\u00f3cios para fomentar a economia e gerar empregos na regi\u00e3o - O Itaperunense\" \/>\n<meta property=\"og:description\" content=\"Encontro \u00e9 direcionado para os setores de Alimentos e Bebidas, Confec\u00e7\u00e3o, Metal Mec\u00e2nico, Constru\u00e7\u00e3o Civil, Gr\u00e1fico, Pedras Ornamentais, M\u00f3veis e Papel A Firjan Noroeste realiza na pr\u00f3xima quinta-feira (17), \u00e0s 15h, uma Sess\u00e3o de Neg\u00f3cios para conectar a cadeia produtiva da regi\u00e3o a potenciais clientes e fornecedores. O objetivo \u00e9 gerar novos neg\u00f3cios locais, trazendo [&hellip;]\" \/>\n<meta property=\"og:url\" content=\"https:\/\/www.oitaperunense.com.br\/site\/firjan-noroeste-realiza-sessao-de-negocios-para-fomentar-a-economia-e-gerar-empregos-na-regiao\/\" \/>\n<meta property=\"og:site_name\" content=\"O Itaperunense\" \/>\n<meta property=\"article:publisher\" content=\"https:\/\/www.facebook.com\/jornaloitaperunense\" \/>\n<meta property=\"article:published_time\" content=\"2023-08-15T13:17:14+00:00\" \/>\n<meta property=\"og:image\" content=\"https:\/\/www.oitaperunense.com.br\/site\/wp-content\/uploads\/2023\/08\/LI8.jpg\" \/>\n\t<meta property=\"og:image:width\" content=\"700\" \/>\n\t<meta property=\"og:image:height\" content=\"466\" \/>\n\t<meta property=\"og:image:type\" content=\"image\/jpeg\" \/>\n<meta name=\"author\" content=\"Andr\u00e9\" \/>\n<meta name=\"twitter:card\" content=\"summary_large_image\" \/>\n<meta name=\"twitter:label1\" content=\"Escrito por\" \/>\n\t<meta name=\"twitter:data1\" content=\"Andr\u00e9\" \/>\n\t<meta name=\"twitter:label2\" content=\"Est. tempo de leitura\" \/>\n\t<meta name=\"twitter:data2\" content=\"2 minutos\" \/>\n<script type=\"application\/ld+json\" class=\"yoast-schema-graph\">{\"@context\":\"https:\/\/schema.org\",\"@graph\":[{\"@type\":\"WebPage\",\"@id\":\"https:\/\/www.oitaperunense.com.br\/site\/firjan-noroeste-realiza-sessao-de-negocios-para-fomentar-a-economia-e-gerar-empregos-na-regiao\/\",\"url\":\"https:\/\/www.oitaperunense.com.br\/site\/firjan-noroeste-realiza-sessao-de-negocios-para-fomentar-a-economia-e-gerar-empregos-na-regiao\/\",\"name\":\"Firjan Noroeste realiza sess\u00e3o de neg\u00f3cios para fomentar a economia e gerar empregos na regi\u00e3o - O Itaperunense\",\"isPartOf\":{\"@id\":\"https:\/\/www.oitaperunense.com.br\/site\/#website\"},\"datePublished\":\"2023-08-15T13:17:14+00:00\",\"dateModified\":\"2023-08-15T13:17:14+00:00\",\"author\":{\"@id\":\"https:\/\/www.oitaperunense.com.br\/site\/#\/schema\/person\/4a5b86c112157bc0a4492f4fd6b7939f\"},\"breadcrumb\":{\"@id\":\"https:\/\/www.oitaperunense.com.br\/site\/firjan-noroeste-realiza-sessao-de-negocios-para-fomentar-a-economia-e-gerar-empregos-na-regiao\/#breadcrumb\"},\"inLanguage\":\"pt-BR\",\"potentialAction\":[{\"@type\":\"ReadAction\",\"target\":[\"https:\/\/www.oitaperunense.com.br\/site\/firjan-noroeste-realiza-sessao-de-negocios-para-fomentar-a-economia-e-gerar-empregos-na-regiao\/\"]}]},{\"@type\":\"BreadcrumbList\",\"@id\":\"https:\/\/www.oitaperunense.com.br\/site\/firjan-noroeste-realiza-sessao-de-negocios-para-fomentar-a-economia-e-gerar-empregos-na-regiao\/#breadcrumb\",\"itemListElement\":[{\"@type\":\"ListItem\",\"position\":1,\"name\":\"Home\",\"item\":\"https:\/\/www.oitaperunense.com.br\/site\/\"},{\"@type\":\"ListItem\",\"position\":2,\"name\":\"Firjan Noroeste realiza sess\u00e3o de neg\u00f3cios para fomentar a economia e gerar empregos na regi\u00e3o\"}]},{\"@type\":\"WebSite\",\"@id\":\"https:\/\/www.oitaperunense.com.br\/site\/#website\",\"url\":\"https:\/\/www.oitaperunense.com.br\/site\/\",\"name\":\"O Itaperunense\",\"description\":\"\",\"potentialAction\":[{\"@type\":\"SearchAction\",\"target\":{\"@type\":\"EntryPoint\",\"urlTemplate\":\"https:\/\/www.oitaperunense.com.br\/site\/?s={search_term_string}\"},\"query-input\":\"required name=search_term_string\"}],\"inLanguage\":\"pt-BR\"},{\"@type\":\"Person\",\"@id\":\"https:\/\/www.oitaperunense.com.br\/site\/#\/schema\/person\/4a5b86c112157bc0a4492f4fd6b7939f\",\"name\":\"Andr\u00e9\",\"image\":{\"@type\":\"ImageObject\",\"inLanguage\":\"pt-BR\",\"@id\":\"https:\/\/www.oitaperunense.com.br\/site\/#\/schema\/person\/image\/\",\"url\":\"https:\/\/secure.gravatar.com\/avatar\/7a7a912ec2c8cd6a390040b03329ee7a71bbd5f81ac3557b6a68208f263fc97b?s=96&d=mm&r=g\",\"contentUrl\":\"https:\/\/secure.gravatar.com\/avatar\/7a7a912ec2c8cd6a390040b03329ee7a71bbd5f81ac3557b6a68208f263fc97b?s=96&d=mm&r=g\",\"caption\":\"Andr\u00e9\"},\"url\":\"https:\/\/www.oitaperunense.com.br\/site\/author\/andre\/\"}]}<\/script>\n<!-- \/ Yoast SEO plugin. -->","yoast_head_json":{"title":"Firjan Noroeste realiza sess\u00e3o de neg\u00f3cios para fomentar a economia e gerar empregos na regi\u00e3o - O Itaperunense","robots":{"index":"index","follow":"follow","max-snippet":"max-snippet:-1","max-image-preview":"max-image-preview:large","max-video-preview":"max-video-preview:-1"},"canonical":"https:\/\/www.oitaperunense.com.br\/site\/firjan-noroeste-realiza-sessao-de-negocios-para-fomentar-a-economia-e-gerar-empregos-na-regiao\/","og_locale":"pt_BR","og_type":"article","og_title":"Firjan Noroeste realiza sess\u00e3o de neg\u00f3cios para fomentar a economia e gerar empregos na regi\u00e3o - O Itaperunense","og_description":"Encontro \u00e9 direcionado para os setores de Alimentos e Bebidas, Confec\u00e7\u00e3o, Metal Mec\u00e2nico, Constru\u00e7\u00e3o Civil, Gr\u00e1fico, Pedras Ornamentais, M\u00f3veis e Papel A Firjan Noroeste realiza na pr\u00f3xima quinta-feira (17), \u00e0s 15h, uma Sess\u00e3o de Neg\u00f3cios para conectar a cadeia produtiva da regi\u00e3o a potenciais clientes e fornecedores. O objetivo \u00e9 gerar novos neg\u00f3cios locais, trazendo [&hellip;]","og_url":"https:\/\/www.oitaperunense.com.br\/site\/firjan-noroeste-realiza-sessao-de-negocios-para-fomentar-a-economia-e-gerar-empregos-na-regiao\/","og_site_name":"O Itaperunense","article_publisher":"https:\/\/www.facebook.com\/jornaloitaperunense","article_published_time":"2023-08-15T13:17:14+00:00","og_image":[{"width":700,"height":466,"url":"https:\/\/www.oitaperunense.com.br\/site\/wp-content\/uploads\/2023\/08\/LI8.jpg","type":"image\/jpeg"}],"author":"Andr\u00e9","twitter_card":"summary_large_image","twitter_misc":{"Escrito por":"Andr\u00e9","Est. tempo de leitura":"2 minutos"},"schema":{"@context":"https:\/\/schema.org","@graph":[{"@type":"WebPage","@id":"https:\/\/www.oitaperunense.com.br\/site\/firjan-noroeste-realiza-sessao-de-negocios-para-fomentar-a-economia-e-gerar-empregos-na-regiao\/","url":"https:\/\/www.oitaperunense.com.br\/site\/firjan-noroeste-realiza-sessao-de-negocios-para-fomentar-a-economia-e-gerar-empregos-na-regiao\/","name":"Firjan Noroeste realiza sess\u00e3o de neg\u00f3cios para fomentar a economia e gerar empregos na regi\u00e3o - O Itaperunense","isPartOf":{"@id":"https:\/\/www.oitaperunense.com.br\/site\/#website"},"datePublished":"2023-08-15T13:17:14+00:00","dateModified":"2023-08-15T13:17:14+00:00","author":{"@id":"https:\/\/www.oitaperunense.com.br\/site\/#\/schema\/person\/4a5b86c112157bc0a4492f4fd6b7939f"},"breadcrumb":{"@id":"https:\/\/www.oitaperunense.com.br\/site\/firjan-noroeste-realiza-sessao-de-negocios-para-fomentar-a-economia-e-gerar-empregos-na-regiao\/#breadcrumb"},"inLanguage":"pt-BR","potentialAction":[{"@type":"ReadAction","target":["https:\/\/www.oitaperunense.com.br\/site\/firjan-noroeste-realiza-sessao-de-negocios-para-fomentar-a-economia-e-gerar-empregos-na-regiao\/"]}]},{"@type":"BreadcrumbList","@id":"https:\/\/www.oitaperunense.com.br\/site\/firjan-noroeste-realiza-sessao-de-negocios-para-fomentar-a-economia-e-gerar-empregos-na-regiao\/#breadcrumb","itemListElement":[{"@type":"ListItem","position":1,"name":"Home","item":"https:\/\/www.oitaperunense.com.br\/site\/"},{"@type":"ListItem","position":2,"name":"Firjan Noroeste realiza sess\u00e3o de neg\u00f3cios para fomentar a economia e gerar empregos na regi\u00e3o"}]},{"@type":"WebSite","@id":"https:\/\/www.oitaperunense.com.br\/site\/#website","url":"https:\/\/www.oitaperunense.com.br\/site\/","name":"O Itaperunense","description":"","potentialAction":[{"@type":"SearchAction","target":{"@type":"EntryPoint","urlTemplate":"https:\/\/www.oitaperunense.com.br\/site\/?s={search_term_string}"},"query-input":"required name=search_term_string"}],"inLanguage":"pt-BR"},{"@type":"Person","@id":"https:\/\/www.oitaperunense.com.br\/site\/#\/schema\/person\/4a5b86c112157bc0a4492f4fd6b7939f","name":"Andr\u00e9","image":{"@type":"ImageObject","inLanguage":"pt-BR","@id":"https:\/\/www.oitaperunense.com.br\/site\/#\/schema\/person\/image\/","url":"https:\/\/secure.gravatar.com\/avatar\/7a7a912ec2c8cd6a390040b03329ee7a71bbd5f81ac3557b6a68208f263fc97b?s=96&d=mm&r=g","contentUrl":"https:\/\/secure.gravatar.com\/avatar\/7a7a912ec2c8cd6a390040b03329ee7a71bbd5f81ac3557b6a68208f263fc97b?s=96&d=mm&r=g","caption":"Andr\u00e9"},"url":"https:\/\/www.oitaperunense.com.br\/site\/author\/andre\/"}]}},"cc_featured_image_caption":{"caption_text":"","source_text":"","source_url":""},"_links":{"self":[{"href":"https:\/\/www.oitaperunense.com.br\/site\/wp-json\/wp\/v2\/posts\/392879","targetHints":{"allow":["GET"]}}],"collection":[{"href":"https:\/\/www.oitaperunense.com.br\/site\/wp-json\/wp\/v2\/posts"}],"about":[{"href":"https:\/\/www.oitaperunense.com.br\/site\/wp-json\/wp\/v2\/types\/post"}],"author":[{"embeddable":true,"href":"https:\/\/www.oitaperunense.com.br\/site\/wp-json\/wp\/v2\/users\/19"}],"replies":[{"embeddable":true,"href":"https:\/\/www.oitaperunense.com.br\/site\/wp-json\/wp\/v2\/comments?post=392879"}],"version-history":[{"count":1,"href":"https:\/\/www.oitaperunense.com.br\/site\/wp-json\/wp\/v2\/posts\/392879\/revisions"}],"predecessor-version":[{"id":392881,"href":"https:\/\/www.oitaperunense.com.br\/site\/wp-json\/wp\/v2\/posts\/392879\/revisions\/392881"}],"wp:featuredmedia":[{"embeddable":true,"href":"https:\/\/www.oitaperunense.com.br\/site\/wp-json\/wp\/v2\/media\/392880"}],"wp:attachment":[{"href":"https:\/\/www.oitaperunense.com.br\/site\/wp-json\/wp\/v2\/media?parent=392879"}],"wp:term":[{"taxonomy":"category","embeddable":true,"href":"https:\/\/www.oitaperunense.com.br\/site\/wp-json\/wp\/v2\/categories?post=392879"},{"taxonomy":"post_tag","embeddable":true,"href":"https:\/\/www.oitaperunense.com.br\/site\/wp-json\/wp\/v2\/tags?post=392879"}],"curies":[{"name":"wp","href":"https:\/\/api.w.org\/{rel}","templated":true}]}}