{"id":392875,"date":"2023-08-15T10:08:17","date_gmt":"2023-08-15T13:08:17","guid":{"rendered":"https:\/\/www.oitaperunense.com.br\/site\/?p=392875"},"modified":"2023-08-15T10:08:17","modified_gmt":"2023-08-15T13:08:17","slug":"pst-e-cerest-no-realizam-acao-na-ubs-do-aeroporto-em-itaperuna","status":"publish","type":"post","link":"https:\/\/www.oitaperunense.com.br\/site\/pst-e-cerest-no-realizam-acao-na-ubs-do-aeroporto-em-itaperuna\/","title":{"rendered":"PST e CEREST-No realizam a\u00e7\u00e3o na UBS do Aeroporto, em Itaperuna"},"content":{"rendered":"<p class=\"yiv2849475638MsoNormal\" style=\"text-align: center;\"><strong>Em Itaperuna, RJ, a Secretaria Municipal de Sa\u00fade vem realizando uma s\u00e9rie de a\u00e7\u00f5es e palestras nas UBS (Unidade B\u00e1sica de Sa\u00fade), em bairros e distritos<\/strong><\/p>\n<p class=\"yiv2849475638MsoNormal\" style=\"text-align: justify;\">Na \u00faltima semana, a equipe do Programa Sa\u00fade do Trabalhador (PST), com o apoio de membros do Centro de Refer\u00eancia em Sa\u00fade do Trabalhador do Noroeste Fluminense (CEREST-No) realizaram importante a\u00e7\u00e3o na UBS localizada no Bairro Aeroporto. Dentre as a\u00e7\u00f5es, palestras e roda de conversas com algumas tem\u00e1ticas, como por exemplo, acolhimento e preven\u00e7\u00e3o de acidente de trabalho\/dom\u00e9stico; cuidado com a sa\u00fade mental do trabalhador; al\u00e9m de orienta\u00e7\u00e3o sobre a notifica\u00e7\u00e3o compuls\u00f3ria.<\/p>\n<p><!--more--><\/p>\n<p class=\"yiv2849475638MsoNormal\" style=\"text-align: justify;\">O prefeito Alfredo Paulo Marques Rodrigues \u2013 Alfred\u00e3o \u2013 e o secret\u00e1rio Municipal de Sa\u00fade Marcelo Poeys seguem trabalhando diariamente, visando um setor de Sa\u00fade cada vez mais humanizado. Prefeito e secret\u00e1rio tamb\u00e9m trabalham com afinco, objetivando ampliar o trabalho de preven\u00e7\u00e3o e Educa\u00e7\u00e3o em Sa\u00fade. &nbsp;<\/p>\n<p><img loading=\"lazy\" decoding=\"async\" class=\"alignnone size-full wp-image-392877 aligncenter\" src=\"https:\/\/www.oitaperunense.com.br\/site\/wp-content\/uploads\/2023\/08\/LI7.jpg\" alt=\"\" width=\"700\" height=\"448\" srcset=\"https:\/\/www.oitaperunense.com.br\/site\/wp-content\/uploads\/2023\/08\/LI7.jpg 700w, https:\/\/www.oitaperunense.com.br\/site\/wp-content\/uploads\/2023\/08\/LI7-300x192.jpg 300w\" sizes=\"auto, (max-width: 700px) 100vw, 700px\" \/><\/p>\n<p class=\"yiv2849475638MsoNormal\" style=\"text-align: justify;\"><strong>DICAS SOBRE PREVEN\u00c7\u00c3O DE ACIDENTES DE TRABALHO E DOM\u00c9STICOS<\/strong><\/p>\n<p class=\"yiv2849475638MsoNormal\" style=\"text-align: justify;\">Tanto trabalhadores, como as pessoas no ambiente dom\u00e9stico, precisam executar tarefas com seguran\u00e7a. Tamb\u00e9m \u00e9 importante que os trabalhadores utilizem Equipamentos de Prote\u00e7\u00e3o Individual (EPIs), adequados \u00e0s atividades que est\u00e3o cumprindo, como por exemplo, capacetes, luvas, \u00f3culos de prote\u00e7\u00e3o, m\u00e1scaras&nbsp;<i>etc<\/i>.<\/p>\n<p class=\"yiv2849475638MsoNormal\" style=\"text-align: justify;\">Manter um ambiente organizado e livre de obst\u00e1culos que possam causar quedas ou acidentes \u00e9 um bom conselho para o local de trabalho e para o ambiente dom\u00e9stico.<\/p>\n<p class=\"yiv2849475638MsoNormal\" style=\"text-align: justify;\">Acompanhe as not\u00edcias e informa\u00e7\u00f5es sobre a Secretaria Municipal de Sa\u00fade e demais secretarias, pelas redes sociais da Prefeitura de Itaperuna!<\/p>\n<p class=\"yiv2849475638MsoNormal\" style=\"text-align: justify;\"><b><i>Com informa\u00e7\u00f5es: DECOM\/Itaperuna\/RJ<\/i><\/b><\/p>\n","protected":false},"excerpt":{"rendered":"<p>Em Itaperuna, RJ, a Secretaria Municipal de Sa\u00fade vem realizando uma s\u00e9rie de a\u00e7\u00f5es e palestras nas UBS (Unidade B\u00e1sica de Sa\u00fade), em bairros e distritos Na \u00faltima semana, a equipe do Programa Sa\u00fade do Trabalhador (PST), com o apoio de membros do Centro de Refer\u00eancia em Sa\u00fade do Trabalhador do Noroeste Fluminense (CEREST-No) realizaram [&hellip;]<\/p>\n","protected":false},"author":19,"featured_media":392876,"comment_status":"open","ping_status":"closed","sticky":false,"template":"","format":"standard","meta":{"ngg_post_thumbnail":0,"footnotes":""},"categories":[113],"tags":[],"class_list":["post-392875","post","type-post","status-publish","format-standard","has-post-thumbnail","hentry","category-saude"],"yoast_head":"<!-- This site is optimized with the Yoast SEO plugin v20.11 - https:\/\/yoast.com\/wordpress\/plugins\/seo\/ -->\n<title>PST e CEREST-No realizam a\u00e7\u00e3o na UBS do Aeroporto, em Itaperuna - O Itaperunense<\/title>\n<meta name=\"robots\" content=\"index, follow, max-snippet:-1, max-image-preview:large, max-video-preview:-1\" \/>\n<link rel=\"canonical\" href=\"https:\/\/www.oitaperunense.com.br\/site\/pst-e-cerest-no-realizam-acao-na-ubs-do-aeroporto-em-itaperuna\/\" \/>\n<meta property=\"og:locale\" content=\"pt_BR\" \/>\n<meta property=\"og:type\" content=\"article\" \/>\n<meta property=\"og:title\" content=\"PST e CEREST-No realizam a\u00e7\u00e3o na UBS do Aeroporto, em Itaperuna - O Itaperunense\" \/>\n<meta property=\"og:description\" content=\"Em Itaperuna, RJ, a Secretaria Municipal de Sa\u00fade vem realizando uma s\u00e9rie de a\u00e7\u00f5es e palestras nas UBS (Unidade B\u00e1sica de Sa\u00fade), em bairros e distritos Na \u00faltima semana, a equipe do Programa Sa\u00fade do Trabalhador (PST), com o apoio de membros do Centro de Refer\u00eancia em Sa\u00fade do Trabalhador do Noroeste Fluminense (CEREST-No) realizaram [&hellip;]\" \/>\n<meta property=\"og:url\" content=\"https:\/\/www.oitaperunense.com.br\/site\/pst-e-cerest-no-realizam-acao-na-ubs-do-aeroporto-em-itaperuna\/\" \/>\n<meta property=\"og:site_name\" content=\"O Itaperunense\" \/>\n<meta property=\"article:publisher\" content=\"https:\/\/www.facebook.com\/jornaloitaperunense\" \/>\n<meta property=\"article:published_time\" content=\"2023-08-15T13:08:17+00:00\" \/>\n<meta property=\"og:image\" content=\"https:\/\/www.oitaperunense.com.br\/site\/wp-content\/uploads\/2023\/08\/LI6.jpg\" \/>\n\t<meta property=\"og:image:width\" content=\"700\" \/>\n\t<meta property=\"og:image:height\" content=\"448\" \/>\n\t<meta property=\"og:image:type\" content=\"image\/jpeg\" \/>\n<meta name=\"author\" content=\"Andr\u00e9\" \/>\n<meta name=\"twitter:card\" content=\"summary_large_image\" \/>\n<meta name=\"twitter:label1\" content=\"Escrito por\" \/>\n\t<meta name=\"twitter:data1\" content=\"Andr\u00e9\" \/>\n\t<meta name=\"twitter:label2\" content=\"Est. tempo de leitura\" \/>\n\t<meta name=\"twitter:data2\" content=\"2 minutos\" \/>\n<script type=\"application\/ld+json\" class=\"yoast-schema-graph\">{\"@context\":\"https:\/\/schema.org\",\"@graph\":[{\"@type\":\"WebPage\",\"@id\":\"https:\/\/www.oitaperunense.com.br\/site\/pst-e-cerest-no-realizam-acao-na-ubs-do-aeroporto-em-itaperuna\/\",\"url\":\"https:\/\/www.oitaperunense.com.br\/site\/pst-e-cerest-no-realizam-acao-na-ubs-do-aeroporto-em-itaperuna\/\",\"name\":\"PST e CEREST-No realizam a\u00e7\u00e3o na UBS do Aeroporto, em Itaperuna - O Itaperunense\",\"isPartOf\":{\"@id\":\"https:\/\/www.oitaperunense.com.br\/site\/#website\"},\"datePublished\":\"2023-08-15T13:08:17+00:00\",\"dateModified\":\"2023-08-15T13:08:17+00:00\",\"author\":{\"@id\":\"https:\/\/www.oitaperunense.com.br\/site\/#\/schema\/person\/4a5b86c112157bc0a4492f4fd6b7939f\"},\"breadcrumb\":{\"@id\":\"https:\/\/www.oitaperunense.com.br\/site\/pst-e-cerest-no-realizam-acao-na-ubs-do-aeroporto-em-itaperuna\/#breadcrumb\"},\"inLanguage\":\"pt-BR\",\"potentialAction\":[{\"@type\":\"ReadAction\",\"target\":[\"https:\/\/www.oitaperunense.com.br\/site\/pst-e-cerest-no-realizam-acao-na-ubs-do-aeroporto-em-itaperuna\/\"]}]},{\"@type\":\"BreadcrumbList\",\"@id\":\"https:\/\/www.oitaperunense.com.br\/site\/pst-e-cerest-no-realizam-acao-na-ubs-do-aeroporto-em-itaperuna\/#breadcrumb\",\"itemListElement\":[{\"@type\":\"ListItem\",\"position\":1,\"name\":\"Home\",\"item\":\"https:\/\/www.oitaperunense.com.br\/site\/\"},{\"@type\":\"ListItem\",\"position\":2,\"name\":\"PST e CEREST-No realizam a\u00e7\u00e3o na UBS do Aeroporto, em Itaperuna\"}]},{\"@type\":\"WebSite\",\"@id\":\"https:\/\/www.oitaperunense.com.br\/site\/#website\",\"url\":\"https:\/\/www.oitaperunense.com.br\/site\/\",\"name\":\"O Itaperunense\",\"description\":\"\",\"potentialAction\":[{\"@type\":\"SearchAction\",\"target\":{\"@type\":\"EntryPoint\",\"urlTemplate\":\"https:\/\/www.oitaperunense.com.br\/site\/?s={search_term_string}\"},\"query-input\":\"required name=search_term_string\"}],\"inLanguage\":\"pt-BR\"},{\"@type\":\"Person\",\"@id\":\"https:\/\/www.oitaperunense.com.br\/site\/#\/schema\/person\/4a5b86c112157bc0a4492f4fd6b7939f\",\"name\":\"Andr\u00e9\",\"image\":{\"@type\":\"ImageObject\",\"inLanguage\":\"pt-BR\",\"@id\":\"https:\/\/www.oitaperunense.com.br\/site\/#\/schema\/person\/image\/\",\"url\":\"https:\/\/secure.gravatar.com\/avatar\/7a7a912ec2c8cd6a390040b03329ee7a71bbd5f81ac3557b6a68208f263fc97b?s=96&d=mm&r=g\",\"contentUrl\":\"https:\/\/secure.gravatar.com\/avatar\/7a7a912ec2c8cd6a390040b03329ee7a71bbd5f81ac3557b6a68208f263fc97b?s=96&d=mm&r=g\",\"caption\":\"Andr\u00e9\"},\"url\":\"https:\/\/www.oitaperunense.com.br\/site\/author\/andre\/\"}]}<\/script>\n<!-- \/ Yoast SEO plugin. -->","yoast_head_json":{"title":"PST e CEREST-No realizam a\u00e7\u00e3o na UBS do Aeroporto, em Itaperuna - O Itaperunense","robots":{"index":"index","follow":"follow","max-snippet":"max-snippet:-1","max-image-preview":"max-image-preview:large","max-video-preview":"max-video-preview:-1"},"canonical":"https:\/\/www.oitaperunense.com.br\/site\/pst-e-cerest-no-realizam-acao-na-ubs-do-aeroporto-em-itaperuna\/","og_locale":"pt_BR","og_type":"article","og_title":"PST e CEREST-No realizam a\u00e7\u00e3o na UBS do Aeroporto, em Itaperuna - O Itaperunense","og_description":"Em Itaperuna, RJ, a Secretaria Municipal de Sa\u00fade vem realizando uma s\u00e9rie de a\u00e7\u00f5es e palestras nas UBS (Unidade B\u00e1sica de Sa\u00fade), em bairros e distritos Na \u00faltima semana, a equipe do Programa Sa\u00fade do Trabalhador (PST), com o apoio de membros do Centro de Refer\u00eancia em Sa\u00fade do Trabalhador do Noroeste Fluminense (CEREST-No) realizaram [&hellip;]","og_url":"https:\/\/www.oitaperunense.com.br\/site\/pst-e-cerest-no-realizam-acao-na-ubs-do-aeroporto-em-itaperuna\/","og_site_name":"O Itaperunense","article_publisher":"https:\/\/www.facebook.com\/jornaloitaperunense","article_published_time":"2023-08-15T13:08:17+00:00","og_image":[{"width":700,"height":448,"url":"https:\/\/www.oitaperunense.com.br\/site\/wp-content\/uploads\/2023\/08\/LI6.jpg","type":"image\/jpeg"}],"author":"Andr\u00e9","twitter_card":"summary_large_image","twitter_misc":{"Escrito por":"Andr\u00e9","Est. tempo de leitura":"2 minutos"},"schema":{"@context":"https:\/\/schema.org","@graph":[{"@type":"WebPage","@id":"https:\/\/www.oitaperunense.com.br\/site\/pst-e-cerest-no-realizam-acao-na-ubs-do-aeroporto-em-itaperuna\/","url":"https:\/\/www.oitaperunense.com.br\/site\/pst-e-cerest-no-realizam-acao-na-ubs-do-aeroporto-em-itaperuna\/","name":"PST e CEREST-No realizam a\u00e7\u00e3o na UBS do Aeroporto, em Itaperuna - O Itaperunense","isPartOf":{"@id":"https:\/\/www.oitaperunense.com.br\/site\/#website"},"datePublished":"2023-08-15T13:08:17+00:00","dateModified":"2023-08-15T13:08:17+00:00","author":{"@id":"https:\/\/www.oitaperunense.com.br\/site\/#\/schema\/person\/4a5b86c112157bc0a4492f4fd6b7939f"},"breadcrumb":{"@id":"https:\/\/www.oitaperunense.com.br\/site\/pst-e-cerest-no-realizam-acao-na-ubs-do-aeroporto-em-itaperuna\/#breadcrumb"},"inLanguage":"pt-BR","potentialAction":[{"@type":"ReadAction","target":["https:\/\/www.oitaperunense.com.br\/site\/pst-e-cerest-no-realizam-acao-na-ubs-do-aeroporto-em-itaperuna\/"]}]},{"@type":"BreadcrumbList","@id":"https:\/\/www.oitaperunense.com.br\/site\/pst-e-cerest-no-realizam-acao-na-ubs-do-aeroporto-em-itaperuna\/#breadcrumb","itemListElement":[{"@type":"ListItem","position":1,"name":"Home","item":"https:\/\/www.oitaperunense.com.br\/site\/"},{"@type":"ListItem","position":2,"name":"PST e CEREST-No realizam a\u00e7\u00e3o na UBS do Aeroporto, em Itaperuna"}]},{"@type":"WebSite","@id":"https:\/\/www.oitaperunense.com.br\/site\/#website","url":"https:\/\/www.oitaperunense.com.br\/site\/","name":"O Itaperunense","description":"","potentialAction":[{"@type":"SearchAction","target":{"@type":"EntryPoint","urlTemplate":"https:\/\/www.oitaperunense.com.br\/site\/?s={search_term_string}"},"query-input":"required name=search_term_string"}],"inLanguage":"pt-BR"},{"@type":"Person","@id":"https:\/\/www.oitaperunense.com.br\/site\/#\/schema\/person\/4a5b86c112157bc0a4492f4fd6b7939f","name":"Andr\u00e9","image":{"@type":"ImageObject","inLanguage":"pt-BR","@id":"https:\/\/www.oitaperunense.com.br\/site\/#\/schema\/person\/image\/","url":"https:\/\/secure.gravatar.com\/avatar\/7a7a912ec2c8cd6a390040b03329ee7a71bbd5f81ac3557b6a68208f263fc97b?s=96&d=mm&r=g","contentUrl":"https:\/\/secure.gravatar.com\/avatar\/7a7a912ec2c8cd6a390040b03329ee7a71bbd5f81ac3557b6a68208f263fc97b?s=96&d=mm&r=g","caption":"Andr\u00e9"},"url":"https:\/\/www.oitaperunense.com.br\/site\/author\/andre\/"}]}},"cc_featured_image_caption":{"caption_text":"","source_text":"","source_url":""},"_links":{"self":[{"href":"https:\/\/www.oitaperunense.com.br\/site\/wp-json\/wp\/v2\/posts\/392875","targetHints":{"allow":["GET"]}}],"collection":[{"href":"https:\/\/www.oitaperunense.com.br\/site\/wp-json\/wp\/v2\/posts"}],"about":[{"href":"https:\/\/www.oitaperunense.com.br\/site\/wp-json\/wp\/v2\/types\/post"}],"author":[{"embeddable":true,"href":"https:\/\/www.oitaperunense.com.br\/site\/wp-json\/wp\/v2\/users\/19"}],"replies":[{"embeddable":true,"href":"https:\/\/www.oitaperunense.com.br\/site\/wp-json\/wp\/v2\/comments?post=392875"}],"version-history":[{"count":1,"href":"https:\/\/www.oitaperunense.com.br\/site\/wp-json\/wp\/v2\/posts\/392875\/revisions"}],"predecessor-version":[{"id":392878,"href":"https:\/\/www.oitaperunense.com.br\/site\/wp-json\/wp\/v2\/posts\/392875\/revisions\/392878"}],"wp:featuredmedia":[{"embeddable":true,"href":"https:\/\/www.oitaperunense.com.br\/site\/wp-json\/wp\/v2\/media\/392876"}],"wp:attachment":[{"href":"https:\/\/www.oitaperunense.com.br\/site\/wp-json\/wp\/v2\/media?parent=392875"}],"wp:term":[{"taxonomy":"category","embeddable":true,"href":"https:\/\/www.oitaperunense.com.br\/site\/wp-json\/wp\/v2\/categories?post=392875"},{"taxonomy":"post_tag","embeddable":true,"href":"https:\/\/www.oitaperunense.com.br\/site\/wp-json\/wp\/v2\/tags?post=392875"}],"curies":[{"name":"wp","href":"https:\/\/api.w.org\/{rel}","templated":true}]}}