{"id":392811,"date":"2023-08-08T12:40:11","date_gmt":"2023-08-08T15:40:11","guid":{"rendered":"https:\/\/www.oitaperunense.com.br\/site\/?p=392811"},"modified":"2023-08-08T12:40:11","modified_gmt":"2023-08-08T15:40:11","slug":"governo-do-rio-lanca-pacto-estadual-de-enfrentamento-a-violencia-contra-a-mulher","status":"publish","type":"post","link":"https:\/\/www.oitaperunense.com.br\/site\/governo-do-rio-lanca-pacto-estadual-de-enfrentamento-a-violencia-contra-a-mulher\/","title":{"rendered":"Governo do Rio lan\u00e7a Pacto Estadual de Enfrentamento \u00e0 Viol\u00eancia contra a Mulher"},"content":{"rendered":"<p style=\"text-align: center;\"><strong>Documento elaborado por 21 secretarias de Estado e institui\u00e7\u00f5es p\u00fablicas estabelece 112 a\u00e7\u00f5es para preven\u00e7\u00e3o e combate \u00e0 viol\u00eancia de g\u00eanero<\/strong><\/p>\n<p style=\"text-align: justify;\">Em um marco hist\u00f3rico na luta pelo combate \u00e0 viol\u00eancia contra a mulher, o governador Cl\u00e1udio Castro lan\u00e7ou, na segunda-feira (7), data em que a Lei Maria da Penha completa 17 anos, o Pacto Estadual de Enfrentamento \u00e0 Viol\u00eancia contra a Mulher. O documento busca estabelecer 112 diretrizes e a\u00e7\u00f5es de preven\u00e7\u00e3o e combate \u00e0 viol\u00eancia de g\u00eanero, assim como de assist\u00eancia e garantia de direitos, a partir da implementa\u00e7\u00e3o e integra\u00e7\u00e3o das pol\u00edticas p\u00fablicas voltadas \u00e0s mulheres. A cerim\u00f4nia aconteceu no Pal\u00e1cio Guanabara, sede do Governo do Estado.<\/p>\n<p style=\"text-align: justify;\"><!--more--><\/p>\n<p style=\"text-align: justify;\">&#8211; Precisamos estar unidos para enfrentar esse problema que fere a todos. O pacote de a\u00e7\u00f5es para fortalecer o enfrentamento \u00e0 viol\u00eancia contra a mulher \u00e9 prioridade na nossa gest\u00e3o. Quando criei a Secretaria da Mulher, deixei claro que a pasta n\u00e3o deveria ter apenas um vi\u00e9s de seguran\u00e7a p\u00fablica. As mulheres t\u00eam muito potencial e precisamos olhar para todas sob uma perspectiva transversal, envolvendo outras \u00e1reas como sa\u00fade, capacita\u00e7\u00e3o profissional e empreendedorismo. Que a assinatura deste pacto seja apenas um passo inicial para a melhora na qualidade de vida das mulheres &#8211; ressaltou o governador.<\/p>\n<p>O Pacto foi elaborado pela Secretaria da Mulher, em conjunto com outras 20 secretarias e institui\u00e7\u00f5es p\u00fablicas.<\/p>\n<p>&#8211; \u00c9 uma honra estar aqui nesta data t\u00e3o importante para celebrar este momento em que o Governo do Estado reafirma seu compromisso na luta pela redu\u00e7\u00e3o dos altos \u00edndices de viol\u00eancia de g\u00eanero. Esse pacote de a\u00e7\u00f5es busca fortalecer e ampliar as pol\u00edticas p\u00fablicas de enfrentamento \u00e0 viol\u00eancia contra as mulheres e o car\u00e1ter multidimensional do problema. Traz diretrizes e eixos estruturantes que ser\u00e3o executados de forma conjunta por diversos \u00f3rg\u00e3os &#8211; afirmou a secret\u00e1ria de Estado da Mulher, Heloisa Aguiar.<\/p>\n<p>A cerim\u00f4nia contou com a presen\u00e7a da primeira-dama Analine Castro, que assinou o Pacto ao lado de Cl\u00e1udio Castro, autoridades, representantes de secretarias de Estado e institui\u00e7\u00f5es p\u00fablicas e de direitos das mulheres.<\/p>\n<p><strong>Capacita\u00e7\u00e3o profissional<\/strong><\/p>\n<p>Entre as 112 a\u00e7\u00f5es propostas no Pacto Estadual de Enfrentamento \u00e0 Viol\u00eancia contra a Mulher foram inclu\u00eddas a\u00e7\u00f5es para promo\u00e7\u00e3o da autonomia da mulher, como capacita\u00e7\u00e3o profissional e encaminhamento para o mercado de trabalho, al\u00e9m do fortalecimento da rede de atendimento junto aos munic\u00edpios.<\/p>\n<p>Como parte das medidas, o Curso de Forma\u00e7\u00e3o de Oficiais e Pra\u00e7as e Aperfei\u00e7oamento de Sargentos da Pol\u00edcia Militar incluiu em sua grade curricular a disciplina que trata exclusivamente da Lei Maria da Penha e dos protocolos de atendimento a crimes relacionados \u00e0 viol\u00eancia contra a mulher.<\/p>\n<p>Entre outras a\u00e7\u00f5es est\u00e3o a reestrutura\u00e7\u00e3o do Centro Integrado de Atendimento \u00e0 Mulher M\u00e1rcia Lyra, no Centro do Rio; capacita\u00e7\u00f5es para todos os servidores que lidam com a quest\u00e3o da viol\u00eancia contra a mulher; atividades nas escolas para impulsionar reflex\u00e3o cr\u00edtica, com produ\u00e7\u00e3o e distribui\u00e7\u00e3o de material educativo; reforma de todas as Delegacias de Atendimento \u00e0 Mulher (DEAMs); amplia\u00e7\u00e3o dos N\u00facleos Integrados de Atendimento \u00e0 Mulher (NIAMs); cria\u00e7\u00e3o da DEAM Itaperuna; e atualiza\u00e7\u00e3o do protocolo de atendimento \u00e0s pessoas em situa\u00e7\u00e3o de viol\u00eancia.<\/p>\n","protected":false},"excerpt":{"rendered":"<p>Documento elaborado por 21 secretarias de Estado e institui\u00e7\u00f5es p\u00fablicas estabelece 112 a\u00e7\u00f5es para preven\u00e7\u00e3o e combate \u00e0 viol\u00eancia de g\u00eanero Em um marco hist\u00f3rico na luta pelo combate \u00e0 viol\u00eancia contra a mulher, o governador Cl\u00e1udio Castro lan\u00e7ou, na segunda-feira (7), data em que a Lei Maria da Penha completa 17 anos, o Pacto [&hellip;]<\/p>\n","protected":false},"author":19,"featured_media":392812,"comment_status":"open","ping_status":"closed","sticky":false,"template":"","format":"standard","meta":{"ngg_post_thumbnail":0,"footnotes":""},"categories":[91],"tags":[],"class_list":["post-392811","post","type-post","status-publish","format-standard","has-post-thumbnail","hentry","category-geral"],"yoast_head":"<!-- This site is optimized with the Yoast SEO plugin v20.11 - https:\/\/yoast.com\/wordpress\/plugins\/seo\/ -->\n<title>Governo do Rio lan\u00e7a Pacto Estadual de Enfrentamento \u00e0 Viol\u00eancia contra a Mulher - O Itaperunense<\/title>\n<meta name=\"robots\" content=\"index, follow, max-snippet:-1, max-image-preview:large, max-video-preview:-1\" \/>\n<link rel=\"canonical\" href=\"https:\/\/www.oitaperunense.com.br\/site\/governo-do-rio-lanca-pacto-estadual-de-enfrentamento-a-violencia-contra-a-mulher\/\" \/>\n<meta property=\"og:locale\" content=\"pt_BR\" \/>\n<meta property=\"og:type\" content=\"article\" \/>\n<meta property=\"og:title\" content=\"Governo do Rio lan\u00e7a Pacto Estadual de Enfrentamento \u00e0 Viol\u00eancia contra a Mulher - O Itaperunense\" \/>\n<meta property=\"og:description\" content=\"Documento elaborado por 21 secretarias de Estado e institui\u00e7\u00f5es p\u00fablicas estabelece 112 a\u00e7\u00f5es para preven\u00e7\u00e3o e combate \u00e0 viol\u00eancia de g\u00eanero Em um marco hist\u00f3rico na luta pelo combate \u00e0 viol\u00eancia contra a mulher, o governador Cl\u00e1udio Castro lan\u00e7ou, na segunda-feira (7), data em que a Lei Maria da Penha completa 17 anos, o Pacto [&hellip;]\" \/>\n<meta property=\"og:url\" content=\"https:\/\/www.oitaperunense.com.br\/site\/governo-do-rio-lanca-pacto-estadual-de-enfrentamento-a-violencia-contra-a-mulher\/\" \/>\n<meta property=\"og:site_name\" content=\"O Itaperunense\" \/>\n<meta property=\"article:publisher\" content=\"https:\/\/www.facebook.com\/jornaloitaperunense\" \/>\n<meta property=\"article:published_time\" content=\"2023-08-08T15:40:11+00:00\" \/>\n<meta property=\"og:image\" content=\"https:\/\/www.oitaperunense.com.br\/site\/wp-content\/uploads\/2023\/08\/REN9.jpg\" \/>\n\t<meta property=\"og:image:width\" content=\"700\" \/>\n\t<meta property=\"og:image:height\" content=\"467\" \/>\n\t<meta property=\"og:image:type\" content=\"image\/jpeg\" \/>\n<meta name=\"author\" content=\"Andr\u00e9\" \/>\n<meta name=\"twitter:card\" content=\"summary_large_image\" \/>\n<meta name=\"twitter:label1\" content=\"Escrito por\" \/>\n\t<meta name=\"twitter:data1\" content=\"Andr\u00e9\" \/>\n\t<meta name=\"twitter:label2\" content=\"Est. tempo de leitura\" \/>\n\t<meta name=\"twitter:data2\" content=\"3 minutos\" \/>\n<script type=\"application\/ld+json\" class=\"yoast-schema-graph\">{\"@context\":\"https:\/\/schema.org\",\"@graph\":[{\"@type\":\"WebPage\",\"@id\":\"https:\/\/www.oitaperunense.com.br\/site\/governo-do-rio-lanca-pacto-estadual-de-enfrentamento-a-violencia-contra-a-mulher\/\",\"url\":\"https:\/\/www.oitaperunense.com.br\/site\/governo-do-rio-lanca-pacto-estadual-de-enfrentamento-a-violencia-contra-a-mulher\/\",\"name\":\"Governo do Rio lan\u00e7a Pacto Estadual de Enfrentamento \u00e0 Viol\u00eancia contra a Mulher - O Itaperunense\",\"isPartOf\":{\"@id\":\"https:\/\/www.oitaperunense.com.br\/site\/#website\"},\"datePublished\":\"2023-08-08T15:40:11+00:00\",\"dateModified\":\"2023-08-08T15:40:11+00:00\",\"author\":{\"@id\":\"https:\/\/www.oitaperunense.com.br\/site\/#\/schema\/person\/4a5b86c112157bc0a4492f4fd6b7939f\"},\"breadcrumb\":{\"@id\":\"https:\/\/www.oitaperunense.com.br\/site\/governo-do-rio-lanca-pacto-estadual-de-enfrentamento-a-violencia-contra-a-mulher\/#breadcrumb\"},\"inLanguage\":\"pt-BR\",\"potentialAction\":[{\"@type\":\"ReadAction\",\"target\":[\"https:\/\/www.oitaperunense.com.br\/site\/governo-do-rio-lanca-pacto-estadual-de-enfrentamento-a-violencia-contra-a-mulher\/\"]}]},{\"@type\":\"BreadcrumbList\",\"@id\":\"https:\/\/www.oitaperunense.com.br\/site\/governo-do-rio-lanca-pacto-estadual-de-enfrentamento-a-violencia-contra-a-mulher\/#breadcrumb\",\"itemListElement\":[{\"@type\":\"ListItem\",\"position\":1,\"name\":\"Home\",\"item\":\"https:\/\/www.oitaperunense.com.br\/site\/\"},{\"@type\":\"ListItem\",\"position\":2,\"name\":\"Governo do Rio lan\u00e7a Pacto Estadual de Enfrentamento \u00e0 Viol\u00eancia contra a Mulher\"}]},{\"@type\":\"WebSite\",\"@id\":\"https:\/\/www.oitaperunense.com.br\/site\/#website\",\"url\":\"https:\/\/www.oitaperunense.com.br\/site\/\",\"name\":\"O Itaperunense\",\"description\":\"\",\"potentialAction\":[{\"@type\":\"SearchAction\",\"target\":{\"@type\":\"EntryPoint\",\"urlTemplate\":\"https:\/\/www.oitaperunense.com.br\/site\/?s={search_term_string}\"},\"query-input\":\"required name=search_term_string\"}],\"inLanguage\":\"pt-BR\"},{\"@type\":\"Person\",\"@id\":\"https:\/\/www.oitaperunense.com.br\/site\/#\/schema\/person\/4a5b86c112157bc0a4492f4fd6b7939f\",\"name\":\"Andr\u00e9\",\"image\":{\"@type\":\"ImageObject\",\"inLanguage\":\"pt-BR\",\"@id\":\"https:\/\/www.oitaperunense.com.br\/site\/#\/schema\/person\/image\/\",\"url\":\"https:\/\/secure.gravatar.com\/avatar\/7a7a912ec2c8cd6a390040b03329ee7a71bbd5f81ac3557b6a68208f263fc97b?s=96&d=mm&r=g\",\"contentUrl\":\"https:\/\/secure.gravatar.com\/avatar\/7a7a912ec2c8cd6a390040b03329ee7a71bbd5f81ac3557b6a68208f263fc97b?s=96&d=mm&r=g\",\"caption\":\"Andr\u00e9\"},\"url\":\"https:\/\/www.oitaperunense.com.br\/site\/author\/andre\/\"}]}<\/script>\n<!-- \/ Yoast SEO plugin. -->","yoast_head_json":{"title":"Governo do Rio lan\u00e7a Pacto Estadual de Enfrentamento \u00e0 Viol\u00eancia contra a Mulher - O Itaperunense","robots":{"index":"index","follow":"follow","max-snippet":"max-snippet:-1","max-image-preview":"max-image-preview:large","max-video-preview":"max-video-preview:-1"},"canonical":"https:\/\/www.oitaperunense.com.br\/site\/governo-do-rio-lanca-pacto-estadual-de-enfrentamento-a-violencia-contra-a-mulher\/","og_locale":"pt_BR","og_type":"article","og_title":"Governo do Rio lan\u00e7a Pacto Estadual de Enfrentamento \u00e0 Viol\u00eancia contra a Mulher - O Itaperunense","og_description":"Documento elaborado por 21 secretarias de Estado e institui\u00e7\u00f5es p\u00fablicas estabelece 112 a\u00e7\u00f5es para preven\u00e7\u00e3o e combate \u00e0 viol\u00eancia de g\u00eanero Em um marco hist\u00f3rico na luta pelo combate \u00e0 viol\u00eancia contra a mulher, o governador Cl\u00e1udio Castro lan\u00e7ou, na segunda-feira (7), data em que a Lei Maria da Penha completa 17 anos, o Pacto [&hellip;]","og_url":"https:\/\/www.oitaperunense.com.br\/site\/governo-do-rio-lanca-pacto-estadual-de-enfrentamento-a-violencia-contra-a-mulher\/","og_site_name":"O Itaperunense","article_publisher":"https:\/\/www.facebook.com\/jornaloitaperunense","article_published_time":"2023-08-08T15:40:11+00:00","og_image":[{"width":700,"height":467,"url":"https:\/\/www.oitaperunense.com.br\/site\/wp-content\/uploads\/2023\/08\/REN9.jpg","type":"image\/jpeg"}],"author":"Andr\u00e9","twitter_card":"summary_large_image","twitter_misc":{"Escrito por":"Andr\u00e9","Est. tempo de leitura":"3 minutos"},"schema":{"@context":"https:\/\/schema.org","@graph":[{"@type":"WebPage","@id":"https:\/\/www.oitaperunense.com.br\/site\/governo-do-rio-lanca-pacto-estadual-de-enfrentamento-a-violencia-contra-a-mulher\/","url":"https:\/\/www.oitaperunense.com.br\/site\/governo-do-rio-lanca-pacto-estadual-de-enfrentamento-a-violencia-contra-a-mulher\/","name":"Governo do Rio lan\u00e7a Pacto Estadual de Enfrentamento \u00e0 Viol\u00eancia contra a Mulher - O Itaperunense","isPartOf":{"@id":"https:\/\/www.oitaperunense.com.br\/site\/#website"},"datePublished":"2023-08-08T15:40:11+00:00","dateModified":"2023-08-08T15:40:11+00:00","author":{"@id":"https:\/\/www.oitaperunense.com.br\/site\/#\/schema\/person\/4a5b86c112157bc0a4492f4fd6b7939f"},"breadcrumb":{"@id":"https:\/\/www.oitaperunense.com.br\/site\/governo-do-rio-lanca-pacto-estadual-de-enfrentamento-a-violencia-contra-a-mulher\/#breadcrumb"},"inLanguage":"pt-BR","potentialAction":[{"@type":"ReadAction","target":["https:\/\/www.oitaperunense.com.br\/site\/governo-do-rio-lanca-pacto-estadual-de-enfrentamento-a-violencia-contra-a-mulher\/"]}]},{"@type":"BreadcrumbList","@id":"https:\/\/www.oitaperunense.com.br\/site\/governo-do-rio-lanca-pacto-estadual-de-enfrentamento-a-violencia-contra-a-mulher\/#breadcrumb","itemListElement":[{"@type":"ListItem","position":1,"name":"Home","item":"https:\/\/www.oitaperunense.com.br\/site\/"},{"@type":"ListItem","position":2,"name":"Governo do Rio lan\u00e7a Pacto Estadual de Enfrentamento \u00e0 Viol\u00eancia contra a Mulher"}]},{"@type":"WebSite","@id":"https:\/\/www.oitaperunense.com.br\/site\/#website","url":"https:\/\/www.oitaperunense.com.br\/site\/","name":"O Itaperunense","description":"","potentialAction":[{"@type":"SearchAction","target":{"@type":"EntryPoint","urlTemplate":"https:\/\/www.oitaperunense.com.br\/site\/?s={search_term_string}"},"query-input":"required name=search_term_string"}],"inLanguage":"pt-BR"},{"@type":"Person","@id":"https:\/\/www.oitaperunense.com.br\/site\/#\/schema\/person\/4a5b86c112157bc0a4492f4fd6b7939f","name":"Andr\u00e9","image":{"@type":"ImageObject","inLanguage":"pt-BR","@id":"https:\/\/www.oitaperunense.com.br\/site\/#\/schema\/person\/image\/","url":"https:\/\/secure.gravatar.com\/avatar\/7a7a912ec2c8cd6a390040b03329ee7a71bbd5f81ac3557b6a68208f263fc97b?s=96&d=mm&r=g","contentUrl":"https:\/\/secure.gravatar.com\/avatar\/7a7a912ec2c8cd6a390040b03329ee7a71bbd5f81ac3557b6a68208f263fc97b?s=96&d=mm&r=g","caption":"Andr\u00e9"},"url":"https:\/\/www.oitaperunense.com.br\/site\/author\/andre\/"}]}},"cc_featured_image_caption":{"caption_text":"","source_text":"","source_url":""},"_links":{"self":[{"href":"https:\/\/www.oitaperunense.com.br\/site\/wp-json\/wp\/v2\/posts\/392811","targetHints":{"allow":["GET"]}}],"collection":[{"href":"https:\/\/www.oitaperunense.com.br\/site\/wp-json\/wp\/v2\/posts"}],"about":[{"href":"https:\/\/www.oitaperunense.com.br\/site\/wp-json\/wp\/v2\/types\/post"}],"author":[{"embeddable":true,"href":"https:\/\/www.oitaperunense.com.br\/site\/wp-json\/wp\/v2\/users\/19"}],"replies":[{"embeddable":true,"href":"https:\/\/www.oitaperunense.com.br\/site\/wp-json\/wp\/v2\/comments?post=392811"}],"version-history":[{"count":1,"href":"https:\/\/www.oitaperunense.com.br\/site\/wp-json\/wp\/v2\/posts\/392811\/revisions"}],"predecessor-version":[{"id":392813,"href":"https:\/\/www.oitaperunense.com.br\/site\/wp-json\/wp\/v2\/posts\/392811\/revisions\/392813"}],"wp:featuredmedia":[{"embeddable":true,"href":"https:\/\/www.oitaperunense.com.br\/site\/wp-json\/wp\/v2\/media\/392812"}],"wp:attachment":[{"href":"https:\/\/www.oitaperunense.com.br\/site\/wp-json\/wp\/v2\/media?parent=392811"}],"wp:term":[{"taxonomy":"category","embeddable":true,"href":"https:\/\/www.oitaperunense.com.br\/site\/wp-json\/wp\/v2\/categories?post=392811"},{"taxonomy":"post_tag","embeddable":true,"href":"https:\/\/www.oitaperunense.com.br\/site\/wp-json\/wp\/v2\/tags?post=392811"}],"curies":[{"name":"wp","href":"https:\/\/api.w.org\/{rel}","templated":true}]}}