{"id":392796,"date":"2023-08-08T10:22:04","date_gmt":"2023-08-08T13:22:04","guid":{"rendered":"https:\/\/www.oitaperunense.com.br\/site\/?p=392796"},"modified":"2023-08-08T10:22:04","modified_gmt":"2023-08-08T13:22:04","slug":"itaperuna-pst-e-cerest-no-realizam-acao-na-ubs-sao-matheus","status":"publish","type":"post","link":"https:\/\/www.oitaperunense.com.br\/site\/itaperuna-pst-e-cerest-no-realizam-acao-na-ubs-sao-matheus\/","title":{"rendered":"Itaperuna: PST e CEREST-No realizam a\u00e7\u00e3o na UBS S\u00e3o Matheus"},"content":{"rendered":"<p class=\"yiv7094946588MsoNormal\" style=\"text-align: center;\"><strong>A Secretaria Municipal de Sa\u00fade vem realizando uma s\u00e9rie de a\u00e7\u00f5es e palestras nas UBS (Unidade B\u00e1sica de Sa\u00fade), em bairros e distritos<\/strong><\/p>\n<p class=\"yiv7094946588MsoNormal\" style=\"text-align: justify;\">Na \u00faltima semana, a equipe do Programa Sa\u00fade do Trabalhador (PST), com o apoio de membros do Centro de Refer\u00eancia em Sa\u00fade do Trabalhador do Noroeste Fluminense (CEREST-No) realizaram importante a\u00e7\u00e3o na UBS localizada no Bairro S\u00e3o Matheus. Na ocasi\u00e3o as equipes abordaram algumas tem\u00e1ticas, entre elas, a import\u00e2ncia da preven\u00e7\u00e3o em acidentes de trabalho\/dom\u00e9stico na sa\u00fade do trabalhador. Com o lema &#8220;Prevenir \u00e9 um ato de amor&#8230; com voc\u00ea, com seu corpo e com todos que te amam\u201d, as equipes foram muito bem recebidas na unidade.<\/p>\n<p><!--more--><\/p>\n<p class=\"yiv7094946588MsoNormal\" style=\"text-align: justify;\">Ainda durante a a\u00e7\u00e3o, foi abordado o cuidado e aten\u00e7\u00e3o com a \u201cSa\u00fade Mental\u201d, explicando aos ouvintes sobre a necessidade de buscar ajuda no momento oportuno, al\u00e9m da import\u00e2ncia de notificar as doen\u00e7as relacionadas ao trabalho.<\/p>\n<p><img loading=\"lazy\" decoding=\"async\" class=\"alignnone size-full wp-image-392798 aligncenter\" src=\"https:\/\/www.oitaperunense.com.br\/site\/wp-content\/uploads\/2023\/08\/REN1.jpg\" alt=\"\" width=\"700\" height=\"496\" srcset=\"https:\/\/www.oitaperunense.com.br\/site\/wp-content\/uploads\/2023\/08\/REN1.jpg 700w, https:\/\/www.oitaperunense.com.br\/site\/wp-content\/uploads\/2023\/08\/REN1-300x213.jpg 300w\" sizes=\"auto, (max-width: 700px) 100vw, 700px\" \/><\/p>\n<p class=\"yiv7094946588MsoNormal\" style=\"text-align: justify;\">Tamb\u00e9m vale destacar a import\u00e2ncia de gerenciar o estresse, pois, o estresse emocional pode ter um impacto negativo na sa\u00fade mental. Dentre algumas dicas, encontre maneiras saud\u00e1veis de lidar com o estresse, como praticar t\u00e9cnicas de relaxamento, por exemplo. Mantenha um equil\u00edbrio saud\u00e1vel entre trabalho e vida pessoal, estabelecendo limites saud\u00e1veis. Aprenda a dizer &#8220;n\u00e3o&#8221; quando necess\u00e1rio e busque apoio quando sentir que est\u00e1 sobrecarregado.<\/p>\n<p class=\"yiv7094946588MsoNormal\" style=\"text-align: justify;\">O prefeito Alfredo Paulo Marques Rodrigues, Alfred\u00e3o; e o secret\u00e1rio Municipal de Sa\u00fade Marcelo Poeys seguem trabalhando com dedica\u00e7\u00e3o, objetivando a cada dia, ampliar e melhorar os servi\u00e7os e atendimentos aos mun\u00edcipes. &nbsp;<\/p>\n<p class=\"yiv7094946588MsoNormal\" style=\"text-align: justify;\">Acompanhe as not\u00edcias e informa\u00e7\u00f5es sobre a Secretaria Municipal de Sa\u00fade e demais secretarias, pelas redes sociais da Prefeitura de Itaperuna!<\/p>\n<p class=\"yiv7094946588MsoNormal\" style=\"text-align: justify;\"><b><i>Com informa\u00e7\u00f5es: DECOM\/Itaperuna\/RJ<\/i><\/b><\/p>\n","protected":false},"excerpt":{"rendered":"<p>A Secretaria Municipal de Sa\u00fade vem realizando uma s\u00e9rie de a\u00e7\u00f5es e palestras nas UBS (Unidade B\u00e1sica de Sa\u00fade), em bairros e distritos Na \u00faltima semana, a equipe do Programa Sa\u00fade do Trabalhador (PST), com o apoio de membros do Centro de Refer\u00eancia em Sa\u00fade do Trabalhador do Noroeste Fluminense (CEREST-No) realizaram importante a\u00e7\u00e3o na [&hellip;]<\/p>\n","protected":false},"author":19,"featured_media":392797,"comment_status":"open","ping_status":"closed","sticky":false,"template":"","format":"standard","meta":{"ngg_post_thumbnail":0,"footnotes":""},"categories":[113],"tags":[],"class_list":["post-392796","post","type-post","status-publish","format-standard","has-post-thumbnail","hentry","category-saude"],"yoast_head":"<!-- This site is optimized with the Yoast SEO plugin v20.11 - https:\/\/yoast.com\/wordpress\/plugins\/seo\/ -->\n<title>Itaperuna: PST e CEREST-No realizam a\u00e7\u00e3o na UBS S\u00e3o Matheus - O Itaperunense<\/title>\n<meta name=\"robots\" content=\"index, follow, max-snippet:-1, max-image-preview:large, max-video-preview:-1\" \/>\n<link rel=\"canonical\" href=\"https:\/\/www.oitaperunense.com.br\/site\/itaperuna-pst-e-cerest-no-realizam-acao-na-ubs-sao-matheus\/\" \/>\n<meta property=\"og:locale\" content=\"pt_BR\" \/>\n<meta property=\"og:type\" content=\"article\" \/>\n<meta property=\"og:title\" content=\"Itaperuna: PST e CEREST-No realizam a\u00e7\u00e3o na UBS S\u00e3o Matheus - O Itaperunense\" \/>\n<meta property=\"og:description\" content=\"A Secretaria Municipal de Sa\u00fade vem realizando uma s\u00e9rie de a\u00e7\u00f5es e palestras nas UBS (Unidade B\u00e1sica de Sa\u00fade), em bairros e distritos Na \u00faltima semana, a equipe do Programa Sa\u00fade do Trabalhador (PST), com o apoio de membros do Centro de Refer\u00eancia em Sa\u00fade do Trabalhador do Noroeste Fluminense (CEREST-No) realizaram importante a\u00e7\u00e3o na [&hellip;]\" \/>\n<meta property=\"og:url\" content=\"https:\/\/www.oitaperunense.com.br\/site\/itaperuna-pst-e-cerest-no-realizam-acao-na-ubs-sao-matheus\/\" \/>\n<meta property=\"og:site_name\" content=\"O Itaperunense\" \/>\n<meta property=\"article:publisher\" content=\"https:\/\/www.facebook.com\/jornaloitaperunense\" \/>\n<meta property=\"article:published_time\" content=\"2023-08-08T13:22:04+00:00\" \/>\n<meta property=\"og:image\" content=\"https:\/\/www.oitaperunense.com.br\/site\/wp-content\/uploads\/2023\/08\/REN2.jpg\" \/>\n\t<meta property=\"og:image:width\" content=\"700\" \/>\n\t<meta property=\"og:image:height\" content=\"436\" \/>\n\t<meta property=\"og:image:type\" content=\"image\/jpeg\" \/>\n<meta name=\"author\" content=\"Andr\u00e9\" \/>\n<meta name=\"twitter:card\" content=\"summary_large_image\" \/>\n<meta name=\"twitter:label1\" content=\"Escrito por\" \/>\n\t<meta name=\"twitter:data1\" content=\"Andr\u00e9\" \/>\n\t<meta name=\"twitter:label2\" content=\"Est. tempo de leitura\" \/>\n\t<meta name=\"twitter:data2\" content=\"2 minutos\" \/>\n<script type=\"application\/ld+json\" class=\"yoast-schema-graph\">{\"@context\":\"https:\/\/schema.org\",\"@graph\":[{\"@type\":\"WebPage\",\"@id\":\"https:\/\/www.oitaperunense.com.br\/site\/itaperuna-pst-e-cerest-no-realizam-acao-na-ubs-sao-matheus\/\",\"url\":\"https:\/\/www.oitaperunense.com.br\/site\/itaperuna-pst-e-cerest-no-realizam-acao-na-ubs-sao-matheus\/\",\"name\":\"Itaperuna: PST e CEREST-No realizam a\u00e7\u00e3o na UBS S\u00e3o Matheus - O Itaperunense\",\"isPartOf\":{\"@id\":\"https:\/\/www.oitaperunense.com.br\/site\/#website\"},\"datePublished\":\"2023-08-08T13:22:04+00:00\",\"dateModified\":\"2023-08-08T13:22:04+00:00\",\"author\":{\"@id\":\"https:\/\/www.oitaperunense.com.br\/site\/#\/schema\/person\/4a5b86c112157bc0a4492f4fd6b7939f\"},\"breadcrumb\":{\"@id\":\"https:\/\/www.oitaperunense.com.br\/site\/itaperuna-pst-e-cerest-no-realizam-acao-na-ubs-sao-matheus\/#breadcrumb\"},\"inLanguage\":\"pt-BR\",\"potentialAction\":[{\"@type\":\"ReadAction\",\"target\":[\"https:\/\/www.oitaperunense.com.br\/site\/itaperuna-pst-e-cerest-no-realizam-acao-na-ubs-sao-matheus\/\"]}]},{\"@type\":\"BreadcrumbList\",\"@id\":\"https:\/\/www.oitaperunense.com.br\/site\/itaperuna-pst-e-cerest-no-realizam-acao-na-ubs-sao-matheus\/#breadcrumb\",\"itemListElement\":[{\"@type\":\"ListItem\",\"position\":1,\"name\":\"Home\",\"item\":\"https:\/\/www.oitaperunense.com.br\/site\/\"},{\"@type\":\"ListItem\",\"position\":2,\"name\":\"Itaperuna: PST e CEREST-No realizam a\u00e7\u00e3o na UBS S\u00e3o Matheus\"}]},{\"@type\":\"WebSite\",\"@id\":\"https:\/\/www.oitaperunense.com.br\/site\/#website\",\"url\":\"https:\/\/www.oitaperunense.com.br\/site\/\",\"name\":\"O Itaperunense\",\"description\":\"\",\"potentialAction\":[{\"@type\":\"SearchAction\",\"target\":{\"@type\":\"EntryPoint\",\"urlTemplate\":\"https:\/\/www.oitaperunense.com.br\/site\/?s={search_term_string}\"},\"query-input\":\"required name=search_term_string\"}],\"inLanguage\":\"pt-BR\"},{\"@type\":\"Person\",\"@id\":\"https:\/\/www.oitaperunense.com.br\/site\/#\/schema\/person\/4a5b86c112157bc0a4492f4fd6b7939f\",\"name\":\"Andr\u00e9\",\"image\":{\"@type\":\"ImageObject\",\"inLanguage\":\"pt-BR\",\"@id\":\"https:\/\/www.oitaperunense.com.br\/site\/#\/schema\/person\/image\/\",\"url\":\"https:\/\/secure.gravatar.com\/avatar\/7a7a912ec2c8cd6a390040b03329ee7a71bbd5f81ac3557b6a68208f263fc97b?s=96&d=mm&r=g\",\"contentUrl\":\"https:\/\/secure.gravatar.com\/avatar\/7a7a912ec2c8cd6a390040b03329ee7a71bbd5f81ac3557b6a68208f263fc97b?s=96&d=mm&r=g\",\"caption\":\"Andr\u00e9\"},\"url\":\"https:\/\/www.oitaperunense.com.br\/site\/author\/andre\/\"}]}<\/script>\n<!-- \/ Yoast SEO plugin. -->","yoast_head_json":{"title":"Itaperuna: PST e CEREST-No realizam a\u00e7\u00e3o na UBS S\u00e3o Matheus - O Itaperunense","robots":{"index":"index","follow":"follow","max-snippet":"max-snippet:-1","max-image-preview":"max-image-preview:large","max-video-preview":"max-video-preview:-1"},"canonical":"https:\/\/www.oitaperunense.com.br\/site\/itaperuna-pst-e-cerest-no-realizam-acao-na-ubs-sao-matheus\/","og_locale":"pt_BR","og_type":"article","og_title":"Itaperuna: PST e CEREST-No realizam a\u00e7\u00e3o na UBS S\u00e3o Matheus - O Itaperunense","og_description":"A Secretaria Municipal de Sa\u00fade vem realizando uma s\u00e9rie de a\u00e7\u00f5es e palestras nas UBS (Unidade B\u00e1sica de Sa\u00fade), em bairros e distritos Na \u00faltima semana, a equipe do Programa Sa\u00fade do Trabalhador (PST), com o apoio de membros do Centro de Refer\u00eancia em Sa\u00fade do Trabalhador do Noroeste Fluminense (CEREST-No) realizaram importante a\u00e7\u00e3o na [&hellip;]","og_url":"https:\/\/www.oitaperunense.com.br\/site\/itaperuna-pst-e-cerest-no-realizam-acao-na-ubs-sao-matheus\/","og_site_name":"O Itaperunense","article_publisher":"https:\/\/www.facebook.com\/jornaloitaperunense","article_published_time":"2023-08-08T13:22:04+00:00","og_image":[{"width":700,"height":436,"url":"https:\/\/www.oitaperunense.com.br\/site\/wp-content\/uploads\/2023\/08\/REN2.jpg","type":"image\/jpeg"}],"author":"Andr\u00e9","twitter_card":"summary_large_image","twitter_misc":{"Escrito por":"Andr\u00e9","Est. tempo de leitura":"2 minutos"},"schema":{"@context":"https:\/\/schema.org","@graph":[{"@type":"WebPage","@id":"https:\/\/www.oitaperunense.com.br\/site\/itaperuna-pst-e-cerest-no-realizam-acao-na-ubs-sao-matheus\/","url":"https:\/\/www.oitaperunense.com.br\/site\/itaperuna-pst-e-cerest-no-realizam-acao-na-ubs-sao-matheus\/","name":"Itaperuna: PST e CEREST-No realizam a\u00e7\u00e3o na UBS S\u00e3o Matheus - O Itaperunense","isPartOf":{"@id":"https:\/\/www.oitaperunense.com.br\/site\/#website"},"datePublished":"2023-08-08T13:22:04+00:00","dateModified":"2023-08-08T13:22:04+00:00","author":{"@id":"https:\/\/www.oitaperunense.com.br\/site\/#\/schema\/person\/4a5b86c112157bc0a4492f4fd6b7939f"},"breadcrumb":{"@id":"https:\/\/www.oitaperunense.com.br\/site\/itaperuna-pst-e-cerest-no-realizam-acao-na-ubs-sao-matheus\/#breadcrumb"},"inLanguage":"pt-BR","potentialAction":[{"@type":"ReadAction","target":["https:\/\/www.oitaperunense.com.br\/site\/itaperuna-pst-e-cerest-no-realizam-acao-na-ubs-sao-matheus\/"]}]},{"@type":"BreadcrumbList","@id":"https:\/\/www.oitaperunense.com.br\/site\/itaperuna-pst-e-cerest-no-realizam-acao-na-ubs-sao-matheus\/#breadcrumb","itemListElement":[{"@type":"ListItem","position":1,"name":"Home","item":"https:\/\/www.oitaperunense.com.br\/site\/"},{"@type":"ListItem","position":2,"name":"Itaperuna: PST e CEREST-No realizam a\u00e7\u00e3o na UBS S\u00e3o Matheus"}]},{"@type":"WebSite","@id":"https:\/\/www.oitaperunense.com.br\/site\/#website","url":"https:\/\/www.oitaperunense.com.br\/site\/","name":"O Itaperunense","description":"","potentialAction":[{"@type":"SearchAction","target":{"@type":"EntryPoint","urlTemplate":"https:\/\/www.oitaperunense.com.br\/site\/?s={search_term_string}"},"query-input":"required name=search_term_string"}],"inLanguage":"pt-BR"},{"@type":"Person","@id":"https:\/\/www.oitaperunense.com.br\/site\/#\/schema\/person\/4a5b86c112157bc0a4492f4fd6b7939f","name":"Andr\u00e9","image":{"@type":"ImageObject","inLanguage":"pt-BR","@id":"https:\/\/www.oitaperunense.com.br\/site\/#\/schema\/person\/image\/","url":"https:\/\/secure.gravatar.com\/avatar\/7a7a912ec2c8cd6a390040b03329ee7a71bbd5f81ac3557b6a68208f263fc97b?s=96&d=mm&r=g","contentUrl":"https:\/\/secure.gravatar.com\/avatar\/7a7a912ec2c8cd6a390040b03329ee7a71bbd5f81ac3557b6a68208f263fc97b?s=96&d=mm&r=g","caption":"Andr\u00e9"},"url":"https:\/\/www.oitaperunense.com.br\/site\/author\/andre\/"}]}},"cc_featured_image_caption":{"caption_text":"","source_text":"","source_url":""},"_links":{"self":[{"href":"https:\/\/www.oitaperunense.com.br\/site\/wp-json\/wp\/v2\/posts\/392796","targetHints":{"allow":["GET"]}}],"collection":[{"href":"https:\/\/www.oitaperunense.com.br\/site\/wp-json\/wp\/v2\/posts"}],"about":[{"href":"https:\/\/www.oitaperunense.com.br\/site\/wp-json\/wp\/v2\/types\/post"}],"author":[{"embeddable":true,"href":"https:\/\/www.oitaperunense.com.br\/site\/wp-json\/wp\/v2\/users\/19"}],"replies":[{"embeddable":true,"href":"https:\/\/www.oitaperunense.com.br\/site\/wp-json\/wp\/v2\/comments?post=392796"}],"version-history":[{"count":2,"href":"https:\/\/www.oitaperunense.com.br\/site\/wp-json\/wp\/v2\/posts\/392796\/revisions"}],"predecessor-version":[{"id":392800,"href":"https:\/\/www.oitaperunense.com.br\/site\/wp-json\/wp\/v2\/posts\/392796\/revisions\/392800"}],"wp:featuredmedia":[{"embeddable":true,"href":"https:\/\/www.oitaperunense.com.br\/site\/wp-json\/wp\/v2\/media\/392797"}],"wp:attachment":[{"href":"https:\/\/www.oitaperunense.com.br\/site\/wp-json\/wp\/v2\/media?parent=392796"}],"wp:term":[{"taxonomy":"category","embeddable":true,"href":"https:\/\/www.oitaperunense.com.br\/site\/wp-json\/wp\/v2\/categories?post=392796"},{"taxonomy":"post_tag","embeddable":true,"href":"https:\/\/www.oitaperunense.com.br\/site\/wp-json\/wp\/v2\/tags?post=392796"}],"curies":[{"name":"wp","href":"https:\/\/api.w.org\/{rel}","templated":true}]}}