{"id":392774,"date":"2023-08-01T13:26:24","date_gmt":"2023-08-01T16:26:24","guid":{"rendered":"https:\/\/www.oitaperunense.com.br\/site\/?p=392774"},"modified":"2023-08-01T13:26:24","modified_gmt":"2023-08-01T16:26:24","slug":"isencao-federal-para-comercio-eletronico-entra-em-vigor-nesta-terca","status":"publish","type":"post","link":"https:\/\/www.oitaperunense.com.br\/site\/isencao-federal-para-comercio-eletronico-entra-em-vigor-nesta-terca\/","title":{"rendered":"Isen\u00e7\u00e3o federal para com\u00e9rcio eletr\u00f4nico entra em vigor nesta ter\u00e7a"},"content":{"rendered":"<p style=\"text-align: center;\"><strong>Compras online de at\u00e9 US$ 50 pagar\u00e3o apenas ICMS na importa\u00e7\u00e3o<\/strong><\/p>\n<p style=\"text-align: justify;\">Celebrada pelos sites de compras e questionada pelas entidades ligadas ao varejo, a isen\u00e7\u00e3o federal para compras online de at\u00e9 US$ 50 entra em vigor nesta ter\u00e7a-feira (1\u00ba). A portaria foi publicada no fim de junho. Em troca da isen\u00e7\u00e3o, as empresas dever\u00e3o entrar no programa de conformidade da Receita Federal, regulamentado por uma instru\u00e7\u00e3o normativa. A p\u00e1gina de com\u00e9rcio eletr\u00f4nico que aderir ao programa da Receita, chamado de Remessa Conforme, tamb\u00e9m ter\u00e1 acesso a uma declara\u00e7\u00e3o antecipada que permitir\u00e1 o ingresso mais r\u00e1pido da mercadoria no pa\u00eds.<\/p>\n<p><!--more--><\/p>\n<p style=\"text-align: justify;\">Caso as empresas n\u00e3o ingressem do programa, haver\u00e1 cobran\u00e7a de al\u00edquota de 60% de Imposto de Importa\u00e7\u00e3o, como ocorre com as compras acima de US$ 50. A isen\u00e7\u00e3o para compras at\u00e9 US$ 50 ser\u00e1 apenas para tributos federais. Todas as encomendas de empresas para pessoas f\u00edsicas que aderirem ao Remessa Conforme pagar\u00e3o 17% de Imposto sobre Com\u00e9rcio de Mercadorias e Servi\u00e7os (ICMS), tributo arrecadado pelos estados.<\/p>\n<p style=\"text-align: justify;\">A cobran\u00e7a de ICMS foi regulamentada em junho pelo Conselho Nacional de Pol\u00edtica Fazend\u00e1ria (Confaz), \u00f3rg\u00e3o que re\u00fane as Secretarias Estaduais de Fazenda, ajuda a resolver as finan\u00e7as dos estados.<\/p>\n<p><strong>Modelo antigo<\/strong><\/p>\n<p style=\"text-align: justify;\">No modelo antigo, as remessas de empresas para pessoas f\u00edsicas do exterior n\u00e3o eram isentas, estando sujeitas \u00e0 al\u00edquota de 60% de Imposto de Importa\u00e7\u00e3o. Para encomendas entre US$ 500 e US$ 3 mil, tamb\u00e9m havia a cobran\u00e7a de ICMS. No entanto, a cobran\u00e7a era feita raramente sobre mercadorias de pequeno valor porque dependia de fiscaliza\u00e7\u00e3o da Receita Federal sobre as encomendas dos Correios.<\/p>\n<p style=\"text-align: justify;\">No modelo antigo, o Imposto de Importa\u00e7\u00e3o n\u00e3o era cobrado em duas situa\u00e7\u00f5es. A primeira \u00e9 a isen\u00e7\u00e3o estabelecida por lei para livros, revistas (e demais publica\u00e7\u00f5es peri\u00f3dicas) e rem\u00e9dios. No caso dos medicamentos, compras por pessoas f\u00edsicas de at\u00e9 US$ 10 mil s\u00e3o isentas, com o produto liberado somente se cumprir os padr\u00f5es da Ag\u00eancia Nacional de Vigil\u00e2ncia Sanit\u00e1ria (Anvisa). Essas isen\u00e7\u00f5es foram mantidas nas novas regras porque s\u00e3o definidas por lei e n\u00e3o podem ser regulamentadas por portaria.<\/p>\n<p style=\"text-align: justify;\">A portaria, no entanto, ampliou a isen\u00e7\u00e3o para encomendas de at\u00e9 US$ 50. O benef\u00edcio, at\u00e9 agora, s\u00f3 era concedido se a remessa ocorresse entre duas pessoas f\u00edsicas, sem fins comerciais. Essa isen\u00e7\u00e3o, no entanto, gerou problemas porque diversos sites aproveitam a brecha para se passarem por pessoas f\u00edsicas e evitarem o pagamento de imposto.<\/p>\n<p><strong>Primeira fase<\/strong><\/p>\n<p style=\"text-align: justify;\">No fim de junho, o ministro da Fazenda, Fernando Haddad, tinha informado que a isen\u00e7\u00e3o representa apenas a primeira etapa da regulariza\u00e7\u00e3o do com\u00e9rcio eletr\u00f4nico. Segundo o ministro, uma segunda etapa estabelecer\u00e1, em definitivo, um modelo de tributa\u00e7\u00e3o federal para a importa\u00e7\u00e3o online, mas ele n\u00e3o esclareceu se as compras de at\u00e9 US$ 50 voltar\u00e3o a ser tributadas.<\/p>\n<p style=\"text-align: justify;\">De acordo com Haddad, a segunda etapa do que chamou de \u201cplano de conformidade\u201d buscar\u00e1 preservar o equil\u00edbrio entre os produtores nacionais e as lojas online que vendem produtos importados. A prioridade, destacou Haddad, ser\u00e1 impedir pr\u00e1ticas de concorr\u00eancia desleal.<\/p>\n<p><strong>Resist\u00eancia<\/strong><\/p>\n<p style=\"text-align: justify;\">Nos \u00faltimos meses, Haddad reuniu-se com varejistas estrangeiras de com\u00e9rcio eletr\u00f4nico e com representantes do varejo nacional. A isen\u00e7\u00e3o federal preocupa a ind\u00fastria e o com\u00e9rcio brasileiro, que alegam competi\u00e7\u00e3o desleal com os produtos importados e amea\u00e7a a postos de trabalho.<\/p>\n<p style=\"text-align: justify;\">H\u00e1 duas semanas, a Confedera\u00e7\u00e3o Nacional da Ind\u00fastria (CNI) e o Instituto para Desenvolvimento do Varejo (IDV) apresentaram um estudo segundo o qual a medida provocar\u00e1 a extin\u00e7\u00e3o de at\u00e9 2,5 milh\u00f5es de empregos no segundo semestre. Segundo o levantamento, o varejo demitiria 2 milh\u00f5es de trabalhadores at\u00e9 o fim do ano e a ind\u00fastria, 500 mil. As entidades pediram a retomada da taxa\u00e7\u00e3o dessa faixa de compra, para evitar preju\u00edzos \u00e0 economia.<\/p>\n<p>&nbsp;A&nbsp;<a href=\"https:\/\/agenciabrasil.ebc.com.br\/economia\/noticia\/2023-06\/compras-de-ate-us-50-pela-internet-ficam-livres-de-taxacao\" target=\"_blank\" rel=\"noopener\">portaria&nbsp;<\/a><\/p>\n<p><strong>Edi\u00e7\u00e3o: N\u00e1dia Franco\/Ag\u00eancia Brasil\/Imagem: Marcello Casal jr\/Ag\u00eancia Brasil<\/strong><\/p>\n","protected":false},"excerpt":{"rendered":"<p>Compras online de at\u00e9 US$ 50 pagar\u00e3o apenas ICMS na importa\u00e7\u00e3o Celebrada pelos sites de compras e questionada pelas entidades ligadas ao varejo, a isen\u00e7\u00e3o federal para compras online de at\u00e9 US$ 50 entra em vigor nesta ter\u00e7a-feira (1\u00ba). A portaria foi publicada no fim de junho. Em troca da isen\u00e7\u00e3o, as empresas dever\u00e3o entrar [&hellip;]<\/p>\n","protected":false},"author":19,"featured_media":392775,"comment_status":"open","ping_status":"closed","sticky":false,"template":"","format":"standard","meta":{"ngg_post_thumbnail":0,"footnotes":""},"categories":[8],"tags":[],"class_list":["post-392774","post","type-post","status-publish","format-standard","has-post-thumbnail","hentry","category-brasil"],"yoast_head":"<!-- This site is optimized with the Yoast SEO plugin v20.11 - https:\/\/yoast.com\/wordpress\/plugins\/seo\/ -->\n<title>Isen\u00e7\u00e3o federal para com\u00e9rcio eletr\u00f4nico entra em vigor nesta ter\u00e7a - O Itaperunense<\/title>\n<meta name=\"robots\" content=\"index, follow, max-snippet:-1, max-image-preview:large, max-video-preview:-1\" \/>\n<link rel=\"canonical\" href=\"https:\/\/www.oitaperunense.com.br\/site\/isencao-federal-para-comercio-eletronico-entra-em-vigor-nesta-terca\/\" \/>\n<meta property=\"og:locale\" content=\"pt_BR\" \/>\n<meta property=\"og:type\" content=\"article\" \/>\n<meta property=\"og:title\" content=\"Isen\u00e7\u00e3o federal para com\u00e9rcio eletr\u00f4nico entra em vigor nesta ter\u00e7a - O Itaperunense\" \/>\n<meta property=\"og:description\" content=\"Compras online de at\u00e9 US$ 50 pagar\u00e3o apenas ICMS na importa\u00e7\u00e3o Celebrada pelos sites de compras e questionada pelas entidades ligadas ao varejo, a isen\u00e7\u00e3o federal para compras online de at\u00e9 US$ 50 entra em vigor nesta ter\u00e7a-feira (1\u00ba). A portaria foi publicada no fim de junho. Em troca da isen\u00e7\u00e3o, as empresas dever\u00e3o entrar [&hellip;]\" \/>\n<meta property=\"og:url\" content=\"https:\/\/www.oitaperunense.com.br\/site\/isencao-federal-para-comercio-eletronico-entra-em-vigor-nesta-terca\/\" \/>\n<meta property=\"og:site_name\" content=\"O Itaperunense\" \/>\n<meta property=\"article:publisher\" content=\"https:\/\/www.facebook.com\/jornaloitaperunense\" \/>\n<meta property=\"article:published_time\" content=\"2023-08-01T16:26:24+00:00\" \/>\n<meta property=\"og:image\" content=\"https:\/\/www.oitaperunense.com.br\/site\/wp-content\/uploads\/2023\/08\/AG2.jpg\" \/>\n\t<meta property=\"og:image:width\" content=\"700\" \/>\n\t<meta property=\"og:image:height\" content=\"419\" \/>\n\t<meta property=\"og:image:type\" content=\"image\/jpeg\" \/>\n<meta name=\"author\" content=\"Andr\u00e9\" \/>\n<meta name=\"twitter:card\" content=\"summary_large_image\" \/>\n<meta name=\"twitter:label1\" content=\"Escrito por\" \/>\n\t<meta name=\"twitter:data1\" content=\"Andr\u00e9\" \/>\n\t<meta name=\"twitter:label2\" content=\"Est. tempo de leitura\" \/>\n\t<meta name=\"twitter:data2\" content=\"4 minutos\" \/>\n<script type=\"application\/ld+json\" class=\"yoast-schema-graph\">{\"@context\":\"https:\/\/schema.org\",\"@graph\":[{\"@type\":\"WebPage\",\"@id\":\"https:\/\/www.oitaperunense.com.br\/site\/isencao-federal-para-comercio-eletronico-entra-em-vigor-nesta-terca\/\",\"url\":\"https:\/\/www.oitaperunense.com.br\/site\/isencao-federal-para-comercio-eletronico-entra-em-vigor-nesta-terca\/\",\"name\":\"Isen\u00e7\u00e3o federal para com\u00e9rcio eletr\u00f4nico entra em vigor nesta ter\u00e7a - O Itaperunense\",\"isPartOf\":{\"@id\":\"https:\/\/www.oitaperunense.com.br\/site\/#website\"},\"datePublished\":\"2023-08-01T16:26:24+00:00\",\"dateModified\":\"2023-08-01T16:26:24+00:00\",\"author\":{\"@id\":\"https:\/\/www.oitaperunense.com.br\/site\/#\/schema\/person\/4a5b86c112157bc0a4492f4fd6b7939f\"},\"breadcrumb\":{\"@id\":\"https:\/\/www.oitaperunense.com.br\/site\/isencao-federal-para-comercio-eletronico-entra-em-vigor-nesta-terca\/#breadcrumb\"},\"inLanguage\":\"pt-BR\",\"potentialAction\":[{\"@type\":\"ReadAction\",\"target\":[\"https:\/\/www.oitaperunense.com.br\/site\/isencao-federal-para-comercio-eletronico-entra-em-vigor-nesta-terca\/\"]}]},{\"@type\":\"BreadcrumbList\",\"@id\":\"https:\/\/www.oitaperunense.com.br\/site\/isencao-federal-para-comercio-eletronico-entra-em-vigor-nesta-terca\/#breadcrumb\",\"itemListElement\":[{\"@type\":\"ListItem\",\"position\":1,\"name\":\"Home\",\"item\":\"https:\/\/www.oitaperunense.com.br\/site\/\"},{\"@type\":\"ListItem\",\"position\":2,\"name\":\"Isen\u00e7\u00e3o federal para com\u00e9rcio eletr\u00f4nico entra em vigor nesta ter\u00e7a\"}]},{\"@type\":\"WebSite\",\"@id\":\"https:\/\/www.oitaperunense.com.br\/site\/#website\",\"url\":\"https:\/\/www.oitaperunense.com.br\/site\/\",\"name\":\"O Itaperunense\",\"description\":\"\",\"potentialAction\":[{\"@type\":\"SearchAction\",\"target\":{\"@type\":\"EntryPoint\",\"urlTemplate\":\"https:\/\/www.oitaperunense.com.br\/site\/?s={search_term_string}\"},\"query-input\":\"required name=search_term_string\"}],\"inLanguage\":\"pt-BR\"},{\"@type\":\"Person\",\"@id\":\"https:\/\/www.oitaperunense.com.br\/site\/#\/schema\/person\/4a5b86c112157bc0a4492f4fd6b7939f\",\"name\":\"Andr\u00e9\",\"image\":{\"@type\":\"ImageObject\",\"inLanguage\":\"pt-BR\",\"@id\":\"https:\/\/www.oitaperunense.com.br\/site\/#\/schema\/person\/image\/\",\"url\":\"https:\/\/secure.gravatar.com\/avatar\/7a7a912ec2c8cd6a390040b03329ee7a71bbd5f81ac3557b6a68208f263fc97b?s=96&d=mm&r=g\",\"contentUrl\":\"https:\/\/secure.gravatar.com\/avatar\/7a7a912ec2c8cd6a390040b03329ee7a71bbd5f81ac3557b6a68208f263fc97b?s=96&d=mm&r=g\",\"caption\":\"Andr\u00e9\"},\"url\":\"https:\/\/www.oitaperunense.com.br\/site\/author\/andre\/\"}]}<\/script>\n<!-- \/ Yoast SEO plugin. -->","yoast_head_json":{"title":"Isen\u00e7\u00e3o federal para com\u00e9rcio eletr\u00f4nico entra em vigor nesta ter\u00e7a - O Itaperunense","robots":{"index":"index","follow":"follow","max-snippet":"max-snippet:-1","max-image-preview":"max-image-preview:large","max-video-preview":"max-video-preview:-1"},"canonical":"https:\/\/www.oitaperunense.com.br\/site\/isencao-federal-para-comercio-eletronico-entra-em-vigor-nesta-terca\/","og_locale":"pt_BR","og_type":"article","og_title":"Isen\u00e7\u00e3o federal para com\u00e9rcio eletr\u00f4nico entra em vigor nesta ter\u00e7a - O Itaperunense","og_description":"Compras online de at\u00e9 US$ 50 pagar\u00e3o apenas ICMS na importa\u00e7\u00e3o Celebrada pelos sites de compras e questionada pelas entidades ligadas ao varejo, a isen\u00e7\u00e3o federal para compras online de at\u00e9 US$ 50 entra em vigor nesta ter\u00e7a-feira (1\u00ba). A portaria foi publicada no fim de junho. Em troca da isen\u00e7\u00e3o, as empresas dever\u00e3o entrar [&hellip;]","og_url":"https:\/\/www.oitaperunense.com.br\/site\/isencao-federal-para-comercio-eletronico-entra-em-vigor-nesta-terca\/","og_site_name":"O Itaperunense","article_publisher":"https:\/\/www.facebook.com\/jornaloitaperunense","article_published_time":"2023-08-01T16:26:24+00:00","og_image":[{"width":700,"height":419,"url":"https:\/\/www.oitaperunense.com.br\/site\/wp-content\/uploads\/2023\/08\/AG2.jpg","type":"image\/jpeg"}],"author":"Andr\u00e9","twitter_card":"summary_large_image","twitter_misc":{"Escrito por":"Andr\u00e9","Est. tempo de leitura":"4 minutos"},"schema":{"@context":"https:\/\/schema.org","@graph":[{"@type":"WebPage","@id":"https:\/\/www.oitaperunense.com.br\/site\/isencao-federal-para-comercio-eletronico-entra-em-vigor-nesta-terca\/","url":"https:\/\/www.oitaperunense.com.br\/site\/isencao-federal-para-comercio-eletronico-entra-em-vigor-nesta-terca\/","name":"Isen\u00e7\u00e3o federal para com\u00e9rcio eletr\u00f4nico entra em vigor nesta ter\u00e7a - O Itaperunense","isPartOf":{"@id":"https:\/\/www.oitaperunense.com.br\/site\/#website"},"datePublished":"2023-08-01T16:26:24+00:00","dateModified":"2023-08-01T16:26:24+00:00","author":{"@id":"https:\/\/www.oitaperunense.com.br\/site\/#\/schema\/person\/4a5b86c112157bc0a4492f4fd6b7939f"},"breadcrumb":{"@id":"https:\/\/www.oitaperunense.com.br\/site\/isencao-federal-para-comercio-eletronico-entra-em-vigor-nesta-terca\/#breadcrumb"},"inLanguage":"pt-BR","potentialAction":[{"@type":"ReadAction","target":["https:\/\/www.oitaperunense.com.br\/site\/isencao-federal-para-comercio-eletronico-entra-em-vigor-nesta-terca\/"]}]},{"@type":"BreadcrumbList","@id":"https:\/\/www.oitaperunense.com.br\/site\/isencao-federal-para-comercio-eletronico-entra-em-vigor-nesta-terca\/#breadcrumb","itemListElement":[{"@type":"ListItem","position":1,"name":"Home","item":"https:\/\/www.oitaperunense.com.br\/site\/"},{"@type":"ListItem","position":2,"name":"Isen\u00e7\u00e3o federal para com\u00e9rcio eletr\u00f4nico entra em vigor nesta ter\u00e7a"}]},{"@type":"WebSite","@id":"https:\/\/www.oitaperunense.com.br\/site\/#website","url":"https:\/\/www.oitaperunense.com.br\/site\/","name":"O Itaperunense","description":"","potentialAction":[{"@type":"SearchAction","target":{"@type":"EntryPoint","urlTemplate":"https:\/\/www.oitaperunense.com.br\/site\/?s={search_term_string}"},"query-input":"required name=search_term_string"}],"inLanguage":"pt-BR"},{"@type":"Person","@id":"https:\/\/www.oitaperunense.com.br\/site\/#\/schema\/person\/4a5b86c112157bc0a4492f4fd6b7939f","name":"Andr\u00e9","image":{"@type":"ImageObject","inLanguage":"pt-BR","@id":"https:\/\/www.oitaperunense.com.br\/site\/#\/schema\/person\/image\/","url":"https:\/\/secure.gravatar.com\/avatar\/7a7a912ec2c8cd6a390040b03329ee7a71bbd5f81ac3557b6a68208f263fc97b?s=96&d=mm&r=g","contentUrl":"https:\/\/secure.gravatar.com\/avatar\/7a7a912ec2c8cd6a390040b03329ee7a71bbd5f81ac3557b6a68208f263fc97b?s=96&d=mm&r=g","caption":"Andr\u00e9"},"url":"https:\/\/www.oitaperunense.com.br\/site\/author\/andre\/"}]}},"cc_featured_image_caption":{"caption_text":"","source_text":"","source_url":""},"_links":{"self":[{"href":"https:\/\/www.oitaperunense.com.br\/site\/wp-json\/wp\/v2\/posts\/392774","targetHints":{"allow":["GET"]}}],"collection":[{"href":"https:\/\/www.oitaperunense.com.br\/site\/wp-json\/wp\/v2\/posts"}],"about":[{"href":"https:\/\/www.oitaperunense.com.br\/site\/wp-json\/wp\/v2\/types\/post"}],"author":[{"embeddable":true,"href":"https:\/\/www.oitaperunense.com.br\/site\/wp-json\/wp\/v2\/users\/19"}],"replies":[{"embeddable":true,"href":"https:\/\/www.oitaperunense.com.br\/site\/wp-json\/wp\/v2\/comments?post=392774"}],"version-history":[{"count":1,"href":"https:\/\/www.oitaperunense.com.br\/site\/wp-json\/wp\/v2\/posts\/392774\/revisions"}],"predecessor-version":[{"id":392776,"href":"https:\/\/www.oitaperunense.com.br\/site\/wp-json\/wp\/v2\/posts\/392774\/revisions\/392776"}],"wp:featuredmedia":[{"embeddable":true,"href":"https:\/\/www.oitaperunense.com.br\/site\/wp-json\/wp\/v2\/media\/392775"}],"wp:attachment":[{"href":"https:\/\/www.oitaperunense.com.br\/site\/wp-json\/wp\/v2\/media?parent=392774"}],"wp:term":[{"taxonomy":"category","embeddable":true,"href":"https:\/\/www.oitaperunense.com.br\/site\/wp-json\/wp\/v2\/categories?post=392774"},{"taxonomy":"post_tag","embeddable":true,"href":"https:\/\/www.oitaperunense.com.br\/site\/wp-json\/wp\/v2\/tags?post=392774"}],"curies":[{"name":"wp","href":"https:\/\/api.w.org\/{rel}","templated":true}]}}