{"id":392754,"date":"2023-07-31T12:31:11","date_gmt":"2023-07-31T15:31:11","guid":{"rendered":"https:\/\/www.oitaperunense.com.br\/site\/?p=392754"},"modified":"2023-07-31T12:31:11","modified_gmt":"2023-07-31T15:31:11","slug":"procon-rj-inicia-mais-uma-etapa-da-campanha-renegocia","status":"publish","type":"post","link":"https:\/\/www.oitaperunense.com.br\/site\/procon-rj-inicia-mais-uma-etapa-da-campanha-renegocia\/","title":{"rendered":"Procon-RJ inicia mais uma etapa da campanha RENEGOCIA"},"content":{"rendered":"<p style=\"text-align: center;\"><strong>Consumidores endividados poder\u00e3o tratar dos d\u00e9bitos com concession\u00e1rias de luz, \u00e1gua e g\u00e1s<\/strong><\/p>\n<p style=\"text-align: justify;\">O Procon do Estado do Rio de Janeiro inicia, nesta segunda-feira (31), mais uma etapa da a\u00e7\u00e3o RENEGOCIA!. Os consumidores poder\u00e3o tratar dos d\u00e9bitos com concession\u00e1rias de luz, \u00e1gua e g\u00e1s. Na primeira semana das negocia\u00e7\u00f5es, iniciada dia 24, foram alcan\u00e7ados cerca de 45% de acordos com descontos que chegaram, em alguns casos, a 95% sobre o valor da d\u00edvida com bancos.<\/p>\n<p><!--more--><\/p>\n<p style=\"text-align: justify;\">A a\u00e7\u00e3o acontece em apoio \u00e0 Secretaria Nacional do Consumidor-Senacon at\u00e9 o dia 11 de agosto. O objetivo \u00e9 atender consumidores que buscam renegocia\u00e7\u00f5es de d\u00e9bitos com institui\u00e7\u00f5es banc\u00e1rias, concession\u00e1rias de servi\u00e7os p\u00fablicos, al\u00e9m de empresas de telecomunica\u00e7\u00f5es. Na \u00faltima semana da campanha, empresas de telefonia estar\u00e3o dispon\u00edveis para o tratamento de pend\u00eancias financeiras.<\/p>\n<p style=\"text-align: justify;\">&#8211; Nesse mutir\u00e3o, estamos buscando identificar os casos de superendividamento, que s\u00e3o mais complexos, pois o montante da d\u00edvida compromete o m\u00ednimo existencial e encaminhando os consumidores para tratamento do caso junto ao nosso N\u00facleo Especializado- explica C\u00e1ssio Coelho, Presidente do Procon Estadual.<\/p>\n<p style=\"text-align: justify;\">Ao final, todos os acordos e dados apurados no mutir\u00e3o, ser\u00e3o enviados para a Secretaria Nacional do consumidor &#8211; SENACON, do Minist\u00e9rio da Justi\u00e7a. Os consumidores identificados como casos de superendividamento, s\u00e3o encaminhados ao N\u00facleo de Tratamento ao Consumidor Superendividado, na sede do Procon RJ.<\/p>\n<p style=\"text-align: justify;\">O mutir\u00e3o ocorre de segunda \u00e0 sexta, na Av. Rio Branco 25 (5\u2070 andar), com distribui\u00e7\u00e3o de senhas de 10h \u00e0s 15h.<\/p>\n<p style=\"text-align: justify;\"><strong>Cartilha para endividados<\/strong><\/p>\n<p style=\"text-align: justify;\">O Procon-RJ lan\u00e7ou ainda uma cartilha de orienta\u00e7\u00f5es aos consumidores superendividados sobre o tratamento, identifica\u00e7\u00e3o e preven\u00e7\u00e3o de d\u00edvidas, conforme a Lei Federal 14.181 de 2021.&nbsp;O material poder\u00e1 ser acessado atrav\u00e9s do link:&nbsp;<a href=\"https:\/\/bit.ly\/Cartilha-Orienta%C3%A7%C3%B5es-ao-Consumidor-Superendividado\" target=\"_blank\" rel=\"noopener\">https:\/\/bit.ly\/Cartilha-Orienta\u00e7\u00f5es-ao-Consumidor-Superendividado<\/a>.<\/p>\n<p><strong>Imagem: Divulga\u00e7\u00e3o<\/strong><\/p>\n","protected":false},"excerpt":{"rendered":"<p>Consumidores endividados poder\u00e3o tratar dos d\u00e9bitos com concession\u00e1rias de luz, \u00e1gua e g\u00e1s O Procon do Estado do Rio de Janeiro inicia, nesta segunda-feira (31), mais uma etapa da a\u00e7\u00e3o RENEGOCIA!. Os consumidores poder\u00e3o tratar dos d\u00e9bitos com concession\u00e1rias de luz, \u00e1gua e g\u00e1s. Na primeira semana das negocia\u00e7\u00f5es, iniciada dia 24, foram alcan\u00e7ados cerca [&hellip;]<\/p>\n","protected":false},"author":19,"featured_media":392755,"comment_status":"open","ping_status":"closed","sticky":false,"template":"","format":"standard","meta":{"ngg_post_thumbnail":0,"footnotes":""},"categories":[91],"tags":[],"class_list":["post-392754","post","type-post","status-publish","format-standard","has-post-thumbnail","hentry","category-geral"],"yoast_head":"<!-- This site is optimized with the Yoast SEO plugin v20.11 - https:\/\/yoast.com\/wordpress\/plugins\/seo\/ -->\n<title>Procon-RJ inicia mais uma etapa da campanha RENEGOCIA - O Itaperunense<\/title>\n<meta name=\"robots\" content=\"index, follow, max-snippet:-1, max-image-preview:large, max-video-preview:-1\" \/>\n<link rel=\"canonical\" href=\"https:\/\/www.oitaperunense.com.br\/site\/procon-rj-inicia-mais-uma-etapa-da-campanha-renegocia\/\" \/>\n<meta property=\"og:locale\" content=\"pt_BR\" \/>\n<meta property=\"og:type\" content=\"article\" \/>\n<meta property=\"og:title\" content=\"Procon-RJ inicia mais uma etapa da campanha RENEGOCIA - O Itaperunense\" \/>\n<meta property=\"og:description\" content=\"Consumidores endividados poder\u00e3o tratar dos d\u00e9bitos com concession\u00e1rias de luz, \u00e1gua e g\u00e1s O Procon do Estado do Rio de Janeiro inicia, nesta segunda-feira (31), mais uma etapa da a\u00e7\u00e3o RENEGOCIA!. Os consumidores poder\u00e3o tratar dos d\u00e9bitos com concession\u00e1rias de luz, \u00e1gua e g\u00e1s. Na primeira semana das negocia\u00e7\u00f5es, iniciada dia 24, foram alcan\u00e7ados cerca [&hellip;]\" \/>\n<meta property=\"og:url\" content=\"https:\/\/www.oitaperunense.com.br\/site\/procon-rj-inicia-mais-uma-etapa-da-campanha-renegocia\/\" \/>\n<meta property=\"og:site_name\" content=\"O Itaperunense\" \/>\n<meta property=\"article:publisher\" content=\"https:\/\/www.facebook.com\/jornaloitaperunense\" \/>\n<meta property=\"article:published_time\" content=\"2023-07-31T15:31:11+00:00\" \/>\n<meta property=\"og:image\" content=\"https:\/\/www.oitaperunense.com.br\/site\/wp-content\/uploads\/2023\/07\/CE7.jpg\" \/>\n\t<meta property=\"og:image:width\" content=\"700\" \/>\n\t<meta property=\"og:image:height\" content=\"469\" \/>\n\t<meta property=\"og:image:type\" content=\"image\/jpeg\" \/>\n<meta name=\"author\" content=\"Andr\u00e9\" \/>\n<meta name=\"twitter:card\" content=\"summary_large_image\" \/>\n<meta name=\"twitter:label1\" content=\"Escrito por\" \/>\n\t<meta name=\"twitter:data1\" content=\"Andr\u00e9\" \/>\n\t<meta name=\"twitter:label2\" content=\"Est. tempo de leitura\" \/>\n\t<meta name=\"twitter:data2\" content=\"2 minutos\" \/>\n<script type=\"application\/ld+json\" class=\"yoast-schema-graph\">{\"@context\":\"https:\/\/schema.org\",\"@graph\":[{\"@type\":\"WebPage\",\"@id\":\"https:\/\/www.oitaperunense.com.br\/site\/procon-rj-inicia-mais-uma-etapa-da-campanha-renegocia\/\",\"url\":\"https:\/\/www.oitaperunense.com.br\/site\/procon-rj-inicia-mais-uma-etapa-da-campanha-renegocia\/\",\"name\":\"Procon-RJ inicia mais uma etapa da campanha RENEGOCIA - O Itaperunense\",\"isPartOf\":{\"@id\":\"https:\/\/www.oitaperunense.com.br\/site\/#website\"},\"datePublished\":\"2023-07-31T15:31:11+00:00\",\"dateModified\":\"2023-07-31T15:31:11+00:00\",\"author\":{\"@id\":\"https:\/\/www.oitaperunense.com.br\/site\/#\/schema\/person\/4a5b86c112157bc0a4492f4fd6b7939f\"},\"breadcrumb\":{\"@id\":\"https:\/\/www.oitaperunense.com.br\/site\/procon-rj-inicia-mais-uma-etapa-da-campanha-renegocia\/#breadcrumb\"},\"inLanguage\":\"pt-BR\",\"potentialAction\":[{\"@type\":\"ReadAction\",\"target\":[\"https:\/\/www.oitaperunense.com.br\/site\/procon-rj-inicia-mais-uma-etapa-da-campanha-renegocia\/\"]}]},{\"@type\":\"BreadcrumbList\",\"@id\":\"https:\/\/www.oitaperunense.com.br\/site\/procon-rj-inicia-mais-uma-etapa-da-campanha-renegocia\/#breadcrumb\",\"itemListElement\":[{\"@type\":\"ListItem\",\"position\":1,\"name\":\"Home\",\"item\":\"https:\/\/www.oitaperunense.com.br\/site\/\"},{\"@type\":\"ListItem\",\"position\":2,\"name\":\"Procon-RJ inicia mais uma etapa da campanha RENEGOCIA\"}]},{\"@type\":\"WebSite\",\"@id\":\"https:\/\/www.oitaperunense.com.br\/site\/#website\",\"url\":\"https:\/\/www.oitaperunense.com.br\/site\/\",\"name\":\"O Itaperunense\",\"description\":\"\",\"potentialAction\":[{\"@type\":\"SearchAction\",\"target\":{\"@type\":\"EntryPoint\",\"urlTemplate\":\"https:\/\/www.oitaperunense.com.br\/site\/?s={search_term_string}\"},\"query-input\":\"required name=search_term_string\"}],\"inLanguage\":\"pt-BR\"},{\"@type\":\"Person\",\"@id\":\"https:\/\/www.oitaperunense.com.br\/site\/#\/schema\/person\/4a5b86c112157bc0a4492f4fd6b7939f\",\"name\":\"Andr\u00e9\",\"image\":{\"@type\":\"ImageObject\",\"inLanguage\":\"pt-BR\",\"@id\":\"https:\/\/www.oitaperunense.com.br\/site\/#\/schema\/person\/image\/\",\"url\":\"https:\/\/secure.gravatar.com\/avatar\/7a7a912ec2c8cd6a390040b03329ee7a71bbd5f81ac3557b6a68208f263fc97b?s=96&d=mm&r=g\",\"contentUrl\":\"https:\/\/secure.gravatar.com\/avatar\/7a7a912ec2c8cd6a390040b03329ee7a71bbd5f81ac3557b6a68208f263fc97b?s=96&d=mm&r=g\",\"caption\":\"Andr\u00e9\"},\"url\":\"https:\/\/www.oitaperunense.com.br\/site\/author\/andre\/\"}]}<\/script>\n<!-- \/ Yoast SEO plugin. -->","yoast_head_json":{"title":"Procon-RJ inicia mais uma etapa da campanha RENEGOCIA - O Itaperunense","robots":{"index":"index","follow":"follow","max-snippet":"max-snippet:-1","max-image-preview":"max-image-preview:large","max-video-preview":"max-video-preview:-1"},"canonical":"https:\/\/www.oitaperunense.com.br\/site\/procon-rj-inicia-mais-uma-etapa-da-campanha-renegocia\/","og_locale":"pt_BR","og_type":"article","og_title":"Procon-RJ inicia mais uma etapa da campanha RENEGOCIA - O Itaperunense","og_description":"Consumidores endividados poder\u00e3o tratar dos d\u00e9bitos com concession\u00e1rias de luz, \u00e1gua e g\u00e1s O Procon do Estado do Rio de Janeiro inicia, nesta segunda-feira (31), mais uma etapa da a\u00e7\u00e3o RENEGOCIA!. Os consumidores poder\u00e3o tratar dos d\u00e9bitos com concession\u00e1rias de luz, \u00e1gua e g\u00e1s. Na primeira semana das negocia\u00e7\u00f5es, iniciada dia 24, foram alcan\u00e7ados cerca [&hellip;]","og_url":"https:\/\/www.oitaperunense.com.br\/site\/procon-rj-inicia-mais-uma-etapa-da-campanha-renegocia\/","og_site_name":"O Itaperunense","article_publisher":"https:\/\/www.facebook.com\/jornaloitaperunense","article_published_time":"2023-07-31T15:31:11+00:00","og_image":[{"width":700,"height":469,"url":"https:\/\/www.oitaperunense.com.br\/site\/wp-content\/uploads\/2023\/07\/CE7.jpg","type":"image\/jpeg"}],"author":"Andr\u00e9","twitter_card":"summary_large_image","twitter_misc":{"Escrito por":"Andr\u00e9","Est. tempo de leitura":"2 minutos"},"schema":{"@context":"https:\/\/schema.org","@graph":[{"@type":"WebPage","@id":"https:\/\/www.oitaperunense.com.br\/site\/procon-rj-inicia-mais-uma-etapa-da-campanha-renegocia\/","url":"https:\/\/www.oitaperunense.com.br\/site\/procon-rj-inicia-mais-uma-etapa-da-campanha-renegocia\/","name":"Procon-RJ inicia mais uma etapa da campanha RENEGOCIA - O Itaperunense","isPartOf":{"@id":"https:\/\/www.oitaperunense.com.br\/site\/#website"},"datePublished":"2023-07-31T15:31:11+00:00","dateModified":"2023-07-31T15:31:11+00:00","author":{"@id":"https:\/\/www.oitaperunense.com.br\/site\/#\/schema\/person\/4a5b86c112157bc0a4492f4fd6b7939f"},"breadcrumb":{"@id":"https:\/\/www.oitaperunense.com.br\/site\/procon-rj-inicia-mais-uma-etapa-da-campanha-renegocia\/#breadcrumb"},"inLanguage":"pt-BR","potentialAction":[{"@type":"ReadAction","target":["https:\/\/www.oitaperunense.com.br\/site\/procon-rj-inicia-mais-uma-etapa-da-campanha-renegocia\/"]}]},{"@type":"BreadcrumbList","@id":"https:\/\/www.oitaperunense.com.br\/site\/procon-rj-inicia-mais-uma-etapa-da-campanha-renegocia\/#breadcrumb","itemListElement":[{"@type":"ListItem","position":1,"name":"Home","item":"https:\/\/www.oitaperunense.com.br\/site\/"},{"@type":"ListItem","position":2,"name":"Procon-RJ inicia mais uma etapa da campanha RENEGOCIA"}]},{"@type":"WebSite","@id":"https:\/\/www.oitaperunense.com.br\/site\/#website","url":"https:\/\/www.oitaperunense.com.br\/site\/","name":"O Itaperunense","description":"","potentialAction":[{"@type":"SearchAction","target":{"@type":"EntryPoint","urlTemplate":"https:\/\/www.oitaperunense.com.br\/site\/?s={search_term_string}"},"query-input":"required name=search_term_string"}],"inLanguage":"pt-BR"},{"@type":"Person","@id":"https:\/\/www.oitaperunense.com.br\/site\/#\/schema\/person\/4a5b86c112157bc0a4492f4fd6b7939f","name":"Andr\u00e9","image":{"@type":"ImageObject","inLanguage":"pt-BR","@id":"https:\/\/www.oitaperunense.com.br\/site\/#\/schema\/person\/image\/","url":"https:\/\/secure.gravatar.com\/avatar\/7a7a912ec2c8cd6a390040b03329ee7a71bbd5f81ac3557b6a68208f263fc97b?s=96&d=mm&r=g","contentUrl":"https:\/\/secure.gravatar.com\/avatar\/7a7a912ec2c8cd6a390040b03329ee7a71bbd5f81ac3557b6a68208f263fc97b?s=96&d=mm&r=g","caption":"Andr\u00e9"},"url":"https:\/\/www.oitaperunense.com.br\/site\/author\/andre\/"}]}},"cc_featured_image_caption":{"caption_text":"","source_text":"","source_url":""},"_links":{"self":[{"href":"https:\/\/www.oitaperunense.com.br\/site\/wp-json\/wp\/v2\/posts\/392754","targetHints":{"allow":["GET"]}}],"collection":[{"href":"https:\/\/www.oitaperunense.com.br\/site\/wp-json\/wp\/v2\/posts"}],"about":[{"href":"https:\/\/www.oitaperunense.com.br\/site\/wp-json\/wp\/v2\/types\/post"}],"author":[{"embeddable":true,"href":"https:\/\/www.oitaperunense.com.br\/site\/wp-json\/wp\/v2\/users\/19"}],"replies":[{"embeddable":true,"href":"https:\/\/www.oitaperunense.com.br\/site\/wp-json\/wp\/v2\/comments?post=392754"}],"version-history":[{"count":1,"href":"https:\/\/www.oitaperunense.com.br\/site\/wp-json\/wp\/v2\/posts\/392754\/revisions"}],"predecessor-version":[{"id":392756,"href":"https:\/\/www.oitaperunense.com.br\/site\/wp-json\/wp\/v2\/posts\/392754\/revisions\/392756"}],"wp:featuredmedia":[{"embeddable":true,"href":"https:\/\/www.oitaperunense.com.br\/site\/wp-json\/wp\/v2\/media\/392755"}],"wp:attachment":[{"href":"https:\/\/www.oitaperunense.com.br\/site\/wp-json\/wp\/v2\/media?parent=392754"}],"wp:term":[{"taxonomy":"category","embeddable":true,"href":"https:\/\/www.oitaperunense.com.br\/site\/wp-json\/wp\/v2\/categories?post=392754"},{"taxonomy":"post_tag","embeddable":true,"href":"https:\/\/www.oitaperunense.com.br\/site\/wp-json\/wp\/v2\/tags?post=392754"}],"curies":[{"name":"wp","href":"https:\/\/api.w.org\/{rel}","templated":true}]}}