{"id":392747,"date":"2023-07-31T09:58:17","date_gmt":"2023-07-31T12:58:17","guid":{"rendered":"https:\/\/www.oitaperunense.com.br\/site\/?p=392747"},"modified":"2023-07-31T09:58:17","modified_gmt":"2023-07-31T12:58:17","slug":"prazo-para-inscricao-no-encceja-ppl-2023-termina-nesta-sexta-feira","status":"publish","type":"post","link":"https:\/\/www.oitaperunense.com.br\/site\/prazo-para-inscricao-no-encceja-ppl-2023-termina-nesta-sexta-feira\/","title":{"rendered":"Prazo para inscri\u00e7\u00e3o no Encceja PPL 2023 termina nesta sexta-feira"},"content":{"rendered":"<p style=\"text-align: center;\"><strong>Exames ser\u00e3o aplicados nos dias 17 e 18 de outubro<\/strong><\/p>\n<p style=\"text-align: justify;\">O prazo para inscrever no Exame Nacional para Certifica\u00e7\u00e3o de Compet\u00eancias de Jovens e Adultos para Pessoas Privadas de Liberdade (Encceja PPL) 2023 termina nesta sexta-feira (4). As provas ser\u00e3o aplicadas nos dias 17 e 18 de outubro. O Encceja PPL \u00e9 destinado aos jovens e adultos privados de liberdade, que cumpram medidas em institui\u00e7\u00f5es da administra\u00e7\u00e3o prisional ou socioeducativa, e que n\u00e3o tenham conclu\u00eddo os ensinos fundamental e m\u00e9dio no tempo certo, mas buscam a certifica\u00e7\u00e3o.<\/p>\n<p><!--more--><\/p>\n<p style=\"text-align: justify;\">Para participar, \u00e9 necess\u00e1rio ter, no m\u00ednimo, 15 anos completos, no dia de realiza\u00e7\u00e3o das provas e n\u00e3o ter conclu\u00eddo o ensino fundamental, ou, para a certifica\u00e7\u00e3o do ensino m\u00e9dio, \u00e9 necess\u00e1rio ter no m\u00ednimo 18 anos completos, no dia realiza\u00e7\u00e3o das provas, e n\u00e3o ter conclu\u00eddo o ensino m\u00e9dio.<\/p>\n<p style=\"text-align: justify;\">Os exames s\u00e3o divididos em quatro \u00e1reas do conhecimento: ci\u00eancias da natureza e suas tecnologias; matem\u00e1tica e suas tecnologias; linguagens, c\u00f3digos e suas tecnologias e reda\u00e7\u00e3o; ci\u00eancias humanas e suas tecnologias.<\/p>\n<p style=\"text-align: justify;\">Na inscri\u00e7\u00e3o, o respons\u00e1vel pedag\u00f3gico deve indicar as provas que o participante realizar\u00e1 e se h\u00e1 necessidade de atendimento especializado. Tamb\u00e9m poder\u00e1 ser feita a solicita\u00e7\u00e3o de tratamento pelo nome social. Todo o procedimento \u00e9 feito por meio do&nbsp;<a href=\"http:\/\/sistemasespeciais.inep.gov.br\/unidadesprisionais\/\" target=\"_blank\" rel=\"noopener\">Sistema Encceja PPL<\/a>.<\/p>\n<p style=\"text-align: justify;\"><strong>Institui\u00e7\u00f5es<\/strong><\/p>\n<p style=\"text-align: justify;\">O prazo para ades\u00e3o dos \u00f3rg\u00e3os de administra\u00e7\u00e3o prisional e socioeducativa \u00e0 aplica\u00e7\u00e3o do Encceja PPL permanece aberto at\u00e9 o fim do prazo de inscri\u00e7\u00e3o, na sexta-feira. O procedimento deve ser feito por meio de of\u00edcio enviado ao Instituto Nacional de Estudos e Pesquisas Educacionais An\u00edsio Teixeira (Inep), por mensagem eletr\u00f4nica, no<a href=\"http:\/\/aplicacao.ppl@inep.gov.br\/\" target=\"_blank\" rel=\"noopener\">&nbsp;<\/a><a href=\"http:\/\/enccejanacional.inep.gov.br\/encceja\/#!\/inicial\" target=\"_blank\" rel=\"noopener\"><em>e-mail<\/em><\/a>, com o assunto da mensagem &#8220;Ades\u00e3o Encceja Nacional PPL 2023&#8221;. Os \u00f3rg\u00e3os devem indicar as unidades de aplica\u00e7\u00e3o e o respons\u00e1vel pedag\u00f3gico.<\/p>\n<p style=\"text-align: justify;\">\u00c9 necess\u00e1rio que as unidades que queiram se cadastrar tenham espa\u00e7o f\u00edsico, coberto e silencioso, ilumina\u00e7\u00e3o, cadeiras, mesas e todas as condi\u00e7\u00f5es para a aplica\u00e7\u00e3o e garantia da seguran\u00e7a de participantes e aplicadores.<\/p>\n<p style=\"text-align: justify;\"><strong>Edi\u00e7\u00e3o: Val\u00e9ria Aguiar\/Ag\u00eancia Brasil\/Imagem: Ana Carla Sodr\u00e9\/Ascom\/Inep<\/strong><\/p>\n","protected":false},"excerpt":{"rendered":"<p>Exames ser\u00e3o aplicados nos dias 17 e 18 de outubro O prazo para inscrever no Exame Nacional para Certifica\u00e7\u00e3o de Compet\u00eancias de Jovens e Adultos para Pessoas Privadas de Liberdade (Encceja PPL) 2023 termina nesta sexta-feira (4). As provas ser\u00e3o aplicadas nos dias 17 e 18 de outubro. O Encceja PPL \u00e9 destinado aos jovens [&hellip;]<\/p>\n","protected":false},"author":19,"featured_media":392748,"comment_status":"open","ping_status":"closed","sticky":false,"template":"","format":"standard","meta":{"ngg_post_thumbnail":0,"footnotes":""},"categories":[116],"tags":[],"class_list":["post-392747","post","type-post","status-publish","format-standard","has-post-thumbnail","hentry","category-educacao"],"yoast_head":"<!-- This site is optimized with the Yoast SEO plugin v20.11 - https:\/\/yoast.com\/wordpress\/plugins\/seo\/ -->\n<title>Prazo para inscri\u00e7\u00e3o no Encceja PPL 2023 termina nesta sexta-feira - O Itaperunense<\/title>\n<meta name=\"robots\" content=\"index, follow, max-snippet:-1, max-image-preview:large, max-video-preview:-1\" \/>\n<link rel=\"canonical\" href=\"https:\/\/www.oitaperunense.com.br\/site\/prazo-para-inscricao-no-encceja-ppl-2023-termina-nesta-sexta-feira\/\" \/>\n<meta property=\"og:locale\" content=\"pt_BR\" \/>\n<meta property=\"og:type\" content=\"article\" \/>\n<meta property=\"og:title\" content=\"Prazo para inscri\u00e7\u00e3o no Encceja PPL 2023 termina nesta sexta-feira - O Itaperunense\" \/>\n<meta property=\"og:description\" content=\"Exames ser\u00e3o aplicados nos dias 17 e 18 de outubro O prazo para inscrever no Exame Nacional para Certifica\u00e7\u00e3o de Compet\u00eancias de Jovens e Adultos para Pessoas Privadas de Liberdade (Encceja PPL) 2023 termina nesta sexta-feira (4). As provas ser\u00e3o aplicadas nos dias 17 e 18 de outubro. O Encceja PPL \u00e9 destinado aos jovens [&hellip;]\" \/>\n<meta property=\"og:url\" content=\"https:\/\/www.oitaperunense.com.br\/site\/prazo-para-inscricao-no-encceja-ppl-2023-termina-nesta-sexta-feira\/\" \/>\n<meta property=\"og:site_name\" content=\"O Itaperunense\" \/>\n<meta property=\"article:publisher\" content=\"https:\/\/www.facebook.com\/jornaloitaperunense\" \/>\n<meta property=\"article:published_time\" content=\"2023-07-31T12:58:17+00:00\" \/>\n<meta property=\"og:image\" content=\"https:\/\/www.oitaperunense.com.br\/site\/wp-content\/uploads\/2023\/07\/CE5.jpg\" \/>\n\t<meta property=\"og:image:width\" content=\"700\" \/>\n\t<meta property=\"og:image:height\" content=\"419\" \/>\n\t<meta property=\"og:image:type\" content=\"image\/jpeg\" \/>\n<meta name=\"author\" content=\"Andr\u00e9\" \/>\n<meta name=\"twitter:card\" content=\"summary_large_image\" \/>\n<meta name=\"twitter:label1\" content=\"Escrito por\" \/>\n\t<meta name=\"twitter:data1\" content=\"Andr\u00e9\" \/>\n\t<meta name=\"twitter:label2\" content=\"Est. tempo de leitura\" \/>\n\t<meta name=\"twitter:data2\" content=\"2 minutos\" \/>\n<script type=\"application\/ld+json\" class=\"yoast-schema-graph\">{\"@context\":\"https:\/\/schema.org\",\"@graph\":[{\"@type\":\"WebPage\",\"@id\":\"https:\/\/www.oitaperunense.com.br\/site\/prazo-para-inscricao-no-encceja-ppl-2023-termina-nesta-sexta-feira\/\",\"url\":\"https:\/\/www.oitaperunense.com.br\/site\/prazo-para-inscricao-no-encceja-ppl-2023-termina-nesta-sexta-feira\/\",\"name\":\"Prazo para inscri\u00e7\u00e3o no Encceja PPL 2023 termina nesta sexta-feira - O Itaperunense\",\"isPartOf\":{\"@id\":\"https:\/\/www.oitaperunense.com.br\/site\/#website\"},\"datePublished\":\"2023-07-31T12:58:17+00:00\",\"dateModified\":\"2023-07-31T12:58:17+00:00\",\"author\":{\"@id\":\"https:\/\/www.oitaperunense.com.br\/site\/#\/schema\/person\/4a5b86c112157bc0a4492f4fd6b7939f\"},\"breadcrumb\":{\"@id\":\"https:\/\/www.oitaperunense.com.br\/site\/prazo-para-inscricao-no-encceja-ppl-2023-termina-nesta-sexta-feira\/#breadcrumb\"},\"inLanguage\":\"pt-BR\",\"potentialAction\":[{\"@type\":\"ReadAction\",\"target\":[\"https:\/\/www.oitaperunense.com.br\/site\/prazo-para-inscricao-no-encceja-ppl-2023-termina-nesta-sexta-feira\/\"]}]},{\"@type\":\"BreadcrumbList\",\"@id\":\"https:\/\/www.oitaperunense.com.br\/site\/prazo-para-inscricao-no-encceja-ppl-2023-termina-nesta-sexta-feira\/#breadcrumb\",\"itemListElement\":[{\"@type\":\"ListItem\",\"position\":1,\"name\":\"Home\",\"item\":\"https:\/\/www.oitaperunense.com.br\/site\/\"},{\"@type\":\"ListItem\",\"position\":2,\"name\":\"Prazo para inscri\u00e7\u00e3o no Encceja PPL 2023 termina nesta sexta-feira\"}]},{\"@type\":\"WebSite\",\"@id\":\"https:\/\/www.oitaperunense.com.br\/site\/#website\",\"url\":\"https:\/\/www.oitaperunense.com.br\/site\/\",\"name\":\"O Itaperunense\",\"description\":\"\",\"potentialAction\":[{\"@type\":\"SearchAction\",\"target\":{\"@type\":\"EntryPoint\",\"urlTemplate\":\"https:\/\/www.oitaperunense.com.br\/site\/?s={search_term_string}\"},\"query-input\":\"required name=search_term_string\"}],\"inLanguage\":\"pt-BR\"},{\"@type\":\"Person\",\"@id\":\"https:\/\/www.oitaperunense.com.br\/site\/#\/schema\/person\/4a5b86c112157bc0a4492f4fd6b7939f\",\"name\":\"Andr\u00e9\",\"image\":{\"@type\":\"ImageObject\",\"inLanguage\":\"pt-BR\",\"@id\":\"https:\/\/www.oitaperunense.com.br\/site\/#\/schema\/person\/image\/\",\"url\":\"https:\/\/secure.gravatar.com\/avatar\/7a7a912ec2c8cd6a390040b03329ee7a71bbd5f81ac3557b6a68208f263fc97b?s=96&d=mm&r=g\",\"contentUrl\":\"https:\/\/secure.gravatar.com\/avatar\/7a7a912ec2c8cd6a390040b03329ee7a71bbd5f81ac3557b6a68208f263fc97b?s=96&d=mm&r=g\",\"caption\":\"Andr\u00e9\"},\"url\":\"https:\/\/www.oitaperunense.com.br\/site\/author\/andre\/\"}]}<\/script>\n<!-- \/ Yoast SEO plugin. -->","yoast_head_json":{"title":"Prazo para inscri\u00e7\u00e3o no Encceja PPL 2023 termina nesta sexta-feira - O Itaperunense","robots":{"index":"index","follow":"follow","max-snippet":"max-snippet:-1","max-image-preview":"max-image-preview:large","max-video-preview":"max-video-preview:-1"},"canonical":"https:\/\/www.oitaperunense.com.br\/site\/prazo-para-inscricao-no-encceja-ppl-2023-termina-nesta-sexta-feira\/","og_locale":"pt_BR","og_type":"article","og_title":"Prazo para inscri\u00e7\u00e3o no Encceja PPL 2023 termina nesta sexta-feira - O Itaperunense","og_description":"Exames ser\u00e3o aplicados nos dias 17 e 18 de outubro O prazo para inscrever no Exame Nacional para Certifica\u00e7\u00e3o de Compet\u00eancias de Jovens e Adultos para Pessoas Privadas de Liberdade (Encceja PPL) 2023 termina nesta sexta-feira (4). As provas ser\u00e3o aplicadas nos dias 17 e 18 de outubro. O Encceja PPL \u00e9 destinado aos jovens [&hellip;]","og_url":"https:\/\/www.oitaperunense.com.br\/site\/prazo-para-inscricao-no-encceja-ppl-2023-termina-nesta-sexta-feira\/","og_site_name":"O Itaperunense","article_publisher":"https:\/\/www.facebook.com\/jornaloitaperunense","article_published_time":"2023-07-31T12:58:17+00:00","og_image":[{"width":700,"height":419,"url":"https:\/\/www.oitaperunense.com.br\/site\/wp-content\/uploads\/2023\/07\/CE5.jpg","type":"image\/jpeg"}],"author":"Andr\u00e9","twitter_card":"summary_large_image","twitter_misc":{"Escrito por":"Andr\u00e9","Est. tempo de leitura":"2 minutos"},"schema":{"@context":"https:\/\/schema.org","@graph":[{"@type":"WebPage","@id":"https:\/\/www.oitaperunense.com.br\/site\/prazo-para-inscricao-no-encceja-ppl-2023-termina-nesta-sexta-feira\/","url":"https:\/\/www.oitaperunense.com.br\/site\/prazo-para-inscricao-no-encceja-ppl-2023-termina-nesta-sexta-feira\/","name":"Prazo para inscri\u00e7\u00e3o no Encceja PPL 2023 termina nesta sexta-feira - O Itaperunense","isPartOf":{"@id":"https:\/\/www.oitaperunense.com.br\/site\/#website"},"datePublished":"2023-07-31T12:58:17+00:00","dateModified":"2023-07-31T12:58:17+00:00","author":{"@id":"https:\/\/www.oitaperunense.com.br\/site\/#\/schema\/person\/4a5b86c112157bc0a4492f4fd6b7939f"},"breadcrumb":{"@id":"https:\/\/www.oitaperunense.com.br\/site\/prazo-para-inscricao-no-encceja-ppl-2023-termina-nesta-sexta-feira\/#breadcrumb"},"inLanguage":"pt-BR","potentialAction":[{"@type":"ReadAction","target":["https:\/\/www.oitaperunense.com.br\/site\/prazo-para-inscricao-no-encceja-ppl-2023-termina-nesta-sexta-feira\/"]}]},{"@type":"BreadcrumbList","@id":"https:\/\/www.oitaperunense.com.br\/site\/prazo-para-inscricao-no-encceja-ppl-2023-termina-nesta-sexta-feira\/#breadcrumb","itemListElement":[{"@type":"ListItem","position":1,"name":"Home","item":"https:\/\/www.oitaperunense.com.br\/site\/"},{"@type":"ListItem","position":2,"name":"Prazo para inscri\u00e7\u00e3o no Encceja PPL 2023 termina nesta sexta-feira"}]},{"@type":"WebSite","@id":"https:\/\/www.oitaperunense.com.br\/site\/#website","url":"https:\/\/www.oitaperunense.com.br\/site\/","name":"O Itaperunense","description":"","potentialAction":[{"@type":"SearchAction","target":{"@type":"EntryPoint","urlTemplate":"https:\/\/www.oitaperunense.com.br\/site\/?s={search_term_string}"},"query-input":"required name=search_term_string"}],"inLanguage":"pt-BR"},{"@type":"Person","@id":"https:\/\/www.oitaperunense.com.br\/site\/#\/schema\/person\/4a5b86c112157bc0a4492f4fd6b7939f","name":"Andr\u00e9","image":{"@type":"ImageObject","inLanguage":"pt-BR","@id":"https:\/\/www.oitaperunense.com.br\/site\/#\/schema\/person\/image\/","url":"https:\/\/secure.gravatar.com\/avatar\/7a7a912ec2c8cd6a390040b03329ee7a71bbd5f81ac3557b6a68208f263fc97b?s=96&d=mm&r=g","contentUrl":"https:\/\/secure.gravatar.com\/avatar\/7a7a912ec2c8cd6a390040b03329ee7a71bbd5f81ac3557b6a68208f263fc97b?s=96&d=mm&r=g","caption":"Andr\u00e9"},"url":"https:\/\/www.oitaperunense.com.br\/site\/author\/andre\/"}]}},"cc_featured_image_caption":{"caption_text":"","source_text":"","source_url":""},"_links":{"self":[{"href":"https:\/\/www.oitaperunense.com.br\/site\/wp-json\/wp\/v2\/posts\/392747","targetHints":{"allow":["GET"]}}],"collection":[{"href":"https:\/\/www.oitaperunense.com.br\/site\/wp-json\/wp\/v2\/posts"}],"about":[{"href":"https:\/\/www.oitaperunense.com.br\/site\/wp-json\/wp\/v2\/types\/post"}],"author":[{"embeddable":true,"href":"https:\/\/www.oitaperunense.com.br\/site\/wp-json\/wp\/v2\/users\/19"}],"replies":[{"embeddable":true,"href":"https:\/\/www.oitaperunense.com.br\/site\/wp-json\/wp\/v2\/comments?post=392747"}],"version-history":[{"count":1,"href":"https:\/\/www.oitaperunense.com.br\/site\/wp-json\/wp\/v2\/posts\/392747\/revisions"}],"predecessor-version":[{"id":392749,"href":"https:\/\/www.oitaperunense.com.br\/site\/wp-json\/wp\/v2\/posts\/392747\/revisions\/392749"}],"wp:featuredmedia":[{"embeddable":true,"href":"https:\/\/www.oitaperunense.com.br\/site\/wp-json\/wp\/v2\/media\/392748"}],"wp:attachment":[{"href":"https:\/\/www.oitaperunense.com.br\/site\/wp-json\/wp\/v2\/media?parent=392747"}],"wp:term":[{"taxonomy":"category","embeddable":true,"href":"https:\/\/www.oitaperunense.com.br\/site\/wp-json\/wp\/v2\/categories?post=392747"},{"taxonomy":"post_tag","embeddable":true,"href":"https:\/\/www.oitaperunense.com.br\/site\/wp-json\/wp\/v2\/tags?post=392747"}],"curies":[{"name":"wp","href":"https:\/\/api.w.org\/{rel}","templated":true}]}}