{"id":392728,"date":"2023-07-27T09:39:41","date_gmt":"2023-07-27T12:39:41","guid":{"rendered":"https:\/\/www.oitaperunense.com.br\/site\/?p=392728"},"modified":"2023-07-27T09:39:41","modified_gmt":"2023-07-27T12:39:41","slug":"firjan-norte-fluminense-sedia-lancamento-da-6a-feira-de-oportunidades","status":"publish","type":"post","link":"https:\/\/www.oitaperunense.com.br\/site\/firjan-norte-fluminense-sedia-lancamento-da-6a-feira-de-oportunidades\/","title":{"rendered":"Firjan Norte Fluminense sedia lan\u00e7amento da 6\u00aa Feira de Oportunidades"},"content":{"rendered":"<p class=\"yiv1402926461MsoNormal\" style=\"text-align: center;\"><b>Cerim\u00f4nia acontece na segunda-feira (31) na Representa\u00e7\u00e3o Regional da federa\u00e7\u00e3o em Campos<\/b><\/p>\n<p class=\"yiv1402926461MsoNormal\" style=\"text-align: justify;\">A Firjan Norte Fluminense sedia na segunda-feira (31), \u00e0s 10h, o lan\u00e7amento da 6\u00aa Feira de Oportunidades, organizado pelo F\u00f3rum Interinstitucional de Dirigentes do Ensino Superior de Campos (Fidesc), com o apoio da federa\u00e7\u00e3o e de dezenas de entidades. Na ocasi\u00e3o, ser\u00e3o apresentados os detalhes da Feira, anunciados os parceiros e representantes das empresas, institui\u00e7\u00f5es realizadoras, apoiadores e imprensa.<\/p>\n<p class=\"yiv1402926461MsoNormal\" style=\"text-align: justify;\"><!--more--><\/p>\n<p class=\"yiv1402926461MsoNormal\" style=\"text-align: justify;\">\u201cA Firjan se orgulha de fazer parte de mais uma edi\u00e7\u00e3o deste evento, t\u00e3o importante para a qualifica\u00e7\u00e3o profissional e, consequentemente, para o desenvolvimento social e econ\u00f4mico da regi\u00e3o. Esta edi\u00e7\u00e3o ser\u00e1 ainda mais especial para n\u00f3s, que comemoramos 75 anos da Firjan SENAI Campos\u201d, destacou o presidente da Firjan Norte Fluminense, Francisco Roberto de Siqueira.<\/p>\n<p class=\"yiv1402926461MsoNormal\" style=\"text-align: justify;\">\u201cA 6\u00aa Feira de Oportunidades \u00e9 um evento que promove uma excelente possibilidade aos estudantes e trabalhadores de serem feitos contatos com empresas e institui\u00e7\u00f5es de ensino visando est\u00e1gios, empregos, qualifica\u00e7\u00e3o e\/ou atualiza\u00e7\u00e3o profissional. Estar\u00e3o presentes em torno de 60 institui\u00e7\u00f5es que apresentar\u00e3o suas atividades nos stands e em palestras e oficinas. O lan\u00e7amento da Feira apresentando os realizadores, apoiadores e algumas empresas j\u00e1 confirmadas \u00e9 uma chamada ao p\u00fablico de Campos e regi\u00e3o para estarem presentes neste importante momento\u201d, destaca C\u00e1tia Cristina Brito Viana, pr\u00f3-reitora de Extens\u00e3o, Cultura, Esporte e Diversidade do IFF.<\/p>\n<p class=\"yiv1402926461MsoNormal\" style=\"text-align: justify;\">A Feira vai acontecer nos dias 21 e 22 de setembro de 2023, das 14h \u00e0s 20h, no IFF Campus Campos Centro, com realiza\u00e7\u00e3o do Fidesc &#8211; IFF, UFRRJ, Uenf, UFF, Universo, Est\u00e1cio de S\u00e1, Universidade Candido Mendes, Isecensa, Faculdade de Medicina de Campos e Uniflu -, da Prefeitura de Campos, Firjan, Faetec e&nbsp; Sest\/Senat.<\/p>\n<p class=\"yiv1402926461MsoNormal\" style=\"text-align: justify;\">O evento j\u00e1 \u00e9 reconhecido por criar espa\u00e7os de integra\u00e7\u00e3o entre setor produtivo, comunidade acad\u00eamica e recurso humano especializado. Durante os dois dias de Feira, empresas e institui\u00e7\u00f5es de ensino da regi\u00e3o t\u00eam contato direto com estudantes, egressos e comunidade com o objetivo de articular e gerar oportunidades para o mundo do trabalho.<\/p>\n<p class=\"yiv1402926461MsoNormal\" style=\"text-align: justify;\">Os stands das institui\u00e7\u00f5es de ensino e empresas participantes estar\u00e3o localizados em cerca de 1.200m2 de \u00e1rea coberta, onde elas poder\u00e3o apresentar suas atividades, ramo de atua\u00e7\u00e3o, informa\u00e7\u00f5es sobre processos seletivos e vagas de emprego, al\u00e9m de realizar demonstra\u00e7\u00f5es t\u00e9cnicas. Tamb\u00e9m estar\u00e3o dispon\u00edveis tr\u00eas audit\u00f3rios com capacidade de mais de 250 pessoas, para palestras t\u00e9cnicas, oficinas e minicursos.<\/p>\n<p class=\"yiv1402926461MsoNormal\" style=\"text-align: justify;\">Em 2022, a Feira de Oportunidades reuniu cerca de 20 mil visitantes e realizou mais de 5 mil cadastros de curr\u00edculos.<\/p>\n<p class=\"yiv1402926461MsoNormal\" style=\"text-align: justify;\">&nbsp;<\/p>\n","protected":false},"excerpt":{"rendered":"<p>Cerim\u00f4nia acontece na segunda-feira (31) na Representa\u00e7\u00e3o Regional da federa\u00e7\u00e3o em Campos A Firjan Norte Fluminense sedia na segunda-feira (31), \u00e0s 10h, o lan\u00e7amento da 6\u00aa Feira de Oportunidades, organizado pelo F\u00f3rum Interinstitucional de Dirigentes do Ensino Superior de Campos (Fidesc), com o apoio da federa\u00e7\u00e3o e de dezenas de entidades. Na ocasi\u00e3o, ser\u00e3o apresentados [&hellip;]<\/p>\n","protected":false},"author":19,"featured_media":392729,"comment_status":"open","ping_status":"closed","sticky":false,"template":"","format":"standard","meta":{"ngg_post_thumbnail":0,"footnotes":""},"categories":[91],"tags":[],"class_list":["post-392728","post","type-post","status-publish","format-standard","has-post-thumbnail","hentry","category-geral"],"yoast_head":"<!-- This site is optimized with the Yoast SEO plugin v20.11 - https:\/\/yoast.com\/wordpress\/plugins\/seo\/ -->\n<title>Firjan Norte Fluminense sedia lan\u00e7amento da 6\u00aa Feira de Oportunidades - O Itaperunense<\/title>\n<meta name=\"robots\" content=\"index, follow, max-snippet:-1, max-image-preview:large, max-video-preview:-1\" \/>\n<link rel=\"canonical\" href=\"https:\/\/www.oitaperunense.com.br\/site\/firjan-norte-fluminense-sedia-lancamento-da-6a-feira-de-oportunidades\/\" \/>\n<meta property=\"og:locale\" content=\"pt_BR\" \/>\n<meta property=\"og:type\" content=\"article\" \/>\n<meta property=\"og:title\" content=\"Firjan Norte Fluminense sedia lan\u00e7amento da 6\u00aa Feira de Oportunidades - O Itaperunense\" \/>\n<meta property=\"og:description\" content=\"Cerim\u00f4nia acontece na segunda-feira (31) na Representa\u00e7\u00e3o Regional da federa\u00e7\u00e3o em Campos A Firjan Norte Fluminense sedia na segunda-feira (31), \u00e0s 10h, o lan\u00e7amento da 6\u00aa Feira de Oportunidades, organizado pelo F\u00f3rum Interinstitucional de Dirigentes do Ensino Superior de Campos (Fidesc), com o apoio da federa\u00e7\u00e3o e de dezenas de entidades. Na ocasi\u00e3o, ser\u00e3o apresentados [&hellip;]\" \/>\n<meta property=\"og:url\" content=\"https:\/\/www.oitaperunense.com.br\/site\/firjan-norte-fluminense-sedia-lancamento-da-6a-feira-de-oportunidades\/\" \/>\n<meta property=\"og:site_name\" content=\"O Itaperunense\" \/>\n<meta property=\"article:publisher\" content=\"https:\/\/www.facebook.com\/jornaloitaperunense\" \/>\n<meta property=\"article:published_time\" content=\"2023-07-27T12:39:41+00:00\" \/>\n<meta property=\"og:image\" content=\"https:\/\/www.oitaperunense.com.br\/site\/wp-content\/uploads\/2023\/07\/FU4.jpg\" \/>\n\t<meta property=\"og:image:width\" content=\"700\" \/>\n\t<meta property=\"og:image:height\" content=\"435\" \/>\n\t<meta property=\"og:image:type\" content=\"image\/jpeg\" \/>\n<meta name=\"author\" content=\"Andr\u00e9\" \/>\n<meta name=\"twitter:card\" content=\"summary_large_image\" \/>\n<meta name=\"twitter:label1\" content=\"Escrito por\" \/>\n\t<meta name=\"twitter:data1\" content=\"Andr\u00e9\" \/>\n\t<meta name=\"twitter:label2\" content=\"Est. tempo de leitura\" \/>\n\t<meta name=\"twitter:data2\" content=\"3 minutos\" \/>\n<script type=\"application\/ld+json\" class=\"yoast-schema-graph\">{\"@context\":\"https:\/\/schema.org\",\"@graph\":[{\"@type\":\"WebPage\",\"@id\":\"https:\/\/www.oitaperunense.com.br\/site\/firjan-norte-fluminense-sedia-lancamento-da-6a-feira-de-oportunidades\/\",\"url\":\"https:\/\/www.oitaperunense.com.br\/site\/firjan-norte-fluminense-sedia-lancamento-da-6a-feira-de-oportunidades\/\",\"name\":\"Firjan Norte Fluminense sedia lan\u00e7amento da 6\u00aa Feira de Oportunidades - O Itaperunense\",\"isPartOf\":{\"@id\":\"https:\/\/www.oitaperunense.com.br\/site\/#website\"},\"datePublished\":\"2023-07-27T12:39:41+00:00\",\"dateModified\":\"2023-07-27T12:39:41+00:00\",\"author\":{\"@id\":\"https:\/\/www.oitaperunense.com.br\/site\/#\/schema\/person\/4a5b86c112157bc0a4492f4fd6b7939f\"},\"breadcrumb\":{\"@id\":\"https:\/\/www.oitaperunense.com.br\/site\/firjan-norte-fluminense-sedia-lancamento-da-6a-feira-de-oportunidades\/#breadcrumb\"},\"inLanguage\":\"pt-BR\",\"potentialAction\":[{\"@type\":\"ReadAction\",\"target\":[\"https:\/\/www.oitaperunense.com.br\/site\/firjan-norte-fluminense-sedia-lancamento-da-6a-feira-de-oportunidades\/\"]}]},{\"@type\":\"BreadcrumbList\",\"@id\":\"https:\/\/www.oitaperunense.com.br\/site\/firjan-norte-fluminense-sedia-lancamento-da-6a-feira-de-oportunidades\/#breadcrumb\",\"itemListElement\":[{\"@type\":\"ListItem\",\"position\":1,\"name\":\"Home\",\"item\":\"https:\/\/www.oitaperunense.com.br\/site\/\"},{\"@type\":\"ListItem\",\"position\":2,\"name\":\"Firjan Norte Fluminense sedia lan\u00e7amento da 6\u00aa Feira de Oportunidades\"}]},{\"@type\":\"WebSite\",\"@id\":\"https:\/\/www.oitaperunense.com.br\/site\/#website\",\"url\":\"https:\/\/www.oitaperunense.com.br\/site\/\",\"name\":\"O Itaperunense\",\"description\":\"\",\"potentialAction\":[{\"@type\":\"SearchAction\",\"target\":{\"@type\":\"EntryPoint\",\"urlTemplate\":\"https:\/\/www.oitaperunense.com.br\/site\/?s={search_term_string}\"},\"query-input\":\"required name=search_term_string\"}],\"inLanguage\":\"pt-BR\"},{\"@type\":\"Person\",\"@id\":\"https:\/\/www.oitaperunense.com.br\/site\/#\/schema\/person\/4a5b86c112157bc0a4492f4fd6b7939f\",\"name\":\"Andr\u00e9\",\"image\":{\"@type\":\"ImageObject\",\"inLanguage\":\"pt-BR\",\"@id\":\"https:\/\/www.oitaperunense.com.br\/site\/#\/schema\/person\/image\/\",\"url\":\"https:\/\/secure.gravatar.com\/avatar\/7a7a912ec2c8cd6a390040b03329ee7a71bbd5f81ac3557b6a68208f263fc97b?s=96&d=mm&r=g\",\"contentUrl\":\"https:\/\/secure.gravatar.com\/avatar\/7a7a912ec2c8cd6a390040b03329ee7a71bbd5f81ac3557b6a68208f263fc97b?s=96&d=mm&r=g\",\"caption\":\"Andr\u00e9\"},\"url\":\"https:\/\/www.oitaperunense.com.br\/site\/author\/andre\/\"}]}<\/script>\n<!-- \/ Yoast SEO plugin. -->","yoast_head_json":{"title":"Firjan Norte Fluminense sedia lan\u00e7amento da 6\u00aa Feira de Oportunidades - O Itaperunense","robots":{"index":"index","follow":"follow","max-snippet":"max-snippet:-1","max-image-preview":"max-image-preview:large","max-video-preview":"max-video-preview:-1"},"canonical":"https:\/\/www.oitaperunense.com.br\/site\/firjan-norte-fluminense-sedia-lancamento-da-6a-feira-de-oportunidades\/","og_locale":"pt_BR","og_type":"article","og_title":"Firjan Norte Fluminense sedia lan\u00e7amento da 6\u00aa Feira de Oportunidades - O Itaperunense","og_description":"Cerim\u00f4nia acontece na segunda-feira (31) na Representa\u00e7\u00e3o Regional da federa\u00e7\u00e3o em Campos A Firjan Norte Fluminense sedia na segunda-feira (31), \u00e0s 10h, o lan\u00e7amento da 6\u00aa Feira de Oportunidades, organizado pelo F\u00f3rum Interinstitucional de Dirigentes do Ensino Superior de Campos (Fidesc), com o apoio da federa\u00e7\u00e3o e de dezenas de entidades. Na ocasi\u00e3o, ser\u00e3o apresentados [&hellip;]","og_url":"https:\/\/www.oitaperunense.com.br\/site\/firjan-norte-fluminense-sedia-lancamento-da-6a-feira-de-oportunidades\/","og_site_name":"O Itaperunense","article_publisher":"https:\/\/www.facebook.com\/jornaloitaperunense","article_published_time":"2023-07-27T12:39:41+00:00","og_image":[{"width":700,"height":435,"url":"https:\/\/www.oitaperunense.com.br\/site\/wp-content\/uploads\/2023\/07\/FU4.jpg","type":"image\/jpeg"}],"author":"Andr\u00e9","twitter_card":"summary_large_image","twitter_misc":{"Escrito por":"Andr\u00e9","Est. tempo de leitura":"3 minutos"},"schema":{"@context":"https:\/\/schema.org","@graph":[{"@type":"WebPage","@id":"https:\/\/www.oitaperunense.com.br\/site\/firjan-norte-fluminense-sedia-lancamento-da-6a-feira-de-oportunidades\/","url":"https:\/\/www.oitaperunense.com.br\/site\/firjan-norte-fluminense-sedia-lancamento-da-6a-feira-de-oportunidades\/","name":"Firjan Norte Fluminense sedia lan\u00e7amento da 6\u00aa Feira de Oportunidades - O Itaperunense","isPartOf":{"@id":"https:\/\/www.oitaperunense.com.br\/site\/#website"},"datePublished":"2023-07-27T12:39:41+00:00","dateModified":"2023-07-27T12:39:41+00:00","author":{"@id":"https:\/\/www.oitaperunense.com.br\/site\/#\/schema\/person\/4a5b86c112157bc0a4492f4fd6b7939f"},"breadcrumb":{"@id":"https:\/\/www.oitaperunense.com.br\/site\/firjan-norte-fluminense-sedia-lancamento-da-6a-feira-de-oportunidades\/#breadcrumb"},"inLanguage":"pt-BR","potentialAction":[{"@type":"ReadAction","target":["https:\/\/www.oitaperunense.com.br\/site\/firjan-norte-fluminense-sedia-lancamento-da-6a-feira-de-oportunidades\/"]}]},{"@type":"BreadcrumbList","@id":"https:\/\/www.oitaperunense.com.br\/site\/firjan-norte-fluminense-sedia-lancamento-da-6a-feira-de-oportunidades\/#breadcrumb","itemListElement":[{"@type":"ListItem","position":1,"name":"Home","item":"https:\/\/www.oitaperunense.com.br\/site\/"},{"@type":"ListItem","position":2,"name":"Firjan Norte Fluminense sedia lan\u00e7amento da 6\u00aa Feira de Oportunidades"}]},{"@type":"WebSite","@id":"https:\/\/www.oitaperunense.com.br\/site\/#website","url":"https:\/\/www.oitaperunense.com.br\/site\/","name":"O Itaperunense","description":"","potentialAction":[{"@type":"SearchAction","target":{"@type":"EntryPoint","urlTemplate":"https:\/\/www.oitaperunense.com.br\/site\/?s={search_term_string}"},"query-input":"required name=search_term_string"}],"inLanguage":"pt-BR"},{"@type":"Person","@id":"https:\/\/www.oitaperunense.com.br\/site\/#\/schema\/person\/4a5b86c112157bc0a4492f4fd6b7939f","name":"Andr\u00e9","image":{"@type":"ImageObject","inLanguage":"pt-BR","@id":"https:\/\/www.oitaperunense.com.br\/site\/#\/schema\/person\/image\/","url":"https:\/\/secure.gravatar.com\/avatar\/7a7a912ec2c8cd6a390040b03329ee7a71bbd5f81ac3557b6a68208f263fc97b?s=96&d=mm&r=g","contentUrl":"https:\/\/secure.gravatar.com\/avatar\/7a7a912ec2c8cd6a390040b03329ee7a71bbd5f81ac3557b6a68208f263fc97b?s=96&d=mm&r=g","caption":"Andr\u00e9"},"url":"https:\/\/www.oitaperunense.com.br\/site\/author\/andre\/"}]}},"cc_featured_image_caption":{"caption_text":"","source_text":"","source_url":""},"_links":{"self":[{"href":"https:\/\/www.oitaperunense.com.br\/site\/wp-json\/wp\/v2\/posts\/392728","targetHints":{"allow":["GET"]}}],"collection":[{"href":"https:\/\/www.oitaperunense.com.br\/site\/wp-json\/wp\/v2\/posts"}],"about":[{"href":"https:\/\/www.oitaperunense.com.br\/site\/wp-json\/wp\/v2\/types\/post"}],"author":[{"embeddable":true,"href":"https:\/\/www.oitaperunense.com.br\/site\/wp-json\/wp\/v2\/users\/19"}],"replies":[{"embeddable":true,"href":"https:\/\/www.oitaperunense.com.br\/site\/wp-json\/wp\/v2\/comments?post=392728"}],"version-history":[{"count":1,"href":"https:\/\/www.oitaperunense.com.br\/site\/wp-json\/wp\/v2\/posts\/392728\/revisions"}],"predecessor-version":[{"id":392730,"href":"https:\/\/www.oitaperunense.com.br\/site\/wp-json\/wp\/v2\/posts\/392728\/revisions\/392730"}],"wp:featuredmedia":[{"embeddable":true,"href":"https:\/\/www.oitaperunense.com.br\/site\/wp-json\/wp\/v2\/media\/392729"}],"wp:attachment":[{"href":"https:\/\/www.oitaperunense.com.br\/site\/wp-json\/wp\/v2\/media?parent=392728"}],"wp:term":[{"taxonomy":"category","embeddable":true,"href":"https:\/\/www.oitaperunense.com.br\/site\/wp-json\/wp\/v2\/categories?post=392728"},{"taxonomy":"post_tag","embeddable":true,"href":"https:\/\/www.oitaperunense.com.br\/site\/wp-json\/wp\/v2\/tags?post=392728"}],"curies":[{"name":"wp","href":"https:\/\/api.w.org\/{rel}","templated":true}]}}