{"id":392714,"date":"2023-07-25T12:17:59","date_gmt":"2023-07-25T15:17:59","guid":{"rendered":"https:\/\/www.oitaperunense.com.br\/site\/?p=392714"},"modified":"2023-07-25T12:17:59","modified_gmt":"2023-07-25T15:17:59","slug":"pl-libera-passe-de-rodrigo-bacellar-que-esta-de-malas-prontas-para-o-uniao","status":"publish","type":"post","link":"https:\/\/www.oitaperunense.com.br\/site\/pl-libera-passe-de-rodrigo-bacellar-que-esta-de-malas-prontas-para-o-uniao\/","title":{"rendered":"PL libera passe de Rodrigo Bacellar, que est\u00e1 de malas prontas para o Uni\u00e3o"},"content":{"rendered":"<div class=\"mc-column content-text active-extra-styles active-capital-letter\" data-block-type=\"unstyled\" data-block-weight=\"23\" data-block-id=\"2\">\n<p class=\"content-text__container theme-color-primary-first-letter\" style=\"text-align: center;\" data-track-category=\"Link no Texto\" data-track-links=\"\" data-mrf-recirculation=\"Article links\"><strong><span class=\"name\">Encontro nesta segunda-feira &#8211; Foto: <\/span><span class=\"rights-holder\">Reprodu\u00e7\u00e3o<\/span><\/strong><\/p>\n<p class=\"content-text__container theme-color-primary-first-letter\" style=\"text-align: justify;\" data-track-category=\"Link no Texto\" data-track-links=\"\" data-mrf-recirculation=\"Article links\">Num encontro animado e amistoso, ontem, o presidente estadual do PL, Altineu C\u00f4rtes, selou a libera\u00e7\u00e3o do presidente da Assembleia Legislativa, Rodrigo Bacellar. O poderoso foi reeleito, no ano passado, pelo PL. Mas estava, h\u00e1 tempos, de malas prontas para o Uni\u00e3o Brasil. Com a ajuda de Altineu, agora pode pegar o voo.<\/p>\n<\/div>\n<p><!--more--><\/p>\n<div class=\"wall protected-content\">\n<div id=\"pub-in-text\" class=\"tag-manager-publicidade-container tag-manager-publicidade-pub-in-text tag-manager-publicidade-container--carregado tag-manager-publicidade-container--visivel\" data-google-query-id=\"CP-QuZCSqoADFUI2NQoddUcLkA\">\n<div class=\"mc-column content-text active-extra-styles \" data-block-type=\"unstyled\" data-block-weight=\"1\" data-block-id=\"5\">\n<p class=\"content-text__container \" style=\"text-align: justify;\" data-track-category=\"Link no Texto\" data-track-links=\"\" data-mrf-recirculation=\"Article links\"><strong>Campanha<\/strong><\/p>\n<\/div>\n<div class=\"mc-column content-text active-extra-styles \" style=\"text-align: justify;\" data-block-type=\"unstyled\" data-block-weight=\"24\" data-block-id=\"6\">\n<p class=\"content-text__container \" data-track-category=\"Link no Texto\" data-track-links=\"\" data-mrf-recirculation=\"Article links\">Uma turma bem pr\u00f3xima a Bacellar defende que o deputado estadual Rodrigo Amorim (ainda no PTB) seja candidato \u00e0 Prefeitura do Rio pelo Uni\u00e3o.<\/p>\n<\/div>\n<div class=\"mc-column content-text active-extra-styles \" style=\"text-align: justify;\" data-block-type=\"unstyled\" data-block-weight=\"19\" data-block-id=\"7\">\n<p class=\"content-text__container \" data-track-category=\"Link no Texto\" data-track-links=\"\" data-mrf-recirculation=\"Article links\">E Amorim \u2014 que j\u00e1 teve o convite de outros partidos \u2014 acredita, de verdade, no projeto de candidatura.<\/p>\n<\/div>\n<div class=\"mc-column content-text active-extra-styles \" data-block-type=\"unstyled\" data-block-weight=\"38\" data-block-id=\"8\">\n<p class=\"content-text__container \" style=\"text-align: justify;\" data-track-category=\"Link no Texto\" data-track-links=\"\" data-mrf-recirculation=\"Article links\">Tanto que j\u00e1 pensa na vice ideal: a ex-subprefeita de Jacarepagu\u00e1 Talita Galhardo, que deixou a prefeitura depois de ser destratada pelo prefeito Eduardo Paes (PSD) \u2014 cena que foi gravada e ganhou o mundo nas redes sociais.<\/p>\n<p style=\"text-align: justify;\" data-track-category=\"Link no Texto\" data-track-links=\"\" data-mrf-recirculation=\"Article links\">Para ado\u00e7ar a mo\u00e7a, protocolou um projeto para dar a ela uma Medalha Tiradentes.<\/p>\n<\/div>\n<\/div>\n<\/div>\n<p><strong>Por Berenice Seara\/Coluna Extra, Extra<\/strong><\/p>\n","protected":false},"excerpt":{"rendered":"<p>Encontro nesta segunda-feira &#8211; Foto: Reprodu\u00e7\u00e3o Num encontro animado e amistoso, ontem, o presidente estadual do PL, Altineu C\u00f4rtes, selou a libera\u00e7\u00e3o do presidente da Assembleia Legislativa, Rodrigo Bacellar. O poderoso foi reeleito, no ano passado, pelo PL. Mas estava, h\u00e1 tempos, de malas prontas para o Uni\u00e3o Brasil. Com a ajuda de Altineu, agora [&hellip;]<\/p>\n","protected":false},"author":19,"featured_media":392715,"comment_status":"open","ping_status":"closed","sticky":false,"template":"","format":"standard","meta":{"ngg_post_thumbnail":0,"footnotes":""},"categories":[13],"tags":[],"class_list":["post-392714","post","type-post","status-publish","format-standard","has-post-thumbnail","hentry","category-politica"],"yoast_head":"<!-- This site is optimized with the Yoast SEO plugin v20.11 - https:\/\/yoast.com\/wordpress\/plugins\/seo\/ -->\n<title>PL libera passe de Rodrigo Bacellar, que est\u00e1 de malas prontas para o Uni\u00e3o - O Itaperunense<\/title>\n<meta name=\"robots\" content=\"index, follow, max-snippet:-1, max-image-preview:large, max-video-preview:-1\" \/>\n<link rel=\"canonical\" href=\"https:\/\/www.oitaperunense.com.br\/site\/pl-libera-passe-de-rodrigo-bacellar-que-esta-de-malas-prontas-para-o-uniao\/\" \/>\n<meta property=\"og:locale\" content=\"pt_BR\" \/>\n<meta property=\"og:type\" content=\"article\" \/>\n<meta property=\"og:title\" content=\"PL libera passe de Rodrigo Bacellar, que est\u00e1 de malas prontas para o Uni\u00e3o - O Itaperunense\" \/>\n<meta property=\"og:description\" content=\"Encontro nesta segunda-feira &#8211; Foto: Reprodu\u00e7\u00e3o Num encontro animado e amistoso, ontem, o presidente estadual do PL, Altineu C\u00f4rtes, selou a libera\u00e7\u00e3o do presidente da Assembleia Legislativa, Rodrigo Bacellar. O poderoso foi reeleito, no ano passado, pelo PL. Mas estava, h\u00e1 tempos, de malas prontas para o Uni\u00e3o Brasil. Com a ajuda de Altineu, agora [&hellip;]\" \/>\n<meta property=\"og:url\" content=\"https:\/\/www.oitaperunense.com.br\/site\/pl-libera-passe-de-rodrigo-bacellar-que-esta-de-malas-prontas-para-o-uniao\/\" \/>\n<meta property=\"og:site_name\" content=\"O Itaperunense\" \/>\n<meta property=\"article:publisher\" content=\"https:\/\/www.facebook.com\/jornaloitaperunense\" \/>\n<meta property=\"article:published_time\" content=\"2023-07-25T15:17:59+00:00\" \/>\n<meta property=\"og:image\" content=\"https:\/\/www.oitaperunense.com.br\/site\/wp-content\/uploads\/2023\/07\/FLA4.jpg\" \/>\n\t<meta property=\"og:image:width\" content=\"700\" \/>\n\t<meta property=\"og:image:height\" content=\"468\" \/>\n\t<meta property=\"og:image:type\" content=\"image\/jpeg\" \/>\n<meta name=\"author\" content=\"Andr\u00e9\" \/>\n<meta name=\"twitter:card\" content=\"summary_large_image\" \/>\n<meta name=\"twitter:label1\" content=\"Escrito por\" \/>\n\t<meta name=\"twitter:data1\" content=\"Andr\u00e9\" \/>\n\t<meta name=\"twitter:label2\" content=\"Est. tempo de leitura\" \/>\n\t<meta name=\"twitter:data2\" content=\"1 minuto\" \/>\n<script type=\"application\/ld+json\" class=\"yoast-schema-graph\">{\"@context\":\"https:\/\/schema.org\",\"@graph\":[{\"@type\":\"WebPage\",\"@id\":\"https:\/\/www.oitaperunense.com.br\/site\/pl-libera-passe-de-rodrigo-bacellar-que-esta-de-malas-prontas-para-o-uniao\/\",\"url\":\"https:\/\/www.oitaperunense.com.br\/site\/pl-libera-passe-de-rodrigo-bacellar-que-esta-de-malas-prontas-para-o-uniao\/\",\"name\":\"PL libera passe de Rodrigo Bacellar, que est\u00e1 de malas prontas para o Uni\u00e3o - O Itaperunense\",\"isPartOf\":{\"@id\":\"https:\/\/www.oitaperunense.com.br\/site\/#website\"},\"datePublished\":\"2023-07-25T15:17:59+00:00\",\"dateModified\":\"2023-07-25T15:17:59+00:00\",\"author\":{\"@id\":\"https:\/\/www.oitaperunense.com.br\/site\/#\/schema\/person\/4a5b86c112157bc0a4492f4fd6b7939f\"},\"breadcrumb\":{\"@id\":\"https:\/\/www.oitaperunense.com.br\/site\/pl-libera-passe-de-rodrigo-bacellar-que-esta-de-malas-prontas-para-o-uniao\/#breadcrumb\"},\"inLanguage\":\"pt-BR\",\"potentialAction\":[{\"@type\":\"ReadAction\",\"target\":[\"https:\/\/www.oitaperunense.com.br\/site\/pl-libera-passe-de-rodrigo-bacellar-que-esta-de-malas-prontas-para-o-uniao\/\"]}]},{\"@type\":\"BreadcrumbList\",\"@id\":\"https:\/\/www.oitaperunense.com.br\/site\/pl-libera-passe-de-rodrigo-bacellar-que-esta-de-malas-prontas-para-o-uniao\/#breadcrumb\",\"itemListElement\":[{\"@type\":\"ListItem\",\"position\":1,\"name\":\"Home\",\"item\":\"https:\/\/www.oitaperunense.com.br\/site\/\"},{\"@type\":\"ListItem\",\"position\":2,\"name\":\"PL libera passe de Rodrigo Bacellar, que est\u00e1 de malas prontas para o Uni\u00e3o\"}]},{\"@type\":\"WebSite\",\"@id\":\"https:\/\/www.oitaperunense.com.br\/site\/#website\",\"url\":\"https:\/\/www.oitaperunense.com.br\/site\/\",\"name\":\"O Itaperunense\",\"description\":\"\",\"potentialAction\":[{\"@type\":\"SearchAction\",\"target\":{\"@type\":\"EntryPoint\",\"urlTemplate\":\"https:\/\/www.oitaperunense.com.br\/site\/?s={search_term_string}\"},\"query-input\":\"required name=search_term_string\"}],\"inLanguage\":\"pt-BR\"},{\"@type\":\"Person\",\"@id\":\"https:\/\/www.oitaperunense.com.br\/site\/#\/schema\/person\/4a5b86c112157bc0a4492f4fd6b7939f\",\"name\":\"Andr\u00e9\",\"image\":{\"@type\":\"ImageObject\",\"inLanguage\":\"pt-BR\",\"@id\":\"https:\/\/www.oitaperunense.com.br\/site\/#\/schema\/person\/image\/\",\"url\":\"https:\/\/secure.gravatar.com\/avatar\/7a7a912ec2c8cd6a390040b03329ee7a71bbd5f81ac3557b6a68208f263fc97b?s=96&d=mm&r=g\",\"contentUrl\":\"https:\/\/secure.gravatar.com\/avatar\/7a7a912ec2c8cd6a390040b03329ee7a71bbd5f81ac3557b6a68208f263fc97b?s=96&d=mm&r=g\",\"caption\":\"Andr\u00e9\"},\"url\":\"https:\/\/www.oitaperunense.com.br\/site\/author\/andre\/\"}]}<\/script>\n<!-- \/ Yoast SEO plugin. -->","yoast_head_json":{"title":"PL libera passe de Rodrigo Bacellar, que est\u00e1 de malas prontas para o Uni\u00e3o - O Itaperunense","robots":{"index":"index","follow":"follow","max-snippet":"max-snippet:-1","max-image-preview":"max-image-preview:large","max-video-preview":"max-video-preview:-1"},"canonical":"https:\/\/www.oitaperunense.com.br\/site\/pl-libera-passe-de-rodrigo-bacellar-que-esta-de-malas-prontas-para-o-uniao\/","og_locale":"pt_BR","og_type":"article","og_title":"PL libera passe de Rodrigo Bacellar, que est\u00e1 de malas prontas para o Uni\u00e3o - O Itaperunense","og_description":"Encontro nesta segunda-feira &#8211; Foto: Reprodu\u00e7\u00e3o Num encontro animado e amistoso, ontem, o presidente estadual do PL, Altineu C\u00f4rtes, selou a libera\u00e7\u00e3o do presidente da Assembleia Legislativa, Rodrigo Bacellar. O poderoso foi reeleito, no ano passado, pelo PL. Mas estava, h\u00e1 tempos, de malas prontas para o Uni\u00e3o Brasil. Com a ajuda de Altineu, agora [&hellip;]","og_url":"https:\/\/www.oitaperunense.com.br\/site\/pl-libera-passe-de-rodrigo-bacellar-que-esta-de-malas-prontas-para-o-uniao\/","og_site_name":"O Itaperunense","article_publisher":"https:\/\/www.facebook.com\/jornaloitaperunense","article_published_time":"2023-07-25T15:17:59+00:00","og_image":[{"width":700,"height":468,"url":"https:\/\/www.oitaperunense.com.br\/site\/wp-content\/uploads\/2023\/07\/FLA4.jpg","type":"image\/jpeg"}],"author":"Andr\u00e9","twitter_card":"summary_large_image","twitter_misc":{"Escrito por":"Andr\u00e9","Est. tempo de leitura":"1 minuto"},"schema":{"@context":"https:\/\/schema.org","@graph":[{"@type":"WebPage","@id":"https:\/\/www.oitaperunense.com.br\/site\/pl-libera-passe-de-rodrigo-bacellar-que-esta-de-malas-prontas-para-o-uniao\/","url":"https:\/\/www.oitaperunense.com.br\/site\/pl-libera-passe-de-rodrigo-bacellar-que-esta-de-malas-prontas-para-o-uniao\/","name":"PL libera passe de Rodrigo Bacellar, que est\u00e1 de malas prontas para o Uni\u00e3o - O Itaperunense","isPartOf":{"@id":"https:\/\/www.oitaperunense.com.br\/site\/#website"},"datePublished":"2023-07-25T15:17:59+00:00","dateModified":"2023-07-25T15:17:59+00:00","author":{"@id":"https:\/\/www.oitaperunense.com.br\/site\/#\/schema\/person\/4a5b86c112157bc0a4492f4fd6b7939f"},"breadcrumb":{"@id":"https:\/\/www.oitaperunense.com.br\/site\/pl-libera-passe-de-rodrigo-bacellar-que-esta-de-malas-prontas-para-o-uniao\/#breadcrumb"},"inLanguage":"pt-BR","potentialAction":[{"@type":"ReadAction","target":["https:\/\/www.oitaperunense.com.br\/site\/pl-libera-passe-de-rodrigo-bacellar-que-esta-de-malas-prontas-para-o-uniao\/"]}]},{"@type":"BreadcrumbList","@id":"https:\/\/www.oitaperunense.com.br\/site\/pl-libera-passe-de-rodrigo-bacellar-que-esta-de-malas-prontas-para-o-uniao\/#breadcrumb","itemListElement":[{"@type":"ListItem","position":1,"name":"Home","item":"https:\/\/www.oitaperunense.com.br\/site\/"},{"@type":"ListItem","position":2,"name":"PL libera passe de Rodrigo Bacellar, que est\u00e1 de malas prontas para o Uni\u00e3o"}]},{"@type":"WebSite","@id":"https:\/\/www.oitaperunense.com.br\/site\/#website","url":"https:\/\/www.oitaperunense.com.br\/site\/","name":"O Itaperunense","description":"","potentialAction":[{"@type":"SearchAction","target":{"@type":"EntryPoint","urlTemplate":"https:\/\/www.oitaperunense.com.br\/site\/?s={search_term_string}"},"query-input":"required name=search_term_string"}],"inLanguage":"pt-BR"},{"@type":"Person","@id":"https:\/\/www.oitaperunense.com.br\/site\/#\/schema\/person\/4a5b86c112157bc0a4492f4fd6b7939f","name":"Andr\u00e9","image":{"@type":"ImageObject","inLanguage":"pt-BR","@id":"https:\/\/www.oitaperunense.com.br\/site\/#\/schema\/person\/image\/","url":"https:\/\/secure.gravatar.com\/avatar\/7a7a912ec2c8cd6a390040b03329ee7a71bbd5f81ac3557b6a68208f263fc97b?s=96&d=mm&r=g","contentUrl":"https:\/\/secure.gravatar.com\/avatar\/7a7a912ec2c8cd6a390040b03329ee7a71bbd5f81ac3557b6a68208f263fc97b?s=96&d=mm&r=g","caption":"Andr\u00e9"},"url":"https:\/\/www.oitaperunense.com.br\/site\/author\/andre\/"}]}},"cc_featured_image_caption":{"caption_text":"","source_text":"","source_url":""},"_links":{"self":[{"href":"https:\/\/www.oitaperunense.com.br\/site\/wp-json\/wp\/v2\/posts\/392714","targetHints":{"allow":["GET"]}}],"collection":[{"href":"https:\/\/www.oitaperunense.com.br\/site\/wp-json\/wp\/v2\/posts"}],"about":[{"href":"https:\/\/www.oitaperunense.com.br\/site\/wp-json\/wp\/v2\/types\/post"}],"author":[{"embeddable":true,"href":"https:\/\/www.oitaperunense.com.br\/site\/wp-json\/wp\/v2\/users\/19"}],"replies":[{"embeddable":true,"href":"https:\/\/www.oitaperunense.com.br\/site\/wp-json\/wp\/v2\/comments?post=392714"}],"version-history":[{"count":1,"href":"https:\/\/www.oitaperunense.com.br\/site\/wp-json\/wp\/v2\/posts\/392714\/revisions"}],"predecessor-version":[{"id":392716,"href":"https:\/\/www.oitaperunense.com.br\/site\/wp-json\/wp\/v2\/posts\/392714\/revisions\/392716"}],"wp:featuredmedia":[{"embeddable":true,"href":"https:\/\/www.oitaperunense.com.br\/site\/wp-json\/wp\/v2\/media\/392715"}],"wp:attachment":[{"href":"https:\/\/www.oitaperunense.com.br\/site\/wp-json\/wp\/v2\/media?parent=392714"}],"wp:term":[{"taxonomy":"category","embeddable":true,"href":"https:\/\/www.oitaperunense.com.br\/site\/wp-json\/wp\/v2\/categories?post=392714"},{"taxonomy":"post_tag","embeddable":true,"href":"https:\/\/www.oitaperunense.com.br\/site\/wp-json\/wp\/v2\/tags?post=392714"}],"curies":[{"name":"wp","href":"https:\/\/api.w.org\/{rel}","templated":true}]}}