{"id":392710,"date":"2023-07-25T10:25:13","date_gmt":"2023-07-25T13:25:13","guid":{"rendered":"https:\/\/www.oitaperunense.com.br\/site\/?p=392710"},"modified":"2023-07-25T10:25:13","modified_gmt":"2023-07-25T13:25:13","slug":"padre-catolico-de-rio-das-pedras-e-preso-sob-a-acusacao-de-estuprar-duas-criancas","status":"publish","type":"post","link":"https:\/\/www.oitaperunense.com.br\/site\/padre-catolico-de-rio-das-pedras-e-preso-sob-a-acusacao-de-estuprar-duas-criancas\/","title":{"rendered":"Padre cat\u00f3lico de Rio das Pedras \u00e9 preso sob a acusa\u00e7\u00e3o de estuprar duas crian\u00e7as"},"content":{"rendered":"<p style=\"text-align: center;\"><strong>Ramon Pitilo foi ordenado padre h\u00e1 pouco mais de um ano, em maio de 2022<\/strong><\/p>\n<p style=\"text-align: justify;\">Um caso rumoroso de acusa\u00e7\u00e3o de estupro de crian\u00e7a por um sacerdote cat\u00f3lico est\u00e1 escandalizando moradores de uma comunidade da Zona Oeste do Rio. A Arquidiocese do Rio de Janeiro afastou o padre Ramon Guilherme Pitilo da Silva Ramos, de 33 anos, preso preventivamente ontem segunda-feira sob a acusa\u00e7\u00e3o de estuprar no m\u00ednimo duas crian\u00e7as da Par\u00f3quia S\u00e3o Jo\u00e3o Batista, em Rio das Pedras, na Zona Oeste da cidade.<\/p>\n<p><!--more--><\/p>\n<p style=\"text-align: justify;\">Al\u00e9m da suspens\u00e3o, foi aberta uma investiga\u00e7\u00e3o interna contra o sacerdote, alvo de um inqu\u00e9rito da Delegacia da Crian\u00e7a e do Adolescente V\u00edtima (DCAV). Ramon Pitilo deve passar por audi\u00eancia de cust\u00f3dia nesta ter\u00e7a-feira.<\/p>\n<p style=\"text-align: justify;\">\u201cCom o intuito de cooperar integralmente com as autoridades na apura\u00e7\u00e3o dos fatos, zelando tamb\u00e9m pelo cuidado e prote\u00e7\u00e3o dos envolvidos nas investiga\u00e7\u00f5es, a Arquidiocese imediatamente afastou o padre de todas as suas fun\u00e7\u00f5es, at\u00e9 que tudo seja esclarecido. Foi tamb\u00e9m aberta uma investiga\u00e7\u00e3o interna, concomitante \u00e0 atua\u00e7\u00e3o do Estado, buscando apurar as condutas atribu\u00eddas ao sacerdote\u201d, informou a Arquidiocese por meio de nota.<\/p>\n<p style=\"text-align: justify;\">O mandado de pris\u00e3o contra o padre foi expedido no \u00faltimo dia 21 pela ju\u00edza Gisele Guida de Faria, da 1\u00aa Vara Especializada em Crimes contra a Crian\u00e7a e o Adolescente. O padre se apresentou, acompanhado de seus advogados, na DCAV nesta segunda-feira. No in\u00edcio da tarde, a defesa do cl\u00e9rigo entrou com um pedido de habeas corpus no Tribunal de Justi\u00e7a do Rio.\u00c0 noite, a liminar foi negada pelo desembargador Carlos Eduardo Roboredo, da 3\u00aa C\u00e2mara Criminal.<\/p>\n<p style=\"text-align: justify;\">Ramon Pitilo foi ordenado padre h\u00e1 pouco mais de um ano, em maio de 2022. Segundo a pol\u00edcia, al\u00e9m da decis\u00e3o de suspens\u00e3o tomada pela arquidiocese, o padre j\u00e1 havia sido afastado do sacerd\u00f3cio pela mesma ordem judicial que determinou sua pris\u00e3o. Caso seja condenado pelos estupros, Ramon pode receber uma pena de mais de 20 anos de pris\u00e3o.<\/p>\n<p><strong>Com informa\u00e7\u00f5es: Agenda do Poder<\/strong><\/p>\n","protected":false},"excerpt":{"rendered":"<p>Ramon Pitilo foi ordenado padre h\u00e1 pouco mais de um ano, em maio de 2022 Um caso rumoroso de acusa\u00e7\u00e3o de estupro de crian\u00e7a por um sacerdote cat\u00f3lico est\u00e1 escandalizando moradores de uma comunidade da Zona Oeste do Rio. A Arquidiocese do Rio de Janeiro afastou o padre Ramon Guilherme Pitilo da Silva Ramos, de [&hellip;]<\/p>\n","protected":false},"author":19,"featured_media":392711,"comment_status":"open","ping_status":"closed","sticky":false,"template":"","format":"standard","meta":{"ngg_post_thumbnail":0,"footnotes":""},"categories":[91],"tags":[],"class_list":["post-392710","post","type-post","status-publish","format-standard","has-post-thumbnail","hentry","category-geral"],"yoast_head":"<!-- This site is optimized with the Yoast SEO plugin v20.11 - https:\/\/yoast.com\/wordpress\/plugins\/seo\/ -->\n<title>Padre cat\u00f3lico de Rio das Pedras \u00e9 preso sob a acusa\u00e7\u00e3o de estuprar duas crian\u00e7as - O Itaperunense<\/title>\n<meta name=\"robots\" content=\"index, follow, max-snippet:-1, max-image-preview:large, max-video-preview:-1\" \/>\n<link rel=\"canonical\" href=\"https:\/\/www.oitaperunense.com.br\/site\/padre-catolico-de-rio-das-pedras-e-preso-sob-a-acusacao-de-estuprar-duas-criancas\/\" \/>\n<meta property=\"og:locale\" content=\"pt_BR\" \/>\n<meta property=\"og:type\" content=\"article\" \/>\n<meta property=\"og:title\" content=\"Padre cat\u00f3lico de Rio das Pedras \u00e9 preso sob a acusa\u00e7\u00e3o de estuprar duas crian\u00e7as - O Itaperunense\" \/>\n<meta property=\"og:description\" content=\"Ramon Pitilo foi ordenado padre h\u00e1 pouco mais de um ano, em maio de 2022 Um caso rumoroso de acusa\u00e7\u00e3o de estupro de crian\u00e7a por um sacerdote cat\u00f3lico est\u00e1 escandalizando moradores de uma comunidade da Zona Oeste do Rio. A Arquidiocese do Rio de Janeiro afastou o padre Ramon Guilherme Pitilo da Silva Ramos, de [&hellip;]\" \/>\n<meta property=\"og:url\" content=\"https:\/\/www.oitaperunense.com.br\/site\/padre-catolico-de-rio-das-pedras-e-preso-sob-a-acusacao-de-estuprar-duas-criancas\/\" \/>\n<meta property=\"og:site_name\" content=\"O Itaperunense\" \/>\n<meta property=\"article:publisher\" content=\"https:\/\/www.facebook.com\/jornaloitaperunense\" \/>\n<meta property=\"article:published_time\" content=\"2023-07-25T13:25:13+00:00\" \/>\n<meta property=\"og:image\" content=\"https:\/\/www.oitaperunense.com.br\/site\/wp-content\/uploads\/2023\/07\/FLA3.jpg\" \/>\n\t<meta property=\"og:image:width\" content=\"700\" \/>\n\t<meta property=\"og:image:height\" content=\"517\" \/>\n\t<meta property=\"og:image:type\" content=\"image\/jpeg\" \/>\n<meta name=\"author\" content=\"Andr\u00e9\" \/>\n<meta name=\"twitter:card\" content=\"summary_large_image\" \/>\n<meta name=\"twitter:label1\" content=\"Escrito por\" \/>\n\t<meta name=\"twitter:data1\" content=\"Andr\u00e9\" \/>\n\t<meta name=\"twitter:label2\" content=\"Est. tempo de leitura\" \/>\n\t<meta name=\"twitter:data2\" content=\"2 minutos\" \/>\n<script type=\"application\/ld+json\" class=\"yoast-schema-graph\">{\"@context\":\"https:\/\/schema.org\",\"@graph\":[{\"@type\":\"WebPage\",\"@id\":\"https:\/\/www.oitaperunense.com.br\/site\/padre-catolico-de-rio-das-pedras-e-preso-sob-a-acusacao-de-estuprar-duas-criancas\/\",\"url\":\"https:\/\/www.oitaperunense.com.br\/site\/padre-catolico-de-rio-das-pedras-e-preso-sob-a-acusacao-de-estuprar-duas-criancas\/\",\"name\":\"Padre cat\u00f3lico de Rio das Pedras \u00e9 preso sob a acusa\u00e7\u00e3o de estuprar duas crian\u00e7as - O Itaperunense\",\"isPartOf\":{\"@id\":\"https:\/\/www.oitaperunense.com.br\/site\/#website\"},\"datePublished\":\"2023-07-25T13:25:13+00:00\",\"dateModified\":\"2023-07-25T13:25:13+00:00\",\"author\":{\"@id\":\"https:\/\/www.oitaperunense.com.br\/site\/#\/schema\/person\/4a5b86c112157bc0a4492f4fd6b7939f\"},\"breadcrumb\":{\"@id\":\"https:\/\/www.oitaperunense.com.br\/site\/padre-catolico-de-rio-das-pedras-e-preso-sob-a-acusacao-de-estuprar-duas-criancas\/#breadcrumb\"},\"inLanguage\":\"pt-BR\",\"potentialAction\":[{\"@type\":\"ReadAction\",\"target\":[\"https:\/\/www.oitaperunense.com.br\/site\/padre-catolico-de-rio-das-pedras-e-preso-sob-a-acusacao-de-estuprar-duas-criancas\/\"]}]},{\"@type\":\"BreadcrumbList\",\"@id\":\"https:\/\/www.oitaperunense.com.br\/site\/padre-catolico-de-rio-das-pedras-e-preso-sob-a-acusacao-de-estuprar-duas-criancas\/#breadcrumb\",\"itemListElement\":[{\"@type\":\"ListItem\",\"position\":1,\"name\":\"Home\",\"item\":\"https:\/\/www.oitaperunense.com.br\/site\/\"},{\"@type\":\"ListItem\",\"position\":2,\"name\":\"Padre cat\u00f3lico de Rio das Pedras \u00e9 preso sob a acusa\u00e7\u00e3o de estuprar duas crian\u00e7as\"}]},{\"@type\":\"WebSite\",\"@id\":\"https:\/\/www.oitaperunense.com.br\/site\/#website\",\"url\":\"https:\/\/www.oitaperunense.com.br\/site\/\",\"name\":\"O Itaperunense\",\"description\":\"\",\"potentialAction\":[{\"@type\":\"SearchAction\",\"target\":{\"@type\":\"EntryPoint\",\"urlTemplate\":\"https:\/\/www.oitaperunense.com.br\/site\/?s={search_term_string}\"},\"query-input\":\"required name=search_term_string\"}],\"inLanguage\":\"pt-BR\"},{\"@type\":\"Person\",\"@id\":\"https:\/\/www.oitaperunense.com.br\/site\/#\/schema\/person\/4a5b86c112157bc0a4492f4fd6b7939f\",\"name\":\"Andr\u00e9\",\"image\":{\"@type\":\"ImageObject\",\"inLanguage\":\"pt-BR\",\"@id\":\"https:\/\/www.oitaperunense.com.br\/site\/#\/schema\/person\/image\/\",\"url\":\"https:\/\/secure.gravatar.com\/avatar\/7a7a912ec2c8cd6a390040b03329ee7a71bbd5f81ac3557b6a68208f263fc97b?s=96&d=mm&r=g\",\"contentUrl\":\"https:\/\/secure.gravatar.com\/avatar\/7a7a912ec2c8cd6a390040b03329ee7a71bbd5f81ac3557b6a68208f263fc97b?s=96&d=mm&r=g\",\"caption\":\"Andr\u00e9\"},\"url\":\"https:\/\/www.oitaperunense.com.br\/site\/author\/andre\/\"}]}<\/script>\n<!-- \/ Yoast SEO plugin. -->","yoast_head_json":{"title":"Padre cat\u00f3lico de Rio das Pedras \u00e9 preso sob a acusa\u00e7\u00e3o de estuprar duas crian\u00e7as - O Itaperunense","robots":{"index":"index","follow":"follow","max-snippet":"max-snippet:-1","max-image-preview":"max-image-preview:large","max-video-preview":"max-video-preview:-1"},"canonical":"https:\/\/www.oitaperunense.com.br\/site\/padre-catolico-de-rio-das-pedras-e-preso-sob-a-acusacao-de-estuprar-duas-criancas\/","og_locale":"pt_BR","og_type":"article","og_title":"Padre cat\u00f3lico de Rio das Pedras \u00e9 preso sob a acusa\u00e7\u00e3o de estuprar duas crian\u00e7as - O Itaperunense","og_description":"Ramon Pitilo foi ordenado padre h\u00e1 pouco mais de um ano, em maio de 2022 Um caso rumoroso de acusa\u00e7\u00e3o de estupro de crian\u00e7a por um sacerdote cat\u00f3lico est\u00e1 escandalizando moradores de uma comunidade da Zona Oeste do Rio. A Arquidiocese do Rio de Janeiro afastou o padre Ramon Guilherme Pitilo da Silva Ramos, de [&hellip;]","og_url":"https:\/\/www.oitaperunense.com.br\/site\/padre-catolico-de-rio-das-pedras-e-preso-sob-a-acusacao-de-estuprar-duas-criancas\/","og_site_name":"O Itaperunense","article_publisher":"https:\/\/www.facebook.com\/jornaloitaperunense","article_published_time":"2023-07-25T13:25:13+00:00","og_image":[{"width":700,"height":517,"url":"https:\/\/www.oitaperunense.com.br\/site\/wp-content\/uploads\/2023\/07\/FLA3.jpg","type":"image\/jpeg"}],"author":"Andr\u00e9","twitter_card":"summary_large_image","twitter_misc":{"Escrito por":"Andr\u00e9","Est. tempo de leitura":"2 minutos"},"schema":{"@context":"https:\/\/schema.org","@graph":[{"@type":"WebPage","@id":"https:\/\/www.oitaperunense.com.br\/site\/padre-catolico-de-rio-das-pedras-e-preso-sob-a-acusacao-de-estuprar-duas-criancas\/","url":"https:\/\/www.oitaperunense.com.br\/site\/padre-catolico-de-rio-das-pedras-e-preso-sob-a-acusacao-de-estuprar-duas-criancas\/","name":"Padre cat\u00f3lico de Rio das Pedras \u00e9 preso sob a acusa\u00e7\u00e3o de estuprar duas crian\u00e7as - O Itaperunense","isPartOf":{"@id":"https:\/\/www.oitaperunense.com.br\/site\/#website"},"datePublished":"2023-07-25T13:25:13+00:00","dateModified":"2023-07-25T13:25:13+00:00","author":{"@id":"https:\/\/www.oitaperunense.com.br\/site\/#\/schema\/person\/4a5b86c112157bc0a4492f4fd6b7939f"},"breadcrumb":{"@id":"https:\/\/www.oitaperunense.com.br\/site\/padre-catolico-de-rio-das-pedras-e-preso-sob-a-acusacao-de-estuprar-duas-criancas\/#breadcrumb"},"inLanguage":"pt-BR","potentialAction":[{"@type":"ReadAction","target":["https:\/\/www.oitaperunense.com.br\/site\/padre-catolico-de-rio-das-pedras-e-preso-sob-a-acusacao-de-estuprar-duas-criancas\/"]}]},{"@type":"BreadcrumbList","@id":"https:\/\/www.oitaperunense.com.br\/site\/padre-catolico-de-rio-das-pedras-e-preso-sob-a-acusacao-de-estuprar-duas-criancas\/#breadcrumb","itemListElement":[{"@type":"ListItem","position":1,"name":"Home","item":"https:\/\/www.oitaperunense.com.br\/site\/"},{"@type":"ListItem","position":2,"name":"Padre cat\u00f3lico de Rio das Pedras \u00e9 preso sob a acusa\u00e7\u00e3o de estuprar duas crian\u00e7as"}]},{"@type":"WebSite","@id":"https:\/\/www.oitaperunense.com.br\/site\/#website","url":"https:\/\/www.oitaperunense.com.br\/site\/","name":"O Itaperunense","description":"","potentialAction":[{"@type":"SearchAction","target":{"@type":"EntryPoint","urlTemplate":"https:\/\/www.oitaperunense.com.br\/site\/?s={search_term_string}"},"query-input":"required name=search_term_string"}],"inLanguage":"pt-BR"},{"@type":"Person","@id":"https:\/\/www.oitaperunense.com.br\/site\/#\/schema\/person\/4a5b86c112157bc0a4492f4fd6b7939f","name":"Andr\u00e9","image":{"@type":"ImageObject","inLanguage":"pt-BR","@id":"https:\/\/www.oitaperunense.com.br\/site\/#\/schema\/person\/image\/","url":"https:\/\/secure.gravatar.com\/avatar\/7a7a912ec2c8cd6a390040b03329ee7a71bbd5f81ac3557b6a68208f263fc97b?s=96&d=mm&r=g","contentUrl":"https:\/\/secure.gravatar.com\/avatar\/7a7a912ec2c8cd6a390040b03329ee7a71bbd5f81ac3557b6a68208f263fc97b?s=96&d=mm&r=g","caption":"Andr\u00e9"},"url":"https:\/\/www.oitaperunense.com.br\/site\/author\/andre\/"}]}},"cc_featured_image_caption":{"caption_text":"","source_text":"","source_url":""},"_links":{"self":[{"href":"https:\/\/www.oitaperunense.com.br\/site\/wp-json\/wp\/v2\/posts\/392710","targetHints":{"allow":["GET"]}}],"collection":[{"href":"https:\/\/www.oitaperunense.com.br\/site\/wp-json\/wp\/v2\/posts"}],"about":[{"href":"https:\/\/www.oitaperunense.com.br\/site\/wp-json\/wp\/v2\/types\/post"}],"author":[{"embeddable":true,"href":"https:\/\/www.oitaperunense.com.br\/site\/wp-json\/wp\/v2\/users\/19"}],"replies":[{"embeddable":true,"href":"https:\/\/www.oitaperunense.com.br\/site\/wp-json\/wp\/v2\/comments?post=392710"}],"version-history":[{"count":1,"href":"https:\/\/www.oitaperunense.com.br\/site\/wp-json\/wp\/v2\/posts\/392710\/revisions"}],"predecessor-version":[{"id":392712,"href":"https:\/\/www.oitaperunense.com.br\/site\/wp-json\/wp\/v2\/posts\/392710\/revisions\/392712"}],"wp:featuredmedia":[{"embeddable":true,"href":"https:\/\/www.oitaperunense.com.br\/site\/wp-json\/wp\/v2\/media\/392711"}],"wp:attachment":[{"href":"https:\/\/www.oitaperunense.com.br\/site\/wp-json\/wp\/v2\/media?parent=392710"}],"wp:term":[{"taxonomy":"category","embeddable":true,"href":"https:\/\/www.oitaperunense.com.br\/site\/wp-json\/wp\/v2\/categories?post=392710"},{"taxonomy":"post_tag","embeddable":true,"href":"https:\/\/www.oitaperunense.com.br\/site\/wp-json\/wp\/v2\/tags?post=392710"}],"curies":[{"name":"wp","href":"https:\/\/api.w.org\/{rel}","templated":true}]}}