{"id":392699,"date":"2023-07-24T19:15:34","date_gmt":"2023-07-24T22:15:34","guid":{"rendered":"https:\/\/www.oitaperunense.com.br\/site\/?p=392699"},"modified":"2023-07-24T19:15:34","modified_gmt":"2023-07-24T22:15:34","slug":"saude-de-itaperuna-tem-aumento-do-teto-mac-aprovado-em-mais-de-r-12-milhoes","status":"publish","type":"post","link":"https:\/\/www.oitaperunense.com.br\/site\/saude-de-itaperuna-tem-aumento-do-teto-mac-aprovado-em-mais-de-r-12-milhoes\/","title":{"rendered":"SA\u00daDE DE ITAPERUNA TEM AUMENTO DO TETO MAC APROVADO EM MAIS DE R$ 12 MILH\u00d5ES"},"content":{"rendered":"<p style=\"text-align: center;\"><strong>Prefeito Alfred\u00e3o e o secret\u00e1rio Municipal de Sa\u00fade Marcelo Poeys<\/strong><\/p>\n<p style=\"text-align: justify;\">A Administra\u00e7\u00e3o Municipal vem trabalhando diariamente e com determina\u00e7\u00e3o, a fim de equacionar pend\u00eancias existentes, visando as melhores alternativas para o Munic\u00edpio e, consequentemente, para a popula\u00e7\u00e3o. E, o setor de Sa\u00fade j\u00e1 pode celebrar mais uma importante conquista, afinal, mais de R$ 12 milh\u00f5es ser\u00e3o incorporados ao limite financeiro de M\u00e9dia e Alta Complexidade (MAC) do Estado do Rio de Janeiro e o Munic\u00edpio de Itaperuna.<\/p>\n<p><!--more--><\/p>\n<p style=\"text-align: justify;\">Nesta segunda-feira, 24, foi publicado no Di\u00e1rio Oficial da Uni\u00e3o, na edi\u00e7\u00e3o 139, se\u00e7\u00e3o 1, p\u00e1gina 240, a Portaria GM\/MS N\u00ba 1.017 de 21 de julho de 2023, que estabelece recurso do Bloco de Manuten\u00e7\u00e3o das A\u00e7\u00f5es e Servi\u00e7os P\u00fablicos de Sa\u00fade &#8211; Grupo de Aten\u00e7\u00e3o Especializada.<\/p>\n<p style=\"text-align: justify;\">Fica estabelecido recurso do Bloco de Manuten\u00e7\u00e3o das A\u00e7\u00f5es e Servi\u00e7os P\u00fablicos de Sa\u00fade &#8211; Grupo de Aten\u00e7\u00e3o Especializada no montante anual de R$ 12.809.203,99 a ser incorporado ao limite financeiro de M\u00e9dia e Alta Complexidade &#8211; MAC, da seguinte forma:<\/p>\n<p style=\"text-align: justify;\"><strong>&#8211; HOSPITAL S\u00c3O JOS\u00c9 DO AVA\u00cd: valor anual R$ 8.749.203,99<\/strong><\/p>\n<p style=\"text-align: justify;\"><strong>&#8211; MUNIC\u00cdPIO DE ITAPERUNA: valor anual R$ 4.060.000,00<\/strong><\/p>\n<p style=\"text-align: justify;\">O prefeito Alfredo Paulo Marques Rodrigues, Alfred\u00e3o, celebrou esta vit\u00f3ria e agradeceu a todos pelo empenho.<\/p>\n<p style=\"text-align: justify;\">\u201cEntendo que precisamos trabalhar juntos, a fim de conseguirmos novas conquistas. Eu agrade\u00e7o a nossa equipe da Sa\u00fade, assim como ao deputado Murillo, que segue colaborando com o Munic\u00edpio de Itaperuna e toda a Regi\u00e3o Noroeste Fluminense\u201d, diz o prefeito.<\/p>\n<p style=\"text-align: justify;\">Para Marcelo Poeys, secret\u00e1rio Municipal de Sa\u00fade, a incorpora\u00e7\u00e3o destes recursos \u00e9 de suma import\u00e2ncia para a Sa\u00fade do munic\u00edpio.<\/p>\n<p style=\"text-align: justify;\">\u201cSer\u00e3o mais R$ 12.809.203,99 a serem incorporados ao limite financeiro de M\u00e9dia e Alta Complexidade, proporcionando melhorias consider\u00e1veis no atendimento aos nossos pacientes. Sem d\u00favida alguma, uma importante vit\u00f3ria para o nosso munic\u00edpio e para a regi\u00e3o\u201d, comemora o secret\u00e1rio.<\/p>\n<p style=\"text-align: justify;\">O deputado federal Murillo Gouv\u00eaa fez um agradecimento especial e tamb\u00e9m celebrou mais esta conquista para o munic\u00edpio itaperunense.<\/p>\n<p style=\"text-align: justify;\">\u201cEm nome da Ministra da Sa\u00fade N\u00edsia Trindade Lima, fa\u00e7o um agradecimento especial ao Governo Federal, que segue nos recebendo de bra\u00e7os abertos. Esta \u00e9 mais uma importante vit\u00f3ria para a nossa Itaperuna, bem como para o Noroeste Fluminense! E, com f\u00e9 em Deus, vamos continuar trabalhando para que venhamos conseguir outras conquistas mais\u201d, finaliza.<\/p>\n<p style=\"text-align: justify;\">Acompanhe as not\u00edcias e informa\u00e7\u00f5es sobre a Secretaria Municipal de Sa\u00fade e demais secretarias, pelas redes sociais da Prefeitura de Itaperuna!<\/p>\n<p style=\"text-align: justify;\"><strong>Com informa\u00e7\u00f5es: DECOM\/Itaperuna\/RJ<\/strong><\/p>\n","protected":false},"excerpt":{"rendered":"<p>Prefeito Alfred\u00e3o e o secret\u00e1rio Municipal de Sa\u00fade Marcelo Poeys A Administra\u00e7\u00e3o Municipal vem trabalhando diariamente e com determina\u00e7\u00e3o, a fim de equacionar pend\u00eancias existentes, visando as melhores alternativas para o Munic\u00edpio e, consequentemente, para a popula\u00e7\u00e3o. E, o setor de Sa\u00fade j\u00e1 pode celebrar mais uma importante conquista, afinal, mais de R$ 12 milh\u00f5es [&hellip;]<\/p>\n","protected":false},"author":19,"featured_media":392700,"comment_status":"open","ping_status":"closed","sticky":false,"template":"","format":"standard","meta":{"ngg_post_thumbnail":0,"footnotes":""},"categories":[113],"tags":[],"class_list":["post-392699","post","type-post","status-publish","format-standard","has-post-thumbnail","hentry","category-saude"],"yoast_head":"<!-- This site is optimized with the Yoast SEO plugin v20.11 - https:\/\/yoast.com\/wordpress\/plugins\/seo\/ -->\n<title>SA\u00daDE DE ITAPERUNA TEM AUMENTO DO TETO MAC APROVADO EM MAIS DE R$ 12 MILH\u00d5ES - O Itaperunense<\/title>\n<meta name=\"robots\" content=\"index, follow, max-snippet:-1, max-image-preview:large, max-video-preview:-1\" \/>\n<link rel=\"canonical\" href=\"https:\/\/www.oitaperunense.com.br\/site\/saude-de-itaperuna-tem-aumento-do-teto-mac-aprovado-em-mais-de-r-12-milhoes\/\" \/>\n<meta property=\"og:locale\" content=\"pt_BR\" \/>\n<meta property=\"og:type\" content=\"article\" \/>\n<meta property=\"og:title\" content=\"SA\u00daDE DE ITAPERUNA TEM AUMENTO DO TETO MAC APROVADO EM MAIS DE R$ 12 MILH\u00d5ES - O Itaperunense\" \/>\n<meta property=\"og:description\" content=\"Prefeito Alfred\u00e3o e o secret\u00e1rio Municipal de Sa\u00fade Marcelo Poeys A Administra\u00e7\u00e3o Municipal vem trabalhando diariamente e com determina\u00e7\u00e3o, a fim de equacionar pend\u00eancias existentes, visando as melhores alternativas para o Munic\u00edpio e, consequentemente, para a popula\u00e7\u00e3o. E, o setor de Sa\u00fade j\u00e1 pode celebrar mais uma importante conquista, afinal, mais de R$ 12 milh\u00f5es [&hellip;]\" \/>\n<meta property=\"og:url\" content=\"https:\/\/www.oitaperunense.com.br\/site\/saude-de-itaperuna-tem-aumento-do-teto-mac-aprovado-em-mais-de-r-12-milhoes\/\" \/>\n<meta property=\"og:site_name\" content=\"O Itaperunense\" \/>\n<meta property=\"article:publisher\" content=\"https:\/\/www.facebook.com\/jornaloitaperunense\" \/>\n<meta property=\"article:published_time\" content=\"2023-07-24T22:15:34+00:00\" \/>\n<meta property=\"og:image\" content=\"https:\/\/www.oitaperunense.com.br\/site\/wp-content\/uploads\/2023\/07\/IR31.jpg\" \/>\n\t<meta property=\"og:image:width\" content=\"700\" \/>\n\t<meta property=\"og:image:height\" content=\"443\" \/>\n\t<meta property=\"og:image:type\" content=\"image\/jpeg\" \/>\n<meta name=\"author\" content=\"Andr\u00e9\" \/>\n<meta name=\"twitter:card\" content=\"summary_large_image\" \/>\n<meta name=\"twitter:label1\" content=\"Escrito por\" \/>\n\t<meta name=\"twitter:data1\" content=\"Andr\u00e9\" \/>\n\t<meta name=\"twitter:label2\" content=\"Est. tempo de leitura\" \/>\n\t<meta name=\"twitter:data2\" content=\"3 minutos\" \/>\n<script type=\"application\/ld+json\" class=\"yoast-schema-graph\">{\"@context\":\"https:\/\/schema.org\",\"@graph\":[{\"@type\":\"WebPage\",\"@id\":\"https:\/\/www.oitaperunense.com.br\/site\/saude-de-itaperuna-tem-aumento-do-teto-mac-aprovado-em-mais-de-r-12-milhoes\/\",\"url\":\"https:\/\/www.oitaperunense.com.br\/site\/saude-de-itaperuna-tem-aumento-do-teto-mac-aprovado-em-mais-de-r-12-milhoes\/\",\"name\":\"SA\u00daDE DE ITAPERUNA TEM AUMENTO DO TETO MAC APROVADO EM MAIS DE R$ 12 MILH\u00d5ES - O Itaperunense\",\"isPartOf\":{\"@id\":\"https:\/\/www.oitaperunense.com.br\/site\/#website\"},\"datePublished\":\"2023-07-24T22:15:34+00:00\",\"dateModified\":\"2023-07-24T22:15:34+00:00\",\"author\":{\"@id\":\"https:\/\/www.oitaperunense.com.br\/site\/#\/schema\/person\/4a5b86c112157bc0a4492f4fd6b7939f\"},\"breadcrumb\":{\"@id\":\"https:\/\/www.oitaperunense.com.br\/site\/saude-de-itaperuna-tem-aumento-do-teto-mac-aprovado-em-mais-de-r-12-milhoes\/#breadcrumb\"},\"inLanguage\":\"pt-BR\",\"potentialAction\":[{\"@type\":\"ReadAction\",\"target\":[\"https:\/\/www.oitaperunense.com.br\/site\/saude-de-itaperuna-tem-aumento-do-teto-mac-aprovado-em-mais-de-r-12-milhoes\/\"]}]},{\"@type\":\"BreadcrumbList\",\"@id\":\"https:\/\/www.oitaperunense.com.br\/site\/saude-de-itaperuna-tem-aumento-do-teto-mac-aprovado-em-mais-de-r-12-milhoes\/#breadcrumb\",\"itemListElement\":[{\"@type\":\"ListItem\",\"position\":1,\"name\":\"Home\",\"item\":\"https:\/\/www.oitaperunense.com.br\/site\/\"},{\"@type\":\"ListItem\",\"position\":2,\"name\":\"SA\u00daDE DE ITAPERUNA TEM AUMENTO DO TETO MAC APROVADO EM MAIS DE R$ 12 MILH\u00d5ES\"}]},{\"@type\":\"WebSite\",\"@id\":\"https:\/\/www.oitaperunense.com.br\/site\/#website\",\"url\":\"https:\/\/www.oitaperunense.com.br\/site\/\",\"name\":\"O Itaperunense\",\"description\":\"\",\"potentialAction\":[{\"@type\":\"SearchAction\",\"target\":{\"@type\":\"EntryPoint\",\"urlTemplate\":\"https:\/\/www.oitaperunense.com.br\/site\/?s={search_term_string}\"},\"query-input\":\"required name=search_term_string\"}],\"inLanguage\":\"pt-BR\"},{\"@type\":\"Person\",\"@id\":\"https:\/\/www.oitaperunense.com.br\/site\/#\/schema\/person\/4a5b86c112157bc0a4492f4fd6b7939f\",\"name\":\"Andr\u00e9\",\"image\":{\"@type\":\"ImageObject\",\"inLanguage\":\"pt-BR\",\"@id\":\"https:\/\/www.oitaperunense.com.br\/site\/#\/schema\/person\/image\/\",\"url\":\"https:\/\/secure.gravatar.com\/avatar\/7a7a912ec2c8cd6a390040b03329ee7a71bbd5f81ac3557b6a68208f263fc97b?s=96&d=mm&r=g\",\"contentUrl\":\"https:\/\/secure.gravatar.com\/avatar\/7a7a912ec2c8cd6a390040b03329ee7a71bbd5f81ac3557b6a68208f263fc97b?s=96&d=mm&r=g\",\"caption\":\"Andr\u00e9\"},\"url\":\"https:\/\/www.oitaperunense.com.br\/site\/author\/andre\/\"}]}<\/script>\n<!-- \/ Yoast SEO plugin. -->","yoast_head_json":{"title":"SA\u00daDE DE ITAPERUNA TEM AUMENTO DO TETO MAC APROVADO EM MAIS DE R$ 12 MILH\u00d5ES - O Itaperunense","robots":{"index":"index","follow":"follow","max-snippet":"max-snippet:-1","max-image-preview":"max-image-preview:large","max-video-preview":"max-video-preview:-1"},"canonical":"https:\/\/www.oitaperunense.com.br\/site\/saude-de-itaperuna-tem-aumento-do-teto-mac-aprovado-em-mais-de-r-12-milhoes\/","og_locale":"pt_BR","og_type":"article","og_title":"SA\u00daDE DE ITAPERUNA TEM AUMENTO DO TETO MAC APROVADO EM MAIS DE R$ 12 MILH\u00d5ES - O Itaperunense","og_description":"Prefeito Alfred\u00e3o e o secret\u00e1rio Municipal de Sa\u00fade Marcelo Poeys A Administra\u00e7\u00e3o Municipal vem trabalhando diariamente e com determina\u00e7\u00e3o, a fim de equacionar pend\u00eancias existentes, visando as melhores alternativas para o Munic\u00edpio e, consequentemente, para a popula\u00e7\u00e3o. E, o setor de Sa\u00fade j\u00e1 pode celebrar mais uma importante conquista, afinal, mais de R$ 12 milh\u00f5es [&hellip;]","og_url":"https:\/\/www.oitaperunense.com.br\/site\/saude-de-itaperuna-tem-aumento-do-teto-mac-aprovado-em-mais-de-r-12-milhoes\/","og_site_name":"O Itaperunense","article_publisher":"https:\/\/www.facebook.com\/jornaloitaperunense","article_published_time":"2023-07-24T22:15:34+00:00","og_image":[{"width":700,"height":443,"url":"https:\/\/www.oitaperunense.com.br\/site\/wp-content\/uploads\/2023\/07\/IR31.jpg","type":"image\/jpeg"}],"author":"Andr\u00e9","twitter_card":"summary_large_image","twitter_misc":{"Escrito por":"Andr\u00e9","Est. tempo de leitura":"3 minutos"},"schema":{"@context":"https:\/\/schema.org","@graph":[{"@type":"WebPage","@id":"https:\/\/www.oitaperunense.com.br\/site\/saude-de-itaperuna-tem-aumento-do-teto-mac-aprovado-em-mais-de-r-12-milhoes\/","url":"https:\/\/www.oitaperunense.com.br\/site\/saude-de-itaperuna-tem-aumento-do-teto-mac-aprovado-em-mais-de-r-12-milhoes\/","name":"SA\u00daDE DE ITAPERUNA TEM AUMENTO DO TETO MAC APROVADO EM MAIS DE R$ 12 MILH\u00d5ES - O Itaperunense","isPartOf":{"@id":"https:\/\/www.oitaperunense.com.br\/site\/#website"},"datePublished":"2023-07-24T22:15:34+00:00","dateModified":"2023-07-24T22:15:34+00:00","author":{"@id":"https:\/\/www.oitaperunense.com.br\/site\/#\/schema\/person\/4a5b86c112157bc0a4492f4fd6b7939f"},"breadcrumb":{"@id":"https:\/\/www.oitaperunense.com.br\/site\/saude-de-itaperuna-tem-aumento-do-teto-mac-aprovado-em-mais-de-r-12-milhoes\/#breadcrumb"},"inLanguage":"pt-BR","potentialAction":[{"@type":"ReadAction","target":["https:\/\/www.oitaperunense.com.br\/site\/saude-de-itaperuna-tem-aumento-do-teto-mac-aprovado-em-mais-de-r-12-milhoes\/"]}]},{"@type":"BreadcrumbList","@id":"https:\/\/www.oitaperunense.com.br\/site\/saude-de-itaperuna-tem-aumento-do-teto-mac-aprovado-em-mais-de-r-12-milhoes\/#breadcrumb","itemListElement":[{"@type":"ListItem","position":1,"name":"Home","item":"https:\/\/www.oitaperunense.com.br\/site\/"},{"@type":"ListItem","position":2,"name":"SA\u00daDE DE ITAPERUNA TEM AUMENTO DO TETO MAC APROVADO EM MAIS DE R$ 12 MILH\u00d5ES"}]},{"@type":"WebSite","@id":"https:\/\/www.oitaperunense.com.br\/site\/#website","url":"https:\/\/www.oitaperunense.com.br\/site\/","name":"O Itaperunense","description":"","potentialAction":[{"@type":"SearchAction","target":{"@type":"EntryPoint","urlTemplate":"https:\/\/www.oitaperunense.com.br\/site\/?s={search_term_string}"},"query-input":"required name=search_term_string"}],"inLanguage":"pt-BR"},{"@type":"Person","@id":"https:\/\/www.oitaperunense.com.br\/site\/#\/schema\/person\/4a5b86c112157bc0a4492f4fd6b7939f","name":"Andr\u00e9","image":{"@type":"ImageObject","inLanguage":"pt-BR","@id":"https:\/\/www.oitaperunense.com.br\/site\/#\/schema\/person\/image\/","url":"https:\/\/secure.gravatar.com\/avatar\/7a7a912ec2c8cd6a390040b03329ee7a71bbd5f81ac3557b6a68208f263fc97b?s=96&d=mm&r=g","contentUrl":"https:\/\/secure.gravatar.com\/avatar\/7a7a912ec2c8cd6a390040b03329ee7a71bbd5f81ac3557b6a68208f263fc97b?s=96&d=mm&r=g","caption":"Andr\u00e9"},"url":"https:\/\/www.oitaperunense.com.br\/site\/author\/andre\/"}]}},"cc_featured_image_caption":{"caption_text":"","source_text":"","source_url":""},"_links":{"self":[{"href":"https:\/\/www.oitaperunense.com.br\/site\/wp-json\/wp\/v2\/posts\/392699","targetHints":{"allow":["GET"]}}],"collection":[{"href":"https:\/\/www.oitaperunense.com.br\/site\/wp-json\/wp\/v2\/posts"}],"about":[{"href":"https:\/\/www.oitaperunense.com.br\/site\/wp-json\/wp\/v2\/types\/post"}],"author":[{"embeddable":true,"href":"https:\/\/www.oitaperunense.com.br\/site\/wp-json\/wp\/v2\/users\/19"}],"replies":[{"embeddable":true,"href":"https:\/\/www.oitaperunense.com.br\/site\/wp-json\/wp\/v2\/comments?post=392699"}],"version-history":[{"count":1,"href":"https:\/\/www.oitaperunense.com.br\/site\/wp-json\/wp\/v2\/posts\/392699\/revisions"}],"predecessor-version":[{"id":392701,"href":"https:\/\/www.oitaperunense.com.br\/site\/wp-json\/wp\/v2\/posts\/392699\/revisions\/392701"}],"wp:featuredmedia":[{"embeddable":true,"href":"https:\/\/www.oitaperunense.com.br\/site\/wp-json\/wp\/v2\/media\/392700"}],"wp:attachment":[{"href":"https:\/\/www.oitaperunense.com.br\/site\/wp-json\/wp\/v2\/media?parent=392699"}],"wp:term":[{"taxonomy":"category","embeddable":true,"href":"https:\/\/www.oitaperunense.com.br\/site\/wp-json\/wp\/v2\/categories?post=392699"},{"taxonomy":"post_tag","embeddable":true,"href":"https:\/\/www.oitaperunense.com.br\/site\/wp-json\/wp\/v2\/tags?post=392699"}],"curies":[{"name":"wp","href":"https:\/\/api.w.org\/{rel}","templated":true}]}}