{"id":392645,"date":"2023-07-17T09:41:38","date_gmt":"2023-07-17T12:41:38","guid":{"rendered":"https:\/\/www.oitaperunense.com.br\/site\/?p=392645"},"modified":"2023-07-17T09:41:38","modified_gmt":"2023-07-17T12:41:38","slug":"firjan-sesi-itaperuna-comemora-30-anos-com-evento-para-clientes-e-funcionarios","status":"publish","type":"post","link":"https:\/\/www.oitaperunense.com.br\/site\/firjan-sesi-itaperuna-comemora-30-anos-com-evento-para-clientes-e-funcionarios\/","title":{"rendered":"Firjan SESI Itaperuna comemora 30 anos com evento para clientes e funcion\u00e1rios"},"content":{"rendered":"<p class=\"yiv3537206973MsoNormal\" style=\"text-align: center;\"><b>Unidade foi inaugurada em 17 de julho de 1993 para promover o bem-estar dos trabalhadores da ind\u00fastria e seus familiares no Noroeste Fluminense<\/b><\/p>\n<p class=\"yiv3537206973MsoNormal\" style=\"text-align: justify;\">H\u00e1 exatos 30 anos, a Firjan SESI Itaperuna foi inaugurada trazendo para o Noroeste Fluminense uma s\u00e9rie de servi\u00e7os, a\u00e7\u00f5es e oportunidades de promo\u00e7\u00e3o de sa\u00fade, educa\u00e7\u00e3o, lazer e esporte para a regi\u00e3o. E para marcar esta data, a unidade vem realizando uma s\u00e9rie de eventos para clientes, colaboradores e alunos e familiares da Escola Firjan SESI. Inaugurada em 17 de julho de 1993 com a presen\u00e7a do presidente da Firjan, Eduardo Eugenio Gouv\u00eaa Vieira, do ent\u00e3o governador eleito, Anthony Garotinho, e do prefeito de Itaperuna, P\u00e9ricles Olivier de Paula, a unidade trouxe para Itaperuna uma s\u00e9rie de&nbsp;servi\u00e7os na \u00e1rea de esporte, lazer e cultura.<\/p>\n<p class=\"yiv3537206973MsoNormal\" style=\"text-align: justify;\"><!--more--><\/p>\n<p class=\"yiv3537206973MsoNormal\" style=\"text-align: justify;\">\u201cPromover o bem-estar dentro e fora da ind\u00fastria, e isso inclui educa\u00e7\u00e3o, esporte e lazer, \u00e9 um dos compromissos da Firjan para melhorar a qualidade de vida dos trabalhadores, seus dependentes e a comunidade. Investir no trabalhador \u00e9 investir no desenvolvimento social e econ\u00f4mico\u201d, destacou o presidente da Firjan Noroeste, Jos\u00e9 Magno Vargas Hoffmann.<\/p>\n<p class=\"yiv3537206973Default\" style=\"text-align: justify;\">Com uma infraestrutura privilegiada, que inclui piscina semiol\u00edmpica, quadras poliesportivas e uma grandiosa \u00e1rea verde, a unidade transformou as op\u00e7\u00f5es de pr\u00e1ticas esportivas da cidade com aulas de hidrogin\u00e1stica, nata\u00e7\u00e3o, futebol e muscula\u00e7\u00e3o, al\u00e9m dos Jogos Firjan Sesi do Trabalho, que promovem a integra\u00e7\u00e3o dos trabalhadores da ind\u00fastria da regi\u00e3o. Al\u00e9m do Teatro Firjan SESI, com uma programa\u00e7\u00e3o cultural variada para cerca de 250 espectadores, contribuindo assim para o desenvolvimento humano e potencializando o processo de aprendizagem e de forma\u00e7\u00e3o de conhecimento.<\/p>\n<p class=\"yiv3537206973MsoNormal\" style=\"text-align: justify;\">Sem esquecer, claro, da educa\u00e7\u00e3o: al\u00e9m de modernos laborat\u00f3rios \u00e0 disposi\u00e7\u00e3o dos alunos, um dos projetos de destaque ao longo dessas tr\u00eas d\u00e9cadas foi o TransFormar, que erradicou o analfabetismo de centenas de jovens de 15 a 19 anos da regi\u00e3o. A unidade tamb\u00e9m atuou fortemente na preven\u00e7\u00e3o de epidemias \u2013 e, mais recentemente, na pandemia com a plataforma SESI Viva+, a Tele Sa\u00fade, e com a publica\u00e7\u00e3o Protocolo&nbsp;SESI&nbsp;de retomada das atividades produtivas, entre diversas outras a\u00e7\u00f5es. Outra atividade realizada h\u00e1 20 anos \u00e9 a Col\u00f4nia de F\u00e9rias Firjan SESI, que conta com oficinas nas tem\u00e1ticas de sa\u00fade e est\u00edmulo aos h\u00e1bitos saud\u00e1veis; modalidades esportivas; jogos cooperativos, gincanas e desafios em equipe.<\/p>\n<p class=\"yiv3537206973MsoNormal\" style=\"text-align: justify;\">Hoje a Escola Firjan SESI conta com 233 alunos no Ensino Fundamental 1 e 2. Na \u00e1rea de Promo\u00e7\u00e3o da Sa\u00fade, s\u00e3o quase 12 mil clientes ativos, incluindo trabalhadores da ind\u00fastria e seus dependentes, empresas conveniadas e a comunidade em geral, respons\u00e1vel por quase metade dos atendimentos.<\/p>\n<p class=\"yiv3537206973MsoNormal\" style=\"text-align: justify;\">\u201cEstimular a ado\u00e7\u00e3o de um estilo de vida mais saud\u00e1vel \u00e9 parte do DNA da Firjan SESI Itaperuna. Disponibilizamos ao trabalhador e seus dependentes uma infraestrutura de lazer de qualidade para toda a fam\u00edlia, promovendo a sa\u00fade e o bem-estar dos trabalhadores da regi\u00e3o\u201d, gerente executiva Regional da Firjan SESI SENAI, Daniele Fonseca.<\/p>\n<p class=\"yiv3537206973MsoNormal\" style=\"text-align: justify;\">Um exemplo da qualidade dos servi\u00e7os oferecidos na Firjan SESI Itaperuna vem da professora Tatyany Goncalves Silva Pereira, que em duas d\u00e9cadas de magist\u00e9rio, deu desde aulas de alfabetiza\u00e7\u00e3o ao 5\u00ba ano do Ensino Fundamental. Vendo de perto a dedica\u00e7\u00e3o de funcion\u00e1rios, a qualidade da metodologia e da estrutura, n\u00e3o teve d\u00favidas em confiar \u00e0 institui\u00e7\u00e3o o futuro de suas pr\u00f3prias filhas \u2013 e como resultado, uma delas est\u00e1 cursando Medicina, enquanto a mais nova est\u00e1 entre ser m\u00e9dica e ju\u00edza.<\/p>\n<p class=\"yiv3537206973MsoNormal\" style=\"text-align: justify;\">\u201cA Firjan Sesi mudou a minha vida: eu entrei l\u00e1 uma menina, de 22 anos, e gra\u00e7as ao crescimento profissional que a Firjan SESI proporciona, me tornei tamb\u00e9m professora do munic\u00edpio. Quando tive minhas filhas, n\u00e3o tive d\u00favidas de que estudariam l\u00e1, e essa base que tiveram foi fundamental para suas trajet\u00f3rias, tanto que elas choraram quando tiveram de sair. Al\u00e9m disso, toda nossa fam\u00edlia sempre usufruiu das atividades de esporte, sa\u00fade e cultura, ent\u00e3o a gente passava tanto quanto ou mais tempo l\u00e1 do que em casa\u201d, relata Tatyany.<\/p>\n<p class=\"yiv3537206973MsoNormal\" style=\"text-align: justify;\">Como forma de reconhecimento, a Firjan SESI vai homenagear alguns dos funcion\u00e1rios mais antigos com uma placa fabricada no SENAI LAB da institui\u00e7\u00e3o.<\/p>\n<p class=\"yiv3537206973MsoNormal\" style=\"text-align: justify;\"><b>Comemora\u00e7\u00f5es<\/b><\/p>\n<p class=\"yiv3537206973MsoNormal\" style=\"text-align: justify;\">Marcando a data, ser\u00e3o realizadas ao longo desta segunda-feira diversas a\u00e7\u00f5es para clientes e funcion\u00e1rios. Em seguida haver\u00e1 uma palestra e confraterniza\u00e7\u00e3o com a equipe de Recursos Humanos da sede da federa\u00e7\u00e3o. Alunos da Escola Firjan SESI Itaperuna tamb\u00e9m est\u00e3o preparando uma homenagem aos professores, e em seguida v\u00e3o participar de um quiz com distribui\u00e7\u00e3o de pr\u00eamios. \u00c0 tarde haver\u00e1 ainda a distribui\u00e7\u00e3o de bolo para clientes e funcion\u00e1rios, al\u00e9m de um painel instagram\u00e1vel em refer\u00eancia aos 30 anos da unidade.<\/p>\n<p class=\"yiv3537206973MsoNormal\" style=\"text-align: justify;\">Na \u00faltima sexta-feira (14) foi realizada ainda uma Festa Julina para alunos e familiares da Escola Firjan SESI Itaperuna, incluindo brincadeiras e comidas t\u00edpicas das comemora\u00e7\u00f5es a fim de integrar a comunidade, alunos e pais. A Escola Firjan tem Ensino Fundamental, al\u00e9m do Curr\u00edculo Nacional Comum s\u00e3o oferecidas disciplinas diversificadas, como ingl\u00eas e educa\u00e7\u00e3o tecnol\u00f3gica com a Rob\u00f3tica, artes entre outras atividades, que tornam o processo educativo ainda mais completo.<\/p>\n<p class=\"yiv3537206973MsoNormal\" style=\"text-align: justify;\">Diversos outros eventos comemorativos ser\u00e3o realizados ainda ao longo do segundo semestre. As iniciativas ser\u00e3o divulgadas no momento oportuno.<\/p>\n","protected":false},"excerpt":{"rendered":"<p>Unidade foi inaugurada em 17 de julho de 1993 para promover o bem-estar dos trabalhadores da ind\u00fastria e seus familiares no Noroeste Fluminense H\u00e1 exatos 30 anos, a Firjan SESI Itaperuna foi inaugurada trazendo para o Noroeste Fluminense uma s\u00e9rie de servi\u00e7os, a\u00e7\u00f5es e oportunidades de promo\u00e7\u00e3o de sa\u00fade, educa\u00e7\u00e3o, lazer e esporte para a [&hellip;]<\/p>\n","protected":false},"author":19,"featured_media":392646,"comment_status":"open","ping_status":"closed","sticky":false,"template":"","format":"standard","meta":{"ngg_post_thumbnail":0,"footnotes":""},"categories":[91],"tags":[],"class_list":["post-392645","post","type-post","status-publish","format-standard","has-post-thumbnail","hentry","category-geral"],"yoast_head":"<!-- This site is optimized with the Yoast SEO plugin v20.11 - https:\/\/yoast.com\/wordpress\/plugins\/seo\/ -->\n<title>Firjan SESI Itaperuna comemora 30 anos com evento para clientes e funcion\u00e1rios - O Itaperunense<\/title>\n<meta name=\"robots\" content=\"index, follow, max-snippet:-1, max-image-preview:large, max-video-preview:-1\" \/>\n<link rel=\"canonical\" href=\"https:\/\/www.oitaperunense.com.br\/site\/firjan-sesi-itaperuna-comemora-30-anos-com-evento-para-clientes-e-funcionarios\/\" \/>\n<meta property=\"og:locale\" content=\"pt_BR\" \/>\n<meta property=\"og:type\" content=\"article\" \/>\n<meta property=\"og:title\" content=\"Firjan SESI Itaperuna comemora 30 anos com evento para clientes e funcion\u00e1rios - O Itaperunense\" \/>\n<meta property=\"og:description\" content=\"Unidade foi inaugurada em 17 de julho de 1993 para promover o bem-estar dos trabalhadores da ind\u00fastria e seus familiares no Noroeste Fluminense H\u00e1 exatos 30 anos, a Firjan SESI Itaperuna foi inaugurada trazendo para o Noroeste Fluminense uma s\u00e9rie de servi\u00e7os, a\u00e7\u00f5es e oportunidades de promo\u00e7\u00e3o de sa\u00fade, educa\u00e7\u00e3o, lazer e esporte para a [&hellip;]\" \/>\n<meta property=\"og:url\" content=\"https:\/\/www.oitaperunense.com.br\/site\/firjan-sesi-itaperuna-comemora-30-anos-com-evento-para-clientes-e-funcionarios\/\" \/>\n<meta property=\"og:site_name\" content=\"O Itaperunense\" \/>\n<meta property=\"article:publisher\" content=\"https:\/\/www.facebook.com\/jornaloitaperunense\" \/>\n<meta property=\"article:published_time\" content=\"2023-07-17T12:41:38+00:00\" \/>\n<meta property=\"og:image\" content=\"https:\/\/www.oitaperunense.com.br\/site\/wp-content\/uploads\/2023\/07\/hoho.jpg\" \/>\n\t<meta property=\"og:image:width\" content=\"700\" \/>\n\t<meta property=\"og:image:height\" content=\"510\" \/>\n\t<meta property=\"og:image:type\" content=\"image\/jpeg\" \/>\n<meta name=\"author\" content=\"Andr\u00e9\" \/>\n<meta name=\"twitter:card\" content=\"summary_large_image\" \/>\n<meta name=\"twitter:label1\" content=\"Escrito por\" \/>\n\t<meta name=\"twitter:data1\" content=\"Andr\u00e9\" \/>\n\t<meta name=\"twitter:label2\" content=\"Est. tempo de leitura\" \/>\n\t<meta name=\"twitter:data2\" content=\"5 minutos\" \/>\n<script type=\"application\/ld+json\" class=\"yoast-schema-graph\">{\"@context\":\"https:\/\/schema.org\",\"@graph\":[{\"@type\":\"WebPage\",\"@id\":\"https:\/\/www.oitaperunense.com.br\/site\/firjan-sesi-itaperuna-comemora-30-anos-com-evento-para-clientes-e-funcionarios\/\",\"url\":\"https:\/\/www.oitaperunense.com.br\/site\/firjan-sesi-itaperuna-comemora-30-anos-com-evento-para-clientes-e-funcionarios\/\",\"name\":\"Firjan SESI Itaperuna comemora 30 anos com evento para clientes e funcion\u00e1rios - O Itaperunense\",\"isPartOf\":{\"@id\":\"https:\/\/www.oitaperunense.com.br\/site\/#website\"},\"datePublished\":\"2023-07-17T12:41:38+00:00\",\"dateModified\":\"2023-07-17T12:41:38+00:00\",\"author\":{\"@id\":\"https:\/\/www.oitaperunense.com.br\/site\/#\/schema\/person\/4a5b86c112157bc0a4492f4fd6b7939f\"},\"breadcrumb\":{\"@id\":\"https:\/\/www.oitaperunense.com.br\/site\/firjan-sesi-itaperuna-comemora-30-anos-com-evento-para-clientes-e-funcionarios\/#breadcrumb\"},\"inLanguage\":\"pt-BR\",\"potentialAction\":[{\"@type\":\"ReadAction\",\"target\":[\"https:\/\/www.oitaperunense.com.br\/site\/firjan-sesi-itaperuna-comemora-30-anos-com-evento-para-clientes-e-funcionarios\/\"]}]},{\"@type\":\"BreadcrumbList\",\"@id\":\"https:\/\/www.oitaperunense.com.br\/site\/firjan-sesi-itaperuna-comemora-30-anos-com-evento-para-clientes-e-funcionarios\/#breadcrumb\",\"itemListElement\":[{\"@type\":\"ListItem\",\"position\":1,\"name\":\"Home\",\"item\":\"https:\/\/www.oitaperunense.com.br\/site\/\"},{\"@type\":\"ListItem\",\"position\":2,\"name\":\"Firjan SESI Itaperuna comemora 30 anos com evento para clientes e funcion\u00e1rios\"}]},{\"@type\":\"WebSite\",\"@id\":\"https:\/\/www.oitaperunense.com.br\/site\/#website\",\"url\":\"https:\/\/www.oitaperunense.com.br\/site\/\",\"name\":\"O Itaperunense\",\"description\":\"\",\"potentialAction\":[{\"@type\":\"SearchAction\",\"target\":{\"@type\":\"EntryPoint\",\"urlTemplate\":\"https:\/\/www.oitaperunense.com.br\/site\/?s={search_term_string}\"},\"query-input\":\"required name=search_term_string\"}],\"inLanguage\":\"pt-BR\"},{\"@type\":\"Person\",\"@id\":\"https:\/\/www.oitaperunense.com.br\/site\/#\/schema\/person\/4a5b86c112157bc0a4492f4fd6b7939f\",\"name\":\"Andr\u00e9\",\"image\":{\"@type\":\"ImageObject\",\"inLanguage\":\"pt-BR\",\"@id\":\"https:\/\/www.oitaperunense.com.br\/site\/#\/schema\/person\/image\/\",\"url\":\"https:\/\/secure.gravatar.com\/avatar\/7a7a912ec2c8cd6a390040b03329ee7a71bbd5f81ac3557b6a68208f263fc97b?s=96&d=mm&r=g\",\"contentUrl\":\"https:\/\/secure.gravatar.com\/avatar\/7a7a912ec2c8cd6a390040b03329ee7a71bbd5f81ac3557b6a68208f263fc97b?s=96&d=mm&r=g\",\"caption\":\"Andr\u00e9\"},\"url\":\"https:\/\/www.oitaperunense.com.br\/site\/author\/andre\/\"}]}<\/script>\n<!-- \/ Yoast SEO plugin. -->","yoast_head_json":{"title":"Firjan SESI Itaperuna comemora 30 anos com evento para clientes e funcion\u00e1rios - O Itaperunense","robots":{"index":"index","follow":"follow","max-snippet":"max-snippet:-1","max-image-preview":"max-image-preview:large","max-video-preview":"max-video-preview:-1"},"canonical":"https:\/\/www.oitaperunense.com.br\/site\/firjan-sesi-itaperuna-comemora-30-anos-com-evento-para-clientes-e-funcionarios\/","og_locale":"pt_BR","og_type":"article","og_title":"Firjan SESI Itaperuna comemora 30 anos com evento para clientes e funcion\u00e1rios - O Itaperunense","og_description":"Unidade foi inaugurada em 17 de julho de 1993 para promover o bem-estar dos trabalhadores da ind\u00fastria e seus familiares no Noroeste Fluminense H\u00e1 exatos 30 anos, a Firjan SESI Itaperuna foi inaugurada trazendo para o Noroeste Fluminense uma s\u00e9rie de servi\u00e7os, a\u00e7\u00f5es e oportunidades de promo\u00e7\u00e3o de sa\u00fade, educa\u00e7\u00e3o, lazer e esporte para a [&hellip;]","og_url":"https:\/\/www.oitaperunense.com.br\/site\/firjan-sesi-itaperuna-comemora-30-anos-com-evento-para-clientes-e-funcionarios\/","og_site_name":"O Itaperunense","article_publisher":"https:\/\/www.facebook.com\/jornaloitaperunense","article_published_time":"2023-07-17T12:41:38+00:00","og_image":[{"width":700,"height":510,"url":"https:\/\/www.oitaperunense.com.br\/site\/wp-content\/uploads\/2023\/07\/hoho.jpg","type":"image\/jpeg"}],"author":"Andr\u00e9","twitter_card":"summary_large_image","twitter_misc":{"Escrito por":"Andr\u00e9","Est. tempo de leitura":"5 minutos"},"schema":{"@context":"https:\/\/schema.org","@graph":[{"@type":"WebPage","@id":"https:\/\/www.oitaperunense.com.br\/site\/firjan-sesi-itaperuna-comemora-30-anos-com-evento-para-clientes-e-funcionarios\/","url":"https:\/\/www.oitaperunense.com.br\/site\/firjan-sesi-itaperuna-comemora-30-anos-com-evento-para-clientes-e-funcionarios\/","name":"Firjan SESI Itaperuna comemora 30 anos com evento para clientes e funcion\u00e1rios - O Itaperunense","isPartOf":{"@id":"https:\/\/www.oitaperunense.com.br\/site\/#website"},"datePublished":"2023-07-17T12:41:38+00:00","dateModified":"2023-07-17T12:41:38+00:00","author":{"@id":"https:\/\/www.oitaperunense.com.br\/site\/#\/schema\/person\/4a5b86c112157bc0a4492f4fd6b7939f"},"breadcrumb":{"@id":"https:\/\/www.oitaperunense.com.br\/site\/firjan-sesi-itaperuna-comemora-30-anos-com-evento-para-clientes-e-funcionarios\/#breadcrumb"},"inLanguage":"pt-BR","potentialAction":[{"@type":"ReadAction","target":["https:\/\/www.oitaperunense.com.br\/site\/firjan-sesi-itaperuna-comemora-30-anos-com-evento-para-clientes-e-funcionarios\/"]}]},{"@type":"BreadcrumbList","@id":"https:\/\/www.oitaperunense.com.br\/site\/firjan-sesi-itaperuna-comemora-30-anos-com-evento-para-clientes-e-funcionarios\/#breadcrumb","itemListElement":[{"@type":"ListItem","position":1,"name":"Home","item":"https:\/\/www.oitaperunense.com.br\/site\/"},{"@type":"ListItem","position":2,"name":"Firjan SESI Itaperuna comemora 30 anos com evento para clientes e funcion\u00e1rios"}]},{"@type":"WebSite","@id":"https:\/\/www.oitaperunense.com.br\/site\/#website","url":"https:\/\/www.oitaperunense.com.br\/site\/","name":"O Itaperunense","description":"","potentialAction":[{"@type":"SearchAction","target":{"@type":"EntryPoint","urlTemplate":"https:\/\/www.oitaperunense.com.br\/site\/?s={search_term_string}"},"query-input":"required name=search_term_string"}],"inLanguage":"pt-BR"},{"@type":"Person","@id":"https:\/\/www.oitaperunense.com.br\/site\/#\/schema\/person\/4a5b86c112157bc0a4492f4fd6b7939f","name":"Andr\u00e9","image":{"@type":"ImageObject","inLanguage":"pt-BR","@id":"https:\/\/www.oitaperunense.com.br\/site\/#\/schema\/person\/image\/","url":"https:\/\/secure.gravatar.com\/avatar\/7a7a912ec2c8cd6a390040b03329ee7a71bbd5f81ac3557b6a68208f263fc97b?s=96&d=mm&r=g","contentUrl":"https:\/\/secure.gravatar.com\/avatar\/7a7a912ec2c8cd6a390040b03329ee7a71bbd5f81ac3557b6a68208f263fc97b?s=96&d=mm&r=g","caption":"Andr\u00e9"},"url":"https:\/\/www.oitaperunense.com.br\/site\/author\/andre\/"}]}},"cc_featured_image_caption":{"caption_text":"","source_text":"","source_url":""},"_links":{"self":[{"href":"https:\/\/www.oitaperunense.com.br\/site\/wp-json\/wp\/v2\/posts\/392645","targetHints":{"allow":["GET"]}}],"collection":[{"href":"https:\/\/www.oitaperunense.com.br\/site\/wp-json\/wp\/v2\/posts"}],"about":[{"href":"https:\/\/www.oitaperunense.com.br\/site\/wp-json\/wp\/v2\/types\/post"}],"author":[{"embeddable":true,"href":"https:\/\/www.oitaperunense.com.br\/site\/wp-json\/wp\/v2\/users\/19"}],"replies":[{"embeddable":true,"href":"https:\/\/www.oitaperunense.com.br\/site\/wp-json\/wp\/v2\/comments?post=392645"}],"version-history":[{"count":1,"href":"https:\/\/www.oitaperunense.com.br\/site\/wp-json\/wp\/v2\/posts\/392645\/revisions"}],"predecessor-version":[{"id":392647,"href":"https:\/\/www.oitaperunense.com.br\/site\/wp-json\/wp\/v2\/posts\/392645\/revisions\/392647"}],"wp:featuredmedia":[{"embeddable":true,"href":"https:\/\/www.oitaperunense.com.br\/site\/wp-json\/wp\/v2\/media\/392646"}],"wp:attachment":[{"href":"https:\/\/www.oitaperunense.com.br\/site\/wp-json\/wp\/v2\/media?parent=392645"}],"wp:term":[{"taxonomy":"category","embeddable":true,"href":"https:\/\/www.oitaperunense.com.br\/site\/wp-json\/wp\/v2\/categories?post=392645"},{"taxonomy":"post_tag","embeddable":true,"href":"https:\/\/www.oitaperunense.com.br\/site\/wp-json\/wp\/v2\/tags?post=392645"}],"curies":[{"name":"wp","href":"https:\/\/api.w.org\/{rel}","templated":true}]}}