{"id":392635,"date":"2023-07-12T14:48:50","date_gmt":"2023-07-12T17:48:50","guid":{"rendered":"https:\/\/www.oitaperunense.com.br\/site\/?p=392635"},"modified":"2023-07-12T15:13:14","modified_gmt":"2023-07-12T18:13:14","slug":"agora-e-lei-isencao-de-icms-nas-contas-de-luz-e-gas-de-templos-religiosos","status":"publish","type":"post","link":"https:\/\/www.oitaperunense.com.br\/site\/agora-e-lei-isencao-de-icms-nas-contas-de-luz-e-gas-de-templos-religiosos\/","title":{"rendered":"AGORA \u00c9 LEI: ISEN\u00c7\u00c3O DE ICMS NAS CONTAS DE LUZ E G\u00c1S DE TEMPLOS RELIGIOSOS E ENTIDADES BENEFICENTES"},"content":{"rendered":"<p style=\"text-align: center;\"><strong>A medida &#8211; aprovada pela Assembleia Legislativa do Rio de Janeiro (Alerj) &#8211; tamb\u00e9m vale para Santas Casas de Miseric\u00f3rdia, Associa\u00e7\u00f5es Brasileiras Beneficentes de Reabilita\u00e7\u00e3o (ABBRs), Associa\u00e7\u00e3o Fluminense de Reabilita\u00e7\u00e3o (AFR), Associa\u00e7\u00f5es de Pais e Amigos dos Excepcionais (APAEs) e Associa\u00e7\u00f5es Pestalozzi<\/strong><\/p>\n<p style=\"text-align: justify;\">Igrejas e templos de qualquer culto estar\u00e3o isentos de pagar taxa referente ao ICMS nas contas de luz e g\u00e1s, at\u00e9 o dia 31 de dezembro de 2032. \u00c9 o que determina a Lei 10.061\/23, de autoria do Poder Executivo, que foi sancionada pelo governador Cl\u00e1udio Castro e publicada no Di\u00e1rio Oficial extra de ter\u00e7a-feira (11) do Governo do Estado.<\/p>\n<p><!--more--><\/p>\n<p style=\"text-align: justify;\">As empresas de energia e g\u00e1s dever\u00e3o indicar, nas faturas de pagamento, que a presta\u00e7\u00e3o ou a opera\u00e7\u00e3o est\u00e1 amparada pela isen\u00e7\u00e3o de ICMS, al\u00e9m de disponibilizar um modelo de requerimento de isen\u00e7\u00e3o atrav\u00e9s de sites na internet e nas lojas f\u00edsicas. O requerimento dever\u00e1 ser aceito em formato f\u00edsico ou eletr\u00f4nico.<\/p>\n<p style=\"text-align: justify;\">A concess\u00e3o do benef\u00edcio dever\u00e1 respeitar o cumprimento de metas fiscais or\u00e7ament\u00e1rias anuais de desempenho ao longo do per\u00edodo de vig\u00eancia do incentivo fiscal, conforme prev\u00ea a Lei 8.445\/19.<\/p>\n<p style=\"text-align: justify;\"><strong>Impacto or\u00e7ament\u00e1rio<\/strong><\/p>\n<p style=\"text-align: justify;\">A proposta revoga as leis 3.266\/99 e 9.721\/22, que tratam do mesmo tema. Segundo a Subsecretaria Adjunta de Pol\u00edtica Fiscal, vinculada \u00e0 Secretaria de Estado de Fazenda (Sefaz), a estimativa de ren\u00fancia de 2023 foi prevista na Lei Or\u00e7ament\u00e1ria e n\u00e3o impactou o atingimento das metas da Lei de Diretrizes Or\u00e7ament\u00e1rias.<\/p>\n<p style=\"text-align: justify;\">Na justificativa da proposta, o governador apresentou uma previs\u00e3o de desonera\u00e7\u00e3o tribut\u00e1ria de R$ 35,4 milh\u00f5es, em 2023; R$ 36,64 milh\u00f5es, em 2024; e R$ 37,74 milh\u00f5es, em 2026. Durante discuss\u00e3o em plen\u00e1rio, realizada no dia 27\/06 passado, o presidente da Comiss\u00e3o de Or\u00e7amento, deputado Andr\u00e9 Corr\u00eaa (PP), destacou que a inser\u00e7\u00e3o da estimativa de impacto or\u00e7ament\u00e1rio \u00e9 fundamental para a execu\u00e7\u00e3o da norma.<\/p>\n<p style=\"text-align: justify;\">\u201cA medida j\u00e1 tinha sido aprovada por esta Casa, mas ficou a lacuna fundamental do impacto nas contas do Estado\u201d, comentou. \u201c\u00c9 um projeto que beneficia todas as religi\u00f5es: cat\u00f3lica, evang\u00e9lica, esp\u00edrita, umbandista, enfim, todos os templos religiosos\u201d, completou.<\/p>\n<p style=\"text-align: justify;\"><strong>Foto: Banco de Imagem | Texto: Comunica\u00e7\u00e3o Social Alerj<\/strong><\/p>\n<p>&nbsp;<\/p>\n","protected":false},"excerpt":{"rendered":"<p>A medida &#8211; aprovada pela Assembleia Legislativa do Rio de Janeiro (Alerj) &#8211; tamb\u00e9m vale para Santas Casas de Miseric\u00f3rdia, Associa\u00e7\u00f5es Brasileiras Beneficentes de Reabilita\u00e7\u00e3o (ABBRs), Associa\u00e7\u00e3o Fluminense de Reabilita\u00e7\u00e3o (AFR), Associa\u00e7\u00f5es de Pais e Amigos dos Excepcionais (APAEs) e Associa\u00e7\u00f5es Pestalozzi Igrejas e templos de qualquer culto estar\u00e3o isentos de pagar taxa referente ao [&hellip;]<\/p>\n","protected":false},"author":19,"featured_media":392636,"comment_status":"open","ping_status":"closed","sticky":false,"template":"","format":"standard","meta":{"ngg_post_thumbnail":0,"footnotes":""},"categories":[91],"tags":[],"class_list":["post-392635","post","type-post","status-publish","format-standard","has-post-thumbnail","hentry","category-geral"],"yoast_head":"<!-- This site is optimized with the Yoast SEO plugin v20.11 - https:\/\/yoast.com\/wordpress\/plugins\/seo\/ -->\n<title>AGORA \u00c9 LEI: ISEN\u00c7\u00c3O DE ICMS NAS CONTAS DE LUZ E G\u00c1S DE TEMPLOS RELIGIOSOS E ENTIDADES BENEFICENTES - O Itaperunense<\/title>\n<meta name=\"robots\" content=\"index, follow, max-snippet:-1, max-image-preview:large, max-video-preview:-1\" \/>\n<link rel=\"canonical\" href=\"https:\/\/www.oitaperunense.com.br\/site\/agora-e-lei-isencao-de-icms-nas-contas-de-luz-e-gas-de-templos-religiosos\/\" \/>\n<meta property=\"og:locale\" content=\"pt_BR\" \/>\n<meta property=\"og:type\" content=\"article\" \/>\n<meta property=\"og:title\" content=\"AGORA \u00c9 LEI: ISEN\u00c7\u00c3O DE ICMS NAS CONTAS DE LUZ E G\u00c1S DE TEMPLOS RELIGIOSOS E ENTIDADES BENEFICENTES - O Itaperunense\" \/>\n<meta property=\"og:description\" content=\"A medida &#8211; aprovada pela Assembleia Legislativa do Rio de Janeiro (Alerj) &#8211; tamb\u00e9m vale para Santas Casas de Miseric\u00f3rdia, Associa\u00e7\u00f5es Brasileiras Beneficentes de Reabilita\u00e7\u00e3o (ABBRs), Associa\u00e7\u00e3o Fluminense de Reabilita\u00e7\u00e3o (AFR), Associa\u00e7\u00f5es de Pais e Amigos dos Excepcionais (APAEs) e Associa\u00e7\u00f5es Pestalozzi Igrejas e templos de qualquer culto estar\u00e3o isentos de pagar taxa referente ao [&hellip;]\" \/>\n<meta property=\"og:url\" content=\"https:\/\/www.oitaperunense.com.br\/site\/agora-e-lei-isencao-de-icms-nas-contas-de-luz-e-gas-de-templos-religiosos\/\" \/>\n<meta property=\"og:site_name\" content=\"O Itaperunense\" \/>\n<meta property=\"article:publisher\" content=\"https:\/\/www.facebook.com\/jornaloitaperunense\" \/>\n<meta property=\"article:published_time\" content=\"2023-07-12T17:48:50+00:00\" \/>\n<meta property=\"article:modified_time\" content=\"2023-07-12T18:13:14+00:00\" \/>\n<meta property=\"og:image\" content=\"https:\/\/www.oitaperunense.com.br\/site\/wp-content\/uploads\/2023\/07\/arna.jpg\" \/>\n\t<meta property=\"og:image:width\" content=\"700\" \/>\n\t<meta property=\"og:image:height\" content=\"396\" \/>\n\t<meta property=\"og:image:type\" content=\"image\/jpeg\" \/>\n<meta name=\"author\" content=\"Andr\u00e9\" \/>\n<meta name=\"twitter:card\" content=\"summary_large_image\" \/>\n<meta name=\"twitter:label1\" content=\"Escrito por\" \/>\n\t<meta name=\"twitter:data1\" content=\"Andr\u00e9\" \/>\n\t<meta name=\"twitter:label2\" content=\"Est. tempo de leitura\" \/>\n\t<meta name=\"twitter:data2\" content=\"2 minutos\" \/>\n<script type=\"application\/ld+json\" class=\"yoast-schema-graph\">{\"@context\":\"https:\/\/schema.org\",\"@graph\":[{\"@type\":\"WebPage\",\"@id\":\"https:\/\/www.oitaperunense.com.br\/site\/agora-e-lei-isencao-de-icms-nas-contas-de-luz-e-gas-de-templos-religiosos\/\",\"url\":\"https:\/\/www.oitaperunense.com.br\/site\/agora-e-lei-isencao-de-icms-nas-contas-de-luz-e-gas-de-templos-religiosos\/\",\"name\":\"AGORA \u00c9 LEI: ISEN\u00c7\u00c3O DE ICMS NAS CONTAS DE LUZ E G\u00c1S DE TEMPLOS RELIGIOSOS E ENTIDADES BENEFICENTES - O Itaperunense\",\"isPartOf\":{\"@id\":\"https:\/\/www.oitaperunense.com.br\/site\/#website\"},\"datePublished\":\"2023-07-12T17:48:50+00:00\",\"dateModified\":\"2023-07-12T18:13:14+00:00\",\"author\":{\"@id\":\"https:\/\/www.oitaperunense.com.br\/site\/#\/schema\/person\/4a5b86c112157bc0a4492f4fd6b7939f\"},\"breadcrumb\":{\"@id\":\"https:\/\/www.oitaperunense.com.br\/site\/agora-e-lei-isencao-de-icms-nas-contas-de-luz-e-gas-de-templos-religiosos\/#breadcrumb\"},\"inLanguage\":\"pt-BR\",\"potentialAction\":[{\"@type\":\"ReadAction\",\"target\":[\"https:\/\/www.oitaperunense.com.br\/site\/agora-e-lei-isencao-de-icms-nas-contas-de-luz-e-gas-de-templos-religiosos\/\"]}]},{\"@type\":\"BreadcrumbList\",\"@id\":\"https:\/\/www.oitaperunense.com.br\/site\/agora-e-lei-isencao-de-icms-nas-contas-de-luz-e-gas-de-templos-religiosos\/#breadcrumb\",\"itemListElement\":[{\"@type\":\"ListItem\",\"position\":1,\"name\":\"Home\",\"item\":\"https:\/\/www.oitaperunense.com.br\/site\/\"},{\"@type\":\"ListItem\",\"position\":2,\"name\":\"AGORA \u00c9 LEI: ISEN\u00c7\u00c3O DE ICMS NAS CONTAS DE LUZ E G\u00c1S DE TEMPLOS RELIGIOSOS E ENTIDADES BENEFICENTES\"}]},{\"@type\":\"WebSite\",\"@id\":\"https:\/\/www.oitaperunense.com.br\/site\/#website\",\"url\":\"https:\/\/www.oitaperunense.com.br\/site\/\",\"name\":\"O Itaperunense\",\"description\":\"\",\"potentialAction\":[{\"@type\":\"SearchAction\",\"target\":{\"@type\":\"EntryPoint\",\"urlTemplate\":\"https:\/\/www.oitaperunense.com.br\/site\/?s={search_term_string}\"},\"query-input\":\"required name=search_term_string\"}],\"inLanguage\":\"pt-BR\"},{\"@type\":\"Person\",\"@id\":\"https:\/\/www.oitaperunense.com.br\/site\/#\/schema\/person\/4a5b86c112157bc0a4492f4fd6b7939f\",\"name\":\"Andr\u00e9\",\"image\":{\"@type\":\"ImageObject\",\"inLanguage\":\"pt-BR\",\"@id\":\"https:\/\/www.oitaperunense.com.br\/site\/#\/schema\/person\/image\/\",\"url\":\"https:\/\/secure.gravatar.com\/avatar\/7a7a912ec2c8cd6a390040b03329ee7a71bbd5f81ac3557b6a68208f263fc97b?s=96&d=mm&r=g\",\"contentUrl\":\"https:\/\/secure.gravatar.com\/avatar\/7a7a912ec2c8cd6a390040b03329ee7a71bbd5f81ac3557b6a68208f263fc97b?s=96&d=mm&r=g\",\"caption\":\"Andr\u00e9\"},\"url\":\"https:\/\/www.oitaperunense.com.br\/site\/author\/andre\/\"}]}<\/script>\n<!-- \/ Yoast SEO plugin. -->","yoast_head_json":{"title":"AGORA \u00c9 LEI: ISEN\u00c7\u00c3O DE ICMS NAS CONTAS DE LUZ E G\u00c1S DE TEMPLOS RELIGIOSOS E ENTIDADES BENEFICENTES - O Itaperunense","robots":{"index":"index","follow":"follow","max-snippet":"max-snippet:-1","max-image-preview":"max-image-preview:large","max-video-preview":"max-video-preview:-1"},"canonical":"https:\/\/www.oitaperunense.com.br\/site\/agora-e-lei-isencao-de-icms-nas-contas-de-luz-e-gas-de-templos-religiosos\/","og_locale":"pt_BR","og_type":"article","og_title":"AGORA \u00c9 LEI: ISEN\u00c7\u00c3O DE ICMS NAS CONTAS DE LUZ E G\u00c1S DE TEMPLOS RELIGIOSOS E ENTIDADES BENEFICENTES - O Itaperunense","og_description":"A medida &#8211; aprovada pela Assembleia Legislativa do Rio de Janeiro (Alerj) &#8211; tamb\u00e9m vale para Santas Casas de Miseric\u00f3rdia, Associa\u00e7\u00f5es Brasileiras Beneficentes de Reabilita\u00e7\u00e3o (ABBRs), Associa\u00e7\u00e3o Fluminense de Reabilita\u00e7\u00e3o (AFR), Associa\u00e7\u00f5es de Pais e Amigos dos Excepcionais (APAEs) e Associa\u00e7\u00f5es Pestalozzi Igrejas e templos de qualquer culto estar\u00e3o isentos de pagar taxa referente ao [&hellip;]","og_url":"https:\/\/www.oitaperunense.com.br\/site\/agora-e-lei-isencao-de-icms-nas-contas-de-luz-e-gas-de-templos-religiosos\/","og_site_name":"O Itaperunense","article_publisher":"https:\/\/www.facebook.com\/jornaloitaperunense","article_published_time":"2023-07-12T17:48:50+00:00","article_modified_time":"2023-07-12T18:13:14+00:00","og_image":[{"width":700,"height":396,"url":"https:\/\/www.oitaperunense.com.br\/site\/wp-content\/uploads\/2023\/07\/arna.jpg","type":"image\/jpeg"}],"author":"Andr\u00e9","twitter_card":"summary_large_image","twitter_misc":{"Escrito por":"Andr\u00e9","Est. tempo de leitura":"2 minutos"},"schema":{"@context":"https:\/\/schema.org","@graph":[{"@type":"WebPage","@id":"https:\/\/www.oitaperunense.com.br\/site\/agora-e-lei-isencao-de-icms-nas-contas-de-luz-e-gas-de-templos-religiosos\/","url":"https:\/\/www.oitaperunense.com.br\/site\/agora-e-lei-isencao-de-icms-nas-contas-de-luz-e-gas-de-templos-religiosos\/","name":"AGORA \u00c9 LEI: ISEN\u00c7\u00c3O DE ICMS NAS CONTAS DE LUZ E G\u00c1S DE TEMPLOS RELIGIOSOS E ENTIDADES BENEFICENTES - O Itaperunense","isPartOf":{"@id":"https:\/\/www.oitaperunense.com.br\/site\/#website"},"datePublished":"2023-07-12T17:48:50+00:00","dateModified":"2023-07-12T18:13:14+00:00","author":{"@id":"https:\/\/www.oitaperunense.com.br\/site\/#\/schema\/person\/4a5b86c112157bc0a4492f4fd6b7939f"},"breadcrumb":{"@id":"https:\/\/www.oitaperunense.com.br\/site\/agora-e-lei-isencao-de-icms-nas-contas-de-luz-e-gas-de-templos-religiosos\/#breadcrumb"},"inLanguage":"pt-BR","potentialAction":[{"@type":"ReadAction","target":["https:\/\/www.oitaperunense.com.br\/site\/agora-e-lei-isencao-de-icms-nas-contas-de-luz-e-gas-de-templos-religiosos\/"]}]},{"@type":"BreadcrumbList","@id":"https:\/\/www.oitaperunense.com.br\/site\/agora-e-lei-isencao-de-icms-nas-contas-de-luz-e-gas-de-templos-religiosos\/#breadcrumb","itemListElement":[{"@type":"ListItem","position":1,"name":"Home","item":"https:\/\/www.oitaperunense.com.br\/site\/"},{"@type":"ListItem","position":2,"name":"AGORA \u00c9 LEI: ISEN\u00c7\u00c3O DE ICMS NAS CONTAS DE LUZ E G\u00c1S DE TEMPLOS RELIGIOSOS E ENTIDADES BENEFICENTES"}]},{"@type":"WebSite","@id":"https:\/\/www.oitaperunense.com.br\/site\/#website","url":"https:\/\/www.oitaperunense.com.br\/site\/","name":"O Itaperunense","description":"","potentialAction":[{"@type":"SearchAction","target":{"@type":"EntryPoint","urlTemplate":"https:\/\/www.oitaperunense.com.br\/site\/?s={search_term_string}"},"query-input":"required name=search_term_string"}],"inLanguage":"pt-BR"},{"@type":"Person","@id":"https:\/\/www.oitaperunense.com.br\/site\/#\/schema\/person\/4a5b86c112157bc0a4492f4fd6b7939f","name":"Andr\u00e9","image":{"@type":"ImageObject","inLanguage":"pt-BR","@id":"https:\/\/www.oitaperunense.com.br\/site\/#\/schema\/person\/image\/","url":"https:\/\/secure.gravatar.com\/avatar\/7a7a912ec2c8cd6a390040b03329ee7a71bbd5f81ac3557b6a68208f263fc97b?s=96&d=mm&r=g","contentUrl":"https:\/\/secure.gravatar.com\/avatar\/7a7a912ec2c8cd6a390040b03329ee7a71bbd5f81ac3557b6a68208f263fc97b?s=96&d=mm&r=g","caption":"Andr\u00e9"},"url":"https:\/\/www.oitaperunense.com.br\/site\/author\/andre\/"}]}},"cc_featured_image_caption":{"caption_text":"","source_text":"","source_url":""},"_links":{"self":[{"href":"https:\/\/www.oitaperunense.com.br\/site\/wp-json\/wp\/v2\/posts\/392635","targetHints":{"allow":["GET"]}}],"collection":[{"href":"https:\/\/www.oitaperunense.com.br\/site\/wp-json\/wp\/v2\/posts"}],"about":[{"href":"https:\/\/www.oitaperunense.com.br\/site\/wp-json\/wp\/v2\/types\/post"}],"author":[{"embeddable":true,"href":"https:\/\/www.oitaperunense.com.br\/site\/wp-json\/wp\/v2\/users\/19"}],"replies":[{"embeddable":true,"href":"https:\/\/www.oitaperunense.com.br\/site\/wp-json\/wp\/v2\/comments?post=392635"}],"version-history":[{"count":2,"href":"https:\/\/www.oitaperunense.com.br\/site\/wp-json\/wp\/v2\/posts\/392635\/revisions"}],"predecessor-version":[{"id":392639,"href":"https:\/\/www.oitaperunense.com.br\/site\/wp-json\/wp\/v2\/posts\/392635\/revisions\/392639"}],"wp:featuredmedia":[{"embeddable":true,"href":"https:\/\/www.oitaperunense.com.br\/site\/wp-json\/wp\/v2\/media\/392636"}],"wp:attachment":[{"href":"https:\/\/www.oitaperunense.com.br\/site\/wp-json\/wp\/v2\/media?parent=392635"}],"wp:term":[{"taxonomy":"category","embeddable":true,"href":"https:\/\/www.oitaperunense.com.br\/site\/wp-json\/wp\/v2\/categories?post=392635"},{"taxonomy":"post_tag","embeddable":true,"href":"https:\/\/www.oitaperunense.com.br\/site\/wp-json\/wp\/v2\/tags?post=392635"}],"curies":[{"name":"wp","href":"https:\/\/api.w.org\/{rel}","templated":true}]}}