{"id":392621,"date":"2023-07-12T07:25:57","date_gmt":"2023-07-12T10:25:57","guid":{"rendered":"https:\/\/www.oitaperunense.com.br\/site\/?p=392621"},"modified":"2023-07-12T07:25:57","modified_gmt":"2023-07-12T10:25:57","slug":"upas-do-estado-do-rio-de-janeiro-darao-prioridade-ao-atendimento-de-idosos-acima-de-80-anos","status":"publish","type":"post","link":"https:\/\/www.oitaperunense.com.br\/site\/upas-do-estado-do-rio-de-janeiro-darao-prioridade-ao-atendimento-de-idosos-acima-de-80-anos\/","title":{"rendered":"UPAS do Estado do Rio de Janeiro dar\u00e3o prioridade ao atendimento de idosos acima de 80 anos"},"content":{"rendered":"<p style=\"text-align: center;\"><span class=\"chamada\"><strong>Determina\u00e7\u00e3o da Secretaria de Sa\u00fade foi publicada no Di\u00e1rio Oficial<\/strong><br \/>\n<\/span><\/p>\n<p style=\"text-align: justify;\">Os pacientes acima de 80 anos passam a ter atendimento priorit\u00e1rio nas Unidades de Pronto Atendimento 24h (UPA) do Estado do Rio de Janeiro. A medida, adotada pelo secret\u00e1rio de Estado de Sa\u00fade, Dr. Luizinho, foi publicada no Di\u00e1rio Oficial do Estado do Rio de Janeiro, no dia 30 de junho.&nbsp;<\/p>\n<p style=\"text-align: justify;\"><!--more--><br \/>\nDe acordo com a Resolu\u00e7\u00e3o SES-RJ n\u00ba 3113, de 29 de junho de 2023, as UPAS geridas pela Secretaria de Estado de Sa\u00fade e pela Funda\u00e7\u00e3o Sa\u00fade dar\u00e3o prefer\u00eancia aos idosos. Os fluxos ser\u00e3o ajustados para atender a demanda.<\/p>\n<p>Para o secret\u00e1rio de Estado de Sa\u00fade, Dr. Luizinho, a medida \u00e9 importante porque o Rio de Janeiro \u00e9 proporcionalmente o estado com mais idosos do Brasil. Segundo o IBGE, eles representam 19,1% da popula\u00e7\u00e3o, contra 14,7% da m\u00e9dia nacional.<\/p>\n<p>\u201cCom o aumento da expectativa de vida no Brasil e no estado do Rio de Janeiro, precisamos ter um olhar diferenciado para os idosos. \u00c9 uma popula\u00e7\u00e3o mais vulner\u00e1vel e que precisa de aten\u00e7\u00e3o especial. O avan\u00e7o da medicina, a descoberta de novos medicamentos e a conscientiza\u00e7\u00e3o sobre a import\u00e2ncia de h\u00e1bitos saud\u00e1veis t\u00eam contribu\u00eddo para que o n\u00famero de idosos cres\u00e7a. A tend\u00eancia \u00e9 que a popula\u00e7\u00e3o viva cada vez mais\u201d, enfatiza Dr. Luizinho.<\/p>\n","protected":false},"excerpt":{"rendered":"<p>Determina\u00e7\u00e3o da Secretaria de Sa\u00fade foi publicada no Di\u00e1rio Oficial Os pacientes acima de 80 anos passam a ter atendimento priorit\u00e1rio nas Unidades de Pronto Atendimento 24h (UPA) do Estado do Rio de Janeiro. A medida, adotada pelo secret\u00e1rio de Estado de Sa\u00fade, Dr. Luizinho, foi publicada no Di\u00e1rio Oficial do Estado do Rio de [&hellip;]<\/p>\n","protected":false},"author":19,"featured_media":392622,"comment_status":"open","ping_status":"closed","sticky":false,"template":"","format":"standard","meta":{"ngg_post_thumbnail":0,"footnotes":""},"categories":[113],"tags":[],"class_list":["post-392621","post","type-post","status-publish","format-standard","has-post-thumbnail","hentry","category-saude"],"yoast_head":"<!-- This site is optimized with the Yoast SEO plugin v20.11 - https:\/\/yoast.com\/wordpress\/plugins\/seo\/ -->\n<title>UPAS do Estado do Rio de Janeiro dar\u00e3o prioridade ao atendimento de idosos acima de 80 anos - O Itaperunense<\/title>\n<meta name=\"robots\" content=\"index, follow, max-snippet:-1, max-image-preview:large, max-video-preview:-1\" \/>\n<link rel=\"canonical\" href=\"https:\/\/www.oitaperunense.com.br\/site\/upas-do-estado-do-rio-de-janeiro-darao-prioridade-ao-atendimento-de-idosos-acima-de-80-anos\/\" \/>\n<meta property=\"og:locale\" content=\"pt_BR\" \/>\n<meta property=\"og:type\" content=\"article\" \/>\n<meta property=\"og:title\" content=\"UPAS do Estado do Rio de Janeiro dar\u00e3o prioridade ao atendimento de idosos acima de 80 anos - O Itaperunense\" \/>\n<meta property=\"og:description\" content=\"Determina\u00e7\u00e3o da Secretaria de Sa\u00fade foi publicada no Di\u00e1rio Oficial Os pacientes acima de 80 anos passam a ter atendimento priorit\u00e1rio nas Unidades de Pronto Atendimento 24h (UPA) do Estado do Rio de Janeiro. A medida, adotada pelo secret\u00e1rio de Estado de Sa\u00fade, Dr. Luizinho, foi publicada no Di\u00e1rio Oficial do Estado do Rio de [&hellip;]\" \/>\n<meta property=\"og:url\" content=\"https:\/\/www.oitaperunense.com.br\/site\/upas-do-estado-do-rio-de-janeiro-darao-prioridade-ao-atendimento-de-idosos-acima-de-80-anos\/\" \/>\n<meta property=\"og:site_name\" content=\"O Itaperunense\" \/>\n<meta property=\"article:publisher\" content=\"https:\/\/www.facebook.com\/jornaloitaperunense\" \/>\n<meta property=\"article:published_time\" content=\"2023-07-12T10:25:57+00:00\" \/>\n<meta property=\"og:image\" content=\"https:\/\/www.oitaperunense.com.br\/site\/wp-content\/uploads\/2023\/07\/do.jpg\" \/>\n\t<meta property=\"og:image:width\" content=\"700\" \/>\n\t<meta property=\"og:image:height\" content=\"442\" \/>\n\t<meta property=\"og:image:type\" content=\"image\/jpeg\" \/>\n<meta name=\"author\" content=\"Andr\u00e9\" \/>\n<meta name=\"twitter:card\" content=\"summary_large_image\" \/>\n<meta name=\"twitter:label1\" content=\"Escrito por\" \/>\n\t<meta name=\"twitter:data1\" content=\"Andr\u00e9\" \/>\n\t<meta name=\"twitter:label2\" content=\"Est. tempo de leitura\" \/>\n\t<meta name=\"twitter:data2\" content=\"1 minuto\" \/>\n<script type=\"application\/ld+json\" class=\"yoast-schema-graph\">{\"@context\":\"https:\/\/schema.org\",\"@graph\":[{\"@type\":\"WebPage\",\"@id\":\"https:\/\/www.oitaperunense.com.br\/site\/upas-do-estado-do-rio-de-janeiro-darao-prioridade-ao-atendimento-de-idosos-acima-de-80-anos\/\",\"url\":\"https:\/\/www.oitaperunense.com.br\/site\/upas-do-estado-do-rio-de-janeiro-darao-prioridade-ao-atendimento-de-idosos-acima-de-80-anos\/\",\"name\":\"UPAS do Estado do Rio de Janeiro dar\u00e3o prioridade ao atendimento de idosos acima de 80 anos - O Itaperunense\",\"isPartOf\":{\"@id\":\"https:\/\/www.oitaperunense.com.br\/site\/#website\"},\"datePublished\":\"2023-07-12T10:25:57+00:00\",\"dateModified\":\"2023-07-12T10:25:57+00:00\",\"author\":{\"@id\":\"https:\/\/www.oitaperunense.com.br\/site\/#\/schema\/person\/4a5b86c112157bc0a4492f4fd6b7939f\"},\"breadcrumb\":{\"@id\":\"https:\/\/www.oitaperunense.com.br\/site\/upas-do-estado-do-rio-de-janeiro-darao-prioridade-ao-atendimento-de-idosos-acima-de-80-anos\/#breadcrumb\"},\"inLanguage\":\"pt-BR\",\"potentialAction\":[{\"@type\":\"ReadAction\",\"target\":[\"https:\/\/www.oitaperunense.com.br\/site\/upas-do-estado-do-rio-de-janeiro-darao-prioridade-ao-atendimento-de-idosos-acima-de-80-anos\/\"]}]},{\"@type\":\"BreadcrumbList\",\"@id\":\"https:\/\/www.oitaperunense.com.br\/site\/upas-do-estado-do-rio-de-janeiro-darao-prioridade-ao-atendimento-de-idosos-acima-de-80-anos\/#breadcrumb\",\"itemListElement\":[{\"@type\":\"ListItem\",\"position\":1,\"name\":\"Home\",\"item\":\"https:\/\/www.oitaperunense.com.br\/site\/\"},{\"@type\":\"ListItem\",\"position\":2,\"name\":\"UPAS do Estado do Rio de Janeiro dar\u00e3o prioridade ao atendimento de idosos acima de 80 anos\"}]},{\"@type\":\"WebSite\",\"@id\":\"https:\/\/www.oitaperunense.com.br\/site\/#website\",\"url\":\"https:\/\/www.oitaperunense.com.br\/site\/\",\"name\":\"O Itaperunense\",\"description\":\"\",\"potentialAction\":[{\"@type\":\"SearchAction\",\"target\":{\"@type\":\"EntryPoint\",\"urlTemplate\":\"https:\/\/www.oitaperunense.com.br\/site\/?s={search_term_string}\"},\"query-input\":\"required name=search_term_string\"}],\"inLanguage\":\"pt-BR\"},{\"@type\":\"Person\",\"@id\":\"https:\/\/www.oitaperunense.com.br\/site\/#\/schema\/person\/4a5b86c112157bc0a4492f4fd6b7939f\",\"name\":\"Andr\u00e9\",\"image\":{\"@type\":\"ImageObject\",\"inLanguage\":\"pt-BR\",\"@id\":\"https:\/\/www.oitaperunense.com.br\/site\/#\/schema\/person\/image\/\",\"url\":\"https:\/\/secure.gravatar.com\/avatar\/7a7a912ec2c8cd6a390040b03329ee7a71bbd5f81ac3557b6a68208f263fc97b?s=96&d=mm&r=g\",\"contentUrl\":\"https:\/\/secure.gravatar.com\/avatar\/7a7a912ec2c8cd6a390040b03329ee7a71bbd5f81ac3557b6a68208f263fc97b?s=96&d=mm&r=g\",\"caption\":\"Andr\u00e9\"},\"url\":\"https:\/\/www.oitaperunense.com.br\/site\/author\/andre\/\"}]}<\/script>\n<!-- \/ Yoast SEO plugin. -->","yoast_head_json":{"title":"UPAS do Estado do Rio de Janeiro dar\u00e3o prioridade ao atendimento de idosos acima de 80 anos - O Itaperunense","robots":{"index":"index","follow":"follow","max-snippet":"max-snippet:-1","max-image-preview":"max-image-preview:large","max-video-preview":"max-video-preview:-1"},"canonical":"https:\/\/www.oitaperunense.com.br\/site\/upas-do-estado-do-rio-de-janeiro-darao-prioridade-ao-atendimento-de-idosos-acima-de-80-anos\/","og_locale":"pt_BR","og_type":"article","og_title":"UPAS do Estado do Rio de Janeiro dar\u00e3o prioridade ao atendimento de idosos acima de 80 anos - O Itaperunense","og_description":"Determina\u00e7\u00e3o da Secretaria de Sa\u00fade foi publicada no Di\u00e1rio Oficial Os pacientes acima de 80 anos passam a ter atendimento priorit\u00e1rio nas Unidades de Pronto Atendimento 24h (UPA) do Estado do Rio de Janeiro. A medida, adotada pelo secret\u00e1rio de Estado de Sa\u00fade, Dr. Luizinho, foi publicada no Di\u00e1rio Oficial do Estado do Rio de [&hellip;]","og_url":"https:\/\/www.oitaperunense.com.br\/site\/upas-do-estado-do-rio-de-janeiro-darao-prioridade-ao-atendimento-de-idosos-acima-de-80-anos\/","og_site_name":"O Itaperunense","article_publisher":"https:\/\/www.facebook.com\/jornaloitaperunense","article_published_time":"2023-07-12T10:25:57+00:00","og_image":[{"width":700,"height":442,"url":"https:\/\/www.oitaperunense.com.br\/site\/wp-content\/uploads\/2023\/07\/do.jpg","type":"image\/jpeg"}],"author":"Andr\u00e9","twitter_card":"summary_large_image","twitter_misc":{"Escrito por":"Andr\u00e9","Est. tempo de leitura":"1 minuto"},"schema":{"@context":"https:\/\/schema.org","@graph":[{"@type":"WebPage","@id":"https:\/\/www.oitaperunense.com.br\/site\/upas-do-estado-do-rio-de-janeiro-darao-prioridade-ao-atendimento-de-idosos-acima-de-80-anos\/","url":"https:\/\/www.oitaperunense.com.br\/site\/upas-do-estado-do-rio-de-janeiro-darao-prioridade-ao-atendimento-de-idosos-acima-de-80-anos\/","name":"UPAS do Estado do Rio de Janeiro dar\u00e3o prioridade ao atendimento de idosos acima de 80 anos - O Itaperunense","isPartOf":{"@id":"https:\/\/www.oitaperunense.com.br\/site\/#website"},"datePublished":"2023-07-12T10:25:57+00:00","dateModified":"2023-07-12T10:25:57+00:00","author":{"@id":"https:\/\/www.oitaperunense.com.br\/site\/#\/schema\/person\/4a5b86c112157bc0a4492f4fd6b7939f"},"breadcrumb":{"@id":"https:\/\/www.oitaperunense.com.br\/site\/upas-do-estado-do-rio-de-janeiro-darao-prioridade-ao-atendimento-de-idosos-acima-de-80-anos\/#breadcrumb"},"inLanguage":"pt-BR","potentialAction":[{"@type":"ReadAction","target":["https:\/\/www.oitaperunense.com.br\/site\/upas-do-estado-do-rio-de-janeiro-darao-prioridade-ao-atendimento-de-idosos-acima-de-80-anos\/"]}]},{"@type":"BreadcrumbList","@id":"https:\/\/www.oitaperunense.com.br\/site\/upas-do-estado-do-rio-de-janeiro-darao-prioridade-ao-atendimento-de-idosos-acima-de-80-anos\/#breadcrumb","itemListElement":[{"@type":"ListItem","position":1,"name":"Home","item":"https:\/\/www.oitaperunense.com.br\/site\/"},{"@type":"ListItem","position":2,"name":"UPAS do Estado do Rio de Janeiro dar\u00e3o prioridade ao atendimento de idosos acima de 80 anos"}]},{"@type":"WebSite","@id":"https:\/\/www.oitaperunense.com.br\/site\/#website","url":"https:\/\/www.oitaperunense.com.br\/site\/","name":"O Itaperunense","description":"","potentialAction":[{"@type":"SearchAction","target":{"@type":"EntryPoint","urlTemplate":"https:\/\/www.oitaperunense.com.br\/site\/?s={search_term_string}"},"query-input":"required name=search_term_string"}],"inLanguage":"pt-BR"},{"@type":"Person","@id":"https:\/\/www.oitaperunense.com.br\/site\/#\/schema\/person\/4a5b86c112157bc0a4492f4fd6b7939f","name":"Andr\u00e9","image":{"@type":"ImageObject","inLanguage":"pt-BR","@id":"https:\/\/www.oitaperunense.com.br\/site\/#\/schema\/person\/image\/","url":"https:\/\/secure.gravatar.com\/avatar\/7a7a912ec2c8cd6a390040b03329ee7a71bbd5f81ac3557b6a68208f263fc97b?s=96&d=mm&r=g","contentUrl":"https:\/\/secure.gravatar.com\/avatar\/7a7a912ec2c8cd6a390040b03329ee7a71bbd5f81ac3557b6a68208f263fc97b?s=96&d=mm&r=g","caption":"Andr\u00e9"},"url":"https:\/\/www.oitaperunense.com.br\/site\/author\/andre\/"}]}},"cc_featured_image_caption":{"caption_text":"","source_text":"","source_url":""},"_links":{"self":[{"href":"https:\/\/www.oitaperunense.com.br\/site\/wp-json\/wp\/v2\/posts\/392621","targetHints":{"allow":["GET"]}}],"collection":[{"href":"https:\/\/www.oitaperunense.com.br\/site\/wp-json\/wp\/v2\/posts"}],"about":[{"href":"https:\/\/www.oitaperunense.com.br\/site\/wp-json\/wp\/v2\/types\/post"}],"author":[{"embeddable":true,"href":"https:\/\/www.oitaperunense.com.br\/site\/wp-json\/wp\/v2\/users\/19"}],"replies":[{"embeddable":true,"href":"https:\/\/www.oitaperunense.com.br\/site\/wp-json\/wp\/v2\/comments?post=392621"}],"version-history":[{"count":1,"href":"https:\/\/www.oitaperunense.com.br\/site\/wp-json\/wp\/v2\/posts\/392621\/revisions"}],"predecessor-version":[{"id":392623,"href":"https:\/\/www.oitaperunense.com.br\/site\/wp-json\/wp\/v2\/posts\/392621\/revisions\/392623"}],"wp:featuredmedia":[{"embeddable":true,"href":"https:\/\/www.oitaperunense.com.br\/site\/wp-json\/wp\/v2\/media\/392622"}],"wp:attachment":[{"href":"https:\/\/www.oitaperunense.com.br\/site\/wp-json\/wp\/v2\/media?parent=392621"}],"wp:term":[{"taxonomy":"category","embeddable":true,"href":"https:\/\/www.oitaperunense.com.br\/site\/wp-json\/wp\/v2\/categories?post=392621"},{"taxonomy":"post_tag","embeddable":true,"href":"https:\/\/www.oitaperunense.com.br\/site\/wp-json\/wp\/v2\/tags?post=392621"}],"curies":[{"name":"wp","href":"https:\/\/api.w.org\/{rel}","templated":true}]}}