{"id":392607,"date":"2023-07-10T11:01:11","date_gmt":"2023-07-10T14:01:11","guid":{"rendered":"https:\/\/www.oitaperunense.com.br\/site\/?p=392607"},"modified":"2023-07-10T11:01:11","modified_gmt":"2023-07-10T14:01:11","slug":"de-olho-em-2024-pl-faz-a-divisao-geografica-do-poder","status":"publish","type":"post","link":"https:\/\/www.oitaperunense.com.br\/site\/de-olho-em-2024-pl-faz-a-divisao-geografica-do-poder\/","title":{"rendered":"De olho em 2024, PL faz a divis\u00e3o geogr\u00e1fica do poder"},"content":{"rendered":"<div class=\"mc-column content-text active-extra-styles active-capital-letter\" data-block-type=\"unstyled\" data-block-weight=\"13\" data-block-id=\"2\">\n<p class=\"content-text__container theme-color-primary-first-letter\" style=\"text-align: justify;\" data-track-category=\"Link no Texto\" data-track-links=\"\">O diret\u00f3rio do PL em Queimados, na Baixada Fluminense, acaba de ser dissolvido. Uma nova dire\u00e7\u00e3o foi empossada \u2014 com as b\u00ean\u00e7\u00e3os do deputado federal H\u00e9lio Neg\u00e3o. A mudan\u00e7a s\u00f3 refor\u00e7a a m\u00e1xima: os deputados bem votados est\u00e3o com tudo, e est\u00e3o prosas, na forma\u00e7\u00e3o dos diret\u00f3rios do Partido Liberal. Nova Friburgo, por exemplo, \u00e9 um feudo do deputado federal Luiz Lima. S\u00e3o Gon\u00e7alo est\u00e1 sob a responsabilidade do deputado estadual Douglas Ruas (e de seu pai, o prefeito Capit\u00e3o Nelson). E em Itaperuna, quem manda \u00e9 o tamb\u00e9m habitante do Largo da Carioca, Jair Bittencourt.<\/p>\n<\/div>\n<p><!--more--><\/p>\n<div class=\"wall protected-content\">\n<div class=\"mc-column content-text active-extra-styles \" style=\"text-align: justify;\" data-block-type=\"unstyled\" data-block-weight=\"2\" data-block-id=\"8\">\n<p class=\"content-text__container \" data-track-category=\"Link no Texto\" data-track-links=\"\"><strong>Os alcaides<\/strong><\/p>\n<\/div>\n<div class=\"mc-column content-text active-extra-styles \" style=\"text-align: justify;\" data-block-type=\"unstyled\" data-block-weight=\"11\" data-block-id=\"9\">\n<p class=\"content-text__container \" data-track-category=\"Link no Texto\" data-track-links=\"\">Os prefeitos n\u00e3o foram esquecidos no jogo do poder do PL. Em Itabora\u00ed, quem manda \u00e9 Marcelo Delarolli; em Saquarema \u00e9 Manoela Peres; em Mesquita \u00e9 Jorge Miranda; em Nil\u00f3polis, o Abra\u00e3ozinho; em Paracambi \u00e9 Doutor Fl\u00e1vio e a mulher, a prefeita Lucimar.<\/p>\n<\/div>\n<div data-track-category=\"multicontent\" data-track-action=\"ultimo chunk conteudo\" data-track-noninteraction=\"false\" data-track-scroll=\"view\">\n<div class=\"mc-column content-text active-extra-styles \" data-block-type=\"unstyled\" data-block-weight=\"32\" data-block-id=\"10\">\n<p style=\"text-align: justify;\" data-track-category=\"Link no Texto\" data-track-links=\"\"><strong>Coluna Extra, Extra &#8211; Por Berenice Seara<\/strong><\/p>\n<p style=\"text-align: justify;\" data-track-category=\"Link no Texto\" data-track-links=\"\"><strong>Fotos: C\u00e2mara dos Deputados\/Divulga\u00e7\u00e3o\/Alerj<\/strong><\/p>\n<\/div>\n<\/div>\n<\/div>\n","protected":false},"excerpt":{"rendered":"<p>O diret\u00f3rio do PL em Queimados, na Baixada Fluminense, acaba de ser dissolvido. Uma nova dire\u00e7\u00e3o foi empossada \u2014 com as b\u00ean\u00e7\u00e3os do deputado federal H\u00e9lio Neg\u00e3o. A mudan\u00e7a s\u00f3 refor\u00e7a a m\u00e1xima: os deputados bem votados est\u00e3o com tudo, e est\u00e3o prosas, na forma\u00e7\u00e3o dos diret\u00f3rios do Partido Liberal. Nova Friburgo, por exemplo, \u00e9 [&hellip;]<\/p>\n","protected":false},"author":19,"featured_media":392609,"comment_status":"open","ping_status":"closed","sticky":false,"template":"","format":"standard","meta":{"ngg_post_thumbnail":0,"footnotes":""},"categories":[13],"tags":[],"class_list":["post-392607","post","type-post","status-publish","format-standard","has-post-thumbnail","hentry","category-politica"],"yoast_head":"<!-- This site is optimized with the Yoast SEO plugin v20.11 - https:\/\/yoast.com\/wordpress\/plugins\/seo\/ -->\n<title>De olho em 2024, PL faz a divis\u00e3o geogr\u00e1fica do poder - O Itaperunense<\/title>\n<meta name=\"robots\" content=\"index, follow, max-snippet:-1, max-image-preview:large, max-video-preview:-1\" \/>\n<link rel=\"canonical\" href=\"https:\/\/www.oitaperunense.com.br\/site\/de-olho-em-2024-pl-faz-a-divisao-geografica-do-poder\/\" \/>\n<meta property=\"og:locale\" content=\"pt_BR\" \/>\n<meta property=\"og:type\" content=\"article\" \/>\n<meta property=\"og:title\" content=\"De olho em 2024, PL faz a divis\u00e3o geogr\u00e1fica do poder - O Itaperunense\" \/>\n<meta property=\"og:description\" content=\"O diret\u00f3rio do PL em Queimados, na Baixada Fluminense, acaba de ser dissolvido. Uma nova dire\u00e7\u00e3o foi empossada \u2014 com as b\u00ean\u00e7\u00e3os do deputado federal H\u00e9lio Neg\u00e3o. A mudan\u00e7a s\u00f3 refor\u00e7a a m\u00e1xima: os deputados bem votados est\u00e3o com tudo, e est\u00e3o prosas, na forma\u00e7\u00e3o dos diret\u00f3rios do Partido Liberal. Nova Friburgo, por exemplo, \u00e9 [&hellip;]\" \/>\n<meta property=\"og:url\" content=\"https:\/\/www.oitaperunense.com.br\/site\/de-olho-em-2024-pl-faz-a-divisao-geografica-do-poder\/\" \/>\n<meta property=\"og:site_name\" content=\"O Itaperunense\" \/>\n<meta property=\"article:publisher\" content=\"https:\/\/www.facebook.com\/jornaloitaperunense\" \/>\n<meta property=\"article:published_time\" content=\"2023-07-10T14:01:11+00:00\" \/>\n<meta property=\"og:image\" content=\"https:\/\/www.oitaperunense.com.br\/site\/wp-content\/uploads\/2023\/07\/neg8.jpg\" \/>\n\t<meta property=\"og:image:width\" content=\"700\" \/>\n\t<meta property=\"og:image:height\" content=\"225\" \/>\n\t<meta property=\"og:image:type\" content=\"image\/jpeg\" \/>\n<meta name=\"author\" content=\"Andr\u00e9\" \/>\n<meta name=\"twitter:card\" content=\"summary_large_image\" \/>\n<meta name=\"twitter:label1\" content=\"Escrito por\" \/>\n\t<meta name=\"twitter:data1\" content=\"Andr\u00e9\" \/>\n\t<meta name=\"twitter:label2\" content=\"Est. tempo de leitura\" \/>\n\t<meta name=\"twitter:data2\" content=\"1 minuto\" \/>\n<script type=\"application\/ld+json\" class=\"yoast-schema-graph\">{\"@context\":\"https:\/\/schema.org\",\"@graph\":[{\"@type\":\"WebPage\",\"@id\":\"https:\/\/www.oitaperunense.com.br\/site\/de-olho-em-2024-pl-faz-a-divisao-geografica-do-poder\/\",\"url\":\"https:\/\/www.oitaperunense.com.br\/site\/de-olho-em-2024-pl-faz-a-divisao-geografica-do-poder\/\",\"name\":\"De olho em 2024, PL faz a divis\u00e3o geogr\u00e1fica do poder - O Itaperunense\",\"isPartOf\":{\"@id\":\"https:\/\/www.oitaperunense.com.br\/site\/#website\"},\"datePublished\":\"2023-07-10T14:01:11+00:00\",\"dateModified\":\"2023-07-10T14:01:11+00:00\",\"author\":{\"@id\":\"https:\/\/www.oitaperunense.com.br\/site\/#\/schema\/person\/4a5b86c112157bc0a4492f4fd6b7939f\"},\"breadcrumb\":{\"@id\":\"https:\/\/www.oitaperunense.com.br\/site\/de-olho-em-2024-pl-faz-a-divisao-geografica-do-poder\/#breadcrumb\"},\"inLanguage\":\"pt-BR\",\"potentialAction\":[{\"@type\":\"ReadAction\",\"target\":[\"https:\/\/www.oitaperunense.com.br\/site\/de-olho-em-2024-pl-faz-a-divisao-geografica-do-poder\/\"]}]},{\"@type\":\"BreadcrumbList\",\"@id\":\"https:\/\/www.oitaperunense.com.br\/site\/de-olho-em-2024-pl-faz-a-divisao-geografica-do-poder\/#breadcrumb\",\"itemListElement\":[{\"@type\":\"ListItem\",\"position\":1,\"name\":\"Home\",\"item\":\"https:\/\/www.oitaperunense.com.br\/site\/\"},{\"@type\":\"ListItem\",\"position\":2,\"name\":\"De olho em 2024, PL faz a divis\u00e3o geogr\u00e1fica do poder\"}]},{\"@type\":\"WebSite\",\"@id\":\"https:\/\/www.oitaperunense.com.br\/site\/#website\",\"url\":\"https:\/\/www.oitaperunense.com.br\/site\/\",\"name\":\"O Itaperunense\",\"description\":\"\",\"potentialAction\":[{\"@type\":\"SearchAction\",\"target\":{\"@type\":\"EntryPoint\",\"urlTemplate\":\"https:\/\/www.oitaperunense.com.br\/site\/?s={search_term_string}\"},\"query-input\":\"required name=search_term_string\"}],\"inLanguage\":\"pt-BR\"},{\"@type\":\"Person\",\"@id\":\"https:\/\/www.oitaperunense.com.br\/site\/#\/schema\/person\/4a5b86c112157bc0a4492f4fd6b7939f\",\"name\":\"Andr\u00e9\",\"image\":{\"@type\":\"ImageObject\",\"inLanguage\":\"pt-BR\",\"@id\":\"https:\/\/www.oitaperunense.com.br\/site\/#\/schema\/person\/image\/\",\"url\":\"https:\/\/secure.gravatar.com\/avatar\/7a7a912ec2c8cd6a390040b03329ee7a71bbd5f81ac3557b6a68208f263fc97b?s=96&d=mm&r=g\",\"contentUrl\":\"https:\/\/secure.gravatar.com\/avatar\/7a7a912ec2c8cd6a390040b03329ee7a71bbd5f81ac3557b6a68208f263fc97b?s=96&d=mm&r=g\",\"caption\":\"Andr\u00e9\"},\"url\":\"https:\/\/www.oitaperunense.com.br\/site\/author\/andre\/\"}]}<\/script>\n<!-- \/ Yoast SEO plugin. -->","yoast_head_json":{"title":"De olho em 2024, PL faz a divis\u00e3o geogr\u00e1fica do poder - O Itaperunense","robots":{"index":"index","follow":"follow","max-snippet":"max-snippet:-1","max-image-preview":"max-image-preview:large","max-video-preview":"max-video-preview:-1"},"canonical":"https:\/\/www.oitaperunense.com.br\/site\/de-olho-em-2024-pl-faz-a-divisao-geografica-do-poder\/","og_locale":"pt_BR","og_type":"article","og_title":"De olho em 2024, PL faz a divis\u00e3o geogr\u00e1fica do poder - O Itaperunense","og_description":"O diret\u00f3rio do PL em Queimados, na Baixada Fluminense, acaba de ser dissolvido. Uma nova dire\u00e7\u00e3o foi empossada \u2014 com as b\u00ean\u00e7\u00e3os do deputado federal H\u00e9lio Neg\u00e3o. A mudan\u00e7a s\u00f3 refor\u00e7a a m\u00e1xima: os deputados bem votados est\u00e3o com tudo, e est\u00e3o prosas, na forma\u00e7\u00e3o dos diret\u00f3rios do Partido Liberal. Nova Friburgo, por exemplo, \u00e9 [&hellip;]","og_url":"https:\/\/www.oitaperunense.com.br\/site\/de-olho-em-2024-pl-faz-a-divisao-geografica-do-poder\/","og_site_name":"O Itaperunense","article_publisher":"https:\/\/www.facebook.com\/jornaloitaperunense","article_published_time":"2023-07-10T14:01:11+00:00","og_image":[{"width":700,"height":225,"url":"https:\/\/www.oitaperunense.com.br\/site\/wp-content\/uploads\/2023\/07\/neg8.jpg","type":"image\/jpeg"}],"author":"Andr\u00e9","twitter_card":"summary_large_image","twitter_misc":{"Escrito por":"Andr\u00e9","Est. tempo de leitura":"1 minuto"},"schema":{"@context":"https:\/\/schema.org","@graph":[{"@type":"WebPage","@id":"https:\/\/www.oitaperunense.com.br\/site\/de-olho-em-2024-pl-faz-a-divisao-geografica-do-poder\/","url":"https:\/\/www.oitaperunense.com.br\/site\/de-olho-em-2024-pl-faz-a-divisao-geografica-do-poder\/","name":"De olho em 2024, PL faz a divis\u00e3o geogr\u00e1fica do poder - O Itaperunense","isPartOf":{"@id":"https:\/\/www.oitaperunense.com.br\/site\/#website"},"datePublished":"2023-07-10T14:01:11+00:00","dateModified":"2023-07-10T14:01:11+00:00","author":{"@id":"https:\/\/www.oitaperunense.com.br\/site\/#\/schema\/person\/4a5b86c112157bc0a4492f4fd6b7939f"},"breadcrumb":{"@id":"https:\/\/www.oitaperunense.com.br\/site\/de-olho-em-2024-pl-faz-a-divisao-geografica-do-poder\/#breadcrumb"},"inLanguage":"pt-BR","potentialAction":[{"@type":"ReadAction","target":["https:\/\/www.oitaperunense.com.br\/site\/de-olho-em-2024-pl-faz-a-divisao-geografica-do-poder\/"]}]},{"@type":"BreadcrumbList","@id":"https:\/\/www.oitaperunense.com.br\/site\/de-olho-em-2024-pl-faz-a-divisao-geografica-do-poder\/#breadcrumb","itemListElement":[{"@type":"ListItem","position":1,"name":"Home","item":"https:\/\/www.oitaperunense.com.br\/site\/"},{"@type":"ListItem","position":2,"name":"De olho em 2024, PL faz a divis\u00e3o geogr\u00e1fica do poder"}]},{"@type":"WebSite","@id":"https:\/\/www.oitaperunense.com.br\/site\/#website","url":"https:\/\/www.oitaperunense.com.br\/site\/","name":"O Itaperunense","description":"","potentialAction":[{"@type":"SearchAction","target":{"@type":"EntryPoint","urlTemplate":"https:\/\/www.oitaperunense.com.br\/site\/?s={search_term_string}"},"query-input":"required name=search_term_string"}],"inLanguage":"pt-BR"},{"@type":"Person","@id":"https:\/\/www.oitaperunense.com.br\/site\/#\/schema\/person\/4a5b86c112157bc0a4492f4fd6b7939f","name":"Andr\u00e9","image":{"@type":"ImageObject","inLanguage":"pt-BR","@id":"https:\/\/www.oitaperunense.com.br\/site\/#\/schema\/person\/image\/","url":"https:\/\/secure.gravatar.com\/avatar\/7a7a912ec2c8cd6a390040b03329ee7a71bbd5f81ac3557b6a68208f263fc97b?s=96&d=mm&r=g","contentUrl":"https:\/\/secure.gravatar.com\/avatar\/7a7a912ec2c8cd6a390040b03329ee7a71bbd5f81ac3557b6a68208f263fc97b?s=96&d=mm&r=g","caption":"Andr\u00e9"},"url":"https:\/\/www.oitaperunense.com.br\/site\/author\/andre\/"}]}},"cc_featured_image_caption":{"caption_text":"","source_text":"","source_url":""},"_links":{"self":[{"href":"https:\/\/www.oitaperunense.com.br\/site\/wp-json\/wp\/v2\/posts\/392607","targetHints":{"allow":["GET"]}}],"collection":[{"href":"https:\/\/www.oitaperunense.com.br\/site\/wp-json\/wp\/v2\/posts"}],"about":[{"href":"https:\/\/www.oitaperunense.com.br\/site\/wp-json\/wp\/v2\/types\/post"}],"author":[{"embeddable":true,"href":"https:\/\/www.oitaperunense.com.br\/site\/wp-json\/wp\/v2\/users\/19"}],"replies":[{"embeddable":true,"href":"https:\/\/www.oitaperunense.com.br\/site\/wp-json\/wp\/v2\/comments?post=392607"}],"version-history":[{"count":1,"href":"https:\/\/www.oitaperunense.com.br\/site\/wp-json\/wp\/v2\/posts\/392607\/revisions"}],"predecessor-version":[{"id":392610,"href":"https:\/\/www.oitaperunense.com.br\/site\/wp-json\/wp\/v2\/posts\/392607\/revisions\/392610"}],"wp:featuredmedia":[{"embeddable":true,"href":"https:\/\/www.oitaperunense.com.br\/site\/wp-json\/wp\/v2\/media\/392609"}],"wp:attachment":[{"href":"https:\/\/www.oitaperunense.com.br\/site\/wp-json\/wp\/v2\/media?parent=392607"}],"wp:term":[{"taxonomy":"category","embeddable":true,"href":"https:\/\/www.oitaperunense.com.br\/site\/wp-json\/wp\/v2\/categories?post=392607"},{"taxonomy":"post_tag","embeddable":true,"href":"https:\/\/www.oitaperunense.com.br\/site\/wp-json\/wp\/v2\/tags?post=392607"}],"curies":[{"name":"wp","href":"https:\/\/api.w.org\/{rel}","templated":true}]}}