{"id":392602,"date":"2023-07-10T10:00:41","date_gmt":"2023-07-10T13:00:41","guid":{"rendered":"https:\/\/www.oitaperunense.com.br\/site\/?p=392602"},"modified":"2023-07-10T10:00:41","modified_gmt":"2023-07-10T13:00:41","slug":"inscricoes-para-o-premio-firjan-de-sustentabilidade-2023","status":"publish","type":"post","link":"https:\/\/www.oitaperunense.com.br\/site\/inscricoes-para-o-premio-firjan-de-sustentabilidade-2023\/","title":{"rendered":"Inscri\u00e7\u00f5es para o Pr\u00eamio Firjan de Sustentabilidade 2023"},"content":{"rendered":"<p style=\"text-align: center;\"><strong>Ano passado, o Porto do A\u00e7u venceu na categoria Res\u00edduos S\u00f3lidos; a Copapa, de Santo Ant\u00f4nio de P\u00e1dua, tamb\u00e9m j\u00e1 venceu o pr\u00eamio<\/strong><\/p>\n<p style=\"text-align: justify;\">Est\u00e3o abertas at\u00e9 a sexta-feira, dia 21 de julho, as inscri\u00e7\u00f5es gratuitas para o Pr\u00eamio Firjan de Sustentabilidade 2023. \u201cA inten\u00e7\u00e3o da Firjan \u00e9 reconhecer as a\u00e7\u00f5es bem-sucedidas desenvolvidas pelas empresas e institui\u00e7\u00f5es no estado do Rio de Janeiro. Queremos divulgar e motivar melhores pr\u00e1ticas, que envolvam o aprimoramento dos processos produtivos industriais, projetos socioambientais e iniciativas de cunho sustent\u00e1vel\u201d, destaca Isaac Plachta, presidente do Conselho Empresarial de Meio Ambiente da Firjan.<\/p>\n<p style=\"text-align: justify;\"><!--more--><\/p>\n<p style=\"text-align: justify;\">Podem participar empresas, associa\u00e7\u00f5es, sindicatos, institui\u00e7\u00f5es de ensino e pesquisa, terceiro setor, universidades e demais pessoas jur\u00eddicas com projetos conclu\u00eddos ou em fase de implanta\u00e7\u00e3o, desenvolvidos no territ\u00f3rio fluminense e com resultados mensur\u00e1veis em 2021 e\/ou 2022. Os finalistas e vencedores ser\u00e3o revelados durante a cerim\u00f4nia presencial de premia\u00e7\u00e3o, que ser\u00e1 realizada no segundo semestre.<\/p>\n<p style=\"text-align: justify;\">No ano passado, o Porto do A\u00e7u, de S\u00e3o Jo\u00e3o da Barra, venceu a categoria \u201cRes\u00edduos S\u00f3lidos\u201d com um projeto que transforma res\u00edduos s\u00f3lidos em adubos para a Reserva Caruara, substituindo os fertilizantes convencionais. Outro vencedor foi a Copapa, empresa de pap\u00e9is de Santo Ant\u00f4nio de P\u00e1dua, no Noroeste Fluminense, que venceu em 2021 na categoria \u201cRela\u00e7\u00f5es com Partes Interessadas\u201d, ao criar o primeiro papel higi\u00eanico do Brasil que tem todo ciclo de vida sustent\u00e1vel<\/p>\n<p style=\"text-align: justify;\">A edi\u00e7\u00e3o atual, a d\u00e9cima primeira desde 2013, possui seis categorias: Estrat\u00e9gias de Engajamento e Promo\u00e7\u00e3o da Agenda 2030 dos Objetivos do Desenvolvimento Sustent\u00e1vel; \u00c1gua e Efluentes; Biodiversidade e Servi\u00e7os Ecossist\u00eamicos; Mudan\u00e7a do Clima e Efici\u00eancia Energ\u00e9tica; Res\u00edduos S\u00f3lidos; e Gest\u00e3o de Impacto e Investimento Social. O regulamento completo e o link para inscri\u00e7\u00f5es est\u00e3o dispon\u00edveis no&nbsp;<a href=\"https:\/\/www.firjan.com.br\/premiodesustentabilidade\/sobre.htm\" target=\"_blank\" rel=\"nofollow noopener noreferrer\">site do Pr\u00eamio<\/a>.<\/p>\n","protected":false},"excerpt":{"rendered":"<p>Ano passado, o Porto do A\u00e7u venceu na categoria Res\u00edduos S\u00f3lidos; a Copapa, de Santo Ant\u00f4nio de P\u00e1dua, tamb\u00e9m j\u00e1 venceu o pr\u00eamio Est\u00e3o abertas at\u00e9 a sexta-feira, dia 21 de julho, as inscri\u00e7\u00f5es gratuitas para o Pr\u00eamio Firjan de Sustentabilidade 2023. \u201cA inten\u00e7\u00e3o da Firjan \u00e9 reconhecer as a\u00e7\u00f5es bem-sucedidas desenvolvidas pelas empresas e [&hellip;]<\/p>\n","protected":false},"author":19,"featured_media":392603,"comment_status":"open","ping_status":"closed","sticky":false,"template":"","format":"standard","meta":{"ngg_post_thumbnail":0,"footnotes":""},"categories":[91],"tags":[],"class_list":["post-392602","post","type-post","status-publish","format-standard","has-post-thumbnail","hentry","category-geral"],"yoast_head":"<!-- This site is optimized with the Yoast SEO plugin v20.11 - https:\/\/yoast.com\/wordpress\/plugins\/seo\/ -->\n<title>Inscri\u00e7\u00f5es para o Pr\u00eamio Firjan de Sustentabilidade 2023 - O Itaperunense<\/title>\n<meta name=\"robots\" content=\"index, follow, max-snippet:-1, max-image-preview:large, max-video-preview:-1\" \/>\n<link rel=\"canonical\" href=\"https:\/\/www.oitaperunense.com.br\/site\/inscricoes-para-o-premio-firjan-de-sustentabilidade-2023\/\" \/>\n<meta property=\"og:locale\" content=\"pt_BR\" \/>\n<meta property=\"og:type\" content=\"article\" \/>\n<meta property=\"og:title\" content=\"Inscri\u00e7\u00f5es para o Pr\u00eamio Firjan de Sustentabilidade 2023 - O Itaperunense\" \/>\n<meta property=\"og:description\" content=\"Ano passado, o Porto do A\u00e7u venceu na categoria Res\u00edduos S\u00f3lidos; a Copapa, de Santo Ant\u00f4nio de P\u00e1dua, tamb\u00e9m j\u00e1 venceu o pr\u00eamio Est\u00e3o abertas at\u00e9 a sexta-feira, dia 21 de julho, as inscri\u00e7\u00f5es gratuitas para o Pr\u00eamio Firjan de Sustentabilidade 2023. \u201cA inten\u00e7\u00e3o da Firjan \u00e9 reconhecer as a\u00e7\u00f5es bem-sucedidas desenvolvidas pelas empresas e [&hellip;]\" \/>\n<meta property=\"og:url\" content=\"https:\/\/www.oitaperunense.com.br\/site\/inscricoes-para-o-premio-firjan-de-sustentabilidade-2023\/\" \/>\n<meta property=\"og:site_name\" content=\"O Itaperunense\" \/>\n<meta property=\"article:publisher\" content=\"https:\/\/www.facebook.com\/jornaloitaperunense\" \/>\n<meta property=\"article:published_time\" content=\"2023-07-10T13:00:41+00:00\" \/>\n<meta property=\"og:image\" content=\"https:\/\/www.oitaperunense.com.br\/site\/wp-content\/uploads\/2023\/07\/sau6.jpg\" \/>\n\t<meta property=\"og:image:width\" content=\"700\" \/>\n\t<meta property=\"og:image:height\" content=\"525\" \/>\n\t<meta property=\"og:image:type\" content=\"image\/jpeg\" \/>\n<meta name=\"author\" content=\"Andr\u00e9\" \/>\n<meta name=\"twitter:card\" content=\"summary_large_image\" \/>\n<meta name=\"twitter:label1\" content=\"Escrito por\" \/>\n\t<meta name=\"twitter:data1\" content=\"Andr\u00e9\" \/>\n\t<meta name=\"twitter:label2\" content=\"Est. tempo de leitura\" \/>\n\t<meta name=\"twitter:data2\" content=\"2 minutos\" \/>\n<script type=\"application\/ld+json\" class=\"yoast-schema-graph\">{\"@context\":\"https:\/\/schema.org\",\"@graph\":[{\"@type\":\"WebPage\",\"@id\":\"https:\/\/www.oitaperunense.com.br\/site\/inscricoes-para-o-premio-firjan-de-sustentabilidade-2023\/\",\"url\":\"https:\/\/www.oitaperunense.com.br\/site\/inscricoes-para-o-premio-firjan-de-sustentabilidade-2023\/\",\"name\":\"Inscri\u00e7\u00f5es para o Pr\u00eamio Firjan de Sustentabilidade 2023 - O Itaperunense\",\"isPartOf\":{\"@id\":\"https:\/\/www.oitaperunense.com.br\/site\/#website\"},\"datePublished\":\"2023-07-10T13:00:41+00:00\",\"dateModified\":\"2023-07-10T13:00:41+00:00\",\"author\":{\"@id\":\"https:\/\/www.oitaperunense.com.br\/site\/#\/schema\/person\/4a5b86c112157bc0a4492f4fd6b7939f\"},\"breadcrumb\":{\"@id\":\"https:\/\/www.oitaperunense.com.br\/site\/inscricoes-para-o-premio-firjan-de-sustentabilidade-2023\/#breadcrumb\"},\"inLanguage\":\"pt-BR\",\"potentialAction\":[{\"@type\":\"ReadAction\",\"target\":[\"https:\/\/www.oitaperunense.com.br\/site\/inscricoes-para-o-premio-firjan-de-sustentabilidade-2023\/\"]}]},{\"@type\":\"BreadcrumbList\",\"@id\":\"https:\/\/www.oitaperunense.com.br\/site\/inscricoes-para-o-premio-firjan-de-sustentabilidade-2023\/#breadcrumb\",\"itemListElement\":[{\"@type\":\"ListItem\",\"position\":1,\"name\":\"Home\",\"item\":\"https:\/\/www.oitaperunense.com.br\/site\/\"},{\"@type\":\"ListItem\",\"position\":2,\"name\":\"Inscri\u00e7\u00f5es para o Pr\u00eamio Firjan de Sustentabilidade 2023\"}]},{\"@type\":\"WebSite\",\"@id\":\"https:\/\/www.oitaperunense.com.br\/site\/#website\",\"url\":\"https:\/\/www.oitaperunense.com.br\/site\/\",\"name\":\"O Itaperunense\",\"description\":\"\",\"potentialAction\":[{\"@type\":\"SearchAction\",\"target\":{\"@type\":\"EntryPoint\",\"urlTemplate\":\"https:\/\/www.oitaperunense.com.br\/site\/?s={search_term_string}\"},\"query-input\":\"required name=search_term_string\"}],\"inLanguage\":\"pt-BR\"},{\"@type\":\"Person\",\"@id\":\"https:\/\/www.oitaperunense.com.br\/site\/#\/schema\/person\/4a5b86c112157bc0a4492f4fd6b7939f\",\"name\":\"Andr\u00e9\",\"image\":{\"@type\":\"ImageObject\",\"inLanguage\":\"pt-BR\",\"@id\":\"https:\/\/www.oitaperunense.com.br\/site\/#\/schema\/person\/image\/\",\"url\":\"https:\/\/secure.gravatar.com\/avatar\/7a7a912ec2c8cd6a390040b03329ee7a71bbd5f81ac3557b6a68208f263fc97b?s=96&d=mm&r=g\",\"contentUrl\":\"https:\/\/secure.gravatar.com\/avatar\/7a7a912ec2c8cd6a390040b03329ee7a71bbd5f81ac3557b6a68208f263fc97b?s=96&d=mm&r=g\",\"caption\":\"Andr\u00e9\"},\"url\":\"https:\/\/www.oitaperunense.com.br\/site\/author\/andre\/\"}]}<\/script>\n<!-- \/ Yoast SEO plugin. -->","yoast_head_json":{"title":"Inscri\u00e7\u00f5es para o Pr\u00eamio Firjan de Sustentabilidade 2023 - O Itaperunense","robots":{"index":"index","follow":"follow","max-snippet":"max-snippet:-1","max-image-preview":"max-image-preview:large","max-video-preview":"max-video-preview:-1"},"canonical":"https:\/\/www.oitaperunense.com.br\/site\/inscricoes-para-o-premio-firjan-de-sustentabilidade-2023\/","og_locale":"pt_BR","og_type":"article","og_title":"Inscri\u00e7\u00f5es para o Pr\u00eamio Firjan de Sustentabilidade 2023 - O Itaperunense","og_description":"Ano passado, o Porto do A\u00e7u venceu na categoria Res\u00edduos S\u00f3lidos; a Copapa, de Santo Ant\u00f4nio de P\u00e1dua, tamb\u00e9m j\u00e1 venceu o pr\u00eamio Est\u00e3o abertas at\u00e9 a sexta-feira, dia 21 de julho, as inscri\u00e7\u00f5es gratuitas para o Pr\u00eamio Firjan de Sustentabilidade 2023. \u201cA inten\u00e7\u00e3o da Firjan \u00e9 reconhecer as a\u00e7\u00f5es bem-sucedidas desenvolvidas pelas empresas e [&hellip;]","og_url":"https:\/\/www.oitaperunense.com.br\/site\/inscricoes-para-o-premio-firjan-de-sustentabilidade-2023\/","og_site_name":"O Itaperunense","article_publisher":"https:\/\/www.facebook.com\/jornaloitaperunense","article_published_time":"2023-07-10T13:00:41+00:00","og_image":[{"width":700,"height":525,"url":"https:\/\/www.oitaperunense.com.br\/site\/wp-content\/uploads\/2023\/07\/sau6.jpg","type":"image\/jpeg"}],"author":"Andr\u00e9","twitter_card":"summary_large_image","twitter_misc":{"Escrito por":"Andr\u00e9","Est. tempo de leitura":"2 minutos"},"schema":{"@context":"https:\/\/schema.org","@graph":[{"@type":"WebPage","@id":"https:\/\/www.oitaperunense.com.br\/site\/inscricoes-para-o-premio-firjan-de-sustentabilidade-2023\/","url":"https:\/\/www.oitaperunense.com.br\/site\/inscricoes-para-o-premio-firjan-de-sustentabilidade-2023\/","name":"Inscri\u00e7\u00f5es para o Pr\u00eamio Firjan de Sustentabilidade 2023 - O Itaperunense","isPartOf":{"@id":"https:\/\/www.oitaperunense.com.br\/site\/#website"},"datePublished":"2023-07-10T13:00:41+00:00","dateModified":"2023-07-10T13:00:41+00:00","author":{"@id":"https:\/\/www.oitaperunense.com.br\/site\/#\/schema\/person\/4a5b86c112157bc0a4492f4fd6b7939f"},"breadcrumb":{"@id":"https:\/\/www.oitaperunense.com.br\/site\/inscricoes-para-o-premio-firjan-de-sustentabilidade-2023\/#breadcrumb"},"inLanguage":"pt-BR","potentialAction":[{"@type":"ReadAction","target":["https:\/\/www.oitaperunense.com.br\/site\/inscricoes-para-o-premio-firjan-de-sustentabilidade-2023\/"]}]},{"@type":"BreadcrumbList","@id":"https:\/\/www.oitaperunense.com.br\/site\/inscricoes-para-o-premio-firjan-de-sustentabilidade-2023\/#breadcrumb","itemListElement":[{"@type":"ListItem","position":1,"name":"Home","item":"https:\/\/www.oitaperunense.com.br\/site\/"},{"@type":"ListItem","position":2,"name":"Inscri\u00e7\u00f5es para o Pr\u00eamio Firjan de Sustentabilidade 2023"}]},{"@type":"WebSite","@id":"https:\/\/www.oitaperunense.com.br\/site\/#website","url":"https:\/\/www.oitaperunense.com.br\/site\/","name":"O Itaperunense","description":"","potentialAction":[{"@type":"SearchAction","target":{"@type":"EntryPoint","urlTemplate":"https:\/\/www.oitaperunense.com.br\/site\/?s={search_term_string}"},"query-input":"required name=search_term_string"}],"inLanguage":"pt-BR"},{"@type":"Person","@id":"https:\/\/www.oitaperunense.com.br\/site\/#\/schema\/person\/4a5b86c112157bc0a4492f4fd6b7939f","name":"Andr\u00e9","image":{"@type":"ImageObject","inLanguage":"pt-BR","@id":"https:\/\/www.oitaperunense.com.br\/site\/#\/schema\/person\/image\/","url":"https:\/\/secure.gravatar.com\/avatar\/7a7a912ec2c8cd6a390040b03329ee7a71bbd5f81ac3557b6a68208f263fc97b?s=96&d=mm&r=g","contentUrl":"https:\/\/secure.gravatar.com\/avatar\/7a7a912ec2c8cd6a390040b03329ee7a71bbd5f81ac3557b6a68208f263fc97b?s=96&d=mm&r=g","caption":"Andr\u00e9"},"url":"https:\/\/www.oitaperunense.com.br\/site\/author\/andre\/"}]}},"cc_featured_image_caption":{"caption_text":"","source_text":"","source_url":""},"_links":{"self":[{"href":"https:\/\/www.oitaperunense.com.br\/site\/wp-json\/wp\/v2\/posts\/392602","targetHints":{"allow":["GET"]}}],"collection":[{"href":"https:\/\/www.oitaperunense.com.br\/site\/wp-json\/wp\/v2\/posts"}],"about":[{"href":"https:\/\/www.oitaperunense.com.br\/site\/wp-json\/wp\/v2\/types\/post"}],"author":[{"embeddable":true,"href":"https:\/\/www.oitaperunense.com.br\/site\/wp-json\/wp\/v2\/users\/19"}],"replies":[{"embeddable":true,"href":"https:\/\/www.oitaperunense.com.br\/site\/wp-json\/wp\/v2\/comments?post=392602"}],"version-history":[{"count":1,"href":"https:\/\/www.oitaperunense.com.br\/site\/wp-json\/wp\/v2\/posts\/392602\/revisions"}],"predecessor-version":[{"id":392604,"href":"https:\/\/www.oitaperunense.com.br\/site\/wp-json\/wp\/v2\/posts\/392602\/revisions\/392604"}],"wp:featuredmedia":[{"embeddable":true,"href":"https:\/\/www.oitaperunense.com.br\/site\/wp-json\/wp\/v2\/media\/392603"}],"wp:attachment":[{"href":"https:\/\/www.oitaperunense.com.br\/site\/wp-json\/wp\/v2\/media?parent=392602"}],"wp:term":[{"taxonomy":"category","embeddable":true,"href":"https:\/\/www.oitaperunense.com.br\/site\/wp-json\/wp\/v2\/categories?post=392602"},{"taxonomy":"post_tag","embeddable":true,"href":"https:\/\/www.oitaperunense.com.br\/site\/wp-json\/wp\/v2\/tags?post=392602"}],"curies":[{"name":"wp","href":"https:\/\/api.w.org\/{rel}","templated":true}]}}