{"id":392592,"date":"2023-07-10T08:54:38","date_gmt":"2023-07-10T11:54:38","guid":{"rendered":"https:\/\/www.oitaperunense.com.br\/site\/?p=392592"},"modified":"2023-07-10T08:55:04","modified_gmt":"2023-07-10T11:55:04","slug":"secretaria-de-saude-de-itaperuna-promove-acao-sobre-acidentes-domesticos-e-saude-mental","status":"publish","type":"post","link":"https:\/\/www.oitaperunense.com.br\/site\/secretaria-de-saude-de-itaperuna-promove-acao-sobre-acidentes-domesticos-e-saude-mental\/","title":{"rendered":"Secretaria de Sa\u00fade de Itaperuna promove a\u00e7\u00e3o sobre acidentes dom\u00e9sticos e sa\u00fade mental"},"content":{"rendered":"<p class=\"yiv3279899393MsoNormal\" style=\"text-align: center;\"><strong>Entre as atividades propostas naquela unidade, a\u00e7\u00f5es informativas e educativas sobre acidentes dom\u00e9sticos e sa\u00fade mental<\/strong><\/p>\n<p class=\"yiv3279899393MsoNormal\" style=\"text-align: justify;\">A Secretaria Municipal de Sa\u00fade vem realizando uma s\u00e9rie de a\u00e7\u00f5es nas UBS (Unidade B\u00e1sica de Sa\u00fade), em bairros e distritos. Na \u00faltima semana, a equipe do Programa Sa\u00fade do Trabalhador (PST), com o apoio de membros do Centro de Refer\u00eancia em Sa\u00fade do Trabalhador do Noroeste Fluminense (CEREST-No) promoveram importante a\u00e7\u00e3o na UBS S\u00e3o Manuel.<\/p>\n<p><!--more--><\/p>\n<p class=\"yiv3279899393MsoNormal\" style=\"text-align: justify;\">Na oportunidade foram mencionados alguns importantes cuidados, a fim de evitar acidentes dom\u00e9sticos, como por exemplo, manter a casa organizada e livre de obst\u00e1culos, pois, uma das principais causas de acidentes dom\u00e9sticos \u00e9 a presen\u00e7a de objetos no ch\u00e3o ou obst\u00e1culos que podem causar trope\u00e7os, ou at\u00e9 mesmo quedas.<\/p>\n<p><img loading=\"lazy\" decoding=\"async\" class=\"alignnone size-full wp-image-392594 aligncenter\" src=\"https:\/\/www.oitaperunense.com.br\/site\/wp-content\/uploads\/2023\/07\/SAU2.jpg\" alt=\"\" width=\"700\" height=\"394\" srcset=\"https:\/\/www.oitaperunense.com.br\/site\/wp-content\/uploads\/2023\/07\/SAU2.jpg 700w, https:\/\/www.oitaperunense.com.br\/site\/wp-content\/uploads\/2023\/07\/SAU2-300x169.jpg 300w\" sizes=\"auto, (max-width: 700px) 100vw, 700px\" \/><\/p>\n<p class=\"yiv3279899393MsoNormal\" style=\"text-align: justify;\">\u00c9 importante verificar se corredores ou \u00e1reas de circula\u00e7\u00e3o est\u00e3o livres de brinquedos, cal\u00e7ados soltos, cabos el\u00e9tricos e outros itens que possam representar um risco de trope\u00e7o. Tamb\u00e9m vale lembrar que \u00e9 muito importante garantir que m\u00f3veis e prateleiras sejam firmes e seguros para evitar quedas.<\/p>\n<p><img loading=\"lazy\" decoding=\"async\" class=\"alignnone size-full wp-image-392595 aligncenter\" src=\"https:\/\/www.oitaperunense.com.br\/site\/wp-content\/uploads\/2023\/07\/SAU3.jpg\" alt=\"\" width=\"700\" height=\"394\" srcset=\"https:\/\/www.oitaperunense.com.br\/site\/wp-content\/uploads\/2023\/07\/SAU3.jpg 700w, https:\/\/www.oitaperunense.com.br\/site\/wp-content\/uploads\/2023\/07\/SAU3-300x169.jpg 300w\" sizes=\"auto, (max-width: 700px) 100vw, 700px\" \/><\/p>\n<p class=\"yiv3279899393MsoNormal\" style=\"text-align: justify;\">J\u00e1 em rela\u00e7\u00e3o \u00e0 sa\u00fade mental, \u00e9 necess\u00e1rio priorizar o autocuidado, por isso, uma importante dica \u00e9 reservar um tempo regularmente para cuidar de si. Pratique atividades relaxantes, como medita\u00e7\u00e3o, exerc\u00edcios f\u00edsicos, hobbies ou qualquer outra coisa que lhe traga prazer e bem-estar. Cuidar da alimenta\u00e7\u00e3o e dormir o suficiente, tamb\u00e9m s\u00e3o dicas importantes.<\/p>\n<p><img loading=\"lazy\" decoding=\"async\" class=\"alignnone size-full wp-image-392596 aligncenter\" src=\"https:\/\/www.oitaperunense.com.br\/site\/wp-content\/uploads\/2023\/07\/SAU4.jpg\" alt=\"\" width=\"700\" height=\"394\" srcset=\"https:\/\/www.oitaperunense.com.br\/site\/wp-content\/uploads\/2023\/07\/SAU4.jpg 700w, https:\/\/www.oitaperunense.com.br\/site\/wp-content\/uploads\/2023\/07\/SAU4-300x169.jpg 300w\" sizes=\"auto, (max-width: 700px) 100vw, 700px\" \/><\/p>\n<p class=\"yiv3279899393MsoNormal\" style=\"text-align: justify;\">Acompanhe as not\u00edcias e informa\u00e7\u00f5es sobre a Secretaria Municipal de Sa\u00fade e demais secretarias, pelas redes sociais da Prefeitura de Itaperuna!<\/p>\n<p class=\"yiv3279899393MsoNormal\" style=\"text-align: justify;\"><b><i>Com informa\u00e7\u00f5es: DECOM &#8211; Itaperuna \/RJ<\/i><\/b><\/p>\n","protected":false},"excerpt":{"rendered":"<p>Entre as atividades propostas naquela unidade, a\u00e7\u00f5es informativas e educativas sobre acidentes dom\u00e9sticos e sa\u00fade mental A Secretaria Municipal de Sa\u00fade vem realizando uma s\u00e9rie de a\u00e7\u00f5es nas UBS (Unidade B\u00e1sica de Sa\u00fade), em bairros e distritos. Na \u00faltima semana, a equipe do Programa Sa\u00fade do Trabalhador (PST), com o apoio de membros do Centro [&hellip;]<\/p>\n","protected":false},"author":19,"featured_media":392593,"comment_status":"open","ping_status":"closed","sticky":false,"template":"","format":"standard","meta":{"ngg_post_thumbnail":0,"footnotes":""},"categories":[113],"tags":[],"class_list":["post-392592","post","type-post","status-publish","format-standard","has-post-thumbnail","hentry","category-saude"],"yoast_head":"<!-- This site is optimized with the Yoast SEO plugin v20.11 - https:\/\/yoast.com\/wordpress\/plugins\/seo\/ -->\n<title>Secretaria de Sa\u00fade de Itaperuna promove a\u00e7\u00e3o sobre acidentes dom\u00e9sticos e sa\u00fade mental - O Itaperunense<\/title>\n<meta name=\"robots\" content=\"index, follow, max-snippet:-1, max-image-preview:large, max-video-preview:-1\" \/>\n<link rel=\"canonical\" href=\"https:\/\/www.oitaperunense.com.br\/site\/secretaria-de-saude-de-itaperuna-promove-acao-sobre-acidentes-domesticos-e-saude-mental\/\" \/>\n<meta property=\"og:locale\" content=\"pt_BR\" \/>\n<meta property=\"og:type\" content=\"article\" \/>\n<meta property=\"og:title\" content=\"Secretaria de Sa\u00fade de Itaperuna promove a\u00e7\u00e3o sobre acidentes dom\u00e9sticos e sa\u00fade mental - O Itaperunense\" \/>\n<meta property=\"og:description\" content=\"Entre as atividades propostas naquela unidade, a\u00e7\u00f5es informativas e educativas sobre acidentes dom\u00e9sticos e sa\u00fade mental A Secretaria Municipal de Sa\u00fade vem realizando uma s\u00e9rie de a\u00e7\u00f5es nas UBS (Unidade B\u00e1sica de Sa\u00fade), em bairros e distritos. Na \u00faltima semana, a equipe do Programa Sa\u00fade do Trabalhador (PST), com o apoio de membros do Centro [&hellip;]\" \/>\n<meta property=\"og:url\" content=\"https:\/\/www.oitaperunense.com.br\/site\/secretaria-de-saude-de-itaperuna-promove-acao-sobre-acidentes-domesticos-e-saude-mental\/\" \/>\n<meta property=\"og:site_name\" content=\"O Itaperunense\" \/>\n<meta property=\"article:publisher\" content=\"https:\/\/www.facebook.com\/jornaloitaperunense\" \/>\n<meta property=\"article:published_time\" content=\"2023-07-10T11:54:38+00:00\" \/>\n<meta property=\"article:modified_time\" content=\"2023-07-10T11:55:04+00:00\" \/>\n<meta property=\"og:image\" content=\"https:\/\/www.oitaperunense.com.br\/site\/wp-content\/uploads\/2023\/07\/SAU1.jpg\" \/>\n\t<meta property=\"og:image:width\" content=\"700\" \/>\n\t<meta property=\"og:image:height\" content=\"394\" \/>\n\t<meta property=\"og:image:type\" content=\"image\/jpeg\" \/>\n<meta name=\"author\" content=\"Andr\u00e9\" \/>\n<meta name=\"twitter:card\" content=\"summary_large_image\" \/>\n<meta name=\"twitter:label1\" content=\"Escrito por\" \/>\n\t<meta name=\"twitter:data1\" content=\"Andr\u00e9\" \/>\n\t<meta name=\"twitter:label2\" content=\"Est. tempo de leitura\" \/>\n\t<meta name=\"twitter:data2\" content=\"2 minutos\" \/>\n<script type=\"application\/ld+json\" class=\"yoast-schema-graph\">{\"@context\":\"https:\/\/schema.org\",\"@graph\":[{\"@type\":\"WebPage\",\"@id\":\"https:\/\/www.oitaperunense.com.br\/site\/secretaria-de-saude-de-itaperuna-promove-acao-sobre-acidentes-domesticos-e-saude-mental\/\",\"url\":\"https:\/\/www.oitaperunense.com.br\/site\/secretaria-de-saude-de-itaperuna-promove-acao-sobre-acidentes-domesticos-e-saude-mental\/\",\"name\":\"Secretaria de Sa\u00fade de Itaperuna promove a\u00e7\u00e3o sobre acidentes dom\u00e9sticos e sa\u00fade mental - O Itaperunense\",\"isPartOf\":{\"@id\":\"https:\/\/www.oitaperunense.com.br\/site\/#website\"},\"datePublished\":\"2023-07-10T11:54:38+00:00\",\"dateModified\":\"2023-07-10T11:55:04+00:00\",\"author\":{\"@id\":\"https:\/\/www.oitaperunense.com.br\/site\/#\/schema\/person\/4a5b86c112157bc0a4492f4fd6b7939f\"},\"breadcrumb\":{\"@id\":\"https:\/\/www.oitaperunense.com.br\/site\/secretaria-de-saude-de-itaperuna-promove-acao-sobre-acidentes-domesticos-e-saude-mental\/#breadcrumb\"},\"inLanguage\":\"pt-BR\",\"potentialAction\":[{\"@type\":\"ReadAction\",\"target\":[\"https:\/\/www.oitaperunense.com.br\/site\/secretaria-de-saude-de-itaperuna-promove-acao-sobre-acidentes-domesticos-e-saude-mental\/\"]}]},{\"@type\":\"BreadcrumbList\",\"@id\":\"https:\/\/www.oitaperunense.com.br\/site\/secretaria-de-saude-de-itaperuna-promove-acao-sobre-acidentes-domesticos-e-saude-mental\/#breadcrumb\",\"itemListElement\":[{\"@type\":\"ListItem\",\"position\":1,\"name\":\"Home\",\"item\":\"https:\/\/www.oitaperunense.com.br\/site\/\"},{\"@type\":\"ListItem\",\"position\":2,\"name\":\"Secretaria de Sa\u00fade de Itaperuna promove a\u00e7\u00e3o sobre acidentes dom\u00e9sticos e sa\u00fade mental\"}]},{\"@type\":\"WebSite\",\"@id\":\"https:\/\/www.oitaperunense.com.br\/site\/#website\",\"url\":\"https:\/\/www.oitaperunense.com.br\/site\/\",\"name\":\"O Itaperunense\",\"description\":\"\",\"potentialAction\":[{\"@type\":\"SearchAction\",\"target\":{\"@type\":\"EntryPoint\",\"urlTemplate\":\"https:\/\/www.oitaperunense.com.br\/site\/?s={search_term_string}\"},\"query-input\":\"required name=search_term_string\"}],\"inLanguage\":\"pt-BR\"},{\"@type\":\"Person\",\"@id\":\"https:\/\/www.oitaperunense.com.br\/site\/#\/schema\/person\/4a5b86c112157bc0a4492f4fd6b7939f\",\"name\":\"Andr\u00e9\",\"image\":{\"@type\":\"ImageObject\",\"inLanguage\":\"pt-BR\",\"@id\":\"https:\/\/www.oitaperunense.com.br\/site\/#\/schema\/person\/image\/\",\"url\":\"https:\/\/secure.gravatar.com\/avatar\/7a7a912ec2c8cd6a390040b03329ee7a71bbd5f81ac3557b6a68208f263fc97b?s=96&d=mm&r=g\",\"contentUrl\":\"https:\/\/secure.gravatar.com\/avatar\/7a7a912ec2c8cd6a390040b03329ee7a71bbd5f81ac3557b6a68208f263fc97b?s=96&d=mm&r=g\",\"caption\":\"Andr\u00e9\"},\"url\":\"https:\/\/www.oitaperunense.com.br\/site\/author\/andre\/\"}]}<\/script>\n<!-- \/ Yoast SEO plugin. -->","yoast_head_json":{"title":"Secretaria de Sa\u00fade de Itaperuna promove a\u00e7\u00e3o sobre acidentes dom\u00e9sticos e sa\u00fade mental - O Itaperunense","robots":{"index":"index","follow":"follow","max-snippet":"max-snippet:-1","max-image-preview":"max-image-preview:large","max-video-preview":"max-video-preview:-1"},"canonical":"https:\/\/www.oitaperunense.com.br\/site\/secretaria-de-saude-de-itaperuna-promove-acao-sobre-acidentes-domesticos-e-saude-mental\/","og_locale":"pt_BR","og_type":"article","og_title":"Secretaria de Sa\u00fade de Itaperuna promove a\u00e7\u00e3o sobre acidentes dom\u00e9sticos e sa\u00fade mental - O Itaperunense","og_description":"Entre as atividades propostas naquela unidade, a\u00e7\u00f5es informativas e educativas sobre acidentes dom\u00e9sticos e sa\u00fade mental A Secretaria Municipal de Sa\u00fade vem realizando uma s\u00e9rie de a\u00e7\u00f5es nas UBS (Unidade B\u00e1sica de Sa\u00fade), em bairros e distritos. Na \u00faltima semana, a equipe do Programa Sa\u00fade do Trabalhador (PST), com o apoio de membros do Centro [&hellip;]","og_url":"https:\/\/www.oitaperunense.com.br\/site\/secretaria-de-saude-de-itaperuna-promove-acao-sobre-acidentes-domesticos-e-saude-mental\/","og_site_name":"O Itaperunense","article_publisher":"https:\/\/www.facebook.com\/jornaloitaperunense","article_published_time":"2023-07-10T11:54:38+00:00","article_modified_time":"2023-07-10T11:55:04+00:00","og_image":[{"width":700,"height":394,"url":"https:\/\/www.oitaperunense.com.br\/site\/wp-content\/uploads\/2023\/07\/SAU1.jpg","type":"image\/jpeg"}],"author":"Andr\u00e9","twitter_card":"summary_large_image","twitter_misc":{"Escrito por":"Andr\u00e9","Est. tempo de leitura":"2 minutos"},"schema":{"@context":"https:\/\/schema.org","@graph":[{"@type":"WebPage","@id":"https:\/\/www.oitaperunense.com.br\/site\/secretaria-de-saude-de-itaperuna-promove-acao-sobre-acidentes-domesticos-e-saude-mental\/","url":"https:\/\/www.oitaperunense.com.br\/site\/secretaria-de-saude-de-itaperuna-promove-acao-sobre-acidentes-domesticos-e-saude-mental\/","name":"Secretaria de Sa\u00fade de Itaperuna promove a\u00e7\u00e3o sobre acidentes dom\u00e9sticos e sa\u00fade mental - O Itaperunense","isPartOf":{"@id":"https:\/\/www.oitaperunense.com.br\/site\/#website"},"datePublished":"2023-07-10T11:54:38+00:00","dateModified":"2023-07-10T11:55:04+00:00","author":{"@id":"https:\/\/www.oitaperunense.com.br\/site\/#\/schema\/person\/4a5b86c112157bc0a4492f4fd6b7939f"},"breadcrumb":{"@id":"https:\/\/www.oitaperunense.com.br\/site\/secretaria-de-saude-de-itaperuna-promove-acao-sobre-acidentes-domesticos-e-saude-mental\/#breadcrumb"},"inLanguage":"pt-BR","potentialAction":[{"@type":"ReadAction","target":["https:\/\/www.oitaperunense.com.br\/site\/secretaria-de-saude-de-itaperuna-promove-acao-sobre-acidentes-domesticos-e-saude-mental\/"]}]},{"@type":"BreadcrumbList","@id":"https:\/\/www.oitaperunense.com.br\/site\/secretaria-de-saude-de-itaperuna-promove-acao-sobre-acidentes-domesticos-e-saude-mental\/#breadcrumb","itemListElement":[{"@type":"ListItem","position":1,"name":"Home","item":"https:\/\/www.oitaperunense.com.br\/site\/"},{"@type":"ListItem","position":2,"name":"Secretaria de Sa\u00fade de Itaperuna promove a\u00e7\u00e3o sobre acidentes dom\u00e9sticos e sa\u00fade mental"}]},{"@type":"WebSite","@id":"https:\/\/www.oitaperunense.com.br\/site\/#website","url":"https:\/\/www.oitaperunense.com.br\/site\/","name":"O Itaperunense","description":"","potentialAction":[{"@type":"SearchAction","target":{"@type":"EntryPoint","urlTemplate":"https:\/\/www.oitaperunense.com.br\/site\/?s={search_term_string}"},"query-input":"required name=search_term_string"}],"inLanguage":"pt-BR"},{"@type":"Person","@id":"https:\/\/www.oitaperunense.com.br\/site\/#\/schema\/person\/4a5b86c112157bc0a4492f4fd6b7939f","name":"Andr\u00e9","image":{"@type":"ImageObject","inLanguage":"pt-BR","@id":"https:\/\/www.oitaperunense.com.br\/site\/#\/schema\/person\/image\/","url":"https:\/\/secure.gravatar.com\/avatar\/7a7a912ec2c8cd6a390040b03329ee7a71bbd5f81ac3557b6a68208f263fc97b?s=96&d=mm&r=g","contentUrl":"https:\/\/secure.gravatar.com\/avatar\/7a7a912ec2c8cd6a390040b03329ee7a71bbd5f81ac3557b6a68208f263fc97b?s=96&d=mm&r=g","caption":"Andr\u00e9"},"url":"https:\/\/www.oitaperunense.com.br\/site\/author\/andre\/"}]}},"cc_featured_image_caption":{"caption_text":"","source_text":"","source_url":""},"_links":{"self":[{"href":"https:\/\/www.oitaperunense.com.br\/site\/wp-json\/wp\/v2\/posts\/392592","targetHints":{"allow":["GET"]}}],"collection":[{"href":"https:\/\/www.oitaperunense.com.br\/site\/wp-json\/wp\/v2\/posts"}],"about":[{"href":"https:\/\/www.oitaperunense.com.br\/site\/wp-json\/wp\/v2\/types\/post"}],"author":[{"embeddable":true,"href":"https:\/\/www.oitaperunense.com.br\/site\/wp-json\/wp\/v2\/users\/19"}],"replies":[{"embeddable":true,"href":"https:\/\/www.oitaperunense.com.br\/site\/wp-json\/wp\/v2\/comments?post=392592"}],"version-history":[{"count":2,"href":"https:\/\/www.oitaperunense.com.br\/site\/wp-json\/wp\/v2\/posts\/392592\/revisions"}],"predecessor-version":[{"id":392598,"href":"https:\/\/www.oitaperunense.com.br\/site\/wp-json\/wp\/v2\/posts\/392592\/revisions\/392598"}],"wp:featuredmedia":[{"embeddable":true,"href":"https:\/\/www.oitaperunense.com.br\/site\/wp-json\/wp\/v2\/media\/392593"}],"wp:attachment":[{"href":"https:\/\/www.oitaperunense.com.br\/site\/wp-json\/wp\/v2\/media?parent=392592"}],"wp:term":[{"taxonomy":"category","embeddable":true,"href":"https:\/\/www.oitaperunense.com.br\/site\/wp-json\/wp\/v2\/categories?post=392592"},{"taxonomy":"post_tag","embeddable":true,"href":"https:\/\/www.oitaperunense.com.br\/site\/wp-json\/wp\/v2\/tags?post=392592"}],"curies":[{"name":"wp","href":"https:\/\/api.w.org\/{rel}","templated":true}]}}