{"id":392566,"date":"2023-07-06T15:21:48","date_gmt":"2023-07-06T18:21:48","guid":{"rendered":"https:\/\/www.oitaperunense.com.br\/site\/?p=392566"},"modified":"2023-07-06T15:21:48","modified_gmt":"2023-07-06T18:21:48","slug":"migracao-do-supera-rj-para-bolsa-familia-e-discutida-em-brasilia","status":"publish","type":"post","link":"https:\/\/www.oitaperunense.com.br\/site\/migracao-do-supera-rj-para-bolsa-familia-e-discutida-em-brasilia\/","title":{"rendered":"Migra\u00e7\u00e3o do Supera RJ para Bolsa Fam\u00edlia \u00e9 discutida em Bras\u00edlia"},"content":{"rendered":"<p style=\"text-align: center;\"><strong>Deputado Andrezinho Ceciliano intermediou reuni\u00e3o entre representantes do Governo Estadual e Minist\u00e9rio de Desenvolvimento Social e Combate \u00e0 Fome<\/strong><\/p>\n<p style=\"text-align: justify;\">Num encontro intermediado pelo deputado estadual Andrezinho Ceciliano (PT), representantes dos governos estadual e federal tiveram uma reuni\u00e3o na quarta-feira (5), na sede do Minist\u00e9rio do Desenvolvimento Social, Fam\u00edlia e Combate a Fome, em Bras\u00edlia, para tentar encontrar uma solu\u00e7\u00e3o para as 65 mil fam\u00edlias fluminenses que deixar\u00e3o de receber os R$ 380 do Programa Supera Rio. A proposta do deputado Andrezinho \u00e9 fazer a migra\u00e7\u00e3o dessas fam\u00edlias para o Bolsa Fam\u00edlia, do Governo Federal, que tem um valor at\u00e9 superior que o Supera, de R$ 600 por fam\u00edlia, mais R$ 150 por crian\u00e7a entre zero a 6 anos e 50 para a faixa entre 7 e 18 anos .&nbsp;<\/p>\n<p><!--more--><\/p>\n<p style=\"text-align: justify;\">\u201cA gente apresentou o cadastro das pessoas que recebiam o Supera RJ para a equipe t\u00e9cnica do minist\u00e9rio. A bola agora est\u00e1 com eles, que v\u00e3o analisar tecnicamente como e se \u00e9 poss\u00edvel fazer essa migra\u00e7\u00e3o\u201d, explicou Andrezinho.&nbsp;<\/p>\n<p style=\"text-align: justify;\">Al\u00e9m do deputado, participaram da reuni\u00e3o a secret\u00e1ria estadual de Assist\u00eancia Social; Ros\u00e2ngela Gomes; o secret\u00e1rio estadual de Planejamento e Gest\u00e3o, Adilson Faria; o secret\u00e1rio executivo do Minist\u00e9rio do Desenvolvimento Social, Osmar Gomes; a secret\u00e1ria nacional de Renda de Cidadania, Eliane Aquino, e a secret\u00e1ria da Avalia\u00e7\u00e3o, Gest\u00e3o e Informa\u00e7\u00e3o do Cadastro \u00danico, Leth\u00edcia Bartholdo.&nbsp;&nbsp;<\/p>\n<p style=\"text-align: justify;\"><strong>HIST\u00d3RICO&nbsp;<\/strong><\/p>\n<p style=\"text-align: justify;\">O programa Supera RJ foi criado pela Lei 9.191\/21, de autoria do ex-deputado estadual Andr\u00e9 Ceciliano, atualmente secret\u00e1rio especial de Assuntos Federativos. O programa concedeu um aux\u00edlio emergencial para as fam\u00edlias impactadas pela pandemia de covid-19 e estava previsto para durar at\u00e9 31 de dezembro de 2023. Entretanto, o governo do estado decidiu encerrar o programa, que beneficiava 65 mil fam\u00edlias. A Alerj consegui estender o programa por apenas dois meses.&nbsp;<\/p>\n<p style=\"text-align: justify;\">Tinha direito ao Supera RJ o respons\u00e1vel familiar que comprovasse&nbsp;renda familiar mensal per capta igual ou inferior a R$ 210,00 para poder estar inscrito no Cad\u00danico nas faixas de pobreza ou extrema pobreza. A m\u00e9dia de pagamento era de R$ 380,00 por m\u00eas por fam\u00edlia e n\u00e3o tinham direito ao benef\u00edcio quem j\u00e1 estivesse cadastrado em outros programas de renda m\u00ednima, como o Bolsa Fam\u00edlia.&nbsp;<\/p>\n<p style=\"text-align: justify;\"><strong>Foto: <\/strong>Da esquerda para a direita, quem participou da reuni\u00e3o: a secret\u00e1ria da Avalia\u00e7\u00e3o, Gest\u00e3o e Informa\u00e7\u00e3o do Cadastro \u00danico, Leth\u00edcia Bartholdo; a secret\u00e1ria estadual de Assist\u00eancia Social; Ros\u00e2ngela Gomes; o deputado Andrezinho Ceciliano; o secret\u00e1rio executivo do Minist\u00e9rio do Desenvolvimento Social, Osmar Gomes; o secret\u00e1rio estadual de Planejamento e Gest\u00e3o, Adilson Faria; a secret\u00e1ria nacional de Renda de Cidadania, Eliane Aquino&nbsp;<\/p>\n","protected":false},"excerpt":{"rendered":"<p>Deputado Andrezinho Ceciliano intermediou reuni\u00e3o entre representantes do Governo Estadual e Minist\u00e9rio de Desenvolvimento Social e Combate \u00e0 Fome Num encontro intermediado pelo deputado estadual Andrezinho Ceciliano (PT), representantes dos governos estadual e federal tiveram uma reuni\u00e3o na quarta-feira (5), na sede do Minist\u00e9rio do Desenvolvimento Social, Fam\u00edlia e Combate a Fome, em Bras\u00edlia, para [&hellip;]<\/p>\n","protected":false},"author":19,"featured_media":392568,"comment_status":"open","ping_status":"closed","sticky":false,"template":"","format":"standard","meta":{"ngg_post_thumbnail":0,"footnotes":""},"categories":[13],"tags":[],"class_list":["post-392566","post","type-post","status-publish","format-standard","has-post-thumbnail","hentry","category-politica"],"yoast_head":"<!-- This site is optimized with the Yoast SEO plugin v20.11 - https:\/\/yoast.com\/wordpress\/plugins\/seo\/ -->\n<title>Migra\u00e7\u00e3o do Supera RJ para Bolsa Fam\u00edlia \u00e9 discutida em Bras\u00edlia - O Itaperunense<\/title>\n<meta name=\"robots\" content=\"index, follow, max-snippet:-1, max-image-preview:large, max-video-preview:-1\" \/>\n<link rel=\"canonical\" href=\"https:\/\/www.oitaperunense.com.br\/site\/migracao-do-supera-rj-para-bolsa-familia-e-discutida-em-brasilia\/\" \/>\n<meta property=\"og:locale\" content=\"pt_BR\" \/>\n<meta property=\"og:type\" content=\"article\" \/>\n<meta property=\"og:title\" content=\"Migra\u00e7\u00e3o do Supera RJ para Bolsa Fam\u00edlia \u00e9 discutida em Bras\u00edlia - O Itaperunense\" \/>\n<meta property=\"og:description\" content=\"Deputado Andrezinho Ceciliano intermediou reuni\u00e3o entre representantes do Governo Estadual e Minist\u00e9rio de Desenvolvimento Social e Combate \u00e0 Fome Num encontro intermediado pelo deputado estadual Andrezinho Ceciliano (PT), representantes dos governos estadual e federal tiveram uma reuni\u00e3o na quarta-feira (5), na sede do Minist\u00e9rio do Desenvolvimento Social, Fam\u00edlia e Combate a Fome, em Bras\u00edlia, para [&hellip;]\" \/>\n<meta property=\"og:url\" content=\"https:\/\/www.oitaperunense.com.br\/site\/migracao-do-supera-rj-para-bolsa-familia-e-discutida-em-brasilia\/\" \/>\n<meta property=\"og:site_name\" content=\"O Itaperunense\" \/>\n<meta property=\"article:publisher\" content=\"https:\/\/www.facebook.com\/jornaloitaperunense\" \/>\n<meta property=\"article:published_time\" content=\"2023-07-06T18:21:48+00:00\" \/>\n<meta property=\"og:image\" content=\"https:\/\/www.oitaperunense.com.br\/site\/wp-content\/uploads\/2023\/07\/AB6.jpg\" \/>\n\t<meta property=\"og:image:width\" content=\"700\" \/>\n\t<meta property=\"og:image:height\" content=\"567\" \/>\n\t<meta property=\"og:image:type\" content=\"image\/jpeg\" \/>\n<meta name=\"author\" content=\"Andr\u00e9\" \/>\n<meta name=\"twitter:card\" content=\"summary_large_image\" \/>\n<meta name=\"twitter:label1\" content=\"Escrito por\" \/>\n\t<meta name=\"twitter:data1\" content=\"Andr\u00e9\" \/>\n\t<meta name=\"twitter:label2\" content=\"Est. tempo de leitura\" \/>\n\t<meta name=\"twitter:data2\" content=\"2 minutos\" \/>\n<script type=\"application\/ld+json\" class=\"yoast-schema-graph\">{\"@context\":\"https:\/\/schema.org\",\"@graph\":[{\"@type\":\"WebPage\",\"@id\":\"https:\/\/www.oitaperunense.com.br\/site\/migracao-do-supera-rj-para-bolsa-familia-e-discutida-em-brasilia\/\",\"url\":\"https:\/\/www.oitaperunense.com.br\/site\/migracao-do-supera-rj-para-bolsa-familia-e-discutida-em-brasilia\/\",\"name\":\"Migra\u00e7\u00e3o do Supera RJ para Bolsa Fam\u00edlia \u00e9 discutida em Bras\u00edlia - O Itaperunense\",\"isPartOf\":{\"@id\":\"https:\/\/www.oitaperunense.com.br\/site\/#website\"},\"datePublished\":\"2023-07-06T18:21:48+00:00\",\"dateModified\":\"2023-07-06T18:21:48+00:00\",\"author\":{\"@id\":\"https:\/\/www.oitaperunense.com.br\/site\/#\/schema\/person\/4a5b86c112157bc0a4492f4fd6b7939f\"},\"breadcrumb\":{\"@id\":\"https:\/\/www.oitaperunense.com.br\/site\/migracao-do-supera-rj-para-bolsa-familia-e-discutida-em-brasilia\/#breadcrumb\"},\"inLanguage\":\"pt-BR\",\"potentialAction\":[{\"@type\":\"ReadAction\",\"target\":[\"https:\/\/www.oitaperunense.com.br\/site\/migracao-do-supera-rj-para-bolsa-familia-e-discutida-em-brasilia\/\"]}]},{\"@type\":\"BreadcrumbList\",\"@id\":\"https:\/\/www.oitaperunense.com.br\/site\/migracao-do-supera-rj-para-bolsa-familia-e-discutida-em-brasilia\/#breadcrumb\",\"itemListElement\":[{\"@type\":\"ListItem\",\"position\":1,\"name\":\"Home\",\"item\":\"https:\/\/www.oitaperunense.com.br\/site\/\"},{\"@type\":\"ListItem\",\"position\":2,\"name\":\"Migra\u00e7\u00e3o do Supera RJ para Bolsa Fam\u00edlia \u00e9 discutida em Bras\u00edlia\"}]},{\"@type\":\"WebSite\",\"@id\":\"https:\/\/www.oitaperunense.com.br\/site\/#website\",\"url\":\"https:\/\/www.oitaperunense.com.br\/site\/\",\"name\":\"O Itaperunense\",\"description\":\"\",\"potentialAction\":[{\"@type\":\"SearchAction\",\"target\":{\"@type\":\"EntryPoint\",\"urlTemplate\":\"https:\/\/www.oitaperunense.com.br\/site\/?s={search_term_string}\"},\"query-input\":\"required name=search_term_string\"}],\"inLanguage\":\"pt-BR\"},{\"@type\":\"Person\",\"@id\":\"https:\/\/www.oitaperunense.com.br\/site\/#\/schema\/person\/4a5b86c112157bc0a4492f4fd6b7939f\",\"name\":\"Andr\u00e9\",\"image\":{\"@type\":\"ImageObject\",\"inLanguage\":\"pt-BR\",\"@id\":\"https:\/\/www.oitaperunense.com.br\/site\/#\/schema\/person\/image\/\",\"url\":\"https:\/\/secure.gravatar.com\/avatar\/7a7a912ec2c8cd6a390040b03329ee7a71bbd5f81ac3557b6a68208f263fc97b?s=96&d=mm&r=g\",\"contentUrl\":\"https:\/\/secure.gravatar.com\/avatar\/7a7a912ec2c8cd6a390040b03329ee7a71bbd5f81ac3557b6a68208f263fc97b?s=96&d=mm&r=g\",\"caption\":\"Andr\u00e9\"},\"url\":\"https:\/\/www.oitaperunense.com.br\/site\/author\/andre\/\"}]}<\/script>\n<!-- \/ Yoast SEO plugin. -->","yoast_head_json":{"title":"Migra\u00e7\u00e3o do Supera RJ para Bolsa Fam\u00edlia \u00e9 discutida em Bras\u00edlia - O Itaperunense","robots":{"index":"index","follow":"follow","max-snippet":"max-snippet:-1","max-image-preview":"max-image-preview:large","max-video-preview":"max-video-preview:-1"},"canonical":"https:\/\/www.oitaperunense.com.br\/site\/migracao-do-supera-rj-para-bolsa-familia-e-discutida-em-brasilia\/","og_locale":"pt_BR","og_type":"article","og_title":"Migra\u00e7\u00e3o do Supera RJ para Bolsa Fam\u00edlia \u00e9 discutida em Bras\u00edlia - O Itaperunense","og_description":"Deputado Andrezinho Ceciliano intermediou reuni\u00e3o entre representantes do Governo Estadual e Minist\u00e9rio de Desenvolvimento Social e Combate \u00e0 Fome Num encontro intermediado pelo deputado estadual Andrezinho Ceciliano (PT), representantes dos governos estadual e federal tiveram uma reuni\u00e3o na quarta-feira (5), na sede do Minist\u00e9rio do Desenvolvimento Social, Fam\u00edlia e Combate a Fome, em Bras\u00edlia, para [&hellip;]","og_url":"https:\/\/www.oitaperunense.com.br\/site\/migracao-do-supera-rj-para-bolsa-familia-e-discutida-em-brasilia\/","og_site_name":"O Itaperunense","article_publisher":"https:\/\/www.facebook.com\/jornaloitaperunense","article_published_time":"2023-07-06T18:21:48+00:00","og_image":[{"width":700,"height":567,"url":"https:\/\/www.oitaperunense.com.br\/site\/wp-content\/uploads\/2023\/07\/AB6.jpg","type":"image\/jpeg"}],"author":"Andr\u00e9","twitter_card":"summary_large_image","twitter_misc":{"Escrito por":"Andr\u00e9","Est. tempo de leitura":"2 minutos"},"schema":{"@context":"https:\/\/schema.org","@graph":[{"@type":"WebPage","@id":"https:\/\/www.oitaperunense.com.br\/site\/migracao-do-supera-rj-para-bolsa-familia-e-discutida-em-brasilia\/","url":"https:\/\/www.oitaperunense.com.br\/site\/migracao-do-supera-rj-para-bolsa-familia-e-discutida-em-brasilia\/","name":"Migra\u00e7\u00e3o do Supera RJ para Bolsa Fam\u00edlia \u00e9 discutida em Bras\u00edlia - O Itaperunense","isPartOf":{"@id":"https:\/\/www.oitaperunense.com.br\/site\/#website"},"datePublished":"2023-07-06T18:21:48+00:00","dateModified":"2023-07-06T18:21:48+00:00","author":{"@id":"https:\/\/www.oitaperunense.com.br\/site\/#\/schema\/person\/4a5b86c112157bc0a4492f4fd6b7939f"},"breadcrumb":{"@id":"https:\/\/www.oitaperunense.com.br\/site\/migracao-do-supera-rj-para-bolsa-familia-e-discutida-em-brasilia\/#breadcrumb"},"inLanguage":"pt-BR","potentialAction":[{"@type":"ReadAction","target":["https:\/\/www.oitaperunense.com.br\/site\/migracao-do-supera-rj-para-bolsa-familia-e-discutida-em-brasilia\/"]}]},{"@type":"BreadcrumbList","@id":"https:\/\/www.oitaperunense.com.br\/site\/migracao-do-supera-rj-para-bolsa-familia-e-discutida-em-brasilia\/#breadcrumb","itemListElement":[{"@type":"ListItem","position":1,"name":"Home","item":"https:\/\/www.oitaperunense.com.br\/site\/"},{"@type":"ListItem","position":2,"name":"Migra\u00e7\u00e3o do Supera RJ para Bolsa Fam\u00edlia \u00e9 discutida em Bras\u00edlia"}]},{"@type":"WebSite","@id":"https:\/\/www.oitaperunense.com.br\/site\/#website","url":"https:\/\/www.oitaperunense.com.br\/site\/","name":"O Itaperunense","description":"","potentialAction":[{"@type":"SearchAction","target":{"@type":"EntryPoint","urlTemplate":"https:\/\/www.oitaperunense.com.br\/site\/?s={search_term_string}"},"query-input":"required name=search_term_string"}],"inLanguage":"pt-BR"},{"@type":"Person","@id":"https:\/\/www.oitaperunense.com.br\/site\/#\/schema\/person\/4a5b86c112157bc0a4492f4fd6b7939f","name":"Andr\u00e9","image":{"@type":"ImageObject","inLanguage":"pt-BR","@id":"https:\/\/www.oitaperunense.com.br\/site\/#\/schema\/person\/image\/","url":"https:\/\/secure.gravatar.com\/avatar\/7a7a912ec2c8cd6a390040b03329ee7a71bbd5f81ac3557b6a68208f263fc97b?s=96&d=mm&r=g","contentUrl":"https:\/\/secure.gravatar.com\/avatar\/7a7a912ec2c8cd6a390040b03329ee7a71bbd5f81ac3557b6a68208f263fc97b?s=96&d=mm&r=g","caption":"Andr\u00e9"},"url":"https:\/\/www.oitaperunense.com.br\/site\/author\/andre\/"}]}},"cc_featured_image_caption":{"caption_text":"","source_text":"","source_url":""},"_links":{"self":[{"href":"https:\/\/www.oitaperunense.com.br\/site\/wp-json\/wp\/v2\/posts\/392566","targetHints":{"allow":["GET"]}}],"collection":[{"href":"https:\/\/www.oitaperunense.com.br\/site\/wp-json\/wp\/v2\/posts"}],"about":[{"href":"https:\/\/www.oitaperunense.com.br\/site\/wp-json\/wp\/v2\/types\/post"}],"author":[{"embeddable":true,"href":"https:\/\/www.oitaperunense.com.br\/site\/wp-json\/wp\/v2\/users\/19"}],"replies":[{"embeddable":true,"href":"https:\/\/www.oitaperunense.com.br\/site\/wp-json\/wp\/v2\/comments?post=392566"}],"version-history":[{"count":1,"href":"https:\/\/www.oitaperunense.com.br\/site\/wp-json\/wp\/v2\/posts\/392566\/revisions"}],"predecessor-version":[{"id":392569,"href":"https:\/\/www.oitaperunense.com.br\/site\/wp-json\/wp\/v2\/posts\/392566\/revisions\/392569"}],"wp:featuredmedia":[{"embeddable":true,"href":"https:\/\/www.oitaperunense.com.br\/site\/wp-json\/wp\/v2\/media\/392568"}],"wp:attachment":[{"href":"https:\/\/www.oitaperunense.com.br\/site\/wp-json\/wp\/v2\/media?parent=392566"}],"wp:term":[{"taxonomy":"category","embeddable":true,"href":"https:\/\/www.oitaperunense.com.br\/site\/wp-json\/wp\/v2\/categories?post=392566"},{"taxonomy":"post_tag","embeddable":true,"href":"https:\/\/www.oitaperunense.com.br\/site\/wp-json\/wp\/v2\/tags?post=392566"}],"curies":[{"name":"wp","href":"https:\/\/api.w.org\/{rel}","templated":true}]}}