{"id":392563,"date":"2023-07-06T10:17:24","date_gmt":"2023-07-06T13:17:24","guid":{"rendered":"https:\/\/www.oitaperunense.com.br\/site\/?p=392563"},"modified":"2023-07-06T10:17:24","modified_gmt":"2023-07-06T13:17:24","slug":"repasse-de-recursos-da-ses-rj-viabilizara-novo-centro-de-hemodialise-em-campos-dos-goytacazes","status":"publish","type":"post","link":"https:\/\/www.oitaperunense.com.br\/site\/repasse-de-recursos-da-ses-rj-viabilizara-novo-centro-de-hemodialise-em-campos-dos-goytacazes\/","title":{"rendered":"Repasse de recursos da SES-RJ viabilizar\u00e1 novo Centro de Hemodi\u00e1lise em Campos dos Goytacazes"},"content":{"rendered":"<p class=\"yiv7153850629MsoNormal\" style=\"text-align: center;\"><strong>Cl\u00ednica oferecer\u00e1 mais op\u00e7\u00f5es de atendimento a pacientes renais das regi\u00f5es Norte e&nbsp; Noroeste do Estado do Rio<\/strong><\/p>\n<p class=\"yiv7153850629MsoNormal\" style=\"text-align: justify;\">Um centro de hemodi\u00e1lise ser\u00e1 constru\u00eddo em Campos dos Goytacazes com recursos da Secretaria de Estado de Sa\u00fade (SES-RJ). De acordo com a Resolu\u00e7\u00e3o SES N\u00ba 3111,&nbsp; publicada no Di\u00e1rio Oficial no \u00faltimo dia 28 de junho, a SES far\u00e1 o aporte de R$ 15 milh\u00f5es para a implanta\u00e7\u00e3o da unidade.<\/p>\n<p class=\"yiv7153850629MsoNormal\"><!--more--><\/p>\n<p class=\"yiv7153850629MsoNormal\" style=\"text-align: justify;\">Anexo ao Hospital Geral de Guarus, no Parque Calabou\u00e7o, a unidade receber\u00e1 o nome de Cl\u00ednica Regional de Hemodi\u00e1lise Amigos do Rim Francisco Paes Filho, e contar\u00e1 com 60 cadeiras de hemodi\u00e1lise. O atendimento estar\u00e1 dispon\u00edvel em tr\u00eas turnos. Haver\u00e1 tamb\u00e9m oito leitos especiais em locais isolados para pacientes com patologias infecciosas. Assim, um paciente que tenha covid ou hepatite C, por exemplo, e precise fazer hemodi\u00e1lise, n\u00e3o ficar\u00e1 no sal\u00e3o, mas em local isolado, em leito individualizado. Haver\u00e1, ainda, quatro leitos de estabiliza\u00e7\u00e3o para pacientes que tiverem alguma intercorr\u00eancia, como queda de press\u00e3o, durante o tratamento.<\/p>\n<p class=\"yiv7153850629MsoNormal\" style=\"text-align: justify;\">A constru\u00e7\u00e3o e a gest\u00e3o da unidade ficar\u00e3o a cargo da prefeitura. O repasse financeiro no valor de R$ 15 milh\u00f5es ser\u00e1 transferido ao Fundo Municipal de Sa\u00fade em duas parcelas: a primeira, de 60% do valor total do projeto; a segunda, de 40%,&nbsp; a ser repassada ap\u00f3s a presta\u00e7\u00e3o de contas parcial, referente aos recursos do aporte inicial. Aos investimentos estaduais, se somar\u00e3o os municipais, no valor de R$ 719.387,17, totalizando R$ 15.719.387,17.<\/p>\n<p class=\"yiv7153850629MsoNormal\" style=\"text-align: justify;\">\u201cNosso objetivo \u00e9 promover a melhoria da qualidade no atendimento aos pacientes com insufici\u00eancia renal que t\u00eam indica\u00e7\u00e3o para esse tratamento. Queremos oferecer mais oportunidades de acesso ao SUS no Norte e no Noroeste do nosso estado\u201d, explica o secret\u00e1rio de Estado de Sa\u00fade, Dr.Luizinho.<\/p>\n<p class=\"yiv7153850629MsoNormal\" style=\"text-align: justify;\">Atualmente, Campos tem 45 pacientes renais inscritos no Sistema Estadual de Regula\u00e7\u00e3o (SER) \u00e0 espera de iniciar o tratamento de hemodi\u00e1lise. Com o novo centro, a expectativa \u00e9 que essa espera seja reduzida ao m\u00e1ximo.<\/p>\n<p class=\"yiv7153850629MsoNormal\" style=\"text-align: justify;\">A SES-RJ tem trabalhado para ampliar o acesso dos pacientes em hemodi\u00e1lise ao servi\u00e7o de transplante renal, com a abertura de novas vagas em hospitais para estes procedimentos.<\/p>\n<p class=\"yiv7153850629MsoNormal\" style=\"text-align: justify;\">O Estado do Rio de Janeiro tamb\u00e9m foi pioneiro no cofinanciamento dos servi\u00e7os de di\u00e1lise e est\u00e1 fazendo a complementa\u00e7\u00e3o da tabela SUS para garantir a continuidade do tratamento renal em cl\u00ednicas conveniadas.&nbsp; No ano passado, o RJ complementou a tabela SUS do Governo Federal com mais R$ 87 milh\u00f5es e este ano a complementa\u00e7\u00e3o prevista \u00e9 de R$ 110 milh\u00f5es, com a previs\u00e3o de aumento de 25% de cadeiras para o tratamento.<\/p>\n","protected":false},"excerpt":{"rendered":"<p>Cl\u00ednica oferecer\u00e1 mais op\u00e7\u00f5es de atendimento a pacientes renais das regi\u00f5es Norte e&nbsp; Noroeste do Estado do Rio Um centro de hemodi\u00e1lise ser\u00e1 constru\u00eddo em Campos dos Goytacazes com recursos da Secretaria de Estado de Sa\u00fade (SES-RJ). De acordo com a Resolu\u00e7\u00e3o SES N\u00ba 3111,&nbsp; publicada no Di\u00e1rio Oficial no \u00faltimo dia 28 de junho, [&hellip;]<\/p>\n","protected":false},"author":19,"featured_media":392564,"comment_status":"open","ping_status":"closed","sticky":false,"template":"","format":"standard","meta":{"ngg_post_thumbnail":0,"footnotes":""},"categories":[113],"tags":[],"class_list":["post-392563","post","type-post","status-publish","format-standard","has-post-thumbnail","hentry","category-saude"],"yoast_head":"<!-- This site is optimized with the Yoast SEO plugin v20.11 - https:\/\/yoast.com\/wordpress\/plugins\/seo\/ -->\n<title>Repasse de recursos da SES-RJ viabilizar\u00e1 novo Centro de Hemodi\u00e1lise em Campos dos Goytacazes - O Itaperunense<\/title>\n<meta name=\"robots\" content=\"index, follow, max-snippet:-1, max-image-preview:large, max-video-preview:-1\" \/>\n<link rel=\"canonical\" href=\"https:\/\/www.oitaperunense.com.br\/site\/repasse-de-recursos-da-ses-rj-viabilizara-novo-centro-de-hemodialise-em-campos-dos-goytacazes\/\" \/>\n<meta property=\"og:locale\" content=\"pt_BR\" \/>\n<meta property=\"og:type\" content=\"article\" \/>\n<meta property=\"og:title\" content=\"Repasse de recursos da SES-RJ viabilizar\u00e1 novo Centro de Hemodi\u00e1lise em Campos dos Goytacazes - O Itaperunense\" \/>\n<meta property=\"og:description\" content=\"Cl\u00ednica oferecer\u00e1 mais op\u00e7\u00f5es de atendimento a pacientes renais das regi\u00f5es Norte e&nbsp; Noroeste do Estado do Rio Um centro de hemodi\u00e1lise ser\u00e1 constru\u00eddo em Campos dos Goytacazes com recursos da Secretaria de Estado de Sa\u00fade (SES-RJ). De acordo com a Resolu\u00e7\u00e3o SES N\u00ba 3111,&nbsp; publicada no Di\u00e1rio Oficial no \u00faltimo dia 28 de junho, [&hellip;]\" \/>\n<meta property=\"og:url\" content=\"https:\/\/www.oitaperunense.com.br\/site\/repasse-de-recursos-da-ses-rj-viabilizara-novo-centro-de-hemodialise-em-campos-dos-goytacazes\/\" \/>\n<meta property=\"og:site_name\" content=\"O Itaperunense\" \/>\n<meta property=\"article:publisher\" content=\"https:\/\/www.facebook.com\/jornaloitaperunense\" \/>\n<meta property=\"article:published_time\" content=\"2023-07-06T13:17:24+00:00\" \/>\n<meta property=\"og:image\" content=\"https:\/\/www.oitaperunense.com.br\/site\/wp-content\/uploads\/2023\/07\/ses99.jpg\" \/>\n\t<meta property=\"og:image:width\" content=\"700\" \/>\n\t<meta property=\"og:image:height\" content=\"443\" \/>\n\t<meta property=\"og:image:type\" content=\"image\/jpeg\" \/>\n<meta name=\"author\" content=\"Andr\u00e9\" \/>\n<meta name=\"twitter:card\" content=\"summary_large_image\" \/>\n<meta name=\"twitter:label1\" content=\"Escrito por\" \/>\n\t<meta name=\"twitter:data1\" content=\"Andr\u00e9\" \/>\n\t<meta name=\"twitter:label2\" content=\"Est. tempo de leitura\" \/>\n\t<meta name=\"twitter:data2\" content=\"2 minutos\" \/>\n<script type=\"application\/ld+json\" class=\"yoast-schema-graph\">{\"@context\":\"https:\/\/schema.org\",\"@graph\":[{\"@type\":\"WebPage\",\"@id\":\"https:\/\/www.oitaperunense.com.br\/site\/repasse-de-recursos-da-ses-rj-viabilizara-novo-centro-de-hemodialise-em-campos-dos-goytacazes\/\",\"url\":\"https:\/\/www.oitaperunense.com.br\/site\/repasse-de-recursos-da-ses-rj-viabilizara-novo-centro-de-hemodialise-em-campos-dos-goytacazes\/\",\"name\":\"Repasse de recursos da SES-RJ viabilizar\u00e1 novo Centro de Hemodi\u00e1lise em Campos dos Goytacazes - O Itaperunense\",\"isPartOf\":{\"@id\":\"https:\/\/www.oitaperunense.com.br\/site\/#website\"},\"datePublished\":\"2023-07-06T13:17:24+00:00\",\"dateModified\":\"2023-07-06T13:17:24+00:00\",\"author\":{\"@id\":\"https:\/\/www.oitaperunense.com.br\/site\/#\/schema\/person\/4a5b86c112157bc0a4492f4fd6b7939f\"},\"breadcrumb\":{\"@id\":\"https:\/\/www.oitaperunense.com.br\/site\/repasse-de-recursos-da-ses-rj-viabilizara-novo-centro-de-hemodialise-em-campos-dos-goytacazes\/#breadcrumb\"},\"inLanguage\":\"pt-BR\",\"potentialAction\":[{\"@type\":\"ReadAction\",\"target\":[\"https:\/\/www.oitaperunense.com.br\/site\/repasse-de-recursos-da-ses-rj-viabilizara-novo-centro-de-hemodialise-em-campos-dos-goytacazes\/\"]}]},{\"@type\":\"BreadcrumbList\",\"@id\":\"https:\/\/www.oitaperunense.com.br\/site\/repasse-de-recursos-da-ses-rj-viabilizara-novo-centro-de-hemodialise-em-campos-dos-goytacazes\/#breadcrumb\",\"itemListElement\":[{\"@type\":\"ListItem\",\"position\":1,\"name\":\"Home\",\"item\":\"https:\/\/www.oitaperunense.com.br\/site\/\"},{\"@type\":\"ListItem\",\"position\":2,\"name\":\"Repasse de recursos da SES-RJ viabilizar\u00e1 novo Centro de Hemodi\u00e1lise em Campos dos Goytacazes\"}]},{\"@type\":\"WebSite\",\"@id\":\"https:\/\/www.oitaperunense.com.br\/site\/#website\",\"url\":\"https:\/\/www.oitaperunense.com.br\/site\/\",\"name\":\"O Itaperunense\",\"description\":\"\",\"potentialAction\":[{\"@type\":\"SearchAction\",\"target\":{\"@type\":\"EntryPoint\",\"urlTemplate\":\"https:\/\/www.oitaperunense.com.br\/site\/?s={search_term_string}\"},\"query-input\":\"required name=search_term_string\"}],\"inLanguage\":\"pt-BR\"},{\"@type\":\"Person\",\"@id\":\"https:\/\/www.oitaperunense.com.br\/site\/#\/schema\/person\/4a5b86c112157bc0a4492f4fd6b7939f\",\"name\":\"Andr\u00e9\",\"image\":{\"@type\":\"ImageObject\",\"inLanguage\":\"pt-BR\",\"@id\":\"https:\/\/www.oitaperunense.com.br\/site\/#\/schema\/person\/image\/\",\"url\":\"https:\/\/secure.gravatar.com\/avatar\/7a7a912ec2c8cd6a390040b03329ee7a71bbd5f81ac3557b6a68208f263fc97b?s=96&d=mm&r=g\",\"contentUrl\":\"https:\/\/secure.gravatar.com\/avatar\/7a7a912ec2c8cd6a390040b03329ee7a71bbd5f81ac3557b6a68208f263fc97b?s=96&d=mm&r=g\",\"caption\":\"Andr\u00e9\"},\"url\":\"https:\/\/www.oitaperunense.com.br\/site\/author\/andre\/\"}]}<\/script>\n<!-- \/ Yoast SEO plugin. -->","yoast_head_json":{"title":"Repasse de recursos da SES-RJ viabilizar\u00e1 novo Centro de Hemodi\u00e1lise em Campos dos Goytacazes - O Itaperunense","robots":{"index":"index","follow":"follow","max-snippet":"max-snippet:-1","max-image-preview":"max-image-preview:large","max-video-preview":"max-video-preview:-1"},"canonical":"https:\/\/www.oitaperunense.com.br\/site\/repasse-de-recursos-da-ses-rj-viabilizara-novo-centro-de-hemodialise-em-campos-dos-goytacazes\/","og_locale":"pt_BR","og_type":"article","og_title":"Repasse de recursos da SES-RJ viabilizar\u00e1 novo Centro de Hemodi\u00e1lise em Campos dos Goytacazes - O Itaperunense","og_description":"Cl\u00ednica oferecer\u00e1 mais op\u00e7\u00f5es de atendimento a pacientes renais das regi\u00f5es Norte e&nbsp; Noroeste do Estado do Rio Um centro de hemodi\u00e1lise ser\u00e1 constru\u00eddo em Campos dos Goytacazes com recursos da Secretaria de Estado de Sa\u00fade (SES-RJ). De acordo com a Resolu\u00e7\u00e3o SES N\u00ba 3111,&nbsp; publicada no Di\u00e1rio Oficial no \u00faltimo dia 28 de junho, [&hellip;]","og_url":"https:\/\/www.oitaperunense.com.br\/site\/repasse-de-recursos-da-ses-rj-viabilizara-novo-centro-de-hemodialise-em-campos-dos-goytacazes\/","og_site_name":"O Itaperunense","article_publisher":"https:\/\/www.facebook.com\/jornaloitaperunense","article_published_time":"2023-07-06T13:17:24+00:00","og_image":[{"width":700,"height":443,"url":"https:\/\/www.oitaperunense.com.br\/site\/wp-content\/uploads\/2023\/07\/ses99.jpg","type":"image\/jpeg"}],"author":"Andr\u00e9","twitter_card":"summary_large_image","twitter_misc":{"Escrito por":"Andr\u00e9","Est. tempo de leitura":"2 minutos"},"schema":{"@context":"https:\/\/schema.org","@graph":[{"@type":"WebPage","@id":"https:\/\/www.oitaperunense.com.br\/site\/repasse-de-recursos-da-ses-rj-viabilizara-novo-centro-de-hemodialise-em-campos-dos-goytacazes\/","url":"https:\/\/www.oitaperunense.com.br\/site\/repasse-de-recursos-da-ses-rj-viabilizara-novo-centro-de-hemodialise-em-campos-dos-goytacazes\/","name":"Repasse de recursos da SES-RJ viabilizar\u00e1 novo Centro de Hemodi\u00e1lise em Campos dos Goytacazes - O Itaperunense","isPartOf":{"@id":"https:\/\/www.oitaperunense.com.br\/site\/#website"},"datePublished":"2023-07-06T13:17:24+00:00","dateModified":"2023-07-06T13:17:24+00:00","author":{"@id":"https:\/\/www.oitaperunense.com.br\/site\/#\/schema\/person\/4a5b86c112157bc0a4492f4fd6b7939f"},"breadcrumb":{"@id":"https:\/\/www.oitaperunense.com.br\/site\/repasse-de-recursos-da-ses-rj-viabilizara-novo-centro-de-hemodialise-em-campos-dos-goytacazes\/#breadcrumb"},"inLanguage":"pt-BR","potentialAction":[{"@type":"ReadAction","target":["https:\/\/www.oitaperunense.com.br\/site\/repasse-de-recursos-da-ses-rj-viabilizara-novo-centro-de-hemodialise-em-campos-dos-goytacazes\/"]}]},{"@type":"BreadcrumbList","@id":"https:\/\/www.oitaperunense.com.br\/site\/repasse-de-recursos-da-ses-rj-viabilizara-novo-centro-de-hemodialise-em-campos-dos-goytacazes\/#breadcrumb","itemListElement":[{"@type":"ListItem","position":1,"name":"Home","item":"https:\/\/www.oitaperunense.com.br\/site\/"},{"@type":"ListItem","position":2,"name":"Repasse de recursos da SES-RJ viabilizar\u00e1 novo Centro de Hemodi\u00e1lise em Campos dos Goytacazes"}]},{"@type":"WebSite","@id":"https:\/\/www.oitaperunense.com.br\/site\/#website","url":"https:\/\/www.oitaperunense.com.br\/site\/","name":"O Itaperunense","description":"","potentialAction":[{"@type":"SearchAction","target":{"@type":"EntryPoint","urlTemplate":"https:\/\/www.oitaperunense.com.br\/site\/?s={search_term_string}"},"query-input":"required name=search_term_string"}],"inLanguage":"pt-BR"},{"@type":"Person","@id":"https:\/\/www.oitaperunense.com.br\/site\/#\/schema\/person\/4a5b86c112157bc0a4492f4fd6b7939f","name":"Andr\u00e9","image":{"@type":"ImageObject","inLanguage":"pt-BR","@id":"https:\/\/www.oitaperunense.com.br\/site\/#\/schema\/person\/image\/","url":"https:\/\/secure.gravatar.com\/avatar\/7a7a912ec2c8cd6a390040b03329ee7a71bbd5f81ac3557b6a68208f263fc97b?s=96&d=mm&r=g","contentUrl":"https:\/\/secure.gravatar.com\/avatar\/7a7a912ec2c8cd6a390040b03329ee7a71bbd5f81ac3557b6a68208f263fc97b?s=96&d=mm&r=g","caption":"Andr\u00e9"},"url":"https:\/\/www.oitaperunense.com.br\/site\/author\/andre\/"}]}},"cc_featured_image_caption":{"caption_text":"","source_text":"","source_url":""},"_links":{"self":[{"href":"https:\/\/www.oitaperunense.com.br\/site\/wp-json\/wp\/v2\/posts\/392563","targetHints":{"allow":["GET"]}}],"collection":[{"href":"https:\/\/www.oitaperunense.com.br\/site\/wp-json\/wp\/v2\/posts"}],"about":[{"href":"https:\/\/www.oitaperunense.com.br\/site\/wp-json\/wp\/v2\/types\/post"}],"author":[{"embeddable":true,"href":"https:\/\/www.oitaperunense.com.br\/site\/wp-json\/wp\/v2\/users\/19"}],"replies":[{"embeddable":true,"href":"https:\/\/www.oitaperunense.com.br\/site\/wp-json\/wp\/v2\/comments?post=392563"}],"version-history":[{"count":1,"href":"https:\/\/www.oitaperunense.com.br\/site\/wp-json\/wp\/v2\/posts\/392563\/revisions"}],"predecessor-version":[{"id":392565,"href":"https:\/\/www.oitaperunense.com.br\/site\/wp-json\/wp\/v2\/posts\/392563\/revisions\/392565"}],"wp:featuredmedia":[{"embeddable":true,"href":"https:\/\/www.oitaperunense.com.br\/site\/wp-json\/wp\/v2\/media\/392564"}],"wp:attachment":[{"href":"https:\/\/www.oitaperunense.com.br\/site\/wp-json\/wp\/v2\/media?parent=392563"}],"wp:term":[{"taxonomy":"category","embeddable":true,"href":"https:\/\/www.oitaperunense.com.br\/site\/wp-json\/wp\/v2\/categories?post=392563"},{"taxonomy":"post_tag","embeddable":true,"href":"https:\/\/www.oitaperunense.com.br\/site\/wp-json\/wp\/v2\/tags?post=392563"}],"curies":[{"name":"wp","href":"https:\/\/api.w.org\/{rel}","templated":true}]}}