{"id":392517,"date":"2023-07-03T09:36:56","date_gmt":"2023-07-03T12:36:56","guid":{"rendered":"https:\/\/www.oitaperunense.com.br\/site\/?p=392517"},"modified":"2023-07-03T17:45:57","modified_gmt":"2023-07-03T20:45:57","slug":"cidades-terao-apoio-para-acolher-pessoas-em-situacao-de-rua","status":"publish","type":"post","link":"https:\/\/www.oitaperunense.com.br\/site\/cidades-terao-apoio-para-acolher-pessoas-em-situacao-de-rua\/","title":{"rendered":"Cidades ter\u00e3o apoio para acolher pessoas em situa\u00e7\u00e3o de rua"},"content":{"rendered":"<p style=\"text-align: center;\"><strong>Recursos federais ser\u00e3o repassados a munic\u00edpios<\/strong><\/p>\n<p style=\"text-align: justify;\">O governo federal regulamentou a Opera\u00e7\u00e3o Inverno Acolhedor 2023 para atender pessoas em situa\u00e7\u00e3o de rua nas capitais das regi\u00f5es Sul e Sudeste, durante o inverno. Recursos federais ser\u00e3o repassados aos munic\u00edpios para apoio \u00e0s a\u00e7\u00f5es de amplia\u00e7\u00e3o do sistema de acolhimento, preventivas e de promo\u00e7\u00e3o dos direitos humanos. A medida foi publicada no&nbsp;<a href=\"http:\/\/www.in.gov.br\/web\/dou\/-\/portaria-n-383-de-30-de-junho-de-2023-493525084\" target=\"_blank\" rel=\"noopener\"><em>Di\u00e1rio Oficial da Uni\u00e3o<\/em><\/a> desta segunda-feira (3).<\/p>\n<p><!--more--><\/p>\n<p style=\"text-align: justify;\">Os munic\u00edpios poder\u00e3o participar do programa por meio da regulamenta\u00e7\u00e3o existente sobre transfer\u00eancias de recursos da Uni\u00e3o, mediante conv\u00eanios e contratos de repasse para novos planos de trabalho de assist\u00eancia social do poder p\u00fablico municipal, dos movimentos sociais e das entidades da sociedade civil.<\/p>\n<p style=\"text-align: justify;\">Al\u00e9m das a\u00e7\u00f5es de amplia\u00e7\u00e3o da rede de apoio, a regulamenta\u00e7\u00e3o tamb\u00e9m trata de a\u00e7\u00f5es visando a orienta\u00e7\u00e3o da popula\u00e7\u00e3o em situa\u00e7\u00e3o de rua a respeito dos cuidados de sa\u00fade, funcionamento da rede de servi\u00e7os, acesso aos direitos humanos e orienta\u00e7\u00e3o jur\u00eddica, por meio de parcerias com as Defensorias P\u00fablicas dos Estados e da Uni\u00e3o.<\/p>\n<p style=\"text-align: justify;\"><strong>Direitos<\/strong><br \/>\nA portaria estabelece ainda a Diretoria de Promo\u00e7\u00e3o dos Direitos da Popula\u00e7\u00e3o em Situa\u00e7\u00e3o de Rua como estrutura do Minist\u00e9rio dos Direitos Humanos e da Cidadania, respons\u00e1vel por monitorar a execu\u00e7\u00e3o dos planos de trabalho, coordenar e avaliar a Opera\u00e7\u00e3o Inverno Acolhedor em todo o pa\u00eds.<\/p>\n<p style=\"text-align: justify;\">Os valores que ser\u00e3o repassados aos munic\u00edpios ser\u00e3o divulgados e com presta\u00e7\u00e3o de contas tamb\u00e9m regulamentada pelos dispositivos legais que tratam das parcerias firmadas entre Uni\u00e3o e \u00f3rg\u00e3os p\u00fablicos, entidades p\u00fablicas, ou entidades privadas sem fins lucrativos.<\/p>\n<p style=\"text-align: justify;\"><strong>Edi\u00e7\u00e3o: Kleber Sampaio\/Ag\u00eancia Brasil\/Foto: Rovena Rosa\/Ag\u00eancia Brasil<\/strong><\/p>\n","protected":false},"excerpt":{"rendered":"<p>Recursos federais ser\u00e3o repassados a munic\u00edpios O governo federal regulamentou a Opera\u00e7\u00e3o Inverno Acolhedor 2023 para atender pessoas em situa\u00e7\u00e3o de rua nas capitais das regi\u00f5es Sul e Sudeste, durante o inverno. Recursos federais ser\u00e3o repassados aos munic\u00edpios para apoio \u00e0s a\u00e7\u00f5es de amplia\u00e7\u00e3o do sistema de acolhimento, preventivas e de promo\u00e7\u00e3o dos direitos humanos. [&hellip;]<\/p>\n","protected":false},"author":19,"featured_media":392518,"comment_status":"open","ping_status":"closed","sticky":false,"template":"","format":"standard","meta":{"ngg_post_thumbnail":0,"footnotes":""},"categories":[91],"tags":[],"class_list":["post-392517","post","type-post","status-publish","format-standard","has-post-thumbnail","hentry","category-geral"],"yoast_head":"<!-- This site is optimized with the Yoast SEO plugin v20.11 - https:\/\/yoast.com\/wordpress\/plugins\/seo\/ -->\n<title>Cidades ter\u00e3o apoio para acolher pessoas em situa\u00e7\u00e3o de rua - O Itaperunense<\/title>\n<meta name=\"robots\" content=\"index, follow, max-snippet:-1, max-image-preview:large, max-video-preview:-1\" \/>\n<link rel=\"canonical\" href=\"https:\/\/www.oitaperunense.com.br\/site\/cidades-terao-apoio-para-acolher-pessoas-em-situacao-de-rua\/\" \/>\n<meta property=\"og:locale\" content=\"pt_BR\" \/>\n<meta property=\"og:type\" content=\"article\" \/>\n<meta property=\"og:title\" content=\"Cidades ter\u00e3o apoio para acolher pessoas em situa\u00e7\u00e3o de rua - O Itaperunense\" \/>\n<meta property=\"og:description\" content=\"Recursos federais ser\u00e3o repassados a munic\u00edpios O governo federal regulamentou a Opera\u00e7\u00e3o Inverno Acolhedor 2023 para atender pessoas em situa\u00e7\u00e3o de rua nas capitais das regi\u00f5es Sul e Sudeste, durante o inverno. Recursos federais ser\u00e3o repassados aos munic\u00edpios para apoio \u00e0s a\u00e7\u00f5es de amplia\u00e7\u00e3o do sistema de acolhimento, preventivas e de promo\u00e7\u00e3o dos direitos humanos. [&hellip;]\" \/>\n<meta property=\"og:url\" content=\"https:\/\/www.oitaperunense.com.br\/site\/cidades-terao-apoio-para-acolher-pessoas-em-situacao-de-rua\/\" \/>\n<meta property=\"og:site_name\" content=\"O Itaperunense\" \/>\n<meta property=\"article:publisher\" content=\"https:\/\/www.facebook.com\/jornaloitaperunense\" \/>\n<meta property=\"article:published_time\" content=\"2023-07-03T12:36:56+00:00\" \/>\n<meta property=\"article:modified_time\" content=\"2023-07-03T20:45:57+00:00\" \/>\n<meta property=\"og:image\" content=\"https:\/\/www.oitaperunense.com.br\/site\/wp-content\/uploads\/2023\/07\/RIO4.jpg\" \/>\n\t<meta property=\"og:image:width\" content=\"700\" \/>\n\t<meta property=\"og:image:height\" content=\"419\" \/>\n\t<meta property=\"og:image:type\" content=\"image\/jpeg\" \/>\n<meta name=\"author\" content=\"Andr\u00e9\" \/>\n<meta name=\"twitter:card\" content=\"summary_large_image\" \/>\n<meta name=\"twitter:label1\" content=\"Escrito por\" \/>\n\t<meta name=\"twitter:data1\" content=\"Andr\u00e9\" \/>\n\t<meta name=\"twitter:label2\" content=\"Est. tempo de leitura\" \/>\n\t<meta name=\"twitter:data2\" content=\"2 minutos\" \/>\n<script type=\"application\/ld+json\" class=\"yoast-schema-graph\">{\"@context\":\"https:\/\/schema.org\",\"@graph\":[{\"@type\":\"WebPage\",\"@id\":\"https:\/\/www.oitaperunense.com.br\/site\/cidades-terao-apoio-para-acolher-pessoas-em-situacao-de-rua\/\",\"url\":\"https:\/\/www.oitaperunense.com.br\/site\/cidades-terao-apoio-para-acolher-pessoas-em-situacao-de-rua\/\",\"name\":\"Cidades ter\u00e3o apoio para acolher pessoas em situa\u00e7\u00e3o de rua - O Itaperunense\",\"isPartOf\":{\"@id\":\"https:\/\/www.oitaperunense.com.br\/site\/#website\"},\"datePublished\":\"2023-07-03T12:36:56+00:00\",\"dateModified\":\"2023-07-03T20:45:57+00:00\",\"author\":{\"@id\":\"https:\/\/www.oitaperunense.com.br\/site\/#\/schema\/person\/4a5b86c112157bc0a4492f4fd6b7939f\"},\"breadcrumb\":{\"@id\":\"https:\/\/www.oitaperunense.com.br\/site\/cidades-terao-apoio-para-acolher-pessoas-em-situacao-de-rua\/#breadcrumb\"},\"inLanguage\":\"pt-BR\",\"potentialAction\":[{\"@type\":\"ReadAction\",\"target\":[\"https:\/\/www.oitaperunense.com.br\/site\/cidades-terao-apoio-para-acolher-pessoas-em-situacao-de-rua\/\"]}]},{\"@type\":\"BreadcrumbList\",\"@id\":\"https:\/\/www.oitaperunense.com.br\/site\/cidades-terao-apoio-para-acolher-pessoas-em-situacao-de-rua\/#breadcrumb\",\"itemListElement\":[{\"@type\":\"ListItem\",\"position\":1,\"name\":\"Home\",\"item\":\"https:\/\/www.oitaperunense.com.br\/site\/\"},{\"@type\":\"ListItem\",\"position\":2,\"name\":\"Cidades ter\u00e3o apoio para acolher pessoas em situa\u00e7\u00e3o de rua\"}]},{\"@type\":\"WebSite\",\"@id\":\"https:\/\/www.oitaperunense.com.br\/site\/#website\",\"url\":\"https:\/\/www.oitaperunense.com.br\/site\/\",\"name\":\"O Itaperunense\",\"description\":\"\",\"potentialAction\":[{\"@type\":\"SearchAction\",\"target\":{\"@type\":\"EntryPoint\",\"urlTemplate\":\"https:\/\/www.oitaperunense.com.br\/site\/?s={search_term_string}\"},\"query-input\":\"required name=search_term_string\"}],\"inLanguage\":\"pt-BR\"},{\"@type\":\"Person\",\"@id\":\"https:\/\/www.oitaperunense.com.br\/site\/#\/schema\/person\/4a5b86c112157bc0a4492f4fd6b7939f\",\"name\":\"Andr\u00e9\",\"image\":{\"@type\":\"ImageObject\",\"inLanguage\":\"pt-BR\",\"@id\":\"https:\/\/www.oitaperunense.com.br\/site\/#\/schema\/person\/image\/\",\"url\":\"https:\/\/secure.gravatar.com\/avatar\/7a7a912ec2c8cd6a390040b03329ee7a71bbd5f81ac3557b6a68208f263fc97b?s=96&d=mm&r=g\",\"contentUrl\":\"https:\/\/secure.gravatar.com\/avatar\/7a7a912ec2c8cd6a390040b03329ee7a71bbd5f81ac3557b6a68208f263fc97b?s=96&d=mm&r=g\",\"caption\":\"Andr\u00e9\"},\"url\":\"https:\/\/www.oitaperunense.com.br\/site\/author\/andre\/\"}]}<\/script>\n<!-- \/ Yoast SEO plugin. -->","yoast_head_json":{"title":"Cidades ter\u00e3o apoio para acolher pessoas em situa\u00e7\u00e3o de rua - O Itaperunense","robots":{"index":"index","follow":"follow","max-snippet":"max-snippet:-1","max-image-preview":"max-image-preview:large","max-video-preview":"max-video-preview:-1"},"canonical":"https:\/\/www.oitaperunense.com.br\/site\/cidades-terao-apoio-para-acolher-pessoas-em-situacao-de-rua\/","og_locale":"pt_BR","og_type":"article","og_title":"Cidades ter\u00e3o apoio para acolher pessoas em situa\u00e7\u00e3o de rua - O Itaperunense","og_description":"Recursos federais ser\u00e3o repassados a munic\u00edpios O governo federal regulamentou a Opera\u00e7\u00e3o Inverno Acolhedor 2023 para atender pessoas em situa\u00e7\u00e3o de rua nas capitais das regi\u00f5es Sul e Sudeste, durante o inverno. Recursos federais ser\u00e3o repassados aos munic\u00edpios para apoio \u00e0s a\u00e7\u00f5es de amplia\u00e7\u00e3o do sistema de acolhimento, preventivas e de promo\u00e7\u00e3o dos direitos humanos. [&hellip;]","og_url":"https:\/\/www.oitaperunense.com.br\/site\/cidades-terao-apoio-para-acolher-pessoas-em-situacao-de-rua\/","og_site_name":"O Itaperunense","article_publisher":"https:\/\/www.facebook.com\/jornaloitaperunense","article_published_time":"2023-07-03T12:36:56+00:00","article_modified_time":"2023-07-03T20:45:57+00:00","og_image":[{"width":700,"height":419,"url":"https:\/\/www.oitaperunense.com.br\/site\/wp-content\/uploads\/2023\/07\/RIO4.jpg","type":"image\/jpeg"}],"author":"Andr\u00e9","twitter_card":"summary_large_image","twitter_misc":{"Escrito por":"Andr\u00e9","Est. tempo de leitura":"2 minutos"},"schema":{"@context":"https:\/\/schema.org","@graph":[{"@type":"WebPage","@id":"https:\/\/www.oitaperunense.com.br\/site\/cidades-terao-apoio-para-acolher-pessoas-em-situacao-de-rua\/","url":"https:\/\/www.oitaperunense.com.br\/site\/cidades-terao-apoio-para-acolher-pessoas-em-situacao-de-rua\/","name":"Cidades ter\u00e3o apoio para acolher pessoas em situa\u00e7\u00e3o de rua - O Itaperunense","isPartOf":{"@id":"https:\/\/www.oitaperunense.com.br\/site\/#website"},"datePublished":"2023-07-03T12:36:56+00:00","dateModified":"2023-07-03T20:45:57+00:00","author":{"@id":"https:\/\/www.oitaperunense.com.br\/site\/#\/schema\/person\/4a5b86c112157bc0a4492f4fd6b7939f"},"breadcrumb":{"@id":"https:\/\/www.oitaperunense.com.br\/site\/cidades-terao-apoio-para-acolher-pessoas-em-situacao-de-rua\/#breadcrumb"},"inLanguage":"pt-BR","potentialAction":[{"@type":"ReadAction","target":["https:\/\/www.oitaperunense.com.br\/site\/cidades-terao-apoio-para-acolher-pessoas-em-situacao-de-rua\/"]}]},{"@type":"BreadcrumbList","@id":"https:\/\/www.oitaperunense.com.br\/site\/cidades-terao-apoio-para-acolher-pessoas-em-situacao-de-rua\/#breadcrumb","itemListElement":[{"@type":"ListItem","position":1,"name":"Home","item":"https:\/\/www.oitaperunense.com.br\/site\/"},{"@type":"ListItem","position":2,"name":"Cidades ter\u00e3o apoio para acolher pessoas em situa\u00e7\u00e3o de rua"}]},{"@type":"WebSite","@id":"https:\/\/www.oitaperunense.com.br\/site\/#website","url":"https:\/\/www.oitaperunense.com.br\/site\/","name":"O Itaperunense","description":"","potentialAction":[{"@type":"SearchAction","target":{"@type":"EntryPoint","urlTemplate":"https:\/\/www.oitaperunense.com.br\/site\/?s={search_term_string}"},"query-input":"required name=search_term_string"}],"inLanguage":"pt-BR"},{"@type":"Person","@id":"https:\/\/www.oitaperunense.com.br\/site\/#\/schema\/person\/4a5b86c112157bc0a4492f4fd6b7939f","name":"Andr\u00e9","image":{"@type":"ImageObject","inLanguage":"pt-BR","@id":"https:\/\/www.oitaperunense.com.br\/site\/#\/schema\/person\/image\/","url":"https:\/\/secure.gravatar.com\/avatar\/7a7a912ec2c8cd6a390040b03329ee7a71bbd5f81ac3557b6a68208f263fc97b?s=96&d=mm&r=g","contentUrl":"https:\/\/secure.gravatar.com\/avatar\/7a7a912ec2c8cd6a390040b03329ee7a71bbd5f81ac3557b6a68208f263fc97b?s=96&d=mm&r=g","caption":"Andr\u00e9"},"url":"https:\/\/www.oitaperunense.com.br\/site\/author\/andre\/"}]}},"cc_featured_image_caption":{"caption_text":"","source_text":"","source_url":""},"_links":{"self":[{"href":"https:\/\/www.oitaperunense.com.br\/site\/wp-json\/wp\/v2\/posts\/392517","targetHints":{"allow":["GET"]}}],"collection":[{"href":"https:\/\/www.oitaperunense.com.br\/site\/wp-json\/wp\/v2\/posts"}],"about":[{"href":"https:\/\/www.oitaperunense.com.br\/site\/wp-json\/wp\/v2\/types\/post"}],"author":[{"embeddable":true,"href":"https:\/\/www.oitaperunense.com.br\/site\/wp-json\/wp\/v2\/users\/19"}],"replies":[{"embeddable":true,"href":"https:\/\/www.oitaperunense.com.br\/site\/wp-json\/wp\/v2\/comments?post=392517"}],"version-history":[{"count":3,"href":"https:\/\/www.oitaperunense.com.br\/site\/wp-json\/wp\/v2\/posts\/392517\/revisions"}],"predecessor-version":[{"id":392524,"href":"https:\/\/www.oitaperunense.com.br\/site\/wp-json\/wp\/v2\/posts\/392517\/revisions\/392524"}],"wp:featuredmedia":[{"embeddable":true,"href":"https:\/\/www.oitaperunense.com.br\/site\/wp-json\/wp\/v2\/media\/392518"}],"wp:attachment":[{"href":"https:\/\/www.oitaperunense.com.br\/site\/wp-json\/wp\/v2\/media?parent=392517"}],"wp:term":[{"taxonomy":"category","embeddable":true,"href":"https:\/\/www.oitaperunense.com.br\/site\/wp-json\/wp\/v2\/categories?post=392517"},{"taxonomy":"post_tag","embeddable":true,"href":"https:\/\/www.oitaperunense.com.br\/site\/wp-json\/wp\/v2\/tags?post=392517"}],"curies":[{"name":"wp","href":"https:\/\/api.w.org\/{rel}","templated":true}]}}