{"id":392440,"date":"2023-06-22T16:15:45","date_gmt":"2023-06-22T19:15:45","guid":{"rendered":"https:\/\/www.oitaperunense.com.br\/site\/?p=392440"},"modified":"2023-06-22T16:16:37","modified_gmt":"2023-06-22T19:16:37","slug":"mprj-denuncia-dois-secretarios-municipais-e-outras-12-pessoas-envolvidas-em-esquema-criminoso-de-desvio-de-verbas-publicas","status":"publish","type":"post","link":"https:\/\/www.oitaperunense.com.br\/site\/mprj-denuncia-dois-secretarios-municipais-e-outras-12-pessoas-envolvidas-em-esquema-criminoso-de-desvio-de-verbas-publicas\/","title":{"rendered":"MPRJ denuncia dois secret\u00e1rios municipais e outras 12 pessoas envolvidas em esquema criminoso de desvio de verbas p\u00fablicas"},"content":{"rendered":"<p style=\"text-align: center;\"><strong>De acordo com a den\u00fancia, a organiza\u00e7\u00e3o criminosa atuava nos munic\u00edpios de Belford Roxo, S\u00e3o Jo\u00e3o de Meriti, Nil\u00f3polis e Nova Igua\u00e7u<\/strong><\/p>\n<p style=\"text-align: justify;\">O Minist\u00e9rio P\u00fablico do Estado do Rio de Janeiro (MPRJ), por meio da 2\u00aa Promotoria de Justi\u00e7a de Investiga\u00e7\u00e3o Penal Especializada dos N\u00facleos Duque de Caxias e Nova Igua\u00e7u, denunciou 14 pessoas, entre elas os secret\u00e1rios municipais de Obras de Belford Roxo e de Nil\u00f3polis, respectivamente Odair da Cunha Almeida e Fl\u00e1vio Vergueiro, envolvidas em esquema criminoso de desvio de verbas p\u00fablicas atrav\u00e9s de fraudes em licita\u00e7\u00f5es. Nesta quinta-feira (22), a Pol\u00edcia Civil realizou opera\u00e7\u00e3o para cumprir dois mandados de pris\u00e3o e dez de busca e apreens\u00e3o contra os acusados. Os denunciados Alexandre Milleli e Nilton Cleber est\u00e3o foragidos da Justi\u00e7a.<\/p>\n<p><!--more--><\/p>\n<p style=\"text-align: justify;\">De acordo com a den\u00fancia, a organiza\u00e7\u00e3o criminosa atuava nos munic\u00edpios de S\u00e3o Jo\u00e3o de Meriti, Nil\u00f3polis, Nova Igua\u00e7u e Belford Roxo, obtendo vantagem mediante a pr\u00e1tica de crimes como forma\u00e7\u00e3o de cartel, corrup\u00e7\u00e3o, crimes licitat\u00f3rios, entre outros. Com ajuda de funcion\u00e1rios da administra\u00e7\u00e3o p\u00fablica, os delitos eram praticados com o conluio de empresas que participavam das licita\u00e7\u00f5es apenas para dar o aparente car\u00e1ter competitivo do certame. Depois de contratadas, ainda eram beneficiadas com aditivos contratuais.<\/p>\n<p style=\"text-align: justify;\">A Justi\u00e7a decretou a pris\u00e3o de Alexandre Milleli Rodrigues, apontado como o l\u00edder da organiza\u00e7\u00e3o criminosa, sendo administrador e s\u00f3cio de diversas empresas, e do empres\u00e1rio Nilton Cleber da Silva Barbosa Junior. &#8220;Chama a aten\u00e7\u00e3o os tent\u00e1culos espalhados por diversos Munic\u00edpios da Baixada Fluminense, com ind\u00edcios de fraude \u00e0 licita\u00e7\u00e3o, com a circula\u00e7\u00e3o de robusto valor portado em dinheiro de contato, o que indicia ilicitude. N\u00e3o \u00e9 tudo, \u00e9 evidente que soltos encontrar\u00e3o os mesmos est\u00edmulos para al\u00e9m de utilizarem empresas outras em voracidade incessante. Apenas nestes autos h\u00e1 dezena de obras, com valores elevados em v\u00e1rios Munic\u00edpios, apontando-se a estrutura\u00e7\u00e3o criminosa com sangramento de dinheiro p\u00fablico, o que urge ser estancada&#8221;, diz trecho da decis\u00e3o.<\/p>\n<p style=\"text-align: justify;\">Ainda segundo o MPRJ, os empres\u00e1rios atuavam em conjunto com servidores dos munic\u00edpios que viabilizavam os processos fraudulentos, entre eles os secret\u00e1rios Odair e Fl\u00e1vio, al\u00e9m de Jeronimo Ramos, Quissila Rozaes, Agrinaldo Rigaard, Suelen de Medeiros. Al\u00e9m de responderem pelos crimes, o Ju\u00edzo da Vara Especializada da Comarca da Capital determinou o afastamento das fun\u00e7\u00f5es p\u00fablicas dos denunciados.<\/p>\n<p style=\"text-align: justify;\">A den\u00fancia oferecida pelo MPRJ \u00e9 o resultado da primeira fase de investiga\u00e7\u00f5es sobre o caso. Um Procedimento Investigat\u00f3rio Criminal foi instaurado pela promotoria para apurar o crime de forma\u00e7\u00e3o de cartel, al\u00e9m de outras fraudes licitat\u00f3rios praticadas pelo grupo. As apreens\u00f5es realizadas hoje ir\u00e3o auxiliar com maiores evid\u00eancias das pr\u00e1ticas criminosas.<\/p>\n<p style=\"text-align: justify;\"><strong><em>Por MPRJ<\/em><\/strong><\/p>\n","protected":false},"excerpt":{"rendered":"<p>De acordo com a den\u00fancia, a organiza\u00e7\u00e3o criminosa atuava nos munic\u00edpios de Belford Roxo, S\u00e3o Jo\u00e3o de Meriti, Nil\u00f3polis e Nova Igua\u00e7u O Minist\u00e9rio P\u00fablico do Estado do Rio de Janeiro (MPRJ), por meio da 2\u00aa Promotoria de Justi\u00e7a de Investiga\u00e7\u00e3o Penal Especializada dos N\u00facleos Duque de Caxias e Nova Igua\u00e7u, denunciou 14 pessoas, entre [&hellip;]<\/p>\n","protected":false},"author":19,"featured_media":392441,"comment_status":"open","ping_status":"closed","sticky":false,"template":"","format":"standard","meta":{"ngg_post_thumbnail":0,"footnotes":""},"categories":[91],"tags":[],"class_list":["post-392440","post","type-post","status-publish","format-standard","has-post-thumbnail","hentry","category-geral"],"yoast_head":"<!-- This site is optimized with the Yoast SEO plugin v20.11 - https:\/\/yoast.com\/wordpress\/plugins\/seo\/ -->\n<title>MPRJ denuncia dois secret\u00e1rios municipais e outras 12 pessoas envolvidas em esquema criminoso de desvio de verbas p\u00fablicas - O Itaperunense<\/title>\n<meta name=\"robots\" content=\"index, follow, max-snippet:-1, max-image-preview:large, max-video-preview:-1\" \/>\n<link rel=\"canonical\" href=\"https:\/\/www.oitaperunense.com.br\/site\/mprj-denuncia-dois-secretarios-municipais-e-outras-12-pessoas-envolvidas-em-esquema-criminoso-de-desvio-de-verbas-publicas\/\" \/>\n<meta property=\"og:locale\" content=\"pt_BR\" \/>\n<meta property=\"og:type\" content=\"article\" \/>\n<meta property=\"og:title\" content=\"MPRJ denuncia dois secret\u00e1rios municipais e outras 12 pessoas envolvidas em esquema criminoso de desvio de verbas p\u00fablicas - O Itaperunense\" \/>\n<meta property=\"og:description\" content=\"De acordo com a den\u00fancia, a organiza\u00e7\u00e3o criminosa atuava nos munic\u00edpios de Belford Roxo, S\u00e3o Jo\u00e3o de Meriti, Nil\u00f3polis e Nova Igua\u00e7u O Minist\u00e9rio P\u00fablico do Estado do Rio de Janeiro (MPRJ), por meio da 2\u00aa Promotoria de Justi\u00e7a de Investiga\u00e7\u00e3o Penal Especializada dos N\u00facleos Duque de Caxias e Nova Igua\u00e7u, denunciou 14 pessoas, entre [&hellip;]\" \/>\n<meta property=\"og:url\" content=\"https:\/\/www.oitaperunense.com.br\/site\/mprj-denuncia-dois-secretarios-municipais-e-outras-12-pessoas-envolvidas-em-esquema-criminoso-de-desvio-de-verbas-publicas\/\" \/>\n<meta property=\"og:site_name\" content=\"O Itaperunense\" \/>\n<meta property=\"article:publisher\" content=\"https:\/\/www.facebook.com\/jornaloitaperunense\" \/>\n<meta property=\"article:published_time\" content=\"2023-06-22T19:15:45+00:00\" \/>\n<meta property=\"article:modified_time\" content=\"2023-06-22T19:16:37+00:00\" \/>\n<meta property=\"og:image\" content=\"https:\/\/www.oitaperunense.com.br\/site\/wp-content\/uploads\/2023\/06\/geral.jpg\" \/>\n\t<meta property=\"og:image:width\" content=\"700\" \/>\n\t<meta property=\"og:image:height\" content=\"466\" \/>\n\t<meta property=\"og:image:type\" content=\"image\/jpeg\" \/>\n<meta name=\"author\" content=\"Andr\u00e9\" \/>\n<meta name=\"twitter:card\" content=\"summary_large_image\" \/>\n<meta name=\"twitter:label1\" content=\"Escrito por\" \/>\n\t<meta name=\"twitter:data1\" content=\"Andr\u00e9\" \/>\n\t<meta name=\"twitter:label2\" content=\"Est. tempo de leitura\" \/>\n\t<meta name=\"twitter:data2\" content=\"2 minutos\" \/>\n<script type=\"application\/ld+json\" class=\"yoast-schema-graph\">{\"@context\":\"https:\/\/schema.org\",\"@graph\":[{\"@type\":\"WebPage\",\"@id\":\"https:\/\/www.oitaperunense.com.br\/site\/mprj-denuncia-dois-secretarios-municipais-e-outras-12-pessoas-envolvidas-em-esquema-criminoso-de-desvio-de-verbas-publicas\/\",\"url\":\"https:\/\/www.oitaperunense.com.br\/site\/mprj-denuncia-dois-secretarios-municipais-e-outras-12-pessoas-envolvidas-em-esquema-criminoso-de-desvio-de-verbas-publicas\/\",\"name\":\"MPRJ denuncia dois secret\u00e1rios municipais e outras 12 pessoas envolvidas em esquema criminoso de desvio de verbas p\u00fablicas - O Itaperunense\",\"isPartOf\":{\"@id\":\"https:\/\/www.oitaperunense.com.br\/site\/#website\"},\"datePublished\":\"2023-06-22T19:15:45+00:00\",\"dateModified\":\"2023-06-22T19:16:37+00:00\",\"author\":{\"@id\":\"https:\/\/www.oitaperunense.com.br\/site\/#\/schema\/person\/4a5b86c112157bc0a4492f4fd6b7939f\"},\"breadcrumb\":{\"@id\":\"https:\/\/www.oitaperunense.com.br\/site\/mprj-denuncia-dois-secretarios-municipais-e-outras-12-pessoas-envolvidas-em-esquema-criminoso-de-desvio-de-verbas-publicas\/#breadcrumb\"},\"inLanguage\":\"pt-BR\",\"potentialAction\":[{\"@type\":\"ReadAction\",\"target\":[\"https:\/\/www.oitaperunense.com.br\/site\/mprj-denuncia-dois-secretarios-municipais-e-outras-12-pessoas-envolvidas-em-esquema-criminoso-de-desvio-de-verbas-publicas\/\"]}]},{\"@type\":\"BreadcrumbList\",\"@id\":\"https:\/\/www.oitaperunense.com.br\/site\/mprj-denuncia-dois-secretarios-municipais-e-outras-12-pessoas-envolvidas-em-esquema-criminoso-de-desvio-de-verbas-publicas\/#breadcrumb\",\"itemListElement\":[{\"@type\":\"ListItem\",\"position\":1,\"name\":\"Home\",\"item\":\"https:\/\/www.oitaperunense.com.br\/site\/\"},{\"@type\":\"ListItem\",\"position\":2,\"name\":\"MPRJ denuncia dois secret\u00e1rios municipais e outras 12 pessoas envolvidas em esquema criminoso de desvio de verbas p\u00fablicas\"}]},{\"@type\":\"WebSite\",\"@id\":\"https:\/\/www.oitaperunense.com.br\/site\/#website\",\"url\":\"https:\/\/www.oitaperunense.com.br\/site\/\",\"name\":\"O Itaperunense\",\"description\":\"\",\"potentialAction\":[{\"@type\":\"SearchAction\",\"target\":{\"@type\":\"EntryPoint\",\"urlTemplate\":\"https:\/\/www.oitaperunense.com.br\/site\/?s={search_term_string}\"},\"query-input\":\"required name=search_term_string\"}],\"inLanguage\":\"pt-BR\"},{\"@type\":\"Person\",\"@id\":\"https:\/\/www.oitaperunense.com.br\/site\/#\/schema\/person\/4a5b86c112157bc0a4492f4fd6b7939f\",\"name\":\"Andr\u00e9\",\"image\":{\"@type\":\"ImageObject\",\"inLanguage\":\"pt-BR\",\"@id\":\"https:\/\/www.oitaperunense.com.br\/site\/#\/schema\/person\/image\/\",\"url\":\"https:\/\/secure.gravatar.com\/avatar\/7a7a912ec2c8cd6a390040b03329ee7a71bbd5f81ac3557b6a68208f263fc97b?s=96&d=mm&r=g\",\"contentUrl\":\"https:\/\/secure.gravatar.com\/avatar\/7a7a912ec2c8cd6a390040b03329ee7a71bbd5f81ac3557b6a68208f263fc97b?s=96&d=mm&r=g\",\"caption\":\"Andr\u00e9\"},\"url\":\"https:\/\/www.oitaperunense.com.br\/site\/author\/andre\/\"}]}<\/script>\n<!-- \/ Yoast SEO plugin. -->","yoast_head_json":{"title":"MPRJ denuncia dois secret\u00e1rios municipais e outras 12 pessoas envolvidas em esquema criminoso de desvio de verbas p\u00fablicas - O Itaperunense","robots":{"index":"index","follow":"follow","max-snippet":"max-snippet:-1","max-image-preview":"max-image-preview:large","max-video-preview":"max-video-preview:-1"},"canonical":"https:\/\/www.oitaperunense.com.br\/site\/mprj-denuncia-dois-secretarios-municipais-e-outras-12-pessoas-envolvidas-em-esquema-criminoso-de-desvio-de-verbas-publicas\/","og_locale":"pt_BR","og_type":"article","og_title":"MPRJ denuncia dois secret\u00e1rios municipais e outras 12 pessoas envolvidas em esquema criminoso de desvio de verbas p\u00fablicas - O Itaperunense","og_description":"De acordo com a den\u00fancia, a organiza\u00e7\u00e3o criminosa atuava nos munic\u00edpios de Belford Roxo, S\u00e3o Jo\u00e3o de Meriti, Nil\u00f3polis e Nova Igua\u00e7u O Minist\u00e9rio P\u00fablico do Estado do Rio de Janeiro (MPRJ), por meio da 2\u00aa Promotoria de Justi\u00e7a de Investiga\u00e7\u00e3o Penal Especializada dos N\u00facleos Duque de Caxias e Nova Igua\u00e7u, denunciou 14 pessoas, entre [&hellip;]","og_url":"https:\/\/www.oitaperunense.com.br\/site\/mprj-denuncia-dois-secretarios-municipais-e-outras-12-pessoas-envolvidas-em-esquema-criminoso-de-desvio-de-verbas-publicas\/","og_site_name":"O Itaperunense","article_publisher":"https:\/\/www.facebook.com\/jornaloitaperunense","article_published_time":"2023-06-22T19:15:45+00:00","article_modified_time":"2023-06-22T19:16:37+00:00","og_image":[{"width":700,"height":466,"url":"https:\/\/www.oitaperunense.com.br\/site\/wp-content\/uploads\/2023\/06\/geral.jpg","type":"image\/jpeg"}],"author":"Andr\u00e9","twitter_card":"summary_large_image","twitter_misc":{"Escrito por":"Andr\u00e9","Est. tempo de leitura":"2 minutos"},"schema":{"@context":"https:\/\/schema.org","@graph":[{"@type":"WebPage","@id":"https:\/\/www.oitaperunense.com.br\/site\/mprj-denuncia-dois-secretarios-municipais-e-outras-12-pessoas-envolvidas-em-esquema-criminoso-de-desvio-de-verbas-publicas\/","url":"https:\/\/www.oitaperunense.com.br\/site\/mprj-denuncia-dois-secretarios-municipais-e-outras-12-pessoas-envolvidas-em-esquema-criminoso-de-desvio-de-verbas-publicas\/","name":"MPRJ denuncia dois secret\u00e1rios municipais e outras 12 pessoas envolvidas em esquema criminoso de desvio de verbas p\u00fablicas - O Itaperunense","isPartOf":{"@id":"https:\/\/www.oitaperunense.com.br\/site\/#website"},"datePublished":"2023-06-22T19:15:45+00:00","dateModified":"2023-06-22T19:16:37+00:00","author":{"@id":"https:\/\/www.oitaperunense.com.br\/site\/#\/schema\/person\/4a5b86c112157bc0a4492f4fd6b7939f"},"breadcrumb":{"@id":"https:\/\/www.oitaperunense.com.br\/site\/mprj-denuncia-dois-secretarios-municipais-e-outras-12-pessoas-envolvidas-em-esquema-criminoso-de-desvio-de-verbas-publicas\/#breadcrumb"},"inLanguage":"pt-BR","potentialAction":[{"@type":"ReadAction","target":["https:\/\/www.oitaperunense.com.br\/site\/mprj-denuncia-dois-secretarios-municipais-e-outras-12-pessoas-envolvidas-em-esquema-criminoso-de-desvio-de-verbas-publicas\/"]}]},{"@type":"BreadcrumbList","@id":"https:\/\/www.oitaperunense.com.br\/site\/mprj-denuncia-dois-secretarios-municipais-e-outras-12-pessoas-envolvidas-em-esquema-criminoso-de-desvio-de-verbas-publicas\/#breadcrumb","itemListElement":[{"@type":"ListItem","position":1,"name":"Home","item":"https:\/\/www.oitaperunense.com.br\/site\/"},{"@type":"ListItem","position":2,"name":"MPRJ denuncia dois secret\u00e1rios municipais e outras 12 pessoas envolvidas em esquema criminoso de desvio de verbas p\u00fablicas"}]},{"@type":"WebSite","@id":"https:\/\/www.oitaperunense.com.br\/site\/#website","url":"https:\/\/www.oitaperunense.com.br\/site\/","name":"O Itaperunense","description":"","potentialAction":[{"@type":"SearchAction","target":{"@type":"EntryPoint","urlTemplate":"https:\/\/www.oitaperunense.com.br\/site\/?s={search_term_string}"},"query-input":"required name=search_term_string"}],"inLanguage":"pt-BR"},{"@type":"Person","@id":"https:\/\/www.oitaperunense.com.br\/site\/#\/schema\/person\/4a5b86c112157bc0a4492f4fd6b7939f","name":"Andr\u00e9","image":{"@type":"ImageObject","inLanguage":"pt-BR","@id":"https:\/\/www.oitaperunense.com.br\/site\/#\/schema\/person\/image\/","url":"https:\/\/secure.gravatar.com\/avatar\/7a7a912ec2c8cd6a390040b03329ee7a71bbd5f81ac3557b6a68208f263fc97b?s=96&d=mm&r=g","contentUrl":"https:\/\/secure.gravatar.com\/avatar\/7a7a912ec2c8cd6a390040b03329ee7a71bbd5f81ac3557b6a68208f263fc97b?s=96&d=mm&r=g","caption":"Andr\u00e9"},"url":"https:\/\/www.oitaperunense.com.br\/site\/author\/andre\/"}]}},"cc_featured_image_caption":{"caption_text":"","source_text":"","source_url":""},"_links":{"self":[{"href":"https:\/\/www.oitaperunense.com.br\/site\/wp-json\/wp\/v2\/posts\/392440","targetHints":{"allow":["GET"]}}],"collection":[{"href":"https:\/\/www.oitaperunense.com.br\/site\/wp-json\/wp\/v2\/posts"}],"about":[{"href":"https:\/\/www.oitaperunense.com.br\/site\/wp-json\/wp\/v2\/types\/post"}],"author":[{"embeddable":true,"href":"https:\/\/www.oitaperunense.com.br\/site\/wp-json\/wp\/v2\/users\/19"}],"replies":[{"embeddable":true,"href":"https:\/\/www.oitaperunense.com.br\/site\/wp-json\/wp\/v2\/comments?post=392440"}],"version-history":[{"count":3,"href":"https:\/\/www.oitaperunense.com.br\/site\/wp-json\/wp\/v2\/posts\/392440\/revisions"}],"predecessor-version":[{"id":392444,"href":"https:\/\/www.oitaperunense.com.br\/site\/wp-json\/wp\/v2\/posts\/392440\/revisions\/392444"}],"wp:featuredmedia":[{"embeddable":true,"href":"https:\/\/www.oitaperunense.com.br\/site\/wp-json\/wp\/v2\/media\/392441"}],"wp:attachment":[{"href":"https:\/\/www.oitaperunense.com.br\/site\/wp-json\/wp\/v2\/media?parent=392440"}],"wp:term":[{"taxonomy":"category","embeddable":true,"href":"https:\/\/www.oitaperunense.com.br\/site\/wp-json\/wp\/v2\/categories?post=392440"},{"taxonomy":"post_tag","embeddable":true,"href":"https:\/\/www.oitaperunense.com.br\/site\/wp-json\/wp\/v2\/tags?post=392440"}],"curies":[{"name":"wp","href":"https:\/\/api.w.org\/{rel}","templated":true}]}}