{"id":392373,"date":"2023-06-20T09:43:14","date_gmt":"2023-06-20T12:43:14","guid":{"rendered":"https:\/\/www.oitaperunense.com.br\/site\/?p=392373"},"modified":"2023-06-20T09:43:14","modified_gmt":"2023-06-20T12:43:14","slug":"lancamento-da-comunidade-de-empreendedorismo-negro-e-realizado-no-interior-do-estado-do-rj","status":"publish","type":"post","link":"https:\/\/www.oitaperunense.com.br\/site\/lancamento-da-comunidade-de-empreendedorismo-negro-e-realizado-no-interior-do-estado-do-rj\/","title":{"rendered":"Lan\u00e7amento da Comunidade de Empreendedorismo Negro \u00e9 realizado no interior do Estado do RJ"},"content":{"rendered":"<p class=\"yiv9600527696MsoNormal\" style=\"text-align: center;\"><strong>Anderson Luiz de Souza palestrou sobre \u2018Mudan\u00e7a de MindSet e Empreendedorismo Negro\u2019<\/strong><\/p>\n<p class=\"yiv9600527696MsoNormal\" style=\"text-align: justify;\">\u201cEmpreendedorismo negro, sim! N\u00f3s podemos!\u201d. Com esse lema e esta filosofia de vida, aconteceu na \u00faltima segunda-feira, 19, o lan\u00e7amento da vertical da Comunidade Empreendedorismo Negro e Inova\u00e7\u00e3o, no munic\u00edpio de Itaperuna (Noroeste Fluminense), cidade localizada a cerca de 350 km do Rio de Janeiro. O evento foi realizado no audit\u00f3rio da Inova Center Hub, situado na Avenida Presidente Dutra, 1020, no Bairro Cidade Nova.<\/p>\n<p><!--more--><\/p>\n<p class=\"yiv9600527696MsoNormal\" style=\"text-align: justify;\">A vertical ser\u00e1 liderada pelo administrador de empresas Anderson Luiz de Souza, que na ocasi\u00e3o, palestrou sobre \u201cMudan\u00e7a de MindSet e Empreendedorismo Negro\u201d, abordando sobre o atual cen\u00e1rio da comunidade negra (pretos e pardos) no Brasil, em suas jornadas dentro do empreendedorismo.<\/p>\n<p class=\"yiv9600527696MsoNormal\" style=\"text-align: justify;\">De acordo com o palestrante, o cen\u00e1rio \u00e9 desafiador, no entanto, nunca esteve t\u00e3o prop\u00edcio para que a comunidade negra transforme suas realidades \u2013 social e econ\u00f4mica \u2013 atrav\u00e9s do empreendedorismo.<\/p>\n<p class=\"yiv9600527696MsoNormal\" style=\"text-align: justify;\">\u201cSomos criativos e resilientes, caracter\u00edsticas transformadoras em um ecossistema de uma economia globalizada e digital.&nbsp; A transforma\u00e7\u00e3o digital \u00e9 real e com ela, a democratiza\u00e7\u00e3o de oportunidades se tornou acess\u00edvel a todos\u201d, pontua Anderson.<\/p>\n<p class=\"yiv9600527696MsoNormal\" style=\"text-align: justify;\">Ao final, o palestrante destacou alguns desafios da vertical da Comunidade Empreendedorismo Negro e Inova\u00e7\u00e3o.<\/p>\n<p class=\"yiv9600527696MsoNormal\" style=\"text-align: justify;\">\u201cNosso desafio \u00e9 conscientizar, apoiar e empoderar os empreendedores negros, sobretudo do Noroeste Fluminense, mas, tamb\u00e9m do Estado do Rio de Janeiro e de todo o Brasil, de que sim; n\u00f3s podemos e devemos sair da realidade de pobreza, para uma vida digna e pr\u00f3spera, tendo como caminho o empreendedorismo\u201d, finaliza.<\/p>\n<p class=\"yiv9600527696MsoNormal\" style=\"text-align: justify;\"><b>NOROESTE VALLEY<\/b><\/p>\n<p class=\"yiv9600527696MsoNormal\" style=\"text-align: justify;\">\u00c9 uma comunidade aberta de empreendedorismo e inova\u00e7\u00e3o, localizada no Noroeste do Estado do Rio de Janeiro, com o objetivo de fomentar o ecossistema empreendedor da regi\u00e3o, promover eventos, capacita\u00e7\u00f5es e&nbsp;<i>networking<\/i>, a fim de conectar empreendedores,&nbsp;<i>startups<\/i>&nbsp;e investidores.<\/p>\n<p class=\"yiv9600527696MsoNormal\" style=\"text-align: justify;\">Para mais informa\u00e7\u00f5es sobre a comunidade de Empreendedorismo Negro e Inova\u00e7\u00e3o, entre em contato com o seguinte n\u00famero: (22) 9 9290-4214! Acompanhe tamb\u00e9m os trabalhos e demais a\u00e7\u00f5es, atrav\u00e9s do Instagram @noroestevalley e @adm.andersonsouza e fique bem informado!<\/p>\n<p class=\"yiv9600527696MsoNormal\" style=\"text-align: justify;\"><b><i>Informa\u00e7\u00e3o:&nbsp;<\/i><\/b><i>Escrita e Assessoria<\/i><\/p>\n","protected":false},"excerpt":{"rendered":"<p>Anderson Luiz de Souza palestrou sobre \u2018Mudan\u00e7a de MindSet e Empreendedorismo Negro\u2019 \u201cEmpreendedorismo negro, sim! N\u00f3s podemos!\u201d. Com esse lema e esta filosofia de vida, aconteceu na \u00faltima segunda-feira, 19, o lan\u00e7amento da vertical da Comunidade Empreendedorismo Negro e Inova\u00e7\u00e3o, no munic\u00edpio de Itaperuna (Noroeste Fluminense), cidade localizada a cerca de 350 km do Rio [&hellip;]<\/p>\n","protected":false},"author":19,"featured_media":392374,"comment_status":"open","ping_status":"closed","sticky":false,"template":"","format":"standard","meta":{"ngg_post_thumbnail":0,"footnotes":""},"categories":[91],"tags":[],"class_list":["post-392373","post","type-post","status-publish","format-standard","has-post-thumbnail","hentry","category-geral"],"yoast_head":"<!-- This site is optimized with the Yoast SEO plugin v20.11 - https:\/\/yoast.com\/wordpress\/plugins\/seo\/ -->\n<title>Lan\u00e7amento da Comunidade de Empreendedorismo Negro \u00e9 realizado no interior do Estado do RJ - O Itaperunense<\/title>\n<meta name=\"robots\" content=\"index, follow, max-snippet:-1, max-image-preview:large, max-video-preview:-1\" \/>\n<link rel=\"canonical\" href=\"https:\/\/www.oitaperunense.com.br\/site\/lancamento-da-comunidade-de-empreendedorismo-negro-e-realizado-no-interior-do-estado-do-rj\/\" \/>\n<meta property=\"og:locale\" content=\"pt_BR\" \/>\n<meta property=\"og:type\" content=\"article\" \/>\n<meta property=\"og:title\" content=\"Lan\u00e7amento da Comunidade de Empreendedorismo Negro \u00e9 realizado no interior do Estado do RJ - O Itaperunense\" \/>\n<meta property=\"og:description\" content=\"Anderson Luiz de Souza palestrou sobre \u2018Mudan\u00e7a de MindSet e Empreendedorismo Negro\u2019 \u201cEmpreendedorismo negro, sim! N\u00f3s podemos!\u201d. Com esse lema e esta filosofia de vida, aconteceu na \u00faltima segunda-feira, 19, o lan\u00e7amento da vertical da Comunidade Empreendedorismo Negro e Inova\u00e7\u00e3o, no munic\u00edpio de Itaperuna (Noroeste Fluminense), cidade localizada a cerca de 350 km do Rio [&hellip;]\" \/>\n<meta property=\"og:url\" content=\"https:\/\/www.oitaperunense.com.br\/site\/lancamento-da-comunidade-de-empreendedorismo-negro-e-realizado-no-interior-do-estado-do-rj\/\" \/>\n<meta property=\"og:site_name\" content=\"O Itaperunense\" \/>\n<meta property=\"article:publisher\" content=\"https:\/\/www.facebook.com\/jornaloitaperunense\" \/>\n<meta property=\"article:published_time\" content=\"2023-06-20T12:43:14+00:00\" \/>\n<meta property=\"og:image\" content=\"https:\/\/www.oitaperunense.com.br\/site\/wp-content\/uploads\/2023\/06\/jaleco7.jpg\" \/>\n\t<meta property=\"og:image:width\" content=\"700\" \/>\n\t<meta property=\"og:image:height\" content=\"472\" \/>\n\t<meta property=\"og:image:type\" content=\"image\/jpeg\" \/>\n<meta name=\"author\" content=\"Andr\u00e9\" \/>\n<meta name=\"twitter:card\" content=\"summary_large_image\" \/>\n<meta name=\"twitter:label1\" content=\"Escrito por\" \/>\n\t<meta name=\"twitter:data1\" content=\"Andr\u00e9\" \/>\n\t<meta name=\"twitter:label2\" content=\"Est. tempo de leitura\" \/>\n\t<meta name=\"twitter:data2\" content=\"2 minutos\" \/>\n<script type=\"application\/ld+json\" class=\"yoast-schema-graph\">{\"@context\":\"https:\/\/schema.org\",\"@graph\":[{\"@type\":\"WebPage\",\"@id\":\"https:\/\/www.oitaperunense.com.br\/site\/lancamento-da-comunidade-de-empreendedorismo-negro-e-realizado-no-interior-do-estado-do-rj\/\",\"url\":\"https:\/\/www.oitaperunense.com.br\/site\/lancamento-da-comunidade-de-empreendedorismo-negro-e-realizado-no-interior-do-estado-do-rj\/\",\"name\":\"Lan\u00e7amento da Comunidade de Empreendedorismo Negro \u00e9 realizado no interior do Estado do RJ - O Itaperunense\",\"isPartOf\":{\"@id\":\"https:\/\/www.oitaperunense.com.br\/site\/#website\"},\"datePublished\":\"2023-06-20T12:43:14+00:00\",\"dateModified\":\"2023-06-20T12:43:14+00:00\",\"author\":{\"@id\":\"https:\/\/www.oitaperunense.com.br\/site\/#\/schema\/person\/4a5b86c112157bc0a4492f4fd6b7939f\"},\"breadcrumb\":{\"@id\":\"https:\/\/www.oitaperunense.com.br\/site\/lancamento-da-comunidade-de-empreendedorismo-negro-e-realizado-no-interior-do-estado-do-rj\/#breadcrumb\"},\"inLanguage\":\"pt-BR\",\"potentialAction\":[{\"@type\":\"ReadAction\",\"target\":[\"https:\/\/www.oitaperunense.com.br\/site\/lancamento-da-comunidade-de-empreendedorismo-negro-e-realizado-no-interior-do-estado-do-rj\/\"]}]},{\"@type\":\"BreadcrumbList\",\"@id\":\"https:\/\/www.oitaperunense.com.br\/site\/lancamento-da-comunidade-de-empreendedorismo-negro-e-realizado-no-interior-do-estado-do-rj\/#breadcrumb\",\"itemListElement\":[{\"@type\":\"ListItem\",\"position\":1,\"name\":\"Home\",\"item\":\"https:\/\/www.oitaperunense.com.br\/site\/\"},{\"@type\":\"ListItem\",\"position\":2,\"name\":\"Lan\u00e7amento da Comunidade de Empreendedorismo Negro \u00e9 realizado no interior do Estado do RJ\"}]},{\"@type\":\"WebSite\",\"@id\":\"https:\/\/www.oitaperunense.com.br\/site\/#website\",\"url\":\"https:\/\/www.oitaperunense.com.br\/site\/\",\"name\":\"O Itaperunense\",\"description\":\"\",\"potentialAction\":[{\"@type\":\"SearchAction\",\"target\":{\"@type\":\"EntryPoint\",\"urlTemplate\":\"https:\/\/www.oitaperunense.com.br\/site\/?s={search_term_string}\"},\"query-input\":\"required name=search_term_string\"}],\"inLanguage\":\"pt-BR\"},{\"@type\":\"Person\",\"@id\":\"https:\/\/www.oitaperunense.com.br\/site\/#\/schema\/person\/4a5b86c112157bc0a4492f4fd6b7939f\",\"name\":\"Andr\u00e9\",\"image\":{\"@type\":\"ImageObject\",\"inLanguage\":\"pt-BR\",\"@id\":\"https:\/\/www.oitaperunense.com.br\/site\/#\/schema\/person\/image\/\",\"url\":\"https:\/\/secure.gravatar.com\/avatar\/7a7a912ec2c8cd6a390040b03329ee7a71bbd5f81ac3557b6a68208f263fc97b?s=96&d=mm&r=g\",\"contentUrl\":\"https:\/\/secure.gravatar.com\/avatar\/7a7a912ec2c8cd6a390040b03329ee7a71bbd5f81ac3557b6a68208f263fc97b?s=96&d=mm&r=g\",\"caption\":\"Andr\u00e9\"},\"url\":\"https:\/\/www.oitaperunense.com.br\/site\/author\/andre\/\"}]}<\/script>\n<!-- \/ Yoast SEO plugin. -->","yoast_head_json":{"title":"Lan\u00e7amento da Comunidade de Empreendedorismo Negro \u00e9 realizado no interior do Estado do RJ - O Itaperunense","robots":{"index":"index","follow":"follow","max-snippet":"max-snippet:-1","max-image-preview":"max-image-preview:large","max-video-preview":"max-video-preview:-1"},"canonical":"https:\/\/www.oitaperunense.com.br\/site\/lancamento-da-comunidade-de-empreendedorismo-negro-e-realizado-no-interior-do-estado-do-rj\/","og_locale":"pt_BR","og_type":"article","og_title":"Lan\u00e7amento da Comunidade de Empreendedorismo Negro \u00e9 realizado no interior do Estado do RJ - O Itaperunense","og_description":"Anderson Luiz de Souza palestrou sobre \u2018Mudan\u00e7a de MindSet e Empreendedorismo Negro\u2019 \u201cEmpreendedorismo negro, sim! N\u00f3s podemos!\u201d. Com esse lema e esta filosofia de vida, aconteceu na \u00faltima segunda-feira, 19, o lan\u00e7amento da vertical da Comunidade Empreendedorismo Negro e Inova\u00e7\u00e3o, no munic\u00edpio de Itaperuna (Noroeste Fluminense), cidade localizada a cerca de 350 km do Rio [&hellip;]","og_url":"https:\/\/www.oitaperunense.com.br\/site\/lancamento-da-comunidade-de-empreendedorismo-negro-e-realizado-no-interior-do-estado-do-rj\/","og_site_name":"O Itaperunense","article_publisher":"https:\/\/www.facebook.com\/jornaloitaperunense","article_published_time":"2023-06-20T12:43:14+00:00","og_image":[{"width":700,"height":472,"url":"https:\/\/www.oitaperunense.com.br\/site\/wp-content\/uploads\/2023\/06\/jaleco7.jpg","type":"image\/jpeg"}],"author":"Andr\u00e9","twitter_card":"summary_large_image","twitter_misc":{"Escrito por":"Andr\u00e9","Est. tempo de leitura":"2 minutos"},"schema":{"@context":"https:\/\/schema.org","@graph":[{"@type":"WebPage","@id":"https:\/\/www.oitaperunense.com.br\/site\/lancamento-da-comunidade-de-empreendedorismo-negro-e-realizado-no-interior-do-estado-do-rj\/","url":"https:\/\/www.oitaperunense.com.br\/site\/lancamento-da-comunidade-de-empreendedorismo-negro-e-realizado-no-interior-do-estado-do-rj\/","name":"Lan\u00e7amento da Comunidade de Empreendedorismo Negro \u00e9 realizado no interior do Estado do RJ - O Itaperunense","isPartOf":{"@id":"https:\/\/www.oitaperunense.com.br\/site\/#website"},"datePublished":"2023-06-20T12:43:14+00:00","dateModified":"2023-06-20T12:43:14+00:00","author":{"@id":"https:\/\/www.oitaperunense.com.br\/site\/#\/schema\/person\/4a5b86c112157bc0a4492f4fd6b7939f"},"breadcrumb":{"@id":"https:\/\/www.oitaperunense.com.br\/site\/lancamento-da-comunidade-de-empreendedorismo-negro-e-realizado-no-interior-do-estado-do-rj\/#breadcrumb"},"inLanguage":"pt-BR","potentialAction":[{"@type":"ReadAction","target":["https:\/\/www.oitaperunense.com.br\/site\/lancamento-da-comunidade-de-empreendedorismo-negro-e-realizado-no-interior-do-estado-do-rj\/"]}]},{"@type":"BreadcrumbList","@id":"https:\/\/www.oitaperunense.com.br\/site\/lancamento-da-comunidade-de-empreendedorismo-negro-e-realizado-no-interior-do-estado-do-rj\/#breadcrumb","itemListElement":[{"@type":"ListItem","position":1,"name":"Home","item":"https:\/\/www.oitaperunense.com.br\/site\/"},{"@type":"ListItem","position":2,"name":"Lan\u00e7amento da Comunidade de Empreendedorismo Negro \u00e9 realizado no interior do Estado do RJ"}]},{"@type":"WebSite","@id":"https:\/\/www.oitaperunense.com.br\/site\/#website","url":"https:\/\/www.oitaperunense.com.br\/site\/","name":"O Itaperunense","description":"","potentialAction":[{"@type":"SearchAction","target":{"@type":"EntryPoint","urlTemplate":"https:\/\/www.oitaperunense.com.br\/site\/?s={search_term_string}"},"query-input":"required name=search_term_string"}],"inLanguage":"pt-BR"},{"@type":"Person","@id":"https:\/\/www.oitaperunense.com.br\/site\/#\/schema\/person\/4a5b86c112157bc0a4492f4fd6b7939f","name":"Andr\u00e9","image":{"@type":"ImageObject","inLanguage":"pt-BR","@id":"https:\/\/www.oitaperunense.com.br\/site\/#\/schema\/person\/image\/","url":"https:\/\/secure.gravatar.com\/avatar\/7a7a912ec2c8cd6a390040b03329ee7a71bbd5f81ac3557b6a68208f263fc97b?s=96&d=mm&r=g","contentUrl":"https:\/\/secure.gravatar.com\/avatar\/7a7a912ec2c8cd6a390040b03329ee7a71bbd5f81ac3557b6a68208f263fc97b?s=96&d=mm&r=g","caption":"Andr\u00e9"},"url":"https:\/\/www.oitaperunense.com.br\/site\/author\/andre\/"}]}},"cc_featured_image_caption":{"caption_text":"","source_text":"","source_url":""},"_links":{"self":[{"href":"https:\/\/www.oitaperunense.com.br\/site\/wp-json\/wp\/v2\/posts\/392373","targetHints":{"allow":["GET"]}}],"collection":[{"href":"https:\/\/www.oitaperunense.com.br\/site\/wp-json\/wp\/v2\/posts"}],"about":[{"href":"https:\/\/www.oitaperunense.com.br\/site\/wp-json\/wp\/v2\/types\/post"}],"author":[{"embeddable":true,"href":"https:\/\/www.oitaperunense.com.br\/site\/wp-json\/wp\/v2\/users\/19"}],"replies":[{"embeddable":true,"href":"https:\/\/www.oitaperunense.com.br\/site\/wp-json\/wp\/v2\/comments?post=392373"}],"version-history":[{"count":2,"href":"https:\/\/www.oitaperunense.com.br\/site\/wp-json\/wp\/v2\/posts\/392373\/revisions"}],"predecessor-version":[{"id":392376,"href":"https:\/\/www.oitaperunense.com.br\/site\/wp-json\/wp\/v2\/posts\/392373\/revisions\/392376"}],"wp:featuredmedia":[{"embeddable":true,"href":"https:\/\/www.oitaperunense.com.br\/site\/wp-json\/wp\/v2\/media\/392374"}],"wp:attachment":[{"href":"https:\/\/www.oitaperunense.com.br\/site\/wp-json\/wp\/v2\/media?parent=392373"}],"wp:term":[{"taxonomy":"category","embeddable":true,"href":"https:\/\/www.oitaperunense.com.br\/site\/wp-json\/wp\/v2\/categories?post=392373"},{"taxonomy":"post_tag","embeddable":true,"href":"https:\/\/www.oitaperunense.com.br\/site\/wp-json\/wp\/v2\/tags?post=392373"}],"curies":[{"name":"wp","href":"https:\/\/api.w.org\/{rel}","templated":true}]}}