{"id":392339,"date":"2023-06-15T14:40:29","date_gmt":"2023-06-15T17:40:29","guid":{"rendered":"https:\/\/www.oitaperunense.com.br\/site\/?p=392339"},"modified":"2023-06-15T14:41:21","modified_gmt":"2023-06-15T17:41:21","slug":"luiz-schiavon-tecladista-e-fundador-da-banda-rpm-morre-em-sao-paulo","status":"publish","type":"post","link":"https:\/\/www.oitaperunense.com.br\/site\/luiz-schiavon-tecladista-e-fundador-da-banda-rpm-morre-em-sao-paulo\/","title":{"rendered":"Luiz Schiavon, tecladista e fundador da banda RPM, morre em S\u00e3o Paulo"},"content":{"rendered":"<p style=\"text-align: center;\"><strong>Luiz Schiavon, fundador da banda RPM, morre aos 64 anos. Ele morreu em Osasco (SP) e lutava contra uma doen\u00e7a autoimune<\/strong><\/p>\n<p style=\"text-align: justify;\">A morte do tecladista da banda RPM, Luiz Schiavon, de 64 anos, foi comunicada nesta quinta-feira (15), por sua fam\u00edlia, em S\u00e3o Paulo. Segundo a informa\u00e7\u00e3o \u2013 publicada em redes sociais &#8211; o m\u00fasico lutava h\u00e1 quatro anos contra uma doen\u00e7a autoimune e teve complica\u00e7\u00f5es ap\u00f3s uma cirurgia.<\/p>\n<p><!--more--><\/p>\n<p style=\"text-align: justify;\">\u201cLuiz era, na sua figura p\u00fablica, maestro, compositor, fundador e tecladista do RPM, mas acima de tudo isso, um bom filho, sobrinho, marido, pai e amigo\u201d, diz a nota. As cerim\u00f4nias de despedida ser\u00e3o reservadas \u00e0 fam\u00edlia e aos amigos pr\u00f3ximos.<\/p>\n<p style=\"text-align: justify;\"><strong>Despedida<\/strong><\/p>\n<p style=\"text-align: justify;\">Despe\u00e7am-se ouvindo seus acordes, fazendo homenagens nas redes sociais, revistas e jornais, ou simplesmente lembrando dele com carinho, o mesmo carinho que ele sempre teve com todos aqueles que conviveram com ele\u201d, disseram familiares de Schiavon.<\/p>\n<p style=\"text-align: justify;\">O tecladista come\u00e7ou a estudar m\u00fasica aos sete anos de idade, em uma forma\u00e7\u00e3o que durou 14 anos. Com o vocalista Paulo Ricardo, ele fez as primeiras composi\u00e7\u00f5es da banda que se tornaria o RPM em 1985. Ap\u00f3s a grava\u00e7\u00e3o de um compacto, fizeram um show de estreia no Teatro Bandeirantes, em S\u00e3o Paulo. A divulga\u00e7\u00e3o permitiu que a banda conseguisse vender 300 mil c\u00f3pias com o primeiro LP [long play].<\/p>\n<p style=\"text-align: justify;\"><strong>Edi\u00e7\u00e3o: Kleber Sampaio\/Ag\u00eancia Brasil<\/strong><\/p>\n<p><strong>Foto: INSTAGRAM\/Luiz Schiavon<\/strong><\/p>\n","protected":false},"excerpt":{"rendered":"<p>Luiz Schiavon, fundador da banda RPM, morre aos 64 anos. Ele morreu em Osasco (SP) e lutava contra uma doen\u00e7a autoimune A morte do tecladista da banda RPM, Luiz Schiavon, de 64 anos, foi comunicada nesta quinta-feira (15), por sua fam\u00edlia, em S\u00e3o Paulo. Segundo a informa\u00e7\u00e3o \u2013 publicada em redes sociais &#8211; o m\u00fasico [&hellip;]<\/p>\n","protected":false},"author":19,"featured_media":392340,"comment_status":"open","ping_status":"closed","sticky":false,"template":"","format":"standard","meta":{"ngg_post_thumbnail":0,"footnotes":""},"categories":[91],"tags":[],"class_list":["post-392339","post","type-post","status-publish","format-standard","has-post-thumbnail","hentry","category-geral"],"yoast_head":"<!-- This site is optimized with the Yoast SEO plugin v20.11 - https:\/\/yoast.com\/wordpress\/plugins\/seo\/ -->\n<title>Luiz Schiavon, tecladista e fundador da banda RPM, morre em S\u00e3o Paulo - O Itaperunense<\/title>\n<meta name=\"robots\" content=\"index, follow, max-snippet:-1, max-image-preview:large, max-video-preview:-1\" \/>\n<link rel=\"canonical\" href=\"https:\/\/www.oitaperunense.com.br\/site\/luiz-schiavon-tecladista-e-fundador-da-banda-rpm-morre-em-sao-paulo\/\" \/>\n<meta property=\"og:locale\" content=\"pt_BR\" \/>\n<meta property=\"og:type\" content=\"article\" \/>\n<meta property=\"og:title\" content=\"Luiz Schiavon, tecladista e fundador da banda RPM, morre em S\u00e3o Paulo - O Itaperunense\" \/>\n<meta property=\"og:description\" content=\"Luiz Schiavon, fundador da banda RPM, morre aos 64 anos. Ele morreu em Osasco (SP) e lutava contra uma doen\u00e7a autoimune A morte do tecladista da banda RPM, Luiz Schiavon, de 64 anos, foi comunicada nesta quinta-feira (15), por sua fam\u00edlia, em S\u00e3o Paulo. Segundo a informa\u00e7\u00e3o \u2013 publicada em redes sociais &#8211; o m\u00fasico [&hellip;]\" \/>\n<meta property=\"og:url\" content=\"https:\/\/www.oitaperunense.com.br\/site\/luiz-schiavon-tecladista-e-fundador-da-banda-rpm-morre-em-sao-paulo\/\" \/>\n<meta property=\"og:site_name\" content=\"O Itaperunense\" \/>\n<meta property=\"article:publisher\" content=\"https:\/\/www.facebook.com\/jornaloitaperunense\" \/>\n<meta property=\"article:published_time\" content=\"2023-06-15T17:40:29+00:00\" \/>\n<meta property=\"article:modified_time\" content=\"2023-06-15T17:41:21+00:00\" \/>\n<meta property=\"og:image\" content=\"https:\/\/www.oitaperunense.com.br\/site\/wp-content\/uploads\/2023\/06\/ski.jpg\" \/>\n\t<meta property=\"og:image:width\" content=\"700\" \/>\n\t<meta property=\"og:image:height\" content=\"429\" \/>\n\t<meta property=\"og:image:type\" content=\"image\/jpeg\" \/>\n<meta name=\"author\" content=\"Andr\u00e9\" \/>\n<meta name=\"twitter:card\" content=\"summary_large_image\" \/>\n<meta name=\"twitter:label1\" content=\"Escrito por\" \/>\n\t<meta name=\"twitter:data1\" content=\"Andr\u00e9\" \/>\n\t<meta name=\"twitter:label2\" content=\"Est. tempo de leitura\" \/>\n\t<meta name=\"twitter:data2\" content=\"1 minuto\" \/>\n<script type=\"application\/ld+json\" class=\"yoast-schema-graph\">{\"@context\":\"https:\/\/schema.org\",\"@graph\":[{\"@type\":\"WebPage\",\"@id\":\"https:\/\/www.oitaperunense.com.br\/site\/luiz-schiavon-tecladista-e-fundador-da-banda-rpm-morre-em-sao-paulo\/\",\"url\":\"https:\/\/www.oitaperunense.com.br\/site\/luiz-schiavon-tecladista-e-fundador-da-banda-rpm-morre-em-sao-paulo\/\",\"name\":\"Luiz Schiavon, tecladista e fundador da banda RPM, morre em S\u00e3o Paulo - O Itaperunense\",\"isPartOf\":{\"@id\":\"https:\/\/www.oitaperunense.com.br\/site\/#website\"},\"datePublished\":\"2023-06-15T17:40:29+00:00\",\"dateModified\":\"2023-06-15T17:41:21+00:00\",\"author\":{\"@id\":\"https:\/\/www.oitaperunense.com.br\/site\/#\/schema\/person\/4a5b86c112157bc0a4492f4fd6b7939f\"},\"breadcrumb\":{\"@id\":\"https:\/\/www.oitaperunense.com.br\/site\/luiz-schiavon-tecladista-e-fundador-da-banda-rpm-morre-em-sao-paulo\/#breadcrumb\"},\"inLanguage\":\"pt-BR\",\"potentialAction\":[{\"@type\":\"ReadAction\",\"target\":[\"https:\/\/www.oitaperunense.com.br\/site\/luiz-schiavon-tecladista-e-fundador-da-banda-rpm-morre-em-sao-paulo\/\"]}]},{\"@type\":\"BreadcrumbList\",\"@id\":\"https:\/\/www.oitaperunense.com.br\/site\/luiz-schiavon-tecladista-e-fundador-da-banda-rpm-morre-em-sao-paulo\/#breadcrumb\",\"itemListElement\":[{\"@type\":\"ListItem\",\"position\":1,\"name\":\"Home\",\"item\":\"https:\/\/www.oitaperunense.com.br\/site\/\"},{\"@type\":\"ListItem\",\"position\":2,\"name\":\"Luiz Schiavon, tecladista e fundador da banda RPM, morre em S\u00e3o Paulo\"}]},{\"@type\":\"WebSite\",\"@id\":\"https:\/\/www.oitaperunense.com.br\/site\/#website\",\"url\":\"https:\/\/www.oitaperunense.com.br\/site\/\",\"name\":\"O Itaperunense\",\"description\":\"\",\"potentialAction\":[{\"@type\":\"SearchAction\",\"target\":{\"@type\":\"EntryPoint\",\"urlTemplate\":\"https:\/\/www.oitaperunense.com.br\/site\/?s={search_term_string}\"},\"query-input\":\"required name=search_term_string\"}],\"inLanguage\":\"pt-BR\"},{\"@type\":\"Person\",\"@id\":\"https:\/\/www.oitaperunense.com.br\/site\/#\/schema\/person\/4a5b86c112157bc0a4492f4fd6b7939f\",\"name\":\"Andr\u00e9\",\"image\":{\"@type\":\"ImageObject\",\"inLanguage\":\"pt-BR\",\"@id\":\"https:\/\/www.oitaperunense.com.br\/site\/#\/schema\/person\/image\/\",\"url\":\"https:\/\/secure.gravatar.com\/avatar\/7a7a912ec2c8cd6a390040b03329ee7a71bbd5f81ac3557b6a68208f263fc97b?s=96&d=mm&r=g\",\"contentUrl\":\"https:\/\/secure.gravatar.com\/avatar\/7a7a912ec2c8cd6a390040b03329ee7a71bbd5f81ac3557b6a68208f263fc97b?s=96&d=mm&r=g\",\"caption\":\"Andr\u00e9\"},\"url\":\"https:\/\/www.oitaperunense.com.br\/site\/author\/andre\/\"}]}<\/script>\n<!-- \/ Yoast SEO plugin. -->","yoast_head_json":{"title":"Luiz Schiavon, tecladista e fundador da banda RPM, morre em S\u00e3o Paulo - O Itaperunense","robots":{"index":"index","follow":"follow","max-snippet":"max-snippet:-1","max-image-preview":"max-image-preview:large","max-video-preview":"max-video-preview:-1"},"canonical":"https:\/\/www.oitaperunense.com.br\/site\/luiz-schiavon-tecladista-e-fundador-da-banda-rpm-morre-em-sao-paulo\/","og_locale":"pt_BR","og_type":"article","og_title":"Luiz Schiavon, tecladista e fundador da banda RPM, morre em S\u00e3o Paulo - O Itaperunense","og_description":"Luiz Schiavon, fundador da banda RPM, morre aos 64 anos. Ele morreu em Osasco (SP) e lutava contra uma doen\u00e7a autoimune A morte do tecladista da banda RPM, Luiz Schiavon, de 64 anos, foi comunicada nesta quinta-feira (15), por sua fam\u00edlia, em S\u00e3o Paulo. Segundo a informa\u00e7\u00e3o \u2013 publicada em redes sociais &#8211; o m\u00fasico [&hellip;]","og_url":"https:\/\/www.oitaperunense.com.br\/site\/luiz-schiavon-tecladista-e-fundador-da-banda-rpm-morre-em-sao-paulo\/","og_site_name":"O Itaperunense","article_publisher":"https:\/\/www.facebook.com\/jornaloitaperunense","article_published_time":"2023-06-15T17:40:29+00:00","article_modified_time":"2023-06-15T17:41:21+00:00","og_image":[{"width":700,"height":429,"url":"https:\/\/www.oitaperunense.com.br\/site\/wp-content\/uploads\/2023\/06\/ski.jpg","type":"image\/jpeg"}],"author":"Andr\u00e9","twitter_card":"summary_large_image","twitter_misc":{"Escrito por":"Andr\u00e9","Est. tempo de leitura":"1 minuto"},"schema":{"@context":"https:\/\/schema.org","@graph":[{"@type":"WebPage","@id":"https:\/\/www.oitaperunense.com.br\/site\/luiz-schiavon-tecladista-e-fundador-da-banda-rpm-morre-em-sao-paulo\/","url":"https:\/\/www.oitaperunense.com.br\/site\/luiz-schiavon-tecladista-e-fundador-da-banda-rpm-morre-em-sao-paulo\/","name":"Luiz Schiavon, tecladista e fundador da banda RPM, morre em S\u00e3o Paulo - O Itaperunense","isPartOf":{"@id":"https:\/\/www.oitaperunense.com.br\/site\/#website"},"datePublished":"2023-06-15T17:40:29+00:00","dateModified":"2023-06-15T17:41:21+00:00","author":{"@id":"https:\/\/www.oitaperunense.com.br\/site\/#\/schema\/person\/4a5b86c112157bc0a4492f4fd6b7939f"},"breadcrumb":{"@id":"https:\/\/www.oitaperunense.com.br\/site\/luiz-schiavon-tecladista-e-fundador-da-banda-rpm-morre-em-sao-paulo\/#breadcrumb"},"inLanguage":"pt-BR","potentialAction":[{"@type":"ReadAction","target":["https:\/\/www.oitaperunense.com.br\/site\/luiz-schiavon-tecladista-e-fundador-da-banda-rpm-morre-em-sao-paulo\/"]}]},{"@type":"BreadcrumbList","@id":"https:\/\/www.oitaperunense.com.br\/site\/luiz-schiavon-tecladista-e-fundador-da-banda-rpm-morre-em-sao-paulo\/#breadcrumb","itemListElement":[{"@type":"ListItem","position":1,"name":"Home","item":"https:\/\/www.oitaperunense.com.br\/site\/"},{"@type":"ListItem","position":2,"name":"Luiz Schiavon, tecladista e fundador da banda RPM, morre em S\u00e3o Paulo"}]},{"@type":"WebSite","@id":"https:\/\/www.oitaperunense.com.br\/site\/#website","url":"https:\/\/www.oitaperunense.com.br\/site\/","name":"O Itaperunense","description":"","potentialAction":[{"@type":"SearchAction","target":{"@type":"EntryPoint","urlTemplate":"https:\/\/www.oitaperunense.com.br\/site\/?s={search_term_string}"},"query-input":"required name=search_term_string"}],"inLanguage":"pt-BR"},{"@type":"Person","@id":"https:\/\/www.oitaperunense.com.br\/site\/#\/schema\/person\/4a5b86c112157bc0a4492f4fd6b7939f","name":"Andr\u00e9","image":{"@type":"ImageObject","inLanguage":"pt-BR","@id":"https:\/\/www.oitaperunense.com.br\/site\/#\/schema\/person\/image\/","url":"https:\/\/secure.gravatar.com\/avatar\/7a7a912ec2c8cd6a390040b03329ee7a71bbd5f81ac3557b6a68208f263fc97b?s=96&d=mm&r=g","contentUrl":"https:\/\/secure.gravatar.com\/avatar\/7a7a912ec2c8cd6a390040b03329ee7a71bbd5f81ac3557b6a68208f263fc97b?s=96&d=mm&r=g","caption":"Andr\u00e9"},"url":"https:\/\/www.oitaperunense.com.br\/site\/author\/andre\/"}]}},"cc_featured_image_caption":{"caption_text":"","source_text":"","source_url":""},"_links":{"self":[{"href":"https:\/\/www.oitaperunense.com.br\/site\/wp-json\/wp\/v2\/posts\/392339","targetHints":{"allow":["GET"]}}],"collection":[{"href":"https:\/\/www.oitaperunense.com.br\/site\/wp-json\/wp\/v2\/posts"}],"about":[{"href":"https:\/\/www.oitaperunense.com.br\/site\/wp-json\/wp\/v2\/types\/post"}],"author":[{"embeddable":true,"href":"https:\/\/www.oitaperunense.com.br\/site\/wp-json\/wp\/v2\/users\/19"}],"replies":[{"embeddable":true,"href":"https:\/\/www.oitaperunense.com.br\/site\/wp-json\/wp\/v2\/comments?post=392339"}],"version-history":[{"count":2,"href":"https:\/\/www.oitaperunense.com.br\/site\/wp-json\/wp\/v2\/posts\/392339\/revisions"}],"predecessor-version":[{"id":392342,"href":"https:\/\/www.oitaperunense.com.br\/site\/wp-json\/wp\/v2\/posts\/392339\/revisions\/392342"}],"wp:featuredmedia":[{"embeddable":true,"href":"https:\/\/www.oitaperunense.com.br\/site\/wp-json\/wp\/v2\/media\/392340"}],"wp:attachment":[{"href":"https:\/\/www.oitaperunense.com.br\/site\/wp-json\/wp\/v2\/media?parent=392339"}],"wp:term":[{"taxonomy":"category","embeddable":true,"href":"https:\/\/www.oitaperunense.com.br\/site\/wp-json\/wp\/v2\/categories?post=392339"},{"taxonomy":"post_tag","embeddable":true,"href":"https:\/\/www.oitaperunense.com.br\/site\/wp-json\/wp\/v2\/tags?post=392339"}],"curies":[{"name":"wp","href":"https:\/\/api.w.org\/{rel}","templated":true}]}}