{"id":392331,"date":"2023-06-15T10:20:16","date_gmt":"2023-06-15T13:20:16","guid":{"rendered":"https:\/\/www.oitaperunense.com.br\/site\/?p=392331"},"modified":"2023-06-15T10:20:16","modified_gmt":"2023-06-15T13:20:16","slug":"febre-maculosa-periodo-de-maior-incidencia-ocorre-entre-junho-e-setembro","status":"publish","type":"post","link":"https:\/\/www.oitaperunense.com.br\/site\/febre-maculosa-periodo-de-maior-incidencia-ocorre-entre-junho-e-setembro\/","title":{"rendered":"FEBRE MACULOSA: PER\u00cdODO DE MAIOR INCID\u00caNCIA OCORRE ENTRE JUNHO E SETEMBRO"},"content":{"rendered":"<p class=\"yiv3287173729MsoNormal\" style=\"text-align: center;\"><strong>Diante da letalidade da doen\u00e7a e dos recentes casos no pa\u00eds, principalmente em S\u00e3o Paulo, a SES-RJ ressalta que \u00e9 fundamental um diagn\u00f3stico r\u00e1pido e preciso<\/strong><\/p>\n<p class=\"yiv3287173729MsoNormal\" style=\"text-align: justify;\">A febre maculosa, transmitida pelo carrapato-estrela, \u00e9 uma doen\u00e7a grave e de alta letalidade. O alerta foi feito pelo presidente do Instituto Vital Brazil, Alexandre Chieppe, na quarta-feira (14), em entrevista \u00e0 r\u00e1dio Bandnews durante a Semana da Sa\u00fade de Bangu, na Zona Oeste do Rio. Chieppe, que \u00e9 infectologista e foi secret\u00e1rio de Estado de Sa\u00fade at\u00e9 o ano passado, foi questionado por conta dos \u00faltimos dois casos de morte confirmados em S\u00e3o Paulo na ter\u00e7a-feira (13). O estado de SP tem seis \u00f3bitos registrados no total desde janeiro deste ano. No Rio de Janeiro, foram oito casos de febre maculosa registrados no per\u00edodo, com dois \u00f3bitos.<\/p>\n<p><!--more--><\/p>\n<p class=\"yiv3287173729MsoNormal\" style=\"text-align: justify;\">Diante da letalidade da doen\u00e7a e dos recentes casos no pa\u00eds, principalmente em S\u00e3o Paulo, a SES-RJ ressalta que \u00e9 fundamental um diagn\u00f3stico r\u00e1pido e preciso.<\/p>\n<p class=\"yiv3287173729MsoNormal\" style=\"text-align: justify;\">\u201cQuando o tratamento \u00e9 iniciado nos primeiros cinco dias ap\u00f3s o in\u00edcio da exposi\u00e7\u00e3o, as chances de cura s\u00e3o muito elevadas. Mas se realmente n\u00e3o for diagnosticada a doen\u00e7a, o risco de morte \u00e9 muito grande, infelizmente\u201d, afirma Alexandre Chieppe.<\/p>\n<p class=\"yiv3287173729MsoNormal\" style=\"text-align: justify;\">Geralmente, a incid\u00eancia da febre maculosa se d\u00e1 nas chamadas \u00e1reas end\u00eamicas, onde j\u00e1 existe a transmiss\u00e3o, que ocorre por meio do contato do ser humano com o carrapato infectado pela bact\u00e9ria causadora da doen\u00e7a.<\/p>\n<p class=\"yiv3287173729MsoNormal\" style=\"text-align: justify;\">O maior risco da febre maculosa ocorre no per\u00edodo da sazonalidade, que come\u00e7a justamente em junho e vai at\u00e9 setembro. No momento ou mesmo em outras \u00e9pocas do ano, explica a SES-RJ, \u00e9 importante que as pessoas tomem alguns cuidados caso visitem ou residam em \u00e1reas end\u00eamicas, como as regi\u00f5es Serrana, Noroeste e parte da Norte no Estado do Rio de Janeiro.<\/p>\n<p class=\"yiv3287173729MsoNormal\" style=\"text-align: justify;\">\u201cSe a pessoa esteve em uma \u00e1rea end\u00eamica e apresentou um quadro de febre, \u00e9 preciso procurar imediatamente um m\u00e9dico e informar que esteve nesse local, evitando que se confunda com outras doen\u00e7as para n\u00e3o prejudicar o diagn\u00f3stico\u201d, ressalta o presidente do Instituto Vital Brazil.<\/p>\n<p class=\"yiv3287173729MsoNormal\" style=\"text-align: justify;\">Como o carrapato-estrela costuma ficar em animais, como o cavalo e a capivara, principalmente, outra medida importante, destaca a Secretaria de Sa\u00fade, \u00e9 o uso de roupas claras quando estiver numa regi\u00e3o end\u00eamica, ou em \u00e1rea de mata. A tonalidade da roupa facilita a identifica\u00e7\u00e3o da presen\u00e7a do carrapato para que possa ser retirado.<\/p>\n<p><strong>Foto:Cr\u00e9ditos: iSTock<\/strong><\/p>\n","protected":false},"excerpt":{"rendered":"<p>Diante da letalidade da doen\u00e7a e dos recentes casos no pa\u00eds, principalmente em S\u00e3o Paulo, a SES-RJ ressalta que \u00e9 fundamental um diagn\u00f3stico r\u00e1pido e preciso A febre maculosa, transmitida pelo carrapato-estrela, \u00e9 uma doen\u00e7a grave e de alta letalidade. O alerta foi feito pelo presidente do Instituto Vital Brazil, Alexandre Chieppe, na quarta-feira (14), [&hellip;]<\/p>\n","protected":false},"author":19,"featured_media":392332,"comment_status":"open","ping_status":"closed","sticky":false,"template":"","format":"standard","meta":{"ngg_post_thumbnail":0,"footnotes":""},"categories":[113],"tags":[],"class_list":["post-392331","post","type-post","status-publish","format-standard","has-post-thumbnail","hentry","category-saude"],"yoast_head":"<!-- This site is optimized with the Yoast SEO plugin v20.11 - https:\/\/yoast.com\/wordpress\/plugins\/seo\/ -->\n<title>FEBRE MACULOSA: PER\u00cdODO DE MAIOR INCID\u00caNCIA OCORRE ENTRE JUNHO E SETEMBRO - O Itaperunense<\/title>\n<meta name=\"robots\" content=\"index, follow, max-snippet:-1, max-image-preview:large, max-video-preview:-1\" \/>\n<link rel=\"canonical\" href=\"https:\/\/www.oitaperunense.com.br\/site\/febre-maculosa-periodo-de-maior-incidencia-ocorre-entre-junho-e-setembro\/\" \/>\n<meta property=\"og:locale\" content=\"pt_BR\" \/>\n<meta property=\"og:type\" content=\"article\" \/>\n<meta property=\"og:title\" content=\"FEBRE MACULOSA: PER\u00cdODO DE MAIOR INCID\u00caNCIA OCORRE ENTRE JUNHO E SETEMBRO - O Itaperunense\" \/>\n<meta property=\"og:description\" content=\"Diante da letalidade da doen\u00e7a e dos recentes casos no pa\u00eds, principalmente em S\u00e3o Paulo, a SES-RJ ressalta que \u00e9 fundamental um diagn\u00f3stico r\u00e1pido e preciso A febre maculosa, transmitida pelo carrapato-estrela, \u00e9 uma doen\u00e7a grave e de alta letalidade. O alerta foi feito pelo presidente do Instituto Vital Brazil, Alexandre Chieppe, na quarta-feira (14), [&hellip;]\" \/>\n<meta property=\"og:url\" content=\"https:\/\/www.oitaperunense.com.br\/site\/febre-maculosa-periodo-de-maior-incidencia-ocorre-entre-junho-e-setembro\/\" \/>\n<meta property=\"og:site_name\" content=\"O Itaperunense\" \/>\n<meta property=\"article:publisher\" content=\"https:\/\/www.facebook.com\/jornaloitaperunense\" \/>\n<meta property=\"article:published_time\" content=\"2023-06-15T13:20:16+00:00\" \/>\n<meta property=\"og:image\" content=\"https:\/\/www.oitaperunense.com.br\/site\/wp-content\/uploads\/2023\/06\/maculosa.jpg\" \/>\n\t<meta property=\"og:image:width\" content=\"700\" \/>\n\t<meta property=\"og:image:height\" content=\"524\" \/>\n\t<meta property=\"og:image:type\" content=\"image\/jpeg\" \/>\n<meta name=\"author\" content=\"Andr\u00e9\" \/>\n<meta name=\"twitter:card\" content=\"summary_large_image\" \/>\n<meta name=\"twitter:label1\" content=\"Escrito por\" \/>\n\t<meta name=\"twitter:data1\" content=\"Andr\u00e9\" \/>\n\t<meta name=\"twitter:label2\" content=\"Est. tempo de leitura\" \/>\n\t<meta name=\"twitter:data2\" content=\"2 minutos\" \/>\n<script type=\"application\/ld+json\" class=\"yoast-schema-graph\">{\"@context\":\"https:\/\/schema.org\",\"@graph\":[{\"@type\":\"WebPage\",\"@id\":\"https:\/\/www.oitaperunense.com.br\/site\/febre-maculosa-periodo-de-maior-incidencia-ocorre-entre-junho-e-setembro\/\",\"url\":\"https:\/\/www.oitaperunense.com.br\/site\/febre-maculosa-periodo-de-maior-incidencia-ocorre-entre-junho-e-setembro\/\",\"name\":\"FEBRE MACULOSA: PER\u00cdODO DE MAIOR INCID\u00caNCIA OCORRE ENTRE JUNHO E SETEMBRO - O Itaperunense\",\"isPartOf\":{\"@id\":\"https:\/\/www.oitaperunense.com.br\/site\/#website\"},\"datePublished\":\"2023-06-15T13:20:16+00:00\",\"dateModified\":\"2023-06-15T13:20:16+00:00\",\"author\":{\"@id\":\"https:\/\/www.oitaperunense.com.br\/site\/#\/schema\/person\/4a5b86c112157bc0a4492f4fd6b7939f\"},\"breadcrumb\":{\"@id\":\"https:\/\/www.oitaperunense.com.br\/site\/febre-maculosa-periodo-de-maior-incidencia-ocorre-entre-junho-e-setembro\/#breadcrumb\"},\"inLanguage\":\"pt-BR\",\"potentialAction\":[{\"@type\":\"ReadAction\",\"target\":[\"https:\/\/www.oitaperunense.com.br\/site\/febre-maculosa-periodo-de-maior-incidencia-ocorre-entre-junho-e-setembro\/\"]}]},{\"@type\":\"BreadcrumbList\",\"@id\":\"https:\/\/www.oitaperunense.com.br\/site\/febre-maculosa-periodo-de-maior-incidencia-ocorre-entre-junho-e-setembro\/#breadcrumb\",\"itemListElement\":[{\"@type\":\"ListItem\",\"position\":1,\"name\":\"Home\",\"item\":\"https:\/\/www.oitaperunense.com.br\/site\/\"},{\"@type\":\"ListItem\",\"position\":2,\"name\":\"FEBRE MACULOSA: PER\u00cdODO DE MAIOR INCID\u00caNCIA OCORRE ENTRE JUNHO E SETEMBRO\"}]},{\"@type\":\"WebSite\",\"@id\":\"https:\/\/www.oitaperunense.com.br\/site\/#website\",\"url\":\"https:\/\/www.oitaperunense.com.br\/site\/\",\"name\":\"O Itaperunense\",\"description\":\"\",\"potentialAction\":[{\"@type\":\"SearchAction\",\"target\":{\"@type\":\"EntryPoint\",\"urlTemplate\":\"https:\/\/www.oitaperunense.com.br\/site\/?s={search_term_string}\"},\"query-input\":\"required name=search_term_string\"}],\"inLanguage\":\"pt-BR\"},{\"@type\":\"Person\",\"@id\":\"https:\/\/www.oitaperunense.com.br\/site\/#\/schema\/person\/4a5b86c112157bc0a4492f4fd6b7939f\",\"name\":\"Andr\u00e9\",\"image\":{\"@type\":\"ImageObject\",\"inLanguage\":\"pt-BR\",\"@id\":\"https:\/\/www.oitaperunense.com.br\/site\/#\/schema\/person\/image\/\",\"url\":\"https:\/\/secure.gravatar.com\/avatar\/7a7a912ec2c8cd6a390040b03329ee7a71bbd5f81ac3557b6a68208f263fc97b?s=96&d=mm&r=g\",\"contentUrl\":\"https:\/\/secure.gravatar.com\/avatar\/7a7a912ec2c8cd6a390040b03329ee7a71bbd5f81ac3557b6a68208f263fc97b?s=96&d=mm&r=g\",\"caption\":\"Andr\u00e9\"},\"url\":\"https:\/\/www.oitaperunense.com.br\/site\/author\/andre\/\"}]}<\/script>\n<!-- \/ Yoast SEO plugin. -->","yoast_head_json":{"title":"FEBRE MACULOSA: PER\u00cdODO DE MAIOR INCID\u00caNCIA OCORRE ENTRE JUNHO E SETEMBRO - O Itaperunense","robots":{"index":"index","follow":"follow","max-snippet":"max-snippet:-1","max-image-preview":"max-image-preview:large","max-video-preview":"max-video-preview:-1"},"canonical":"https:\/\/www.oitaperunense.com.br\/site\/febre-maculosa-periodo-de-maior-incidencia-ocorre-entre-junho-e-setembro\/","og_locale":"pt_BR","og_type":"article","og_title":"FEBRE MACULOSA: PER\u00cdODO DE MAIOR INCID\u00caNCIA OCORRE ENTRE JUNHO E SETEMBRO - O Itaperunense","og_description":"Diante da letalidade da doen\u00e7a e dos recentes casos no pa\u00eds, principalmente em S\u00e3o Paulo, a SES-RJ ressalta que \u00e9 fundamental um diagn\u00f3stico r\u00e1pido e preciso A febre maculosa, transmitida pelo carrapato-estrela, \u00e9 uma doen\u00e7a grave e de alta letalidade. O alerta foi feito pelo presidente do Instituto Vital Brazil, Alexandre Chieppe, na quarta-feira (14), [&hellip;]","og_url":"https:\/\/www.oitaperunense.com.br\/site\/febre-maculosa-periodo-de-maior-incidencia-ocorre-entre-junho-e-setembro\/","og_site_name":"O Itaperunense","article_publisher":"https:\/\/www.facebook.com\/jornaloitaperunense","article_published_time":"2023-06-15T13:20:16+00:00","og_image":[{"width":700,"height":524,"url":"https:\/\/www.oitaperunense.com.br\/site\/wp-content\/uploads\/2023\/06\/maculosa.jpg","type":"image\/jpeg"}],"author":"Andr\u00e9","twitter_card":"summary_large_image","twitter_misc":{"Escrito por":"Andr\u00e9","Est. tempo de leitura":"2 minutos"},"schema":{"@context":"https:\/\/schema.org","@graph":[{"@type":"WebPage","@id":"https:\/\/www.oitaperunense.com.br\/site\/febre-maculosa-periodo-de-maior-incidencia-ocorre-entre-junho-e-setembro\/","url":"https:\/\/www.oitaperunense.com.br\/site\/febre-maculosa-periodo-de-maior-incidencia-ocorre-entre-junho-e-setembro\/","name":"FEBRE MACULOSA: PER\u00cdODO DE MAIOR INCID\u00caNCIA OCORRE ENTRE JUNHO E SETEMBRO - O Itaperunense","isPartOf":{"@id":"https:\/\/www.oitaperunense.com.br\/site\/#website"},"datePublished":"2023-06-15T13:20:16+00:00","dateModified":"2023-06-15T13:20:16+00:00","author":{"@id":"https:\/\/www.oitaperunense.com.br\/site\/#\/schema\/person\/4a5b86c112157bc0a4492f4fd6b7939f"},"breadcrumb":{"@id":"https:\/\/www.oitaperunense.com.br\/site\/febre-maculosa-periodo-de-maior-incidencia-ocorre-entre-junho-e-setembro\/#breadcrumb"},"inLanguage":"pt-BR","potentialAction":[{"@type":"ReadAction","target":["https:\/\/www.oitaperunense.com.br\/site\/febre-maculosa-periodo-de-maior-incidencia-ocorre-entre-junho-e-setembro\/"]}]},{"@type":"BreadcrumbList","@id":"https:\/\/www.oitaperunense.com.br\/site\/febre-maculosa-periodo-de-maior-incidencia-ocorre-entre-junho-e-setembro\/#breadcrumb","itemListElement":[{"@type":"ListItem","position":1,"name":"Home","item":"https:\/\/www.oitaperunense.com.br\/site\/"},{"@type":"ListItem","position":2,"name":"FEBRE MACULOSA: PER\u00cdODO DE MAIOR INCID\u00caNCIA OCORRE ENTRE JUNHO E SETEMBRO"}]},{"@type":"WebSite","@id":"https:\/\/www.oitaperunense.com.br\/site\/#website","url":"https:\/\/www.oitaperunense.com.br\/site\/","name":"O Itaperunense","description":"","potentialAction":[{"@type":"SearchAction","target":{"@type":"EntryPoint","urlTemplate":"https:\/\/www.oitaperunense.com.br\/site\/?s={search_term_string}"},"query-input":"required name=search_term_string"}],"inLanguage":"pt-BR"},{"@type":"Person","@id":"https:\/\/www.oitaperunense.com.br\/site\/#\/schema\/person\/4a5b86c112157bc0a4492f4fd6b7939f","name":"Andr\u00e9","image":{"@type":"ImageObject","inLanguage":"pt-BR","@id":"https:\/\/www.oitaperunense.com.br\/site\/#\/schema\/person\/image\/","url":"https:\/\/secure.gravatar.com\/avatar\/7a7a912ec2c8cd6a390040b03329ee7a71bbd5f81ac3557b6a68208f263fc97b?s=96&d=mm&r=g","contentUrl":"https:\/\/secure.gravatar.com\/avatar\/7a7a912ec2c8cd6a390040b03329ee7a71bbd5f81ac3557b6a68208f263fc97b?s=96&d=mm&r=g","caption":"Andr\u00e9"},"url":"https:\/\/www.oitaperunense.com.br\/site\/author\/andre\/"}]}},"cc_featured_image_caption":{"caption_text":"","source_text":"","source_url":""},"_links":{"self":[{"href":"https:\/\/www.oitaperunense.com.br\/site\/wp-json\/wp\/v2\/posts\/392331","targetHints":{"allow":["GET"]}}],"collection":[{"href":"https:\/\/www.oitaperunense.com.br\/site\/wp-json\/wp\/v2\/posts"}],"about":[{"href":"https:\/\/www.oitaperunense.com.br\/site\/wp-json\/wp\/v2\/types\/post"}],"author":[{"embeddable":true,"href":"https:\/\/www.oitaperunense.com.br\/site\/wp-json\/wp\/v2\/users\/19"}],"replies":[{"embeddable":true,"href":"https:\/\/www.oitaperunense.com.br\/site\/wp-json\/wp\/v2\/comments?post=392331"}],"version-history":[{"count":2,"href":"https:\/\/www.oitaperunense.com.br\/site\/wp-json\/wp\/v2\/posts\/392331\/revisions"}],"predecessor-version":[{"id":392334,"href":"https:\/\/www.oitaperunense.com.br\/site\/wp-json\/wp\/v2\/posts\/392331\/revisions\/392334"}],"wp:featuredmedia":[{"embeddable":true,"href":"https:\/\/www.oitaperunense.com.br\/site\/wp-json\/wp\/v2\/media\/392332"}],"wp:attachment":[{"href":"https:\/\/www.oitaperunense.com.br\/site\/wp-json\/wp\/v2\/media?parent=392331"}],"wp:term":[{"taxonomy":"category","embeddable":true,"href":"https:\/\/www.oitaperunense.com.br\/site\/wp-json\/wp\/v2\/categories?post=392331"},{"taxonomy":"post_tag","embeddable":true,"href":"https:\/\/www.oitaperunense.com.br\/site\/wp-json\/wp\/v2\/tags?post=392331"}],"curies":[{"name":"wp","href":"https:\/\/api.w.org\/{rel}","templated":true}]}}