{"id":392322,"date":"2023-06-14T09:47:45","date_gmt":"2023-06-14T12:47:45","guid":{"rendered":"https:\/\/www.oitaperunense.com.br\/site\/?p=392322"},"modified":"2023-06-14T09:47:45","modified_gmt":"2023-06-14T12:47:45","slug":"secretario-de-saude-de-itaperuna-participa-de-importante-reuniao-no-rio-de-janeiro","status":"publish","type":"post","link":"https:\/\/www.oitaperunense.com.br\/site\/secretario-de-saude-de-itaperuna-participa-de-importante-reuniao-no-rio-de-janeiro\/","title":{"rendered":"Secret\u00e1rio de Sa\u00fade de Itaperuna participa de importante reuni\u00e3o no Rio de Janeiro"},"content":{"rendered":"<p class=\"yiv0545557706MsoNormal\" style=\"text-align: center;\"><strong>Desde que assumiu a pasta, Marcelo Poeys n\u00e3o mediu esfor\u00e7os e vem trabalhando com afinco, realizando outras importantes reuni\u00f5es junto a representantes do Estado<\/strong><\/p>\n<p class=\"yiv0545557706MsoNormal\" style=\"text-align: justify;\">O secret\u00e1rio Municipal de Sa\u00fade Marcelo Poeys vem trabalhando diariamente, visando melhorias para o setor. Na \u00faltima ter\u00e7a-feira, 13, o secret\u00e1rio participou de importante reuni\u00e3o na cidade do Rio de Janeiro. Na oportunidade ele esteve reunido com todos os secret\u00e1rios de Sa\u00fade da Regi\u00e3o Noroeste Fluminense.<\/p>\n<p><!--more--><\/p>\n<p class=\"yiv0545557706MsoNormal\" style=\"text-align: justify;\">\u201cTamb\u00e9m tivemos a oportunidade de nos reunirmos com o secret\u00e1rio de Estado de Sa\u00fade Dr. Luizinho, com a finalidade de obtermos apoio estadual para a regi\u00e3o, visando a solu\u00e7\u00e3o da regula\u00e7\u00e3o e acesso aos hospitais de refer\u00eancia, al\u00e9m de apoio de atendimento aos prontos-socorros de todos os munic\u00edpios\u201d, comenta Marcelo Poeys.<\/p>\n<p class=\"yiv0545557706MsoNormal\" style=\"text-align: justify;\"><b>SECRET\u00c1RIO EM A\u00c7\u00c3O<\/b><\/p>\n<p class=\"yiv0545557706MsoNormal\" style=\"text-align: justify;\">Desde que assumiu a pasta, Marcelo Poeys n\u00e3o mediu esfor\u00e7os e vem trabalhando com afinco, realizando outras importantes reuni\u00f5es junto a representantes do Estado.<\/p>\n<p class=\"yiv0545557706MsoNormal\" style=\"text-align: justify;\">Em outra oportunidade, juntamente com o prefeito Alfredo Paulo Marques Rodrigues (Alfred\u00e3o), e com o procurador geral do Munic\u00edpio Samuel Portela, a comitiva participou de uma s\u00e9rie de compromissos no Rio de Janeiro.<\/p>\n<p class=\"yiv0545557706MsoNormal\" style=\"text-align: justify;\">Eles estiveram na sede da Secretaria de Estado de Sa\u00fade (SES), quando na oportunidade houve o encontro com o secret\u00e1rio de Estado de Sa\u00fade Dr. Luizinho. Posteriormente foi realizada reuni\u00e3o na Casa Civil com o secret\u00e1rio de Estado da Casa Civil Nicola Moreira Miccione; e por fim, a comitiva encerrou as atividades junto \u00e0 Presid\u00eancia da ALERJ.<\/p>\n<p class=\"yiv0545557706MsoNormal\" style=\"text-align: justify;\">Em outra ocasi\u00e3o, j\u00e1 no munic\u00edpio de Itaperuna, Marcelo Poeys esteve reunido com Andr\u00e9 Villar Martins, diretor da Divis\u00e3o de Controle de Vetores da SES e sua equipe t\u00e9cnica. A equipe do Estado esteve visitando os munic\u00edpios da regi\u00e3o Noroeste Fluminense, devido ao alerta de risco para arboviroses dengue, chikungunya e zika.<\/p>\n<p class=\"yiv0545557706MsoNormal\" style=\"text-align: justify;\">E, na oportunidade, foram entregues para a Secretaria Municipal de Sa\u00fade insumos e larvicidas para auxiliar no combate ao mosquito&nbsp;<i>Aedes aegypti<\/i>; bem como foram ofertados apoio t\u00e9cnico, treinamento e materiais educativos.<\/p>\n<p class=\"yiv0545557706MsoNormal\" style=\"text-align: justify;\">Acompanhe as not\u00edcias e informa\u00e7\u00f5es sobre a Secretaria Municipal de Sa\u00fade e demais secretarias, pelas redes sociais da Prefeitura de Itaperuna!<\/p>\n<p class=\"yiv0545557706MsoNormal\" style=\"text-align: justify;\"><b><i>Com informa\u00e7\u00f5es: DECOM\/Itaperuna\/RJ<\/i><\/b><\/p>\n","protected":false},"excerpt":{"rendered":"<p>Desde que assumiu a pasta, Marcelo Poeys n\u00e3o mediu esfor\u00e7os e vem trabalhando com afinco, realizando outras importantes reuni\u00f5es junto a representantes do Estado O secret\u00e1rio Municipal de Sa\u00fade Marcelo Poeys vem trabalhando diariamente, visando melhorias para o setor. Na \u00faltima ter\u00e7a-feira, 13, o secret\u00e1rio participou de importante reuni\u00e3o na cidade do Rio de Janeiro. [&hellip;]<\/p>\n","protected":false},"author":19,"featured_media":392323,"comment_status":"open","ping_status":"closed","sticky":false,"template":"","format":"standard","meta":{"ngg_post_thumbnail":0,"footnotes":""},"categories":[113],"tags":[],"class_list":["post-392322","post","type-post","status-publish","format-standard","has-post-thumbnail","hentry","category-saude"],"yoast_head":"<!-- This site is optimized with the Yoast SEO plugin v20.11 - https:\/\/yoast.com\/wordpress\/plugins\/seo\/ -->\n<title>Secret\u00e1rio de Sa\u00fade de Itaperuna participa de importante reuni\u00e3o no Rio de Janeiro - O Itaperunense<\/title>\n<meta name=\"robots\" content=\"index, follow, max-snippet:-1, max-image-preview:large, max-video-preview:-1\" \/>\n<link rel=\"canonical\" href=\"https:\/\/www.oitaperunense.com.br\/site\/secretario-de-saude-de-itaperuna-participa-de-importante-reuniao-no-rio-de-janeiro\/\" \/>\n<meta property=\"og:locale\" content=\"pt_BR\" \/>\n<meta property=\"og:type\" content=\"article\" \/>\n<meta property=\"og:title\" content=\"Secret\u00e1rio de Sa\u00fade de Itaperuna participa de importante reuni\u00e3o no Rio de Janeiro - O Itaperunense\" \/>\n<meta property=\"og:description\" content=\"Desde que assumiu a pasta, Marcelo Poeys n\u00e3o mediu esfor\u00e7os e vem trabalhando com afinco, realizando outras importantes reuni\u00f5es junto a representantes do Estado O secret\u00e1rio Municipal de Sa\u00fade Marcelo Poeys vem trabalhando diariamente, visando melhorias para o setor. Na \u00faltima ter\u00e7a-feira, 13, o secret\u00e1rio participou de importante reuni\u00e3o na cidade do Rio de Janeiro. [&hellip;]\" \/>\n<meta property=\"og:url\" content=\"https:\/\/www.oitaperunense.com.br\/site\/secretario-de-saude-de-itaperuna-participa-de-importante-reuniao-no-rio-de-janeiro\/\" \/>\n<meta property=\"og:site_name\" content=\"O Itaperunense\" \/>\n<meta property=\"article:publisher\" content=\"https:\/\/www.facebook.com\/jornaloitaperunense\" \/>\n<meta property=\"article:published_time\" content=\"2023-06-14T12:47:45+00:00\" \/>\n<meta property=\"og:image\" content=\"https:\/\/www.oitaperunense.com.br\/site\/wp-content\/uploads\/2023\/06\/TABLA7.jpg\" \/>\n\t<meta property=\"og:image:width\" content=\"700\" \/>\n\t<meta property=\"og:image:height\" content=\"420\" \/>\n\t<meta property=\"og:image:type\" content=\"image\/jpeg\" \/>\n<meta name=\"author\" content=\"Andr\u00e9\" \/>\n<meta name=\"twitter:card\" content=\"summary_large_image\" \/>\n<meta name=\"twitter:label1\" content=\"Escrito por\" \/>\n\t<meta name=\"twitter:data1\" content=\"Andr\u00e9\" \/>\n\t<meta name=\"twitter:label2\" content=\"Est. tempo de leitura\" \/>\n\t<meta name=\"twitter:data2\" content=\"2 minutos\" \/>\n<script type=\"application\/ld+json\" class=\"yoast-schema-graph\">{\"@context\":\"https:\/\/schema.org\",\"@graph\":[{\"@type\":\"WebPage\",\"@id\":\"https:\/\/www.oitaperunense.com.br\/site\/secretario-de-saude-de-itaperuna-participa-de-importante-reuniao-no-rio-de-janeiro\/\",\"url\":\"https:\/\/www.oitaperunense.com.br\/site\/secretario-de-saude-de-itaperuna-participa-de-importante-reuniao-no-rio-de-janeiro\/\",\"name\":\"Secret\u00e1rio de Sa\u00fade de Itaperuna participa de importante reuni\u00e3o no Rio de Janeiro - O Itaperunense\",\"isPartOf\":{\"@id\":\"https:\/\/www.oitaperunense.com.br\/site\/#website\"},\"datePublished\":\"2023-06-14T12:47:45+00:00\",\"dateModified\":\"2023-06-14T12:47:45+00:00\",\"author\":{\"@id\":\"https:\/\/www.oitaperunense.com.br\/site\/#\/schema\/person\/4a5b86c112157bc0a4492f4fd6b7939f\"},\"breadcrumb\":{\"@id\":\"https:\/\/www.oitaperunense.com.br\/site\/secretario-de-saude-de-itaperuna-participa-de-importante-reuniao-no-rio-de-janeiro\/#breadcrumb\"},\"inLanguage\":\"pt-BR\",\"potentialAction\":[{\"@type\":\"ReadAction\",\"target\":[\"https:\/\/www.oitaperunense.com.br\/site\/secretario-de-saude-de-itaperuna-participa-de-importante-reuniao-no-rio-de-janeiro\/\"]}]},{\"@type\":\"BreadcrumbList\",\"@id\":\"https:\/\/www.oitaperunense.com.br\/site\/secretario-de-saude-de-itaperuna-participa-de-importante-reuniao-no-rio-de-janeiro\/#breadcrumb\",\"itemListElement\":[{\"@type\":\"ListItem\",\"position\":1,\"name\":\"Home\",\"item\":\"https:\/\/www.oitaperunense.com.br\/site\/\"},{\"@type\":\"ListItem\",\"position\":2,\"name\":\"Secret\u00e1rio de Sa\u00fade de Itaperuna participa de importante reuni\u00e3o no Rio de Janeiro\"}]},{\"@type\":\"WebSite\",\"@id\":\"https:\/\/www.oitaperunense.com.br\/site\/#website\",\"url\":\"https:\/\/www.oitaperunense.com.br\/site\/\",\"name\":\"O Itaperunense\",\"description\":\"\",\"potentialAction\":[{\"@type\":\"SearchAction\",\"target\":{\"@type\":\"EntryPoint\",\"urlTemplate\":\"https:\/\/www.oitaperunense.com.br\/site\/?s={search_term_string}\"},\"query-input\":\"required name=search_term_string\"}],\"inLanguage\":\"pt-BR\"},{\"@type\":\"Person\",\"@id\":\"https:\/\/www.oitaperunense.com.br\/site\/#\/schema\/person\/4a5b86c112157bc0a4492f4fd6b7939f\",\"name\":\"Andr\u00e9\",\"image\":{\"@type\":\"ImageObject\",\"inLanguage\":\"pt-BR\",\"@id\":\"https:\/\/www.oitaperunense.com.br\/site\/#\/schema\/person\/image\/\",\"url\":\"https:\/\/secure.gravatar.com\/avatar\/7a7a912ec2c8cd6a390040b03329ee7a71bbd5f81ac3557b6a68208f263fc97b?s=96&d=mm&r=g\",\"contentUrl\":\"https:\/\/secure.gravatar.com\/avatar\/7a7a912ec2c8cd6a390040b03329ee7a71bbd5f81ac3557b6a68208f263fc97b?s=96&d=mm&r=g\",\"caption\":\"Andr\u00e9\"},\"url\":\"https:\/\/www.oitaperunense.com.br\/site\/author\/andre\/\"}]}<\/script>\n<!-- \/ Yoast SEO plugin. -->","yoast_head_json":{"title":"Secret\u00e1rio de Sa\u00fade de Itaperuna participa de importante reuni\u00e3o no Rio de Janeiro - O Itaperunense","robots":{"index":"index","follow":"follow","max-snippet":"max-snippet:-1","max-image-preview":"max-image-preview:large","max-video-preview":"max-video-preview:-1"},"canonical":"https:\/\/www.oitaperunense.com.br\/site\/secretario-de-saude-de-itaperuna-participa-de-importante-reuniao-no-rio-de-janeiro\/","og_locale":"pt_BR","og_type":"article","og_title":"Secret\u00e1rio de Sa\u00fade de Itaperuna participa de importante reuni\u00e3o no Rio de Janeiro - O Itaperunense","og_description":"Desde que assumiu a pasta, Marcelo Poeys n\u00e3o mediu esfor\u00e7os e vem trabalhando com afinco, realizando outras importantes reuni\u00f5es junto a representantes do Estado O secret\u00e1rio Municipal de Sa\u00fade Marcelo Poeys vem trabalhando diariamente, visando melhorias para o setor. Na \u00faltima ter\u00e7a-feira, 13, o secret\u00e1rio participou de importante reuni\u00e3o na cidade do Rio de Janeiro. [&hellip;]","og_url":"https:\/\/www.oitaperunense.com.br\/site\/secretario-de-saude-de-itaperuna-participa-de-importante-reuniao-no-rio-de-janeiro\/","og_site_name":"O Itaperunense","article_publisher":"https:\/\/www.facebook.com\/jornaloitaperunense","article_published_time":"2023-06-14T12:47:45+00:00","og_image":[{"width":700,"height":420,"url":"https:\/\/www.oitaperunense.com.br\/site\/wp-content\/uploads\/2023\/06\/TABLA7.jpg","type":"image\/jpeg"}],"author":"Andr\u00e9","twitter_card":"summary_large_image","twitter_misc":{"Escrito por":"Andr\u00e9","Est. tempo de leitura":"2 minutos"},"schema":{"@context":"https:\/\/schema.org","@graph":[{"@type":"WebPage","@id":"https:\/\/www.oitaperunense.com.br\/site\/secretario-de-saude-de-itaperuna-participa-de-importante-reuniao-no-rio-de-janeiro\/","url":"https:\/\/www.oitaperunense.com.br\/site\/secretario-de-saude-de-itaperuna-participa-de-importante-reuniao-no-rio-de-janeiro\/","name":"Secret\u00e1rio de Sa\u00fade de Itaperuna participa de importante reuni\u00e3o no Rio de Janeiro - O Itaperunense","isPartOf":{"@id":"https:\/\/www.oitaperunense.com.br\/site\/#website"},"datePublished":"2023-06-14T12:47:45+00:00","dateModified":"2023-06-14T12:47:45+00:00","author":{"@id":"https:\/\/www.oitaperunense.com.br\/site\/#\/schema\/person\/4a5b86c112157bc0a4492f4fd6b7939f"},"breadcrumb":{"@id":"https:\/\/www.oitaperunense.com.br\/site\/secretario-de-saude-de-itaperuna-participa-de-importante-reuniao-no-rio-de-janeiro\/#breadcrumb"},"inLanguage":"pt-BR","potentialAction":[{"@type":"ReadAction","target":["https:\/\/www.oitaperunense.com.br\/site\/secretario-de-saude-de-itaperuna-participa-de-importante-reuniao-no-rio-de-janeiro\/"]}]},{"@type":"BreadcrumbList","@id":"https:\/\/www.oitaperunense.com.br\/site\/secretario-de-saude-de-itaperuna-participa-de-importante-reuniao-no-rio-de-janeiro\/#breadcrumb","itemListElement":[{"@type":"ListItem","position":1,"name":"Home","item":"https:\/\/www.oitaperunense.com.br\/site\/"},{"@type":"ListItem","position":2,"name":"Secret\u00e1rio de Sa\u00fade de Itaperuna participa de importante reuni\u00e3o no Rio de Janeiro"}]},{"@type":"WebSite","@id":"https:\/\/www.oitaperunense.com.br\/site\/#website","url":"https:\/\/www.oitaperunense.com.br\/site\/","name":"O Itaperunense","description":"","potentialAction":[{"@type":"SearchAction","target":{"@type":"EntryPoint","urlTemplate":"https:\/\/www.oitaperunense.com.br\/site\/?s={search_term_string}"},"query-input":"required name=search_term_string"}],"inLanguage":"pt-BR"},{"@type":"Person","@id":"https:\/\/www.oitaperunense.com.br\/site\/#\/schema\/person\/4a5b86c112157bc0a4492f4fd6b7939f","name":"Andr\u00e9","image":{"@type":"ImageObject","inLanguage":"pt-BR","@id":"https:\/\/www.oitaperunense.com.br\/site\/#\/schema\/person\/image\/","url":"https:\/\/secure.gravatar.com\/avatar\/7a7a912ec2c8cd6a390040b03329ee7a71bbd5f81ac3557b6a68208f263fc97b?s=96&d=mm&r=g","contentUrl":"https:\/\/secure.gravatar.com\/avatar\/7a7a912ec2c8cd6a390040b03329ee7a71bbd5f81ac3557b6a68208f263fc97b?s=96&d=mm&r=g","caption":"Andr\u00e9"},"url":"https:\/\/www.oitaperunense.com.br\/site\/author\/andre\/"}]}},"cc_featured_image_caption":{"caption_text":"","source_text":"","source_url":""},"_links":{"self":[{"href":"https:\/\/www.oitaperunense.com.br\/site\/wp-json\/wp\/v2\/posts\/392322","targetHints":{"allow":["GET"]}}],"collection":[{"href":"https:\/\/www.oitaperunense.com.br\/site\/wp-json\/wp\/v2\/posts"}],"about":[{"href":"https:\/\/www.oitaperunense.com.br\/site\/wp-json\/wp\/v2\/types\/post"}],"author":[{"embeddable":true,"href":"https:\/\/www.oitaperunense.com.br\/site\/wp-json\/wp\/v2\/users\/19"}],"replies":[{"embeddable":true,"href":"https:\/\/www.oitaperunense.com.br\/site\/wp-json\/wp\/v2\/comments?post=392322"}],"version-history":[{"count":1,"href":"https:\/\/www.oitaperunense.com.br\/site\/wp-json\/wp\/v2\/posts\/392322\/revisions"}],"predecessor-version":[{"id":392324,"href":"https:\/\/www.oitaperunense.com.br\/site\/wp-json\/wp\/v2\/posts\/392322\/revisions\/392324"}],"wp:featuredmedia":[{"embeddable":true,"href":"https:\/\/www.oitaperunense.com.br\/site\/wp-json\/wp\/v2\/media\/392323"}],"wp:attachment":[{"href":"https:\/\/www.oitaperunense.com.br\/site\/wp-json\/wp\/v2\/media?parent=392322"}],"wp:term":[{"taxonomy":"category","embeddable":true,"href":"https:\/\/www.oitaperunense.com.br\/site\/wp-json\/wp\/v2\/categories?post=392322"},{"taxonomy":"post_tag","embeddable":true,"href":"https:\/\/www.oitaperunense.com.br\/site\/wp-json\/wp\/v2\/tags?post=392322"}],"curies":[{"name":"wp","href":"https:\/\/api.w.org\/{rel}","templated":true}]}}